{"id":20128,"date":"2009-05-05T09:59:10","date_gmt":"2009-05-05T07:59:10","guid":{"rendered":"http:\/\/www.visit-ulcinj.com\/blog\/?p=20128"},"modified":"2009-05-04T22:52:40","modified_gmt":"2009-05-04T20:52:40","slug":"dite-e-vecante-per-adin","status":"publish","type":"post","link":"https:\/\/www.visit-ulcinj.com\/blog\/2009\/05\/05\/dite-e-vecante-per-adin\/","title":{"rendered":"Dit\u00eb e vecant\u00eb p\u00ebr Adin"},"content":{"rendered":"<p><em><span class=\"newsdate\"><a href=\"http:\/\/www.visit-ulcinj.com\/blog\/wp-content\/uploads\/2009\/05\/adi-dhe-e-ema02.jpg\"><img loading=\"lazy\" class=\"alignleft size-full wp-image-20129\" title=\"adi-dhe-e-ema02-big-brother-albania-2\" src=\"http:\/\/www.visit-ulcinj.com\/blog\/wp-content\/uploads\/2009\/05\/adi-dhe-e-ema02.jpg\" alt=\"adi-dhe-e-ema02-big-brother-albania-2\" width=\"300\" height=\"205\" \/><\/a>02\/05\/09 21:31<\/span><\/em><\/p>\n<p>Sot p\u00ebr nj\u00ebrin prej konkurent\u00ebve \u00ebsht\u00eb nj\u00eb dit\u00eb e vecant\u00eb. \u00cbsht\u00eb dit\u00eblindja e n\u00ebn\u00ebs s\u00eb Adit p\u00ebr t\u00eb cil\u00ebn ai ka folur shpesh dhe \u201cBig Brother\u201d ka vendosur t\u00eb tregoj\u00eb raportin e tyre duke i b\u00ebr\u00eb nj\u00eb surpriz\u00eb Adit. Banor\u00ebt dalin n\u00eb oborr ku ngren\u00eb nj\u00eb dolli me rastin e dit\u00eblindjes s\u00eb mamas\u00eb s\u00eb Adit, nd\u00ebrkoh\u00eb q\u00eb atij vet\u00eb i k\u00ebrkohet t\u00eb kthehet n\u00eb sht\u00ebpi dhe t\u00eb ndjek\u00eb duke mbledhur nj\u00eb top akriliku p\u00ebr t\u00eb par\u00eb se ku do ta coj\u00eb. Adi mb\u00ebrrin n\u00eb dhom\u00ebn aziatike ku takohet me t\u00eb \u00ebm\u00ebn. N\u00eb dhom\u00eb gj\u00ebnden dhurata p\u00ebr maman\u00eb e Adit, disa foto t\u00eb tij n\u00eb sht\u00ebpin\u00eb e \u201cBig Brother\u201d me disa shprehje t\u00eb th\u00ebna nga ai vet\u00eb. Nd\u00ebrsa e \u00ebma e Adit u ka sjelle banor\u00ebve nj\u00eb tort\u00eb.<\/p>\n","protected":false},"excerpt":{"rendered":"<p>02\/05\/09 21:31 Sot p\u00ebr nj\u00ebrin prej konkurent\u00ebve \u00ebsht\u00eb nj\u00eb dit\u00eb e vecant\u00eb. \u00cbsht\u00eb dit\u00eblindja e n\u00ebn\u00ebs s\u00eb Adit p\u00ebr t\u00eb cil\u00ebn ai ka folur shpesh dhe \u201cBig Brother\u201d ka vendosur t\u00eb tregoj\u00eb raportin e tyre duke i b\u00ebr\u00eb nj\u00eb surpriz\u00eb Adit. Banor\u00ebt dalin n\u00eb oborr ku ngren\u00eb nj\u00eb dolli me rastin e dit\u00eblindjes s\u00eb mamas\u00eb [&hellip;]<\/p>\n","protected":false},"author":1,"featured_media":0,"comment_status":"open","ping_status":"closed","sticky":false,"template":"","format":"standard","meta":{"spay_email":"","jetpack_publicize_message":"","jetpack_is_tweetstorm":false,"jetpack_publicize_feature_enabled":true},"categories":[6502],"tags":[6520,9121,7641,9751],"jetpack_publicize_connections":[],"yoast_head":"<!-- This site is optimized with the Yoast SEO plugin v19.1 - https:\/\/yoast.com\/wordpress\/plugins\/seo\/ -->\n<title>Dit\u00c3\u00ab e vecant\u00c3\u00ab p\u00c3\u00abr Adin | Big Brother Albania 2<\/title>\n<meta name=\"description\" content=\"Big Brother Albania 2 - Sot p\u00c3\u00abr nj\u00c3\u00abrin prej konkurent\u00c3\u00abve \u00c3\u00absht\u00c3\u00ab nj\u00c3\u00ab dit\u00c3\u00ab e vecant\u00c3\u00ab.\" \/>\n<meta name=\"robots\" content=\"index, follow, max-snippet:-1, max-image-preview:large, max-video-preview:-1\" \/>\n<link rel=\"canonical\" href=\"https:\/\/www.visit-ulcinj.com\/blog\/2009\/05\/05\/dite-e-vecante-per-adin\/\" \/>\n<meta property=\"og:locale\" content=\"en_US\" \/>\n<meta property=\"og:type\" content=\"article\" \/>\n<meta property=\"og:title\" content=\"Dit\u00c3\u00ab e vecant\u00c3\u00ab p\u00c3\u00abr Adin | Big Brother Albania 2\" \/>\n<meta property=\"og:description\" content=\"Big Brother Albania 2 - Sot p\u00c3\u00abr nj\u00c3\u00abrin prej konkurent\u00c3\u00abve \u00c3\u00absht\u00c3\u00ab nj\u00c3\u00ab dit\u00c3\u00ab e vecant\u00c3\u00ab.\" \/>\n<meta property=\"og:url\" content=\"https:\/\/www.visit-ulcinj.com\/blog\/2009\/05\/05\/dite-e-vecante-per-adin\/\" \/>\n<meta property=\"og:site_name\" content=\"Lajme nga Ulqini\" \/>\n<meta property=\"article:published_time\" content=\"2009-05-05T07:59:10+00:00\" \/>\n<meta property=\"article:modified_time\" content=\"2009-05-04T20:52:40+00:00\" \/>\n<meta property=\"og:image\" content=\"http:\/\/www.visit-ulcinj.com\/blog\/wp-content\/uploads\/2009\/05\/adi-dhe-e-ema02.jpg\" \/>\n<meta name=\"twitter:label1\" content=\"Written by\" \/>\n\t<meta name=\"twitter:data1\" content=\"ulqini\" \/>\n\t<meta name=\"twitter:label2\" content=\"Est. reading time\" \/>\n\t<meta name=\"twitter:data2\" content=\"1 minute\" \/>\n<script type=\"application\/ld+json\" class=\"yoast-schema-graph\">{\"@context\":\"https:\/\/schema.org\",\"@graph\":[{\"@type\":\"WebSite\",\"@id\":\"https:\/\/www.visit-ulcinj.com\/blog\/#website\",\"url\":\"https:\/\/www.visit-ulcinj.com\/blog\/\",\"name\":\"Lajme nga Ulqini\",\"description\":\"Lajme,Vijesti,Ulqini,Ulqin,Crna Gora,Mali i Zi\",\"potentialAction\":[{\"@type\":\"SearchAction\",\"target\":{\"@type\":\"EntryPoint\",\"urlTemplate\":\"https:\/\/www.visit-ulcinj.com\/blog\/?s={search_term_string}\"},\"query-input\":\"required name=search_term_string\"}],\"inLanguage\":\"en-US\"},{\"@type\":\"ImageObject\",\"inLanguage\":\"en-US\",\"@id\":\"https:\/\/www.visit-ulcinj.com\/blog\/2009\/05\/05\/dite-e-vecante-per-adin\/#primaryimage\",\"url\":\"http:\/\/www.visit-ulcinj.com\/blog\/wp-content\/uploads\/2009\/05\/adi-dhe-e-ema02.jpg\",\"contentUrl\":\"http:\/\/www.visit-ulcinj.com\/blog\/wp-content\/uploads\/2009\/05\/adi-dhe-e-ema02.jpg\"},{\"@type\":\"WebPage\",\"@id\":\"https:\/\/www.visit-ulcinj.com\/blog\/2009\/05\/05\/dite-e-vecante-per-adin\/#webpage\",\"url\":\"https:\/\/www.visit-ulcinj.com\/blog\/2009\/05\/05\/dite-e-vecante-per-adin\/\",\"name\":\"Dit\u00c3\u00ab e vecant\u00c3\u00ab p\u00c3\u00abr Adin | Big Brother Albania 2\",\"isPartOf\":{\"@id\":\"https:\/\/www.visit-ulcinj.com\/blog\/#website\"},\"primaryImageOfPage\":{\"@id\":\"https:\/\/www.visit-ulcinj.com\/blog\/2009\/05\/05\/dite-e-vecante-per-adin\/#primaryimage\"},\"datePublished\":\"2009-05-05T07:59:10+00:00\",\"dateModified\":\"2009-05-04T20:52:40+00:00\",\"author\":{\"@id\":\"https:\/\/www.visit-ulcinj.com\/blog\/#\/schema\/person\/dcab619c614d3038751c63bc2aadc06d\"},\"description\":\"Big Brother Albania 2 - Sot p\u00c3\u00abr nj\u00c3\u00abrin prej konkurent\u00c3\u00abve \u00c3\u00absht\u00c3\u00ab nj\u00c3\u00ab dit\u00c3\u00ab e vecant\u00c3\u00ab.\",\"breadcrumb\":{\"@id\":\"https:\/\/www.visit-ulcinj.com\/blog\/2009\/05\/05\/dite-e-vecante-per-adin\/#breadcrumb\"},\"inLanguage\":\"en-US\",\"potentialAction\":[{\"@type\":\"ReadAction\",\"target\":[\"https:\/\/www.visit-ulcinj.com\/blog\/2009\/05\/05\/dite-e-vecante-per-adin\/\"]}]},{\"@type\":\"BreadcrumbList\",\"@id\":\"https:\/\/www.visit-ulcinj.com\/blog\/2009\/05\/05\/dite-e-vecante-per-adin\/#breadcrumb\",\"itemListElement\":[{\"@type\":\"ListItem\",\"position\":1,\"name\":\"Dit\u00eb e vecant\u00eb p\u00ebr Adin\"}]},{\"@type\":\"Person\",\"@id\":\"https:\/\/www.visit-ulcinj.com\/blog\/#\/schema\/person\/dcab619c614d3038751c63bc2aadc06d\",\"name\":\"ulqini\",\"sameAs\":[\"http:\/\/www.visit-ulcinj.com\"],\"url\":\"https:\/\/www.visit-ulcinj.com\/blog\/author\/admin\/\"}]}<\/script>\n<!-- \/ Yoast SEO plugin. -->","yoast_head_json":{"title":"Dit\u00c3\u00ab e vecant\u00c3\u00ab p\u00c3\u00abr Adin | Big Brother Albania 2","description":"Big Brother Albania 2 - Sot p\u00c3\u00abr nj\u00c3\u00abrin prej konkurent\u00c3\u00abve \u00c3\u00absht\u00c3\u00ab nj\u00c3\u00ab dit\u00c3\u00ab e vecant\u00c3\u00ab.","robots":{"index":"index","follow":"follow","max-snippet":"max-snippet:-1","max-image-preview":"max-image-preview:large","max-video-preview":"max-video-preview:-1"},"canonical":"https:\/\/www.visit-ulcinj.com\/blog\/2009\/05\/05\/dite-e-vecante-per-adin\/","og_locale":"en_US","og_type":"article","og_title":"Dit\u00c3\u00ab e vecant\u00c3\u00ab p\u00c3\u00abr Adin | Big Brother Albania 2","og_description":"Big Brother Albania 2 - Sot p\u00c3\u00abr nj\u00c3\u00abrin prej konkurent\u00c3\u00abve \u00c3\u00absht\u00c3\u00ab nj\u00c3\u00ab dit\u00c3\u00ab e vecant\u00c3\u00ab.","og_url":"https:\/\/www.visit-ulcinj.com\/blog\/2009\/05\/05\/dite-e-vecante-per-adin\/","og_site_name":"Lajme nga Ulqini","article_published_time":"2009-05-05T07:59:10+00:00","article_modified_time":"2009-05-04T20:52:40+00:00","og_image":[{"url":"http:\/\/www.visit-ulcinj.com\/blog\/wp-content\/uploads\/2009\/05\/adi-dhe-e-ema02.jpg"}],"twitter_misc":{"Written by":"ulqini","Est. reading time":"1 minute"},"schema":{"@context":"https:\/\/schema.org","@graph":[{"@type":"WebSite","@id":"https:\/\/www.visit-ulcinj.com\/blog\/#website","url":"https:\/\/www.visit-ulcinj.com\/blog\/","name":"Lajme nga Ulqini","description":"Lajme,Vijesti,Ulqini,Ulqin,Crna Gora,Mali i Zi","potentialAction":[{"@type":"SearchAction","target":{"@type":"EntryPoint","urlTemplate":"https:\/\/www.visit-ulcinj.com\/blog\/?s={search_term_string}"},"query-input":"required name=search_term_string"}],"inLanguage":"en-US"},{"@type":"ImageObject","inLanguage":"en-US","@id":"https:\/\/www.visit-ulcinj.com\/blog\/2009\/05\/05\/dite-e-vecante-per-adin\/#primaryimage","url":"http:\/\/www.visit-ulcinj.com\/blog\/wp-content\/uploads\/2009\/05\/adi-dhe-e-ema02.jpg","contentUrl":"http:\/\/www.visit-ulcinj.com\/blog\/wp-content\/uploads\/2009\/05\/adi-dhe-e-ema02.jpg"},{"@type":"WebPage","@id":"https:\/\/www.visit-ulcinj.com\/blog\/2009\/05\/05\/dite-e-vecante-per-adin\/#webpage","url":"https:\/\/www.visit-ulcinj.com\/blog\/2009\/05\/05\/dite-e-vecante-per-adin\/","name":"Dit\u00c3\u00ab e vecant\u00c3\u00ab p\u00c3\u00abr Adin | Big Brother Albania 2","isPartOf":{"@id":"https:\/\/www.visit-ulcinj.com\/blog\/#website"},"primaryImageOfPage":{"@id":"https:\/\/www.visit-ulcinj.com\/blog\/2009\/05\/05\/dite-e-vecante-per-adin\/#primaryimage"},"datePublished":"2009-05-05T07:59:10+00:00","dateModified":"2009-05-04T20:52:40+00:00","author":{"@id":"https:\/\/www.visit-ulcinj.com\/blog\/#\/schema\/person\/dcab619c614d3038751c63bc2aadc06d"},"description":"Big Brother Albania 2 - Sot p\u00c3\u00abr nj\u00c3\u00abrin prej konkurent\u00c3\u00abve \u00c3\u00absht\u00c3\u00ab nj\u00c3\u00ab dit\u00c3\u00ab e vecant\u00c3\u00ab.","breadcrumb":{"@id":"https:\/\/www.visit-ulcinj.com\/blog\/2009\/05\/05\/dite-e-vecante-per-adin\/#breadcrumb"},"inLanguage":"en-US","potentialAction":[{"@type":"ReadAction","target":["https:\/\/www.visit-ulcinj.com\/blog\/2009\/05\/05\/dite-e-vecante-per-adin\/"]}]},{"@type":"BreadcrumbList","@id":"https:\/\/www.visit-ulcinj.com\/blog\/2009\/05\/05\/dite-e-vecante-per-adin\/#breadcrumb","itemListElement":[{"@type":"ListItem","position":1,"name":"Dit\u00eb e vecant\u00eb p\u00ebr Adin"}]},{"@type":"Person","@id":"https:\/\/www.visit-ulcinj.com\/blog\/#\/schema\/person\/dcab619c614d3038751c63bc2aadc06d","name":"ulqini","sameAs":["http:\/\/www.visit-ulcinj.com"],"url":"https:\/\/www.visit-ulcinj.com\/blog\/author\/admin\/"}]}},"jetpack_featured_media_url":"","jetpack_sharing_enabled":true,"jetpack_shortlink":"https:\/\/wp.me\/pe6lTn-5eE","_links":{"self":[{"href":"https:\/\/www.visit-ulcinj.com\/blog\/wp-json\/wp\/v2\/posts\/20128"}],"collection":[{"href":"https:\/\/www.visit-ulcinj.com\/blog\/wp-json\/wp\/v2\/posts"}],"about":[{"href":"https:\/\/www.visit-ulcinj.com\/blog\/wp-json\/wp\/v2\/types\/post"}],"author":[{"embeddable":true,"href":"https:\/\/www.visit-ulcinj.com\/blog\/wp-json\/wp\/v2\/users\/1"}],"replies":[{"embeddable":true,"href":"https:\/\/www.visit-ulcinj.com\/blog\/wp-json\/wp\/v2\/comments?post=20128"}],"version-history":[{"count":0,"href":"https:\/\/www.visit-ulcinj.com\/blog\/wp-json\/wp\/v2\/posts\/20128\/revisions"}],"wp:attachment":[{"href":"https:\/\/www.visit-ulcinj.com\/blog\/wp-json\/wp\/v2\/media?parent=20128"}],"wp:term":[{"taxonomy":"category","embeddable":true,"href":"https:\/\/www.visit-ulcinj.com\/blog\/wp-json\/wp\/v2\/categories?post=20128"},{"taxonomy":"post_tag","embeddable":true,"href":"https:\/\/www.visit-ulcinj.com\/blog\/wp-json\/wp\/v2\/tags?post=20128"}],"curies":[{"name":"wp","href":"https:\/\/api.w.org\/{rel}","templated":true}]}}