{"id":20132,"date":"2009-05-05T10:00:20","date_gmt":"2009-05-05T08:00:20","guid":{"rendered":"http:\/\/www.visit-ulcinj.com\/blog\/?p=20132"},"modified":"2009-05-04T22:56:55","modified_gmt":"2009-05-04T20:56:55","slug":"adi-dhe-sori-i-nominuar-reagon-keq","status":"publish","type":"post","link":"https:\/\/www.visit-ulcinj.com\/blog\/2009\/05\/05\/adi-dhe-sori-i-nominuar-reagon-keq\/","title":{"rendered":"Adi dhe Sori : I nominuar reagon keq"},"content":{"rendered":"<p><em><span class=\"newsdate\"><a href=\"http:\/\/www.visit-ulcinj.com\/blog\/wp-content\/uploads\/2009\/05\/adisorikunderpergjijget.jpg\"><img loading=\"lazy\" class=\"alignleft size-full wp-image-20133\" title=\"adisorikunderpergjijget\" src=\"http:\/\/www.visit-ulcinj.com\/blog\/wp-content\/uploads\/2009\/05\/adisorikunderpergjijget.jpg\" alt=\"adisorikunderpergjijget\" width=\"300\" height=\"205\" \/><\/a>http:\/\/www.visit-ulcinj.com\/blog\/wp-content\/uploads\/2009\/05\/adisorikunderpergjijget.jpg03\/05\/09 01:10<\/span><\/em><\/p>\n<p>Adi i k\u00ebrkon Sorit t\u00eb sqarohen p\u00ebr nj\u00eb fjal\u00eb t\u00eb pamenduar mir\u00eb nga ana e k\u00ebtij t\u00eb fundit. Sori ia kthen se m\u00ebnyra se si i kishte folur Adi, i ishte dukur tendencioze dhe kjo si rezultat i kushteve n\u00eb t\u00eb cilat ndodhet, ku cdo gj\u00eb mund t\u2019i duket si e till\u00eb. Adi i thot\u00eb se tek ai e ka v\u00ebn\u00eb re shpesh k\u00ebt\u00eb gj\u00eb; sa her\u00eb \u00ebsht\u00eb n\u00eb nominim do t\u2019i kund\u00ebrp\u00ebrgjigjet keq. Sori justifikohet se ndoshta e p\u00ebrjeton keq nominimin, por Adi mendon se k\u00ebt\u00eb gj\u00eb t\u00eb tij e ka v\u00ebn\u00eb re vet\u00ebm n\u00eb lidhje me t\u00eb e jo me banor\u00ebt e tjer\u00eb. Ai e k\u00ebshillon se n\u00ebse dicka nuk shkon mir\u00eb mes tyre, t\u2019ia thot\u00eb. Sori i p\u00ebrgjigjet se kur t\u00eb tjer\u00ebt jan\u00eb n\u00eb nominim, ai nuk ngacmon asnj\u00eb, nd\u00ebrsa kur \u00ebsht\u00eb vet\u00eb n\u00eb nominim, t\u00eb tjer\u00ebt, duke p\u00ebrfshir\u00eb dhe Adin, jan\u00eb n\u00eb favor p\u00ebr t\u2019i b\u00ebr\u00eb atij pyetje dhe ngacmime. Ai mendon se ky motiv mund t\u00eb jet\u00eb ai q\u00eb ndonj\u00ebher\u00eb reagon keq ndaj tij apo t\u00eb tjer\u00ebve. Adi i thot\u00eb se nuk e ka ngacmuar asnj\u00ebher\u00eb me ndonj\u00eb q\u00ebllim dhe se gjithmon\u00eb k\u00ebto lloj bisedash kan\u00eb q\u00ebn\u00eb reciproke. Sori ia kthen se po sillet me t\u00eb si me t\u00eb tjer\u00ebt dhe sipas tij, cdo gj\u00eb \u00ebsht\u00eb n\u00eb rregull.<\/p>\n","protected":false},"excerpt":{"rendered":"<p>http:\/\/www.visit-ulcinj.com\/blog\/wp-content\/uploads\/2009\/05\/adisorikunderpergjijget.jpg03\/05\/09 01:10 Adi i k\u00ebrkon Sorit t\u00eb sqarohen p\u00ebr nj\u00eb fjal\u00eb t\u00eb pamenduar mir\u00eb nga ana e k\u00ebtij t\u00eb fundit. Sori ia kthen se m\u00ebnyra se si i kishte folur Adi, i ishte dukur tendencioze dhe kjo si rezultat i kushteve n\u00eb t\u00eb cilat ndodhet, ku cdo gj\u00eb mund t\u2019i duket si e till\u00eb. Adi [&hellip;]<\/p>\n","protected":false},"author":1,"featured_media":0,"comment_status":"open","ping_status":"closed","sticky":false,"template":"","format":"standard","meta":{"spay_email":"","jetpack_publicize_message":"","jetpack_is_tweetstorm":false,"jetpack_publicize_feature_enabled":true},"categories":[6502],"tags":[1414,6520,9121,9927,8276,9751],"jetpack_publicize_connections":[],"yoast_head":"<!-- This site is optimized with the Yoast SEO plugin v19.1 - https:\/\/yoast.com\/wordpress\/plugins\/seo\/ -->\n<title>Adi dhe Sori : I nominuar reagon keq | Big Brother Albania 2<\/title>\n<meta name=\"description\" content=\"Big Brother Albania 2 - Adi i k\u00c3\u00abrkon Sorit t\u00c3\u00ab sqarohen p\u00c3\u00abr nj\u00c3\u00ab fjal\u00c3\u00ab t\u00c3\u00ab pamenduar mir\u00c3\u00ab nga ana e k\u00c3\u00abtij t\u00c3\u00ab fundit.\" \/>\n<meta name=\"robots\" content=\"index, follow, max-snippet:-1, max-image-preview:large, max-video-preview:-1\" \/>\n<link rel=\"canonical\" href=\"https:\/\/www.visit-ulcinj.com\/blog\/2009\/05\/05\/adi-dhe-sori-i-nominuar-reagon-keq\/\" \/>\n<meta property=\"og:locale\" content=\"en_US\" \/>\n<meta property=\"og:type\" content=\"article\" \/>\n<meta property=\"og:title\" content=\"Adi dhe Sori : I nominuar reagon keq | Big Brother Albania 2\" \/>\n<meta property=\"og:description\" content=\"Big Brother Albania 2 - Adi i k\u00c3\u00abrkon Sorit t\u00c3\u00ab sqarohen p\u00c3\u00abr nj\u00c3\u00ab fjal\u00c3\u00ab t\u00c3\u00ab pamenduar mir\u00c3\u00ab nga ana e k\u00c3\u00abtij t\u00c3\u00ab fundit.\" \/>\n<meta property=\"og:url\" content=\"https:\/\/www.visit-ulcinj.com\/blog\/2009\/05\/05\/adi-dhe-sori-i-nominuar-reagon-keq\/\" \/>\n<meta property=\"og:site_name\" content=\"Lajme nga Ulqini\" \/>\n<meta property=\"article:published_time\" content=\"2009-05-05T08:00:20+00:00\" \/>\n<meta property=\"article:modified_time\" content=\"2009-05-04T20:56:55+00:00\" \/>\n<meta property=\"og:image\" content=\"http:\/\/www.visit-ulcinj.com\/blog\/wp-content\/uploads\/2009\/05\/adisorikunderpergjijget.jpg\" \/>\n<meta name=\"twitter:label1\" content=\"Written by\" \/>\n\t<meta name=\"twitter:data1\" content=\"ulqini\" \/>\n\t<meta name=\"twitter:label2\" content=\"Est. reading time\" \/>\n\t<meta name=\"twitter:data2\" content=\"1 minute\" \/>\n<script type=\"application\/ld+json\" class=\"yoast-schema-graph\">{\"@context\":\"https:\/\/schema.org\",\"@graph\":[{\"@type\":\"WebSite\",\"@id\":\"https:\/\/www.visit-ulcinj.com\/blog\/#website\",\"url\":\"https:\/\/www.visit-ulcinj.com\/blog\/\",\"name\":\"Lajme nga Ulqini\",\"description\":\"Lajme,Vijesti,Ulqini,Ulqin,Crna Gora,Mali i Zi\",\"potentialAction\":[{\"@type\":\"SearchAction\",\"target\":{\"@type\":\"EntryPoint\",\"urlTemplate\":\"https:\/\/www.visit-ulcinj.com\/blog\/?s={search_term_string}\"},\"query-input\":\"required name=search_term_string\"}],\"inLanguage\":\"en-US\"},{\"@type\":\"ImageObject\",\"inLanguage\":\"en-US\",\"@id\":\"https:\/\/www.visit-ulcinj.com\/blog\/2009\/05\/05\/adi-dhe-sori-i-nominuar-reagon-keq\/#primaryimage\",\"url\":\"http:\/\/www.visit-ulcinj.com\/blog\/wp-content\/uploads\/2009\/05\/adisorikunderpergjijget.jpg\",\"contentUrl\":\"http:\/\/www.visit-ulcinj.com\/blog\/wp-content\/uploads\/2009\/05\/adisorikunderpergjijget.jpg\"},{\"@type\":\"WebPage\",\"@id\":\"https:\/\/www.visit-ulcinj.com\/blog\/2009\/05\/05\/adi-dhe-sori-i-nominuar-reagon-keq\/#webpage\",\"url\":\"https:\/\/www.visit-ulcinj.com\/blog\/2009\/05\/05\/adi-dhe-sori-i-nominuar-reagon-keq\/\",\"name\":\"Adi dhe Sori : I nominuar reagon keq | Big Brother Albania 2\",\"isPartOf\":{\"@id\":\"https:\/\/www.visit-ulcinj.com\/blog\/#website\"},\"primaryImageOfPage\":{\"@id\":\"https:\/\/www.visit-ulcinj.com\/blog\/2009\/05\/05\/adi-dhe-sori-i-nominuar-reagon-keq\/#primaryimage\"},\"datePublished\":\"2009-05-05T08:00:20+00:00\",\"dateModified\":\"2009-05-04T20:56:55+00:00\",\"author\":{\"@id\":\"https:\/\/www.visit-ulcinj.com\/blog\/#\/schema\/person\/dcab619c614d3038751c63bc2aadc06d\"},\"description\":\"Big Brother Albania 2 - Adi i k\u00c3\u00abrkon Sorit t\u00c3\u00ab sqarohen p\u00c3\u00abr nj\u00c3\u00ab fjal\u00c3\u00ab t\u00c3\u00ab pamenduar mir\u00c3\u00ab nga ana e k\u00c3\u00abtij t\u00c3\u00ab fundit.\",\"breadcrumb\":{\"@id\":\"https:\/\/www.visit-ulcinj.com\/blog\/2009\/05\/05\/adi-dhe-sori-i-nominuar-reagon-keq\/#breadcrumb\"},\"inLanguage\":\"en-US\",\"potentialAction\":[{\"@type\":\"ReadAction\",\"target\":[\"https:\/\/www.visit-ulcinj.com\/blog\/2009\/05\/05\/adi-dhe-sori-i-nominuar-reagon-keq\/\"]}]},{\"@type\":\"BreadcrumbList\",\"@id\":\"https:\/\/www.visit-ulcinj.com\/blog\/2009\/05\/05\/adi-dhe-sori-i-nominuar-reagon-keq\/#breadcrumb\",\"itemListElement\":[{\"@type\":\"ListItem\",\"position\":1,\"name\":\"Adi dhe Sori : I nominuar reagon keq\"}]},{\"@type\":\"Person\",\"@id\":\"https:\/\/www.visit-ulcinj.com\/blog\/#\/schema\/person\/dcab619c614d3038751c63bc2aadc06d\",\"name\":\"ulqini\",\"sameAs\":[\"http:\/\/www.visit-ulcinj.com\"],\"url\":\"https:\/\/www.visit-ulcinj.com\/blog\/author\/admin\/\"}]}<\/script>\n<!-- \/ Yoast SEO plugin. -->","yoast_head_json":{"title":"Adi dhe Sori : I nominuar reagon keq | Big Brother Albania 2","description":"Big Brother Albania 2 - Adi i k\u00c3\u00abrkon Sorit t\u00c3\u00ab sqarohen p\u00c3\u00abr nj\u00c3\u00ab fjal\u00c3\u00ab t\u00c3\u00ab pamenduar mir\u00c3\u00ab nga ana e k\u00c3\u00abtij t\u00c3\u00ab fundit.","robots":{"index":"index","follow":"follow","max-snippet":"max-snippet:-1","max-image-preview":"max-image-preview:large","max-video-preview":"max-video-preview:-1"},"canonical":"https:\/\/www.visit-ulcinj.com\/blog\/2009\/05\/05\/adi-dhe-sori-i-nominuar-reagon-keq\/","og_locale":"en_US","og_type":"article","og_title":"Adi dhe Sori : I nominuar reagon keq | Big Brother Albania 2","og_description":"Big Brother Albania 2 - Adi i k\u00c3\u00abrkon Sorit t\u00c3\u00ab sqarohen p\u00c3\u00abr nj\u00c3\u00ab fjal\u00c3\u00ab t\u00c3\u00ab pamenduar mir\u00c3\u00ab nga ana e k\u00c3\u00abtij t\u00c3\u00ab fundit.","og_url":"https:\/\/www.visit-ulcinj.com\/blog\/2009\/05\/05\/adi-dhe-sori-i-nominuar-reagon-keq\/","og_site_name":"Lajme nga Ulqini","article_published_time":"2009-05-05T08:00:20+00:00","article_modified_time":"2009-05-04T20:56:55+00:00","og_image":[{"url":"http:\/\/www.visit-ulcinj.com\/blog\/wp-content\/uploads\/2009\/05\/adisorikunderpergjijget.jpg"}],"twitter_misc":{"Written by":"ulqini","Est. reading time":"1 minute"},"schema":{"@context":"https:\/\/schema.org","@graph":[{"@type":"WebSite","@id":"https:\/\/www.visit-ulcinj.com\/blog\/#website","url":"https:\/\/www.visit-ulcinj.com\/blog\/","name":"Lajme nga Ulqini","description":"Lajme,Vijesti,Ulqini,Ulqin,Crna Gora,Mali i Zi","potentialAction":[{"@type":"SearchAction","target":{"@type":"EntryPoint","urlTemplate":"https:\/\/www.visit-ulcinj.com\/blog\/?s={search_term_string}"},"query-input":"required name=search_term_string"}],"inLanguage":"en-US"},{"@type":"ImageObject","inLanguage":"en-US","@id":"https:\/\/www.visit-ulcinj.com\/blog\/2009\/05\/05\/adi-dhe-sori-i-nominuar-reagon-keq\/#primaryimage","url":"http:\/\/www.visit-ulcinj.com\/blog\/wp-content\/uploads\/2009\/05\/adisorikunderpergjijget.jpg","contentUrl":"http:\/\/www.visit-ulcinj.com\/blog\/wp-content\/uploads\/2009\/05\/adisorikunderpergjijget.jpg"},{"@type":"WebPage","@id":"https:\/\/www.visit-ulcinj.com\/blog\/2009\/05\/05\/adi-dhe-sori-i-nominuar-reagon-keq\/#webpage","url":"https:\/\/www.visit-ulcinj.com\/blog\/2009\/05\/05\/adi-dhe-sori-i-nominuar-reagon-keq\/","name":"Adi dhe Sori : I nominuar reagon keq | Big Brother Albania 2","isPartOf":{"@id":"https:\/\/www.visit-ulcinj.com\/blog\/#website"},"primaryImageOfPage":{"@id":"https:\/\/www.visit-ulcinj.com\/blog\/2009\/05\/05\/adi-dhe-sori-i-nominuar-reagon-keq\/#primaryimage"},"datePublished":"2009-05-05T08:00:20+00:00","dateModified":"2009-05-04T20:56:55+00:00","author":{"@id":"https:\/\/www.visit-ulcinj.com\/blog\/#\/schema\/person\/dcab619c614d3038751c63bc2aadc06d"},"description":"Big Brother Albania 2 - Adi i k\u00c3\u00abrkon Sorit t\u00c3\u00ab sqarohen p\u00c3\u00abr nj\u00c3\u00ab fjal\u00c3\u00ab t\u00c3\u00ab pamenduar mir\u00c3\u00ab nga ana e k\u00c3\u00abtij t\u00c3\u00ab fundit.","breadcrumb":{"@id":"https:\/\/www.visit-ulcinj.com\/blog\/2009\/05\/05\/adi-dhe-sori-i-nominuar-reagon-keq\/#breadcrumb"},"inLanguage":"en-US","potentialAction":[{"@type":"ReadAction","target":["https:\/\/www.visit-ulcinj.com\/blog\/2009\/05\/05\/adi-dhe-sori-i-nominuar-reagon-keq\/"]}]},{"@type":"BreadcrumbList","@id":"https:\/\/www.visit-ulcinj.com\/blog\/2009\/05\/05\/adi-dhe-sori-i-nominuar-reagon-keq\/#breadcrumb","itemListElement":[{"@type":"ListItem","position":1,"name":"Adi dhe Sori : I nominuar reagon keq"}]},{"@type":"Person","@id":"https:\/\/www.visit-ulcinj.com\/blog\/#\/schema\/person\/dcab619c614d3038751c63bc2aadc06d","name":"ulqini","sameAs":["http:\/\/www.visit-ulcinj.com"],"url":"https:\/\/www.visit-ulcinj.com\/blog\/author\/admin\/"}]}},"jetpack_featured_media_url":"","jetpack_sharing_enabled":true,"jetpack_shortlink":"https:\/\/wp.me\/pe6lTn-5eI","_links":{"self":[{"href":"https:\/\/www.visit-ulcinj.com\/blog\/wp-json\/wp\/v2\/posts\/20132"}],"collection":[{"href":"https:\/\/www.visit-ulcinj.com\/blog\/wp-json\/wp\/v2\/posts"}],"about":[{"href":"https:\/\/www.visit-ulcinj.com\/blog\/wp-json\/wp\/v2\/types\/post"}],"author":[{"embeddable":true,"href":"https:\/\/www.visit-ulcinj.com\/blog\/wp-json\/wp\/v2\/users\/1"}],"replies":[{"embeddable":true,"href":"https:\/\/www.visit-ulcinj.com\/blog\/wp-json\/wp\/v2\/comments?post=20132"}],"version-history":[{"count":0,"href":"https:\/\/www.visit-ulcinj.com\/blog\/wp-json\/wp\/v2\/posts\/20132\/revisions"}],"wp:attachment":[{"href":"https:\/\/www.visit-ulcinj.com\/blog\/wp-json\/wp\/v2\/media?parent=20132"}],"wp:term":[{"taxonomy":"category","embeddable":true,"href":"https:\/\/www.visit-ulcinj.com\/blog\/wp-json\/wp\/v2\/categories?post=20132"},{"taxonomy":"post_tag","embeddable":true,"href":"https:\/\/www.visit-ulcinj.com\/blog\/wp-json\/wp\/v2\/tags?post=20132"}],"curies":[{"name":"wp","href":"https:\/\/api.w.org\/{rel}","templated":true}]}}