{"id":20135,"date":"2009-05-05T12:00:03","date_gmt":"2009-05-05T10:00:03","guid":{"rendered":"http:\/\/www.visit-ulcinj.com\/blog\/?p=20135"},"modified":"2009-05-04T23:00:27","modified_gmt":"2009-05-04T21:00:27","slug":"adelajda-mendova-se-do-dilja","status":"publish","type":"post","link":"https:\/\/www.visit-ulcinj.com\/blog\/2009\/05\/05\/adelajda-mendova-se-do-dilja\/","title":{"rendered":"Adelajda : Mendova se do dilja"},"content":{"rendered":"<p><em><span class=\"newsdate\"><a href=\"http:\/\/www.visit-ulcinj.com\/blog\/wp-content\/uploads\/2009\/05\/adiadela-3maj.jpg\"><img loading=\"lazy\" class=\"alignleft size-full wp-image-20137\" title=\"adiadela-3maj-big-brother-albania-2\" src=\"http:\/\/www.visit-ulcinj.com\/blog\/wp-content\/uploads\/2009\/05\/adiadela-3maj.jpg\" alt=\"adiadela-3maj-big-brother-albania-2\" width=\"300\" height=\"205\" \/><\/a>03\/05\/09 01:50<\/span><\/em><\/p>\n<p>Adi \u00ebsht\u00eb i m\u00ebrzitur q\u00eb Moza ka dal\u00eb n\u00eb nominim. Ai mendon se gabimi i tij q\u00ebndronte n\u00eb nominimin e Moz\u00ebs prej tij nj\u00eb jav\u00eb m\u00eb par\u00eb, kur n\u00eb fakt duhej t\u00eb nominonte Anjez\u00ebn. Ai gjithashtu mendon se fakti q\u00eb Anjeza ka imunitet k\u00ebt\u00eb jav\u00eb, ndikoi q\u00eb ai s\u00ebrish ta nominonte Moz\u00ebn. Sipas tij, n\u00ebse nuk do t\u00eb ishte kjo situat\u00eb, dy emrat e tij p\u00ebr nominim ishin Sori dhe Anjeza. Edhe Adela mendon se imuniteti i Anjez\u00ebs, u prishi planet. Ajo shprehet se ndjehet e lodhur q\u00eb cdo t\u00eb shtun\u00eb \u00ebsht\u00eb e nominuar. Adela tregon se n\u00eb momentin kur Bjordi doli n\u00eb oborr q\u00eb t\u00eb p\u00ebrsh\u00ebndetej me t\u00eb n\u00ebse dilte, e mendoi v\u00ebrtet\u00eb se kjo gj\u00eb mund t\u00eb ndodhte. \u201cP\u00ebrjetova shum\u00eb emocione\u201d- thot\u00eb ajo. Adi i jep kurajo dhe i thot\u00eb se ka ecur shum\u00eb mir\u00eb deri tani. Sipas mendimit t\u00eb tij, edhe n\u00ebse del nj\u00eb jav\u00eb para finales, ajo s\u00ebrish duhet ta mendoj\u00eb se ia ka dal\u00eb mban\u00eb. Adela e falenderon, por thot\u00eb se \u00ebsht\u00eb lodhur shum\u00eb p\u00ebr t\u00eb arritur deri n\u00eb k\u00ebt\u00eb faz\u00eb.<\/p>\n","protected":false},"excerpt":{"rendered":"<p>03\/05\/09 01:50 Adi \u00ebsht\u00eb i m\u00ebrzitur q\u00eb Moza ka dal\u00eb n\u00eb nominim. Ai mendon se gabimi i tij q\u00ebndronte n\u00eb nominimin e Moz\u00ebs prej tij nj\u00eb jav\u00eb m\u00eb par\u00eb, kur n\u00eb fakt duhej t\u00eb nominonte Anjez\u00ebn. Ai gjithashtu mendon se fakti q\u00eb Anjeza ka imunitet k\u00ebt\u00eb jav\u00eb, ndikoi q\u00eb ai s\u00ebrish ta nominonte Moz\u00ebn. Sipas [&hellip;]<\/p>\n","protected":false},"author":1,"featured_media":0,"comment_status":"open","ping_status":"closed","sticky":false,"template":"","format":"standard","meta":{"spay_email":"","jetpack_publicize_message":"","jetpack_is_tweetstorm":false,"jetpack_publicize_feature_enabled":true},"categories":[6502],"tags":[6529,1414,9121,6544,9928,9751],"jetpack_publicize_connections":[],"yoast_head":"<!-- This site is optimized with the Yoast SEO plugin v19.1 - https:\/\/yoast.com\/wordpress\/plugins\/seo\/ -->\n<title>Adelajda : Mendova se do dilja | Big Brother Albania 2<\/title>\n<meta name=\"description\" content=\"Big Brother Albania 2 - Adi \u00c3\u00absht\u00c3\u00ab i m\u00c3\u00abrzitur q\u00c3\u00ab Moza ka dal\u00c3\u00ab n\u00c3\u00ab nominim.\" \/>\n<meta name=\"robots\" content=\"index, follow, max-snippet:-1, max-image-preview:large, max-video-preview:-1\" \/>\n<link rel=\"canonical\" href=\"https:\/\/www.visit-ulcinj.com\/blog\/2009\/05\/05\/adelajda-mendova-se-do-dilja\/\" \/>\n<meta property=\"og:locale\" content=\"en_US\" \/>\n<meta property=\"og:type\" content=\"article\" \/>\n<meta property=\"og:title\" content=\"Adelajda : Mendova se do dilja | Big Brother Albania 2\" \/>\n<meta property=\"og:description\" content=\"Big Brother Albania 2 - Adi \u00c3\u00absht\u00c3\u00ab i m\u00c3\u00abrzitur q\u00c3\u00ab Moza ka dal\u00c3\u00ab n\u00c3\u00ab nominim.\" \/>\n<meta property=\"og:url\" content=\"https:\/\/www.visit-ulcinj.com\/blog\/2009\/05\/05\/adelajda-mendova-se-do-dilja\/\" \/>\n<meta property=\"og:site_name\" content=\"Lajme nga Ulqini\" \/>\n<meta property=\"article:published_time\" content=\"2009-05-05T10:00:03+00:00\" \/>\n<meta property=\"article:modified_time\" content=\"2009-05-04T21:00:27+00:00\" \/>\n<meta property=\"og:image\" content=\"http:\/\/www.visit-ulcinj.com\/blog\/wp-content\/uploads\/2009\/05\/adiadela-3maj.jpg\" \/>\n<meta name=\"twitter:label1\" content=\"Written by\" \/>\n\t<meta name=\"twitter:data1\" content=\"ulqini\" \/>\n\t<meta name=\"twitter:label2\" content=\"Est. reading time\" \/>\n\t<meta name=\"twitter:data2\" content=\"1 minute\" \/>\n<script type=\"application\/ld+json\" class=\"yoast-schema-graph\">{\"@context\":\"https:\/\/schema.org\",\"@graph\":[{\"@type\":\"WebSite\",\"@id\":\"https:\/\/www.visit-ulcinj.com\/blog\/#website\",\"url\":\"https:\/\/www.visit-ulcinj.com\/blog\/\",\"name\":\"Lajme nga Ulqini\",\"description\":\"Lajme,Vijesti,Ulqini,Ulqin,Crna Gora,Mali i Zi\",\"potentialAction\":[{\"@type\":\"SearchAction\",\"target\":{\"@type\":\"EntryPoint\",\"urlTemplate\":\"https:\/\/www.visit-ulcinj.com\/blog\/?s={search_term_string}\"},\"query-input\":\"required name=search_term_string\"}],\"inLanguage\":\"en-US\"},{\"@type\":\"ImageObject\",\"inLanguage\":\"en-US\",\"@id\":\"https:\/\/www.visit-ulcinj.com\/blog\/2009\/05\/05\/adelajda-mendova-se-do-dilja\/#primaryimage\",\"url\":\"http:\/\/www.visit-ulcinj.com\/blog\/wp-content\/uploads\/2009\/05\/adiadela-3maj.jpg\",\"contentUrl\":\"http:\/\/www.visit-ulcinj.com\/blog\/wp-content\/uploads\/2009\/05\/adiadela-3maj.jpg\"},{\"@type\":\"WebPage\",\"@id\":\"https:\/\/www.visit-ulcinj.com\/blog\/2009\/05\/05\/adelajda-mendova-se-do-dilja\/#webpage\",\"url\":\"https:\/\/www.visit-ulcinj.com\/blog\/2009\/05\/05\/adelajda-mendova-se-do-dilja\/\",\"name\":\"Adelajda : Mendova se do dilja | Big Brother Albania 2\",\"isPartOf\":{\"@id\":\"https:\/\/www.visit-ulcinj.com\/blog\/#website\"},\"primaryImageOfPage\":{\"@id\":\"https:\/\/www.visit-ulcinj.com\/blog\/2009\/05\/05\/adelajda-mendova-se-do-dilja\/#primaryimage\"},\"datePublished\":\"2009-05-05T10:00:03+00:00\",\"dateModified\":\"2009-05-04T21:00:27+00:00\",\"author\":{\"@id\":\"https:\/\/www.visit-ulcinj.com\/blog\/#\/schema\/person\/dcab619c614d3038751c63bc2aadc06d\"},\"description\":\"Big Brother Albania 2 - Adi \u00c3\u00absht\u00c3\u00ab i m\u00c3\u00abrzitur q\u00c3\u00ab Moza ka dal\u00c3\u00ab n\u00c3\u00ab nominim.\",\"breadcrumb\":{\"@id\":\"https:\/\/www.visit-ulcinj.com\/blog\/2009\/05\/05\/adelajda-mendova-se-do-dilja\/#breadcrumb\"},\"inLanguage\":\"en-US\",\"potentialAction\":[{\"@type\":\"ReadAction\",\"target\":[\"https:\/\/www.visit-ulcinj.com\/blog\/2009\/05\/05\/adelajda-mendova-se-do-dilja\/\"]}]},{\"@type\":\"BreadcrumbList\",\"@id\":\"https:\/\/www.visit-ulcinj.com\/blog\/2009\/05\/05\/adelajda-mendova-se-do-dilja\/#breadcrumb\",\"itemListElement\":[{\"@type\":\"ListItem\",\"position\":1,\"name\":\"Adelajda : Mendova se do dilja\"}]},{\"@type\":\"Person\",\"@id\":\"https:\/\/www.visit-ulcinj.com\/blog\/#\/schema\/person\/dcab619c614d3038751c63bc2aadc06d\",\"name\":\"ulqini\",\"sameAs\":[\"http:\/\/www.visit-ulcinj.com\"],\"url\":\"https:\/\/www.visit-ulcinj.com\/blog\/author\/admin\/\"}]}<\/script>\n<!-- \/ Yoast SEO plugin. -->","yoast_head_json":{"title":"Adelajda : Mendova se do dilja | Big Brother Albania 2","description":"Big Brother Albania 2 - Adi \u00c3\u00absht\u00c3\u00ab i m\u00c3\u00abrzitur q\u00c3\u00ab Moza ka dal\u00c3\u00ab n\u00c3\u00ab nominim.","robots":{"index":"index","follow":"follow","max-snippet":"max-snippet:-1","max-image-preview":"max-image-preview:large","max-video-preview":"max-video-preview:-1"},"canonical":"https:\/\/www.visit-ulcinj.com\/blog\/2009\/05\/05\/adelajda-mendova-se-do-dilja\/","og_locale":"en_US","og_type":"article","og_title":"Adelajda : Mendova se do dilja | Big Brother Albania 2","og_description":"Big Brother Albania 2 - Adi \u00c3\u00absht\u00c3\u00ab i m\u00c3\u00abrzitur q\u00c3\u00ab Moza ka dal\u00c3\u00ab n\u00c3\u00ab nominim.","og_url":"https:\/\/www.visit-ulcinj.com\/blog\/2009\/05\/05\/adelajda-mendova-se-do-dilja\/","og_site_name":"Lajme nga Ulqini","article_published_time":"2009-05-05T10:00:03+00:00","article_modified_time":"2009-05-04T21:00:27+00:00","og_image":[{"url":"http:\/\/www.visit-ulcinj.com\/blog\/wp-content\/uploads\/2009\/05\/adiadela-3maj.jpg"}],"twitter_misc":{"Written by":"ulqini","Est. reading time":"1 minute"},"schema":{"@context":"https:\/\/schema.org","@graph":[{"@type":"WebSite","@id":"https:\/\/www.visit-ulcinj.com\/blog\/#website","url":"https:\/\/www.visit-ulcinj.com\/blog\/","name":"Lajme nga Ulqini","description":"Lajme,Vijesti,Ulqini,Ulqin,Crna Gora,Mali i Zi","potentialAction":[{"@type":"SearchAction","target":{"@type":"EntryPoint","urlTemplate":"https:\/\/www.visit-ulcinj.com\/blog\/?s={search_term_string}"},"query-input":"required name=search_term_string"}],"inLanguage":"en-US"},{"@type":"ImageObject","inLanguage":"en-US","@id":"https:\/\/www.visit-ulcinj.com\/blog\/2009\/05\/05\/adelajda-mendova-se-do-dilja\/#primaryimage","url":"http:\/\/www.visit-ulcinj.com\/blog\/wp-content\/uploads\/2009\/05\/adiadela-3maj.jpg","contentUrl":"http:\/\/www.visit-ulcinj.com\/blog\/wp-content\/uploads\/2009\/05\/adiadela-3maj.jpg"},{"@type":"WebPage","@id":"https:\/\/www.visit-ulcinj.com\/blog\/2009\/05\/05\/adelajda-mendova-se-do-dilja\/#webpage","url":"https:\/\/www.visit-ulcinj.com\/blog\/2009\/05\/05\/adelajda-mendova-se-do-dilja\/","name":"Adelajda : Mendova se do dilja | Big Brother Albania 2","isPartOf":{"@id":"https:\/\/www.visit-ulcinj.com\/blog\/#website"},"primaryImageOfPage":{"@id":"https:\/\/www.visit-ulcinj.com\/blog\/2009\/05\/05\/adelajda-mendova-se-do-dilja\/#primaryimage"},"datePublished":"2009-05-05T10:00:03+00:00","dateModified":"2009-05-04T21:00:27+00:00","author":{"@id":"https:\/\/www.visit-ulcinj.com\/blog\/#\/schema\/person\/dcab619c614d3038751c63bc2aadc06d"},"description":"Big Brother Albania 2 - Adi \u00c3\u00absht\u00c3\u00ab i m\u00c3\u00abrzitur q\u00c3\u00ab Moza ka dal\u00c3\u00ab n\u00c3\u00ab nominim.","breadcrumb":{"@id":"https:\/\/www.visit-ulcinj.com\/blog\/2009\/05\/05\/adelajda-mendova-se-do-dilja\/#breadcrumb"},"inLanguage":"en-US","potentialAction":[{"@type":"ReadAction","target":["https:\/\/www.visit-ulcinj.com\/blog\/2009\/05\/05\/adelajda-mendova-se-do-dilja\/"]}]},{"@type":"BreadcrumbList","@id":"https:\/\/www.visit-ulcinj.com\/blog\/2009\/05\/05\/adelajda-mendova-se-do-dilja\/#breadcrumb","itemListElement":[{"@type":"ListItem","position":1,"name":"Adelajda : Mendova se do dilja"}]},{"@type":"Person","@id":"https:\/\/www.visit-ulcinj.com\/blog\/#\/schema\/person\/dcab619c614d3038751c63bc2aadc06d","name":"ulqini","sameAs":["http:\/\/www.visit-ulcinj.com"],"url":"https:\/\/www.visit-ulcinj.com\/blog\/author\/admin\/"}]}},"jetpack_featured_media_url":"","jetpack_sharing_enabled":true,"jetpack_shortlink":"https:\/\/wp.me\/pe6lTn-5eL","_links":{"self":[{"href":"https:\/\/www.visit-ulcinj.com\/blog\/wp-json\/wp\/v2\/posts\/20135"}],"collection":[{"href":"https:\/\/www.visit-ulcinj.com\/blog\/wp-json\/wp\/v2\/posts"}],"about":[{"href":"https:\/\/www.visit-ulcinj.com\/blog\/wp-json\/wp\/v2\/types\/post"}],"author":[{"embeddable":true,"href":"https:\/\/www.visit-ulcinj.com\/blog\/wp-json\/wp\/v2\/users\/1"}],"replies":[{"embeddable":true,"href":"https:\/\/www.visit-ulcinj.com\/blog\/wp-json\/wp\/v2\/comments?post=20135"}],"version-history":[{"count":0,"href":"https:\/\/www.visit-ulcinj.com\/blog\/wp-json\/wp\/v2\/posts\/20135\/revisions"}],"wp:attachment":[{"href":"https:\/\/www.visit-ulcinj.com\/blog\/wp-json\/wp\/v2\/media?parent=20135"}],"wp:term":[{"taxonomy":"category","embeddable":true,"href":"https:\/\/www.visit-ulcinj.com\/blog\/wp-json\/wp\/v2\/categories?post=20135"},{"taxonomy":"post_tag","embeddable":true,"href":"https:\/\/www.visit-ulcinj.com\/blog\/wp-json\/wp\/v2\/tags?post=20135"}],"curies":[{"name":"wp","href":"https:\/\/api.w.org\/{rel}","templated":true}]}}