{"id":20139,"date":"2009-05-05T12:00:01","date_gmt":"2009-05-05T10:00:01","guid":{"rendered":"http:\/\/www.visit-ulcinj.com\/blog\/?p=20139"},"modified":"2009-05-04T23:04:41","modified_gmt":"2009-05-04T21:04:41","slug":"mbremje-me-emocione","status":"publish","type":"post","link":"https:\/\/www.visit-ulcinj.com\/blog\/2009\/05\/05\/mbremje-me-emocione\/","title":{"rendered":"Mbr\u00ebmje me emocione"},"content":{"rendered":"<p><em><span class=\"newsdate\"><a href=\"http:\/\/www.visit-ulcinj.com\/blog\/wp-content\/uploads\/2009\/05\/mbremje-me-emocione.jpg\"><img loading=\"lazy\" class=\"alignleft size-full wp-image-20140\" title=\"mbremje-me-emocione-big-brother-albania\" src=\"http:\/\/www.visit-ulcinj.com\/blog\/wp-content\/uploads\/2009\/05\/mbremje-me-emocione.jpg\" alt=\"mbremje-me-emocione-big-brother-albania\" width=\"300\" height=\"205\" \/><\/a>03\/05\/09 01:55<\/span><\/em><\/p>\n<p>Nj\u00eb pjes\u00eb e banor\u00ebve, t\u00eb mbledhur n\u00eb kuzhin\u00eb, bisedojn\u00eb p\u00ebr surprizat e k\u00ebsaj nate. Anjeza thot\u00eb se u emocionua p\u00ebr ardhjen e Arjonit dhe u tregon atyre fjal\u00ebt q\u00eb shk\u00ebmbyen p\u00ebr pak caste. Ajo thot\u00eb edhe batut\u00ebn e Arjonit q\u00eb u shpreh se Anjeza nuk del k\u00ebt\u00eb mbr\u00ebmje dhe lulet do t\u2019ia jepte Bjordit n\u00ebse dilte Adela. Adela me t\u00eb qeshur shprehet se do ta sqaroj\u00eb k\u00ebt\u00eb gj\u00eb me Arionin kur t\u00eb dal\u00eb. Adi pyet se dhe sa banor\u00eb mund t\u00eb eleminohen nga loja, para finales. Bjordi mendon se do t\u00eb ket\u00eb dhe nj\u00eb eleminim prej dy personash jav\u00ebn tjet\u00ebr dhe pjesa tjet\u00ebr shkon n\u00eb finale. Moza, e prekur nga ethet e nominimit, thot\u00eb e menduar se kjo jav\u00eb \u00ebsht\u00eb shum\u00eb e fort\u00eb p\u00ebr t\u00eb dhe Adel\u00ebn me Sorin.<\/p>\n","protected":false},"excerpt":{"rendered":"<p>03\/05\/09 01:55 Nj\u00eb pjes\u00eb e banor\u00ebve, t\u00eb mbledhur n\u00eb kuzhin\u00eb, bisedojn\u00eb p\u00ebr surprizat e k\u00ebsaj nate. Anjeza thot\u00eb se u emocionua p\u00ebr ardhjen e Arjonit dhe u tregon atyre fjal\u00ebt q\u00eb shk\u00ebmbyen p\u00ebr pak caste. Ajo thot\u00eb edhe batut\u00ebn e Arjonit q\u00eb u shpreh se Anjeza nuk del k\u00ebt\u00eb mbr\u00ebmje dhe lulet do t\u2019ia jepte [&hellip;]<\/p>\n","protected":false},"author":1,"featured_media":0,"comment_status":"open","ping_status":"closed","sticky":false,"template":"","format":"standard","meta":{"spay_email":"","jetpack_publicize_message":"","jetpack_is_tweetstorm":false,"jetpack_publicize_feature_enabled":true},"categories":[6502],"tags":[6529,8289,6525,6516,1442,8938,6544],"jetpack_publicize_connections":[],"yoast_head":"<!-- This site is optimized with the Yoast SEO plugin v19.1 - https:\/\/yoast.com\/wordpress\/plugins\/seo\/ -->\n<title>Mbr\u00c3\u00abmje me emocione | Big Brother Albania 2<\/title>\n<meta name=\"description\" content=\"Big Brother Albania 2 - Nj\u00c3\u00ab pjes\u00c3\u00ab e banor\u00c3\u00abve, t\u00c3\u00ab mbledhur n\u00c3\u00ab kuzhin\u00c3\u00ab, bisedojn\u00c3\u00ab p\u00c3\u00abr surprizat e k\u00c3\u00absaj nate. Anjeza thot\u00c3\u00ab se u emocionua p\u00c3\u00abr ardhjen e Arjonit dhe u tregon atyre fjal\u00c3\u00abt q\u00c3\u00ab shk\u00c3\u00abmbyen p\u00c3\u00abr pak caste.\" \/>\n<meta name=\"robots\" content=\"index, follow, max-snippet:-1, max-image-preview:large, max-video-preview:-1\" \/>\n<link rel=\"canonical\" href=\"https:\/\/www.visit-ulcinj.com\/blog\/2009\/05\/05\/mbremje-me-emocione\/\" \/>\n<meta property=\"og:locale\" content=\"en_US\" \/>\n<meta property=\"og:type\" content=\"article\" \/>\n<meta property=\"og:title\" content=\"Mbr\u00c3\u00abmje me emocione | Big Brother Albania 2\" \/>\n<meta property=\"og:description\" content=\"Big Brother Albania 2 - Nj\u00c3\u00ab pjes\u00c3\u00ab e banor\u00c3\u00abve, t\u00c3\u00ab mbledhur n\u00c3\u00ab kuzhin\u00c3\u00ab, bisedojn\u00c3\u00ab p\u00c3\u00abr surprizat e k\u00c3\u00absaj nate. Anjeza thot\u00c3\u00ab se u emocionua p\u00c3\u00abr ardhjen e Arjonit dhe u tregon atyre fjal\u00c3\u00abt q\u00c3\u00ab shk\u00c3\u00abmbyen p\u00c3\u00abr pak caste.\" \/>\n<meta property=\"og:url\" content=\"https:\/\/www.visit-ulcinj.com\/blog\/2009\/05\/05\/mbremje-me-emocione\/\" \/>\n<meta property=\"og:site_name\" content=\"Lajme nga Ulqini\" \/>\n<meta property=\"article:published_time\" content=\"2009-05-05T10:00:01+00:00\" \/>\n<meta property=\"article:modified_time\" content=\"2009-05-04T21:04:41+00:00\" \/>\n<meta property=\"og:image\" content=\"http:\/\/www.visit-ulcinj.com\/blog\/wp-content\/uploads\/2009\/05\/mbremje-me-emocione.jpg\" \/>\n<meta name=\"twitter:label1\" content=\"Written by\" \/>\n\t<meta name=\"twitter:data1\" content=\"ulqini\" \/>\n\t<meta name=\"twitter:label2\" content=\"Est. reading time\" \/>\n\t<meta name=\"twitter:data2\" content=\"1 minute\" \/>\n<script type=\"application\/ld+json\" class=\"yoast-schema-graph\">{\"@context\":\"https:\/\/schema.org\",\"@graph\":[{\"@type\":\"WebSite\",\"@id\":\"https:\/\/www.visit-ulcinj.com\/blog\/#website\",\"url\":\"https:\/\/www.visit-ulcinj.com\/blog\/\",\"name\":\"Lajme nga Ulqini\",\"description\":\"Lajme,Vijesti,Ulqini,Ulqin,Crna Gora,Mali i Zi\",\"potentialAction\":[{\"@type\":\"SearchAction\",\"target\":{\"@type\":\"EntryPoint\",\"urlTemplate\":\"https:\/\/www.visit-ulcinj.com\/blog\/?s={search_term_string}\"},\"query-input\":\"required name=search_term_string\"}],\"inLanguage\":\"en-US\"},{\"@type\":\"ImageObject\",\"inLanguage\":\"en-US\",\"@id\":\"https:\/\/www.visit-ulcinj.com\/blog\/2009\/05\/05\/mbremje-me-emocione\/#primaryimage\",\"url\":\"http:\/\/www.visit-ulcinj.com\/blog\/wp-content\/uploads\/2009\/05\/mbremje-me-emocione.jpg\",\"contentUrl\":\"http:\/\/www.visit-ulcinj.com\/blog\/wp-content\/uploads\/2009\/05\/mbremje-me-emocione.jpg\"},{\"@type\":\"WebPage\",\"@id\":\"https:\/\/www.visit-ulcinj.com\/blog\/2009\/05\/05\/mbremje-me-emocione\/#webpage\",\"url\":\"https:\/\/www.visit-ulcinj.com\/blog\/2009\/05\/05\/mbremje-me-emocione\/\",\"name\":\"Mbr\u00c3\u00abmje me emocione | Big Brother Albania 2\",\"isPartOf\":{\"@id\":\"https:\/\/www.visit-ulcinj.com\/blog\/#website\"},\"primaryImageOfPage\":{\"@id\":\"https:\/\/www.visit-ulcinj.com\/blog\/2009\/05\/05\/mbremje-me-emocione\/#primaryimage\"},\"datePublished\":\"2009-05-05T10:00:01+00:00\",\"dateModified\":\"2009-05-04T21:04:41+00:00\",\"author\":{\"@id\":\"https:\/\/www.visit-ulcinj.com\/blog\/#\/schema\/person\/dcab619c614d3038751c63bc2aadc06d\"},\"description\":\"Big Brother Albania 2 - Nj\u00c3\u00ab pjes\u00c3\u00ab e banor\u00c3\u00abve, t\u00c3\u00ab mbledhur n\u00c3\u00ab kuzhin\u00c3\u00ab, bisedojn\u00c3\u00ab p\u00c3\u00abr surprizat e k\u00c3\u00absaj nate. Anjeza thot\u00c3\u00ab se u emocionua p\u00c3\u00abr ardhjen e Arjonit dhe u tregon atyre fjal\u00c3\u00abt q\u00c3\u00ab shk\u00c3\u00abmbyen p\u00c3\u00abr pak caste.\",\"breadcrumb\":{\"@id\":\"https:\/\/www.visit-ulcinj.com\/blog\/2009\/05\/05\/mbremje-me-emocione\/#breadcrumb\"},\"inLanguage\":\"en-US\",\"potentialAction\":[{\"@type\":\"ReadAction\",\"target\":[\"https:\/\/www.visit-ulcinj.com\/blog\/2009\/05\/05\/mbremje-me-emocione\/\"]}]},{\"@type\":\"BreadcrumbList\",\"@id\":\"https:\/\/www.visit-ulcinj.com\/blog\/2009\/05\/05\/mbremje-me-emocione\/#breadcrumb\",\"itemListElement\":[{\"@type\":\"ListItem\",\"position\":1,\"name\":\"Mbr\u00ebmje me emocione\"}]},{\"@type\":\"Person\",\"@id\":\"https:\/\/www.visit-ulcinj.com\/blog\/#\/schema\/person\/dcab619c614d3038751c63bc2aadc06d\",\"name\":\"ulqini\",\"sameAs\":[\"http:\/\/www.visit-ulcinj.com\"],\"url\":\"https:\/\/www.visit-ulcinj.com\/blog\/author\/admin\/\"}]}<\/script>\n<!-- \/ Yoast SEO plugin. -->","yoast_head_json":{"title":"Mbr\u00c3\u00abmje me emocione | Big Brother Albania 2","description":"Big Brother Albania 2 - Nj\u00c3\u00ab pjes\u00c3\u00ab e banor\u00c3\u00abve, t\u00c3\u00ab mbledhur n\u00c3\u00ab kuzhin\u00c3\u00ab, bisedojn\u00c3\u00ab p\u00c3\u00abr surprizat e k\u00c3\u00absaj nate. Anjeza thot\u00c3\u00ab se u emocionua p\u00c3\u00abr ardhjen e Arjonit dhe u tregon atyre fjal\u00c3\u00abt q\u00c3\u00ab shk\u00c3\u00abmbyen p\u00c3\u00abr pak caste.","robots":{"index":"index","follow":"follow","max-snippet":"max-snippet:-1","max-image-preview":"max-image-preview:large","max-video-preview":"max-video-preview:-1"},"canonical":"https:\/\/www.visit-ulcinj.com\/blog\/2009\/05\/05\/mbremje-me-emocione\/","og_locale":"en_US","og_type":"article","og_title":"Mbr\u00c3\u00abmje me emocione | Big Brother Albania 2","og_description":"Big Brother Albania 2 - Nj\u00c3\u00ab pjes\u00c3\u00ab e banor\u00c3\u00abve, t\u00c3\u00ab mbledhur n\u00c3\u00ab kuzhin\u00c3\u00ab, bisedojn\u00c3\u00ab p\u00c3\u00abr surprizat e k\u00c3\u00absaj nate. Anjeza thot\u00c3\u00ab se u emocionua p\u00c3\u00abr ardhjen e Arjonit dhe u tregon atyre fjal\u00c3\u00abt q\u00c3\u00ab shk\u00c3\u00abmbyen p\u00c3\u00abr pak caste.","og_url":"https:\/\/www.visit-ulcinj.com\/blog\/2009\/05\/05\/mbremje-me-emocione\/","og_site_name":"Lajme nga Ulqini","article_published_time":"2009-05-05T10:00:01+00:00","article_modified_time":"2009-05-04T21:04:41+00:00","og_image":[{"url":"http:\/\/www.visit-ulcinj.com\/blog\/wp-content\/uploads\/2009\/05\/mbremje-me-emocione.jpg"}],"twitter_misc":{"Written by":"ulqini","Est. reading time":"1 minute"},"schema":{"@context":"https:\/\/schema.org","@graph":[{"@type":"WebSite","@id":"https:\/\/www.visit-ulcinj.com\/blog\/#website","url":"https:\/\/www.visit-ulcinj.com\/blog\/","name":"Lajme nga Ulqini","description":"Lajme,Vijesti,Ulqini,Ulqin,Crna Gora,Mali i Zi","potentialAction":[{"@type":"SearchAction","target":{"@type":"EntryPoint","urlTemplate":"https:\/\/www.visit-ulcinj.com\/blog\/?s={search_term_string}"},"query-input":"required name=search_term_string"}],"inLanguage":"en-US"},{"@type":"ImageObject","inLanguage":"en-US","@id":"https:\/\/www.visit-ulcinj.com\/blog\/2009\/05\/05\/mbremje-me-emocione\/#primaryimage","url":"http:\/\/www.visit-ulcinj.com\/blog\/wp-content\/uploads\/2009\/05\/mbremje-me-emocione.jpg","contentUrl":"http:\/\/www.visit-ulcinj.com\/blog\/wp-content\/uploads\/2009\/05\/mbremje-me-emocione.jpg"},{"@type":"WebPage","@id":"https:\/\/www.visit-ulcinj.com\/blog\/2009\/05\/05\/mbremje-me-emocione\/#webpage","url":"https:\/\/www.visit-ulcinj.com\/blog\/2009\/05\/05\/mbremje-me-emocione\/","name":"Mbr\u00c3\u00abmje me emocione | Big Brother Albania 2","isPartOf":{"@id":"https:\/\/www.visit-ulcinj.com\/blog\/#website"},"primaryImageOfPage":{"@id":"https:\/\/www.visit-ulcinj.com\/blog\/2009\/05\/05\/mbremje-me-emocione\/#primaryimage"},"datePublished":"2009-05-05T10:00:01+00:00","dateModified":"2009-05-04T21:04:41+00:00","author":{"@id":"https:\/\/www.visit-ulcinj.com\/blog\/#\/schema\/person\/dcab619c614d3038751c63bc2aadc06d"},"description":"Big Brother Albania 2 - Nj\u00c3\u00ab pjes\u00c3\u00ab e banor\u00c3\u00abve, t\u00c3\u00ab mbledhur n\u00c3\u00ab kuzhin\u00c3\u00ab, bisedojn\u00c3\u00ab p\u00c3\u00abr surprizat e k\u00c3\u00absaj nate. Anjeza thot\u00c3\u00ab se u emocionua p\u00c3\u00abr ardhjen e Arjonit dhe u tregon atyre fjal\u00c3\u00abt q\u00c3\u00ab shk\u00c3\u00abmbyen p\u00c3\u00abr pak caste.","breadcrumb":{"@id":"https:\/\/www.visit-ulcinj.com\/blog\/2009\/05\/05\/mbremje-me-emocione\/#breadcrumb"},"inLanguage":"en-US","potentialAction":[{"@type":"ReadAction","target":["https:\/\/www.visit-ulcinj.com\/blog\/2009\/05\/05\/mbremje-me-emocione\/"]}]},{"@type":"BreadcrumbList","@id":"https:\/\/www.visit-ulcinj.com\/blog\/2009\/05\/05\/mbremje-me-emocione\/#breadcrumb","itemListElement":[{"@type":"ListItem","position":1,"name":"Mbr\u00ebmje me emocione"}]},{"@type":"Person","@id":"https:\/\/www.visit-ulcinj.com\/blog\/#\/schema\/person\/dcab619c614d3038751c63bc2aadc06d","name":"ulqini","sameAs":["http:\/\/www.visit-ulcinj.com"],"url":"https:\/\/www.visit-ulcinj.com\/blog\/author\/admin\/"}]}},"jetpack_featured_media_url":"","jetpack_sharing_enabled":true,"jetpack_shortlink":"https:\/\/wp.me\/pe6lTn-5eP","_links":{"self":[{"href":"https:\/\/www.visit-ulcinj.com\/blog\/wp-json\/wp\/v2\/posts\/20139"}],"collection":[{"href":"https:\/\/www.visit-ulcinj.com\/blog\/wp-json\/wp\/v2\/posts"}],"about":[{"href":"https:\/\/www.visit-ulcinj.com\/blog\/wp-json\/wp\/v2\/types\/post"}],"author":[{"embeddable":true,"href":"https:\/\/www.visit-ulcinj.com\/blog\/wp-json\/wp\/v2\/users\/1"}],"replies":[{"embeddable":true,"href":"https:\/\/www.visit-ulcinj.com\/blog\/wp-json\/wp\/v2\/comments?post=20139"}],"version-history":[{"count":0,"href":"https:\/\/www.visit-ulcinj.com\/blog\/wp-json\/wp\/v2\/posts\/20139\/revisions"}],"wp:attachment":[{"href":"https:\/\/www.visit-ulcinj.com\/blog\/wp-json\/wp\/v2\/media?parent=20139"}],"wp:term":[{"taxonomy":"category","embeddable":true,"href":"https:\/\/www.visit-ulcinj.com\/blog\/wp-json\/wp\/v2\/categories?post=20139"},{"taxonomy":"post_tag","embeddable":true,"href":"https:\/\/www.visit-ulcinj.com\/blog\/wp-json\/wp\/v2\/tags?post=20139"}],"curies":[{"name":"wp","href":"https:\/\/api.w.org\/{rel}","templated":true}]}}