{"id":20142,"date":"2009-05-05T12:00:55","date_gmt":"2009-05-05T10:00:55","guid":{"rendered":"http:\/\/www.visit-ulcinj.com\/blog\/?p=20142"},"modified":"2009-05-04T23:06:29","modified_gmt":"2009-05-04T21:06:29","slug":"moza-nuk-e-kuptoj-perse","status":"publish","type":"post","link":"https:\/\/www.visit-ulcinj.com\/blog\/2009\/05\/05\/moza-nuk-e-kuptoj-perse\/","title":{"rendered":"Moza: Nuk e kuptoj p\u00ebrse"},"content":{"rendered":"<p><em><a href=\"http:\/\/www.visit-ulcinj.com\/blog\/wp-content\/uploads\/2009\/05\/moza-e-merzitur-per-polin.jpg\"><img loading=\"lazy\" class=\"alignleft size-full wp-image-20143\" title=\"moza-e-merzitur-per-polin-big-brother-albania-2\" src=\"http:\/\/www.visit-ulcinj.com\/blog\/wp-content\/uploads\/2009\/05\/moza-e-merzitur-per-polin.jpg\" alt=\"moza-e-merzitur-per-polin-big-brother-albania-2\" width=\"300\" height=\"205\" \/><\/a>03\/05\/09 02:00<\/em><br \/>\nMoza, gjat\u00eb gjith\u00eb mbr\u00ebmjes, ka q\u00ebndruar e m\u00ebrzitur p\u00ebr at\u00eb q\u00eb i tha Arbana n\u00eb lidhje me Polin. Arabana i tha se sic kishte ardhur Arjoni p\u00ebr Anjez\u00ebn, ashtu kishin ftuar edhe at\u00eb t\u00eb vinte n\u00ebse ajo do t\u00eb dilte nga sht\u00ebpia k\u00ebt\u00eb mbr\u00ebmje, por Poli nuk kishte ardhur. Moza, konfuze mbi ato q\u00eb i tha Arbana shprehet se nuk e kupton k\u00ebt\u00eb gj\u00eb. \u201cAi e di p\u00ebrse nuk erdhi\u201d- p\u00ebrs\u00ebrit ajo fjal\u00ebt.<\/p>\n","protected":false},"excerpt":{"rendered":"<p>03\/05\/09 02:00 Moza, gjat\u00eb gjith\u00eb mbr\u00ebmjes, ka q\u00ebndruar e m\u00ebrzitur p\u00ebr at\u00eb q\u00eb i tha Arbana n\u00eb lidhje me Polin. Arabana i tha se sic kishte ardhur Arjoni p\u00ebr Anjez\u00ebn, ashtu kishin ftuar edhe at\u00eb t\u00eb vinte n\u00ebse ajo do t\u00eb dilte nga sht\u00ebpia k\u00ebt\u00eb mbr\u00ebmje, por Poli nuk kishte ardhur. Moza, konfuze mbi ato [&hellip;]<\/p>\n","protected":false},"author":1,"featured_media":0,"comment_status":"open","ping_status":"closed","sticky":false,"template":"","format":"standard","meta":{"spay_email":"","jetpack_publicize_message":"","jetpack_is_tweetstorm":false,"jetpack_publicize_feature_enabled":true},"categories":[6502],"tags":[8289,7834,9121,6544,4980,6887],"jetpack_publicize_connections":[],"yoast_head":"<!-- This site is optimized with the Yoast SEO plugin v19.1 - https:\/\/yoast.com\/wordpress\/plugins\/seo\/ -->\n<title>Moza: Nuk e kuptoj p\u00c3\u00abrse | Big Brother Albania 2<\/title>\n<meta name=\"description\" content=\"Big Brother Albania 2 - Moza, gjat\u00c3\u00ab gjith\u00c3\u00ab mbr\u00c3\u00abmjes, ka q\u00c3\u00abndruar e m\u00c3\u00abrzitur p\u00c3\u00abr at\u00c3\u00ab q\u00c3\u00ab i tha Arbana n\u00c3\u00ab lidhje me Polin. Arabana i tha se sic kishte ardhur Arjoni p\u00c3\u00abr Anjez\u00c3\u00abn, ashtu kishin ftuar edhe at\u00c3\u00ab t\u00c3\u00ab vinte n\u00c3\u00abse ajo do t\u00c3\u00ab dilte nga sht\u00c3\u00abpia k\u00c3\u00abt\u00c3\u00ab mbr\u00c3\u00abmje\" \/>\n<meta name=\"robots\" content=\"index, follow, max-snippet:-1, max-image-preview:large, max-video-preview:-1\" \/>\n<link rel=\"canonical\" href=\"https:\/\/www.visit-ulcinj.com\/blog\/2009\/05\/05\/moza-nuk-e-kuptoj-perse\/\" \/>\n<meta property=\"og:locale\" content=\"en_US\" \/>\n<meta property=\"og:type\" content=\"article\" \/>\n<meta property=\"og:title\" content=\"Moza: Nuk e kuptoj p\u00c3\u00abrse | Big Brother Albania 2\" \/>\n<meta property=\"og:description\" content=\"Big Brother Albania 2 - Moza, gjat\u00c3\u00ab gjith\u00c3\u00ab mbr\u00c3\u00abmjes, ka q\u00c3\u00abndruar e m\u00c3\u00abrzitur p\u00c3\u00abr at\u00c3\u00ab q\u00c3\u00ab i tha Arbana n\u00c3\u00ab lidhje me Polin. Arabana i tha se sic kishte ardhur Arjoni p\u00c3\u00abr Anjez\u00c3\u00abn, ashtu kishin ftuar edhe at\u00c3\u00ab t\u00c3\u00ab vinte n\u00c3\u00abse ajo do t\u00c3\u00ab dilte nga sht\u00c3\u00abpia k\u00c3\u00abt\u00c3\u00ab mbr\u00c3\u00abmje\" \/>\n<meta property=\"og:url\" content=\"https:\/\/www.visit-ulcinj.com\/blog\/2009\/05\/05\/moza-nuk-e-kuptoj-perse\/\" \/>\n<meta property=\"og:site_name\" content=\"Lajme nga Ulqini\" \/>\n<meta property=\"article:published_time\" content=\"2009-05-05T10:00:55+00:00\" \/>\n<meta property=\"article:modified_time\" content=\"2009-05-04T21:06:29+00:00\" \/>\n<meta property=\"og:image\" content=\"http:\/\/www.visit-ulcinj.com\/blog\/wp-content\/uploads\/2009\/05\/moza-e-merzitur-per-polin.jpg\" \/>\n<meta name=\"twitter:label1\" content=\"Written by\" \/>\n\t<meta name=\"twitter:data1\" content=\"ulqini\" \/>\n<script type=\"application\/ld+json\" class=\"yoast-schema-graph\">{\"@context\":\"https:\/\/schema.org\",\"@graph\":[{\"@type\":\"WebSite\",\"@id\":\"https:\/\/www.visit-ulcinj.com\/blog\/#website\",\"url\":\"https:\/\/www.visit-ulcinj.com\/blog\/\",\"name\":\"Lajme nga Ulqini\",\"description\":\"Lajme,Vijesti,Ulqini,Ulqin,Crna Gora,Mali i Zi\",\"potentialAction\":[{\"@type\":\"SearchAction\",\"target\":{\"@type\":\"EntryPoint\",\"urlTemplate\":\"https:\/\/www.visit-ulcinj.com\/blog\/?s={search_term_string}\"},\"query-input\":\"required name=search_term_string\"}],\"inLanguage\":\"en-US\"},{\"@type\":\"ImageObject\",\"inLanguage\":\"en-US\",\"@id\":\"https:\/\/www.visit-ulcinj.com\/blog\/2009\/05\/05\/moza-nuk-e-kuptoj-perse\/#primaryimage\",\"url\":\"http:\/\/www.visit-ulcinj.com\/blog\/wp-content\/uploads\/2009\/05\/moza-e-merzitur-per-polin.jpg\",\"contentUrl\":\"http:\/\/www.visit-ulcinj.com\/blog\/wp-content\/uploads\/2009\/05\/moza-e-merzitur-per-polin.jpg\"},{\"@type\":\"WebPage\",\"@id\":\"https:\/\/www.visit-ulcinj.com\/blog\/2009\/05\/05\/moza-nuk-e-kuptoj-perse\/#webpage\",\"url\":\"https:\/\/www.visit-ulcinj.com\/blog\/2009\/05\/05\/moza-nuk-e-kuptoj-perse\/\",\"name\":\"Moza: Nuk e kuptoj p\u00c3\u00abrse | Big Brother Albania 2\",\"isPartOf\":{\"@id\":\"https:\/\/www.visit-ulcinj.com\/blog\/#website\"},\"primaryImageOfPage\":{\"@id\":\"https:\/\/www.visit-ulcinj.com\/blog\/2009\/05\/05\/moza-nuk-e-kuptoj-perse\/#primaryimage\"},\"datePublished\":\"2009-05-05T10:00:55+00:00\",\"dateModified\":\"2009-05-04T21:06:29+00:00\",\"author\":{\"@id\":\"https:\/\/www.visit-ulcinj.com\/blog\/#\/schema\/person\/dcab619c614d3038751c63bc2aadc06d\"},\"description\":\"Big Brother Albania 2 - Moza, gjat\u00c3\u00ab gjith\u00c3\u00ab mbr\u00c3\u00abmjes, ka q\u00c3\u00abndruar e m\u00c3\u00abrzitur p\u00c3\u00abr at\u00c3\u00ab q\u00c3\u00ab i tha Arbana n\u00c3\u00ab lidhje me Polin. Arabana i tha se sic kishte ardhur Arjoni p\u00c3\u00abr Anjez\u00c3\u00abn, ashtu kishin ftuar edhe at\u00c3\u00ab t\u00c3\u00ab vinte n\u00c3\u00abse ajo do t\u00c3\u00ab dilte nga sht\u00c3\u00abpia k\u00c3\u00abt\u00c3\u00ab mbr\u00c3\u00abmje\",\"breadcrumb\":{\"@id\":\"https:\/\/www.visit-ulcinj.com\/blog\/2009\/05\/05\/moza-nuk-e-kuptoj-perse\/#breadcrumb\"},\"inLanguage\":\"en-US\",\"potentialAction\":[{\"@type\":\"ReadAction\",\"target\":[\"https:\/\/www.visit-ulcinj.com\/blog\/2009\/05\/05\/moza-nuk-e-kuptoj-perse\/\"]}]},{\"@type\":\"BreadcrumbList\",\"@id\":\"https:\/\/www.visit-ulcinj.com\/blog\/2009\/05\/05\/moza-nuk-e-kuptoj-perse\/#breadcrumb\",\"itemListElement\":[{\"@type\":\"ListItem\",\"position\":1,\"name\":\"Moza: Nuk e kuptoj p\u00ebrse\"}]},{\"@type\":\"Person\",\"@id\":\"https:\/\/www.visit-ulcinj.com\/blog\/#\/schema\/person\/dcab619c614d3038751c63bc2aadc06d\",\"name\":\"ulqini\",\"sameAs\":[\"http:\/\/www.visit-ulcinj.com\"],\"url\":\"https:\/\/www.visit-ulcinj.com\/blog\/author\/admin\/\"}]}<\/script>\n<!-- \/ Yoast SEO plugin. -->","yoast_head_json":{"title":"Moza: Nuk e kuptoj p\u00c3\u00abrse | Big Brother Albania 2","description":"Big Brother Albania 2 - Moza, gjat\u00c3\u00ab gjith\u00c3\u00ab mbr\u00c3\u00abmjes, ka q\u00c3\u00abndruar e m\u00c3\u00abrzitur p\u00c3\u00abr at\u00c3\u00ab q\u00c3\u00ab i tha Arbana n\u00c3\u00ab lidhje me Polin. Arabana i tha se sic kishte ardhur Arjoni p\u00c3\u00abr Anjez\u00c3\u00abn, ashtu kishin ftuar edhe at\u00c3\u00ab t\u00c3\u00ab vinte n\u00c3\u00abse ajo do t\u00c3\u00ab dilte nga sht\u00c3\u00abpia k\u00c3\u00abt\u00c3\u00ab mbr\u00c3\u00abmje","robots":{"index":"index","follow":"follow","max-snippet":"max-snippet:-1","max-image-preview":"max-image-preview:large","max-video-preview":"max-video-preview:-1"},"canonical":"https:\/\/www.visit-ulcinj.com\/blog\/2009\/05\/05\/moza-nuk-e-kuptoj-perse\/","og_locale":"en_US","og_type":"article","og_title":"Moza: Nuk e kuptoj p\u00c3\u00abrse | Big Brother Albania 2","og_description":"Big Brother Albania 2 - Moza, gjat\u00c3\u00ab gjith\u00c3\u00ab mbr\u00c3\u00abmjes, ka q\u00c3\u00abndruar e m\u00c3\u00abrzitur p\u00c3\u00abr at\u00c3\u00ab q\u00c3\u00ab i tha Arbana n\u00c3\u00ab lidhje me Polin. Arabana i tha se sic kishte ardhur Arjoni p\u00c3\u00abr Anjez\u00c3\u00abn, ashtu kishin ftuar edhe at\u00c3\u00ab t\u00c3\u00ab vinte n\u00c3\u00abse ajo do t\u00c3\u00ab dilte nga sht\u00c3\u00abpia k\u00c3\u00abt\u00c3\u00ab mbr\u00c3\u00abmje","og_url":"https:\/\/www.visit-ulcinj.com\/blog\/2009\/05\/05\/moza-nuk-e-kuptoj-perse\/","og_site_name":"Lajme nga Ulqini","article_published_time":"2009-05-05T10:00:55+00:00","article_modified_time":"2009-05-04T21:06:29+00:00","og_image":[{"url":"http:\/\/www.visit-ulcinj.com\/blog\/wp-content\/uploads\/2009\/05\/moza-e-merzitur-per-polin.jpg"}],"twitter_misc":{"Written by":"ulqini"},"schema":{"@context":"https:\/\/schema.org","@graph":[{"@type":"WebSite","@id":"https:\/\/www.visit-ulcinj.com\/blog\/#website","url":"https:\/\/www.visit-ulcinj.com\/blog\/","name":"Lajme nga Ulqini","description":"Lajme,Vijesti,Ulqini,Ulqin,Crna Gora,Mali i Zi","potentialAction":[{"@type":"SearchAction","target":{"@type":"EntryPoint","urlTemplate":"https:\/\/www.visit-ulcinj.com\/blog\/?s={search_term_string}"},"query-input":"required name=search_term_string"}],"inLanguage":"en-US"},{"@type":"ImageObject","inLanguage":"en-US","@id":"https:\/\/www.visit-ulcinj.com\/blog\/2009\/05\/05\/moza-nuk-e-kuptoj-perse\/#primaryimage","url":"http:\/\/www.visit-ulcinj.com\/blog\/wp-content\/uploads\/2009\/05\/moza-e-merzitur-per-polin.jpg","contentUrl":"http:\/\/www.visit-ulcinj.com\/blog\/wp-content\/uploads\/2009\/05\/moza-e-merzitur-per-polin.jpg"},{"@type":"WebPage","@id":"https:\/\/www.visit-ulcinj.com\/blog\/2009\/05\/05\/moza-nuk-e-kuptoj-perse\/#webpage","url":"https:\/\/www.visit-ulcinj.com\/blog\/2009\/05\/05\/moza-nuk-e-kuptoj-perse\/","name":"Moza: Nuk e kuptoj p\u00c3\u00abrse | Big Brother Albania 2","isPartOf":{"@id":"https:\/\/www.visit-ulcinj.com\/blog\/#website"},"primaryImageOfPage":{"@id":"https:\/\/www.visit-ulcinj.com\/blog\/2009\/05\/05\/moza-nuk-e-kuptoj-perse\/#primaryimage"},"datePublished":"2009-05-05T10:00:55+00:00","dateModified":"2009-05-04T21:06:29+00:00","author":{"@id":"https:\/\/www.visit-ulcinj.com\/blog\/#\/schema\/person\/dcab619c614d3038751c63bc2aadc06d"},"description":"Big Brother Albania 2 - Moza, gjat\u00c3\u00ab gjith\u00c3\u00ab mbr\u00c3\u00abmjes, ka q\u00c3\u00abndruar e m\u00c3\u00abrzitur p\u00c3\u00abr at\u00c3\u00ab q\u00c3\u00ab i tha Arbana n\u00c3\u00ab lidhje me Polin. Arabana i tha se sic kishte ardhur Arjoni p\u00c3\u00abr Anjez\u00c3\u00abn, ashtu kishin ftuar edhe at\u00c3\u00ab t\u00c3\u00ab vinte n\u00c3\u00abse ajo do t\u00c3\u00ab dilte nga sht\u00c3\u00abpia k\u00c3\u00abt\u00c3\u00ab mbr\u00c3\u00abmje","breadcrumb":{"@id":"https:\/\/www.visit-ulcinj.com\/blog\/2009\/05\/05\/moza-nuk-e-kuptoj-perse\/#breadcrumb"},"inLanguage":"en-US","potentialAction":[{"@type":"ReadAction","target":["https:\/\/www.visit-ulcinj.com\/blog\/2009\/05\/05\/moza-nuk-e-kuptoj-perse\/"]}]},{"@type":"BreadcrumbList","@id":"https:\/\/www.visit-ulcinj.com\/blog\/2009\/05\/05\/moza-nuk-e-kuptoj-perse\/#breadcrumb","itemListElement":[{"@type":"ListItem","position":1,"name":"Moza: Nuk e kuptoj p\u00ebrse"}]},{"@type":"Person","@id":"https:\/\/www.visit-ulcinj.com\/blog\/#\/schema\/person\/dcab619c614d3038751c63bc2aadc06d","name":"ulqini","sameAs":["http:\/\/www.visit-ulcinj.com"],"url":"https:\/\/www.visit-ulcinj.com\/blog\/author\/admin\/"}]}},"jetpack_featured_media_url":"","jetpack_sharing_enabled":true,"jetpack_shortlink":"https:\/\/wp.me\/pe6lTn-5eS","_links":{"self":[{"href":"https:\/\/www.visit-ulcinj.com\/blog\/wp-json\/wp\/v2\/posts\/20142"}],"collection":[{"href":"https:\/\/www.visit-ulcinj.com\/blog\/wp-json\/wp\/v2\/posts"}],"about":[{"href":"https:\/\/www.visit-ulcinj.com\/blog\/wp-json\/wp\/v2\/types\/post"}],"author":[{"embeddable":true,"href":"https:\/\/www.visit-ulcinj.com\/blog\/wp-json\/wp\/v2\/users\/1"}],"replies":[{"embeddable":true,"href":"https:\/\/www.visit-ulcinj.com\/blog\/wp-json\/wp\/v2\/comments?post=20142"}],"version-history":[{"count":0,"href":"https:\/\/www.visit-ulcinj.com\/blog\/wp-json\/wp\/v2\/posts\/20142\/revisions"}],"wp:attachment":[{"href":"https:\/\/www.visit-ulcinj.com\/blog\/wp-json\/wp\/v2\/media?parent=20142"}],"wp:term":[{"taxonomy":"category","embeddable":true,"href":"https:\/\/www.visit-ulcinj.com\/blog\/wp-json\/wp\/v2\/categories?post=20142"},{"taxonomy":"post_tag","embeddable":true,"href":"https:\/\/www.visit-ulcinj.com\/blog\/wp-json\/wp\/v2\/tags?post=20142"}],"curies":[{"name":"wp","href":"https:\/\/api.w.org\/{rel}","templated":true}]}}