{"id":20147,"date":"2009-05-05T12:10:50","date_gmt":"2009-05-05T10:10:50","guid":{"rendered":"http:\/\/www.visit-ulcinj.com\/blog\/?p=20147"},"modified":"2009-05-04T23:15:35","modified_gmt":"2009-05-04T21:15:35","slug":"adelajda-ndjehem-e-lodhur-nga-nominimet","status":"publish","type":"post","link":"https:\/\/www.visit-ulcinj.com\/blog\/2009\/05\/05\/adelajda-ndjehem-e-lodhur-nga-nominimet\/","title":{"rendered":"Adelajda : Ndjehem e lodhur nga nominimet"},"content":{"rendered":"<p><em><span class=\"newsdate\"><a href=\"http:\/\/www.visit-ulcinj.com\/blog\/wp-content\/uploads\/2009\/05\/adela-e-merzitur-3-maj.jpg\"><img loading=\"lazy\" class=\"alignleft size-full wp-image-20148\" title=\"adela-e-merzitur-3-maj-big-brother-albania-2\" src=\"http:\/\/www.visit-ulcinj.com\/blog\/wp-content\/uploads\/2009\/05\/adela-e-merzitur-3-maj.jpg\" alt=\"adela-e-merzitur-3-maj-big-brother-albania-2\" width=\"300\" height=\"205\" \/><\/a>03\/05\/09 02:02<\/span><\/em><\/p>\n<p>Adela shprehet se ndjehet e lodhur q\u00eb \u00ebsht\u00eb cdo jav\u00eb n\u00eb nominim. \u201cCdo t\u00eb shutn\u00eb kaloj shum\u00eb siklet\u201d- thot\u00eb ajo. Adela mendon se edhe jav\u00ebn tjet\u00ebr do jet\u00eb n\u00eb dyshen e fundit para se t\u00eb jepet vendimi sepse cdo jav\u00eb k\u00ebshtu i ka ndodhur. \u201cDo t\u00eb p\u00ebrgatitem paraprakisht sepse e di q\u00eb do ndodh\u00eb p\u00ebrs\u00ebri\u201d- thot\u00eb ajo. Bjordi shprehet se nuk d\u00ebshironte q\u00eb ajo t\u00eb ishte e nominuar k\u00ebt\u00eb jav\u00eb. Edhe Adela nuk e d\u00ebshironte k\u00ebt\u00eb gj\u00eb. \u201cJa q\u00eb ndodhi\u201d- p\u00ebrfundon ajo bised\u00ebn e m\u00ebrzitur.<\/p>\n","protected":false},"excerpt":{"rendered":"<p>03\/05\/09 02:02 Adela shprehet se ndjehet e lodhur q\u00eb \u00ebsht\u00eb cdo jav\u00eb n\u00eb nominim. \u201cCdo t\u00eb shutn\u00eb kaloj shum\u00eb siklet\u201d- thot\u00eb ajo. Adela mendon se edhe jav\u00ebn tjet\u00ebr do jet\u00eb n\u00eb dyshen e fundit para se t\u00eb jepet vendimi sepse cdo jav\u00eb k\u00ebshtu i ka ndodhur. \u201cDo t\u00eb p\u00ebrgatitem paraprakisht sepse e di q\u00eb do [&hellip;]<\/p>\n","protected":false},"author":1,"featured_media":0,"comment_status":"open","ping_status":"closed","sticky":false,"template":"","format":"standard","meta":{"spay_email":"","jetpack_publicize_message":"","jetpack_is_tweetstorm":false,"jetpack_publicize_feature_enabled":true},"categories":[6502],"tags":[6529,6516,6522,6544,6757,6887],"jetpack_publicize_connections":[],"yoast_head":"<!-- This site is optimized with the Yoast SEO plugin v19.1 - https:\/\/yoast.com\/wordpress\/plugins\/seo\/ -->\n<title>Adelajda : Ndjehem e lodhur nga nominimet | Big Brother Albania 2<\/title>\n<meta name=\"description\" content=\"Big Brother Albania 2 - Adela shprehet se ndjehet e lodhur q\u00c3\u00ab \u00c3\u00absht\u00c3\u00ab cdo jav\u00c3\u00ab n\u00c3\u00ab nominim. \u00e2\u20ac\u0153Cdo t\u00c3\u00ab shutn\u00c3\u00ab kaloj shum\u00c3\u00ab siklet\u00e2\u20ac\u009d- thot\u00c3\u00ab ajo. Adela mendon se edhe jav\u00c3\u00abn tjet\u00c3\u00abr do jet\u00c3\u00ab n\u00c3\u00ab dyshen e fundit para se t\u00c3\u00ab jepet vendimi sepse cdo jav\u00c3\u00ab k\u00c3\u00abshtu i ka ndodhur.\" \/>\n<meta name=\"robots\" content=\"index, follow, max-snippet:-1, max-image-preview:large, max-video-preview:-1\" \/>\n<link rel=\"canonical\" href=\"https:\/\/www.visit-ulcinj.com\/blog\/2009\/05\/05\/adelajda-ndjehem-e-lodhur-nga-nominimet\/\" \/>\n<meta property=\"og:locale\" content=\"en_US\" \/>\n<meta property=\"og:type\" content=\"article\" \/>\n<meta property=\"og:title\" content=\"Adelajda : Ndjehem e lodhur nga nominimet | Big Brother Albania 2\" \/>\n<meta property=\"og:description\" content=\"Big Brother Albania 2 - Adela shprehet se ndjehet e lodhur q\u00c3\u00ab \u00c3\u00absht\u00c3\u00ab cdo jav\u00c3\u00ab n\u00c3\u00ab nominim. \u00e2\u20ac\u0153Cdo t\u00c3\u00ab shutn\u00c3\u00ab kaloj shum\u00c3\u00ab siklet\u00e2\u20ac\u009d- thot\u00c3\u00ab ajo. Adela mendon se edhe jav\u00c3\u00abn tjet\u00c3\u00abr do jet\u00c3\u00ab n\u00c3\u00ab dyshen e fundit para se t\u00c3\u00ab jepet vendimi sepse cdo jav\u00c3\u00ab k\u00c3\u00abshtu i ka ndodhur.\" \/>\n<meta property=\"og:url\" content=\"https:\/\/www.visit-ulcinj.com\/blog\/2009\/05\/05\/adelajda-ndjehem-e-lodhur-nga-nominimet\/\" \/>\n<meta property=\"og:site_name\" content=\"Lajme nga Ulqini\" \/>\n<meta property=\"article:published_time\" content=\"2009-05-05T10:10:50+00:00\" \/>\n<meta property=\"article:modified_time\" content=\"2009-05-04T21:15:35+00:00\" \/>\n<meta property=\"og:image\" content=\"http:\/\/www.visit-ulcinj.com\/blog\/wp-content\/uploads\/2009\/05\/adela-e-merzitur-3-maj.jpg\" \/>\n<meta name=\"twitter:label1\" content=\"Written by\" \/>\n\t<meta name=\"twitter:data1\" content=\"ulqini\" \/>\n\t<meta name=\"twitter:label2\" content=\"Est. reading time\" \/>\n\t<meta name=\"twitter:data2\" content=\"1 minute\" \/>\n<script type=\"application\/ld+json\" class=\"yoast-schema-graph\">{\"@context\":\"https:\/\/schema.org\",\"@graph\":[{\"@type\":\"WebSite\",\"@id\":\"https:\/\/www.visit-ulcinj.com\/blog\/#website\",\"url\":\"https:\/\/www.visit-ulcinj.com\/blog\/\",\"name\":\"Lajme nga Ulqini\",\"description\":\"Lajme,Vijesti,Ulqini,Ulqin,Crna Gora,Mali i Zi\",\"potentialAction\":[{\"@type\":\"SearchAction\",\"target\":{\"@type\":\"EntryPoint\",\"urlTemplate\":\"https:\/\/www.visit-ulcinj.com\/blog\/?s={search_term_string}\"},\"query-input\":\"required name=search_term_string\"}],\"inLanguage\":\"en-US\"},{\"@type\":\"ImageObject\",\"inLanguage\":\"en-US\",\"@id\":\"https:\/\/www.visit-ulcinj.com\/blog\/2009\/05\/05\/adelajda-ndjehem-e-lodhur-nga-nominimet\/#primaryimage\",\"url\":\"http:\/\/www.visit-ulcinj.com\/blog\/wp-content\/uploads\/2009\/05\/adela-e-merzitur-3-maj.jpg\",\"contentUrl\":\"http:\/\/www.visit-ulcinj.com\/blog\/wp-content\/uploads\/2009\/05\/adela-e-merzitur-3-maj.jpg\"},{\"@type\":\"WebPage\",\"@id\":\"https:\/\/www.visit-ulcinj.com\/blog\/2009\/05\/05\/adelajda-ndjehem-e-lodhur-nga-nominimet\/#webpage\",\"url\":\"https:\/\/www.visit-ulcinj.com\/blog\/2009\/05\/05\/adelajda-ndjehem-e-lodhur-nga-nominimet\/\",\"name\":\"Adelajda : Ndjehem e lodhur nga nominimet | Big Brother Albania 2\",\"isPartOf\":{\"@id\":\"https:\/\/www.visit-ulcinj.com\/blog\/#website\"},\"primaryImageOfPage\":{\"@id\":\"https:\/\/www.visit-ulcinj.com\/blog\/2009\/05\/05\/adelajda-ndjehem-e-lodhur-nga-nominimet\/#primaryimage\"},\"datePublished\":\"2009-05-05T10:10:50+00:00\",\"dateModified\":\"2009-05-04T21:15:35+00:00\",\"author\":{\"@id\":\"https:\/\/www.visit-ulcinj.com\/blog\/#\/schema\/person\/dcab619c614d3038751c63bc2aadc06d\"},\"description\":\"Big Brother Albania 2 - Adela shprehet se ndjehet e lodhur q\u00c3\u00ab \u00c3\u00absht\u00c3\u00ab cdo jav\u00c3\u00ab n\u00c3\u00ab nominim. \u00e2\u20ac\u0153Cdo t\u00c3\u00ab shutn\u00c3\u00ab kaloj shum\u00c3\u00ab siklet\u00e2\u20ac\u009d- thot\u00c3\u00ab ajo. Adela mendon se edhe jav\u00c3\u00abn tjet\u00c3\u00abr do jet\u00c3\u00ab n\u00c3\u00ab dyshen e fundit para se t\u00c3\u00ab jepet vendimi sepse cdo jav\u00c3\u00ab k\u00c3\u00abshtu i ka ndodhur.\",\"breadcrumb\":{\"@id\":\"https:\/\/www.visit-ulcinj.com\/blog\/2009\/05\/05\/adelajda-ndjehem-e-lodhur-nga-nominimet\/#breadcrumb\"},\"inLanguage\":\"en-US\",\"potentialAction\":[{\"@type\":\"ReadAction\",\"target\":[\"https:\/\/www.visit-ulcinj.com\/blog\/2009\/05\/05\/adelajda-ndjehem-e-lodhur-nga-nominimet\/\"]}]},{\"@type\":\"BreadcrumbList\",\"@id\":\"https:\/\/www.visit-ulcinj.com\/blog\/2009\/05\/05\/adelajda-ndjehem-e-lodhur-nga-nominimet\/#breadcrumb\",\"itemListElement\":[{\"@type\":\"ListItem\",\"position\":1,\"name\":\"Adelajda : Ndjehem e lodhur nga nominimet\"}]},{\"@type\":\"Person\",\"@id\":\"https:\/\/www.visit-ulcinj.com\/blog\/#\/schema\/person\/dcab619c614d3038751c63bc2aadc06d\",\"name\":\"ulqini\",\"sameAs\":[\"http:\/\/www.visit-ulcinj.com\"],\"url\":\"https:\/\/www.visit-ulcinj.com\/blog\/author\/admin\/\"}]}<\/script>\n<!-- \/ Yoast SEO plugin. -->","yoast_head_json":{"title":"Adelajda : Ndjehem e lodhur nga nominimet | Big Brother Albania 2","description":"Big Brother Albania 2 - Adela shprehet se ndjehet e lodhur q\u00c3\u00ab \u00c3\u00absht\u00c3\u00ab cdo jav\u00c3\u00ab n\u00c3\u00ab nominim. \u00e2\u20ac\u0153Cdo t\u00c3\u00ab shutn\u00c3\u00ab kaloj shum\u00c3\u00ab siklet\u00e2\u20ac\u009d- thot\u00c3\u00ab ajo. Adela mendon se edhe jav\u00c3\u00abn tjet\u00c3\u00abr do jet\u00c3\u00ab n\u00c3\u00ab dyshen e fundit para se t\u00c3\u00ab jepet vendimi sepse cdo jav\u00c3\u00ab k\u00c3\u00abshtu i ka ndodhur.","robots":{"index":"index","follow":"follow","max-snippet":"max-snippet:-1","max-image-preview":"max-image-preview:large","max-video-preview":"max-video-preview:-1"},"canonical":"https:\/\/www.visit-ulcinj.com\/blog\/2009\/05\/05\/adelajda-ndjehem-e-lodhur-nga-nominimet\/","og_locale":"en_US","og_type":"article","og_title":"Adelajda : Ndjehem e lodhur nga nominimet | Big Brother Albania 2","og_description":"Big Brother Albania 2 - Adela shprehet se ndjehet e lodhur q\u00c3\u00ab \u00c3\u00absht\u00c3\u00ab cdo jav\u00c3\u00ab n\u00c3\u00ab nominim. \u00e2\u20ac\u0153Cdo t\u00c3\u00ab shutn\u00c3\u00ab kaloj shum\u00c3\u00ab siklet\u00e2\u20ac\u009d- thot\u00c3\u00ab ajo. Adela mendon se edhe jav\u00c3\u00abn tjet\u00c3\u00abr do jet\u00c3\u00ab n\u00c3\u00ab dyshen e fundit para se t\u00c3\u00ab jepet vendimi sepse cdo jav\u00c3\u00ab k\u00c3\u00abshtu i ka ndodhur.","og_url":"https:\/\/www.visit-ulcinj.com\/blog\/2009\/05\/05\/adelajda-ndjehem-e-lodhur-nga-nominimet\/","og_site_name":"Lajme nga Ulqini","article_published_time":"2009-05-05T10:10:50+00:00","article_modified_time":"2009-05-04T21:15:35+00:00","og_image":[{"url":"http:\/\/www.visit-ulcinj.com\/blog\/wp-content\/uploads\/2009\/05\/adela-e-merzitur-3-maj.jpg"}],"twitter_misc":{"Written by":"ulqini","Est. reading time":"1 minute"},"schema":{"@context":"https:\/\/schema.org","@graph":[{"@type":"WebSite","@id":"https:\/\/www.visit-ulcinj.com\/blog\/#website","url":"https:\/\/www.visit-ulcinj.com\/blog\/","name":"Lajme nga Ulqini","description":"Lajme,Vijesti,Ulqini,Ulqin,Crna Gora,Mali i Zi","potentialAction":[{"@type":"SearchAction","target":{"@type":"EntryPoint","urlTemplate":"https:\/\/www.visit-ulcinj.com\/blog\/?s={search_term_string}"},"query-input":"required name=search_term_string"}],"inLanguage":"en-US"},{"@type":"ImageObject","inLanguage":"en-US","@id":"https:\/\/www.visit-ulcinj.com\/blog\/2009\/05\/05\/adelajda-ndjehem-e-lodhur-nga-nominimet\/#primaryimage","url":"http:\/\/www.visit-ulcinj.com\/blog\/wp-content\/uploads\/2009\/05\/adela-e-merzitur-3-maj.jpg","contentUrl":"http:\/\/www.visit-ulcinj.com\/blog\/wp-content\/uploads\/2009\/05\/adela-e-merzitur-3-maj.jpg"},{"@type":"WebPage","@id":"https:\/\/www.visit-ulcinj.com\/blog\/2009\/05\/05\/adelajda-ndjehem-e-lodhur-nga-nominimet\/#webpage","url":"https:\/\/www.visit-ulcinj.com\/blog\/2009\/05\/05\/adelajda-ndjehem-e-lodhur-nga-nominimet\/","name":"Adelajda : Ndjehem e lodhur nga nominimet | Big Brother Albania 2","isPartOf":{"@id":"https:\/\/www.visit-ulcinj.com\/blog\/#website"},"primaryImageOfPage":{"@id":"https:\/\/www.visit-ulcinj.com\/blog\/2009\/05\/05\/adelajda-ndjehem-e-lodhur-nga-nominimet\/#primaryimage"},"datePublished":"2009-05-05T10:10:50+00:00","dateModified":"2009-05-04T21:15:35+00:00","author":{"@id":"https:\/\/www.visit-ulcinj.com\/blog\/#\/schema\/person\/dcab619c614d3038751c63bc2aadc06d"},"description":"Big Brother Albania 2 - Adela shprehet se ndjehet e lodhur q\u00c3\u00ab \u00c3\u00absht\u00c3\u00ab cdo jav\u00c3\u00ab n\u00c3\u00ab nominim. \u00e2\u20ac\u0153Cdo t\u00c3\u00ab shutn\u00c3\u00ab kaloj shum\u00c3\u00ab siklet\u00e2\u20ac\u009d- thot\u00c3\u00ab ajo. Adela mendon se edhe jav\u00c3\u00abn tjet\u00c3\u00abr do jet\u00c3\u00ab n\u00c3\u00ab dyshen e fundit para se t\u00c3\u00ab jepet vendimi sepse cdo jav\u00c3\u00ab k\u00c3\u00abshtu i ka ndodhur.","breadcrumb":{"@id":"https:\/\/www.visit-ulcinj.com\/blog\/2009\/05\/05\/adelajda-ndjehem-e-lodhur-nga-nominimet\/#breadcrumb"},"inLanguage":"en-US","potentialAction":[{"@type":"ReadAction","target":["https:\/\/www.visit-ulcinj.com\/blog\/2009\/05\/05\/adelajda-ndjehem-e-lodhur-nga-nominimet\/"]}]},{"@type":"BreadcrumbList","@id":"https:\/\/www.visit-ulcinj.com\/blog\/2009\/05\/05\/adelajda-ndjehem-e-lodhur-nga-nominimet\/#breadcrumb","itemListElement":[{"@type":"ListItem","position":1,"name":"Adelajda : Ndjehem e lodhur nga nominimet"}]},{"@type":"Person","@id":"https:\/\/www.visit-ulcinj.com\/blog\/#\/schema\/person\/dcab619c614d3038751c63bc2aadc06d","name":"ulqini","sameAs":["http:\/\/www.visit-ulcinj.com"],"url":"https:\/\/www.visit-ulcinj.com\/blog\/author\/admin\/"}]}},"jetpack_featured_media_url":"","jetpack_sharing_enabled":true,"jetpack_shortlink":"https:\/\/wp.me\/pe6lTn-5eX","_links":{"self":[{"href":"https:\/\/www.visit-ulcinj.com\/blog\/wp-json\/wp\/v2\/posts\/20147"}],"collection":[{"href":"https:\/\/www.visit-ulcinj.com\/blog\/wp-json\/wp\/v2\/posts"}],"about":[{"href":"https:\/\/www.visit-ulcinj.com\/blog\/wp-json\/wp\/v2\/types\/post"}],"author":[{"embeddable":true,"href":"https:\/\/www.visit-ulcinj.com\/blog\/wp-json\/wp\/v2\/users\/1"}],"replies":[{"embeddable":true,"href":"https:\/\/www.visit-ulcinj.com\/blog\/wp-json\/wp\/v2\/comments?post=20147"}],"version-history":[{"count":0,"href":"https:\/\/www.visit-ulcinj.com\/blog\/wp-json\/wp\/v2\/posts\/20147\/revisions"}],"wp:attachment":[{"href":"https:\/\/www.visit-ulcinj.com\/blog\/wp-json\/wp\/v2\/media?parent=20147"}],"wp:term":[{"taxonomy":"category","embeddable":true,"href":"https:\/\/www.visit-ulcinj.com\/blog\/wp-json\/wp\/v2\/categories?post=20147"},{"taxonomy":"post_tag","embeddable":true,"href":"https:\/\/www.visit-ulcinj.com\/blog\/wp-json\/wp\/v2\/tags?post=20147"}],"curies":[{"name":"wp","href":"https:\/\/api.w.org\/{rel}","templated":true}]}}