{"id":20150,"date":"2009-05-05T14:10:51","date_gmt":"2009-05-05T12:10:51","guid":{"rendered":"http:\/\/www.visit-ulcinj.com\/blog\/?p=20150"},"modified":"2009-05-04T23:13:31","modified_gmt":"2009-05-04T21:13:31","slug":"mimoza-nuk-do-dorezohem","status":"publish","type":"post","link":"https:\/\/www.visit-ulcinj.com\/blog\/2009\/05\/05\/mimoza-nuk-do-dorezohem\/","title":{"rendered":"Mimoza : Nuk do dor\u00ebzohem"},"content":{"rendered":"<p>\u00a0<\/p>\n<div id=\"content\"><em><span class=\"newsdate\"><a href=\"http:\/\/www.visit-ulcinj.com\/blog\/wp-content\/uploads\/2009\/05\/moza-per-finalen.jpg\"><img loading=\"lazy\" class=\"alignleft size-full wp-image-20151\" title=\"moza-per-finalen-big-brother-albania-2\" src=\"http:\/\/www.visit-ulcinj.com\/blog\/wp-content\/uploads\/2009\/05\/moza-per-finalen.jpg\" alt=\"moza-per-finalen-big-brother-albania-2\" width=\"300\" height=\"205\" \/><\/a>03\/05\/09 02:06<\/span><\/em><\/p>\n<p>\u201cNuk e mendoja q\u00eb do rrija kaq gjat\u00eb k\u00ebtu\u201d- thot\u00eb moza p\u00ebr veten. Ajo thot\u00eb se mendonte q\u00eb do dilte her\u00ebt nga loja, ashtu sikurse dhe i kishn th\u00ebn\u00eb shum\u00eb persona t\u00eb tjer\u00eb. Anjeza i kujton se ajo do festoj\u00eb dit\u00eblindjen me ta, gj\u00eb q\u00eb e priste me shum\u00eb d\u00ebshir\u00eb. Moza shpreh d\u00ebshir\u00ebn p\u00ebr t\u00eb shkuar deri n\u00eb finale dhe se p\u00ebr k\u00ebt\u00eb do p\u00ebrpiqet me t\u00eb gjitha forcat e saja. Anjeza i jep kurajo dhe i jep mendimin se duke lexuar letr\u00ebn e Polit, ajo mund t\u00eb marr\u00eb zem\u00ebr p\u00ebr t\u00eb vazhduar, ashtu sic ka b\u00ebr\u00eb k\u00ebto dit\u00eb. \u201cNuk do dor\u00ebzohem\u201d- thot\u00eb Moza. Anjeza tregon se p\u00ebr t\u00eb, fakti q\u00eb nuk u largua k\u00ebt\u00eb mbr\u00ebmje, i jep shum\u00eb forc\u00eb p\u00ebr t\u00eb vazhduar p\u00ebrpara, pasi dhe ajo mendonte se loj\u00ebs s\u00eb saj i erdhi fundi. Ajo e krahason k\u00ebt\u00eb mbr\u00ebmje me nj\u00eb finale dhe shprehet se kjo ishte finalja p\u00ebr t\u00eb.<\/p><\/div>\n<div><\/div>\n","protected":false},"excerpt":{"rendered":"<p>\u00a0 03\/05\/09 02:06 \u201cNuk e mendoja q\u00eb do rrija kaq gjat\u00eb k\u00ebtu\u201d- thot\u00eb moza p\u00ebr veten. Ajo thot\u00eb se mendonte q\u00eb do dilte her\u00ebt nga loja, ashtu sikurse dhe i kishn th\u00ebn\u00eb shum\u00eb persona t\u00eb tjer\u00eb. Anjeza i kujton se ajo do festoj\u00eb dit\u00eblindjen me ta, gj\u00eb q\u00eb e priste me shum\u00eb d\u00ebshir\u00eb. Moza shpreh [&hellip;]<\/p>\n","protected":false},"author":1,"featured_media":0,"comment_status":"open","ping_status":"closed","sticky":false,"template":"","format":"standard","meta":{"spay_email":"","jetpack_publicize_message":"","jetpack_is_tweetstorm":false,"jetpack_publicize_feature_enabled":true},"categories":[6502],"tags":[6529,8289,9121,6544,9751],"jetpack_publicize_connections":[],"yoast_head":"<!-- This site is optimized with the Yoast SEO plugin v19.1 - https:\/\/yoast.com\/wordpress\/plugins\/seo\/ -->\n<title>Mimoza : Nuk do dor\u00c3\u00abzohem | Big Brother Albania 2<\/title>\n<meta name=\"description\" content=\"Big Brother Albania 2 - \u00e2\u20ac\u0153Nuk e mendoja q\u00c3\u00ab do rrija kaq gjat\u00c3\u00ab k\u00c3\u00abtu\u00e2\u20ac\u009d- thot\u00c3\u00ab moza p\u00c3\u00abr veten. Ajo thot\u00c3\u00ab se mendonte q\u00c3\u00ab do dilte her\u00c3\u00abt nga loja, ashtu sikurse dhe i kishn th\u00c3\u00abn\u00c3\u00ab shum\u00c3\u00ab persona t\u00c3\u00ab tjer\u00c3\u00ab\" \/>\n<meta name=\"robots\" content=\"index, follow, max-snippet:-1, max-image-preview:large, max-video-preview:-1\" \/>\n<link rel=\"canonical\" href=\"https:\/\/www.visit-ulcinj.com\/blog\/2009\/05\/05\/mimoza-nuk-do-dorezohem\/\" \/>\n<meta property=\"og:locale\" content=\"en_US\" \/>\n<meta property=\"og:type\" content=\"article\" \/>\n<meta property=\"og:title\" content=\"Mimoza : Nuk do dor\u00c3\u00abzohem | Big Brother Albania 2\" \/>\n<meta property=\"og:description\" content=\"Big Brother Albania 2 - \u00e2\u20ac\u0153Nuk e mendoja q\u00c3\u00ab do rrija kaq gjat\u00c3\u00ab k\u00c3\u00abtu\u00e2\u20ac\u009d- thot\u00c3\u00ab moza p\u00c3\u00abr veten. Ajo thot\u00c3\u00ab se mendonte q\u00c3\u00ab do dilte her\u00c3\u00abt nga loja, ashtu sikurse dhe i kishn th\u00c3\u00abn\u00c3\u00ab shum\u00c3\u00ab persona t\u00c3\u00ab tjer\u00c3\u00ab\" \/>\n<meta property=\"og:url\" content=\"https:\/\/www.visit-ulcinj.com\/blog\/2009\/05\/05\/mimoza-nuk-do-dorezohem\/\" \/>\n<meta property=\"og:site_name\" content=\"Lajme nga Ulqini\" \/>\n<meta property=\"article:published_time\" content=\"2009-05-05T12:10:51+00:00\" \/>\n<meta property=\"article:modified_time\" content=\"2009-05-04T21:13:31+00:00\" \/>\n<meta property=\"og:image\" content=\"http:\/\/www.visit-ulcinj.com\/blog\/wp-content\/uploads\/2009\/05\/moza-per-finalen.jpg\" \/>\n<meta name=\"twitter:label1\" content=\"Written by\" \/>\n\t<meta name=\"twitter:data1\" content=\"ulqini\" \/>\n\t<meta name=\"twitter:label2\" content=\"Est. reading time\" \/>\n\t<meta name=\"twitter:data2\" content=\"1 minute\" \/>\n<script type=\"application\/ld+json\" class=\"yoast-schema-graph\">{\"@context\":\"https:\/\/schema.org\",\"@graph\":[{\"@type\":\"WebSite\",\"@id\":\"https:\/\/www.visit-ulcinj.com\/blog\/#website\",\"url\":\"https:\/\/www.visit-ulcinj.com\/blog\/\",\"name\":\"Lajme nga Ulqini\",\"description\":\"Lajme,Vijesti,Ulqini,Ulqin,Crna Gora,Mali i Zi\",\"potentialAction\":[{\"@type\":\"SearchAction\",\"target\":{\"@type\":\"EntryPoint\",\"urlTemplate\":\"https:\/\/www.visit-ulcinj.com\/blog\/?s={search_term_string}\"},\"query-input\":\"required name=search_term_string\"}],\"inLanguage\":\"en-US\"},{\"@type\":\"ImageObject\",\"inLanguage\":\"en-US\",\"@id\":\"https:\/\/www.visit-ulcinj.com\/blog\/2009\/05\/05\/mimoza-nuk-do-dorezohem\/#primaryimage\",\"url\":\"http:\/\/www.visit-ulcinj.com\/blog\/wp-content\/uploads\/2009\/05\/moza-per-finalen.jpg\",\"contentUrl\":\"http:\/\/www.visit-ulcinj.com\/blog\/wp-content\/uploads\/2009\/05\/moza-per-finalen.jpg\"},{\"@type\":\"WebPage\",\"@id\":\"https:\/\/www.visit-ulcinj.com\/blog\/2009\/05\/05\/mimoza-nuk-do-dorezohem\/#webpage\",\"url\":\"https:\/\/www.visit-ulcinj.com\/blog\/2009\/05\/05\/mimoza-nuk-do-dorezohem\/\",\"name\":\"Mimoza : Nuk do dor\u00c3\u00abzohem | Big Brother Albania 2\",\"isPartOf\":{\"@id\":\"https:\/\/www.visit-ulcinj.com\/blog\/#website\"},\"primaryImageOfPage\":{\"@id\":\"https:\/\/www.visit-ulcinj.com\/blog\/2009\/05\/05\/mimoza-nuk-do-dorezohem\/#primaryimage\"},\"datePublished\":\"2009-05-05T12:10:51+00:00\",\"dateModified\":\"2009-05-04T21:13:31+00:00\",\"author\":{\"@id\":\"https:\/\/www.visit-ulcinj.com\/blog\/#\/schema\/person\/dcab619c614d3038751c63bc2aadc06d\"},\"description\":\"Big Brother Albania 2 - \u00e2\u20ac\u0153Nuk e mendoja q\u00c3\u00ab do rrija kaq gjat\u00c3\u00ab k\u00c3\u00abtu\u00e2\u20ac\u009d- thot\u00c3\u00ab moza p\u00c3\u00abr veten. Ajo thot\u00c3\u00ab se mendonte q\u00c3\u00ab do dilte her\u00c3\u00abt nga loja, ashtu sikurse dhe i kishn th\u00c3\u00abn\u00c3\u00ab shum\u00c3\u00ab persona t\u00c3\u00ab tjer\u00c3\u00ab\",\"breadcrumb\":{\"@id\":\"https:\/\/www.visit-ulcinj.com\/blog\/2009\/05\/05\/mimoza-nuk-do-dorezohem\/#breadcrumb\"},\"inLanguage\":\"en-US\",\"potentialAction\":[{\"@type\":\"ReadAction\",\"target\":[\"https:\/\/www.visit-ulcinj.com\/blog\/2009\/05\/05\/mimoza-nuk-do-dorezohem\/\"]}]},{\"@type\":\"BreadcrumbList\",\"@id\":\"https:\/\/www.visit-ulcinj.com\/blog\/2009\/05\/05\/mimoza-nuk-do-dorezohem\/#breadcrumb\",\"itemListElement\":[{\"@type\":\"ListItem\",\"position\":1,\"name\":\"Mimoza : Nuk do dor\u00ebzohem\"}]},{\"@type\":\"Person\",\"@id\":\"https:\/\/www.visit-ulcinj.com\/blog\/#\/schema\/person\/dcab619c614d3038751c63bc2aadc06d\",\"name\":\"ulqini\",\"sameAs\":[\"http:\/\/www.visit-ulcinj.com\"],\"url\":\"https:\/\/www.visit-ulcinj.com\/blog\/author\/admin\/\"}]}<\/script>\n<!-- \/ Yoast SEO plugin. -->","yoast_head_json":{"title":"Mimoza : Nuk do dor\u00c3\u00abzohem | Big Brother Albania 2","description":"Big Brother Albania 2 - \u00e2\u20ac\u0153Nuk e mendoja q\u00c3\u00ab do rrija kaq gjat\u00c3\u00ab k\u00c3\u00abtu\u00e2\u20ac\u009d- thot\u00c3\u00ab moza p\u00c3\u00abr veten. Ajo thot\u00c3\u00ab se mendonte q\u00c3\u00ab do dilte her\u00c3\u00abt nga loja, ashtu sikurse dhe i kishn th\u00c3\u00abn\u00c3\u00ab shum\u00c3\u00ab persona t\u00c3\u00ab tjer\u00c3\u00ab","robots":{"index":"index","follow":"follow","max-snippet":"max-snippet:-1","max-image-preview":"max-image-preview:large","max-video-preview":"max-video-preview:-1"},"canonical":"https:\/\/www.visit-ulcinj.com\/blog\/2009\/05\/05\/mimoza-nuk-do-dorezohem\/","og_locale":"en_US","og_type":"article","og_title":"Mimoza : Nuk do dor\u00c3\u00abzohem | Big Brother Albania 2","og_description":"Big Brother Albania 2 - \u00e2\u20ac\u0153Nuk e mendoja q\u00c3\u00ab do rrija kaq gjat\u00c3\u00ab k\u00c3\u00abtu\u00e2\u20ac\u009d- thot\u00c3\u00ab moza p\u00c3\u00abr veten. Ajo thot\u00c3\u00ab se mendonte q\u00c3\u00ab do dilte her\u00c3\u00abt nga loja, ashtu sikurse dhe i kishn th\u00c3\u00abn\u00c3\u00ab shum\u00c3\u00ab persona t\u00c3\u00ab tjer\u00c3\u00ab","og_url":"https:\/\/www.visit-ulcinj.com\/blog\/2009\/05\/05\/mimoza-nuk-do-dorezohem\/","og_site_name":"Lajme nga Ulqini","article_published_time":"2009-05-05T12:10:51+00:00","article_modified_time":"2009-05-04T21:13:31+00:00","og_image":[{"url":"http:\/\/www.visit-ulcinj.com\/blog\/wp-content\/uploads\/2009\/05\/moza-per-finalen.jpg"}],"twitter_misc":{"Written by":"ulqini","Est. reading time":"1 minute"},"schema":{"@context":"https:\/\/schema.org","@graph":[{"@type":"WebSite","@id":"https:\/\/www.visit-ulcinj.com\/blog\/#website","url":"https:\/\/www.visit-ulcinj.com\/blog\/","name":"Lajme nga Ulqini","description":"Lajme,Vijesti,Ulqini,Ulqin,Crna Gora,Mali i Zi","potentialAction":[{"@type":"SearchAction","target":{"@type":"EntryPoint","urlTemplate":"https:\/\/www.visit-ulcinj.com\/blog\/?s={search_term_string}"},"query-input":"required name=search_term_string"}],"inLanguage":"en-US"},{"@type":"ImageObject","inLanguage":"en-US","@id":"https:\/\/www.visit-ulcinj.com\/blog\/2009\/05\/05\/mimoza-nuk-do-dorezohem\/#primaryimage","url":"http:\/\/www.visit-ulcinj.com\/blog\/wp-content\/uploads\/2009\/05\/moza-per-finalen.jpg","contentUrl":"http:\/\/www.visit-ulcinj.com\/blog\/wp-content\/uploads\/2009\/05\/moza-per-finalen.jpg"},{"@type":"WebPage","@id":"https:\/\/www.visit-ulcinj.com\/blog\/2009\/05\/05\/mimoza-nuk-do-dorezohem\/#webpage","url":"https:\/\/www.visit-ulcinj.com\/blog\/2009\/05\/05\/mimoza-nuk-do-dorezohem\/","name":"Mimoza : Nuk do dor\u00c3\u00abzohem | Big Brother Albania 2","isPartOf":{"@id":"https:\/\/www.visit-ulcinj.com\/blog\/#website"},"primaryImageOfPage":{"@id":"https:\/\/www.visit-ulcinj.com\/blog\/2009\/05\/05\/mimoza-nuk-do-dorezohem\/#primaryimage"},"datePublished":"2009-05-05T12:10:51+00:00","dateModified":"2009-05-04T21:13:31+00:00","author":{"@id":"https:\/\/www.visit-ulcinj.com\/blog\/#\/schema\/person\/dcab619c614d3038751c63bc2aadc06d"},"description":"Big Brother Albania 2 - \u00e2\u20ac\u0153Nuk e mendoja q\u00c3\u00ab do rrija kaq gjat\u00c3\u00ab k\u00c3\u00abtu\u00e2\u20ac\u009d- thot\u00c3\u00ab moza p\u00c3\u00abr veten. Ajo thot\u00c3\u00ab se mendonte q\u00c3\u00ab do dilte her\u00c3\u00abt nga loja, ashtu sikurse dhe i kishn th\u00c3\u00abn\u00c3\u00ab shum\u00c3\u00ab persona t\u00c3\u00ab tjer\u00c3\u00ab","breadcrumb":{"@id":"https:\/\/www.visit-ulcinj.com\/blog\/2009\/05\/05\/mimoza-nuk-do-dorezohem\/#breadcrumb"},"inLanguage":"en-US","potentialAction":[{"@type":"ReadAction","target":["https:\/\/www.visit-ulcinj.com\/blog\/2009\/05\/05\/mimoza-nuk-do-dorezohem\/"]}]},{"@type":"BreadcrumbList","@id":"https:\/\/www.visit-ulcinj.com\/blog\/2009\/05\/05\/mimoza-nuk-do-dorezohem\/#breadcrumb","itemListElement":[{"@type":"ListItem","position":1,"name":"Mimoza : Nuk do dor\u00ebzohem"}]},{"@type":"Person","@id":"https:\/\/www.visit-ulcinj.com\/blog\/#\/schema\/person\/dcab619c614d3038751c63bc2aadc06d","name":"ulqini","sameAs":["http:\/\/www.visit-ulcinj.com"],"url":"https:\/\/www.visit-ulcinj.com\/blog\/author\/admin\/"}]}},"jetpack_featured_media_url":"","jetpack_sharing_enabled":true,"jetpack_shortlink":"https:\/\/wp.me\/pe6lTn-5f0","_links":{"self":[{"href":"https:\/\/www.visit-ulcinj.com\/blog\/wp-json\/wp\/v2\/posts\/20150"}],"collection":[{"href":"https:\/\/www.visit-ulcinj.com\/blog\/wp-json\/wp\/v2\/posts"}],"about":[{"href":"https:\/\/www.visit-ulcinj.com\/blog\/wp-json\/wp\/v2\/types\/post"}],"author":[{"embeddable":true,"href":"https:\/\/www.visit-ulcinj.com\/blog\/wp-json\/wp\/v2\/users\/1"}],"replies":[{"embeddable":true,"href":"https:\/\/www.visit-ulcinj.com\/blog\/wp-json\/wp\/v2\/comments?post=20150"}],"version-history":[{"count":0,"href":"https:\/\/www.visit-ulcinj.com\/blog\/wp-json\/wp\/v2\/posts\/20150\/revisions"}],"wp:attachment":[{"href":"https:\/\/www.visit-ulcinj.com\/blog\/wp-json\/wp\/v2\/media?parent=20150"}],"wp:term":[{"taxonomy":"category","embeddable":true,"href":"https:\/\/www.visit-ulcinj.com\/blog\/wp-json\/wp\/v2\/categories?post=20150"},{"taxonomy":"post_tag","embeddable":true,"href":"https:\/\/www.visit-ulcinj.com\/blog\/wp-json\/wp\/v2\/tags?post=20150"}],"curies":[{"name":"wp","href":"https:\/\/api.w.org\/{rel}","templated":true}]}}