{"id":20156,"date":"2009-05-05T14:00:40","date_gmt":"2009-05-05T12:00:40","guid":{"rendered":"http:\/\/www.visit-ulcinj.com\/blog\/?p=20156"},"modified":"2009-05-04T23:17:18","modified_gmt":"2009-05-04T21:17:18","slug":"adelajda-ngacmime-mbi-lidhjet","status":"publish","type":"post","link":"https:\/\/www.visit-ulcinj.com\/blog\/2009\/05\/05\/adelajda-ngacmime-mbi-lidhjet\/","title":{"rendered":"Adelajda : Ngacmime mbi lidhjet"},"content":{"rendered":"<p><em><span class=\"newsdate\"><a href=\"http:\/\/www.visit-ulcinj.com\/blog\/wp-content\/uploads\/2009\/05\/ngacmime-mbi-lidhje03.jpg\"><img loading=\"lazy\" class=\"alignleft size-full wp-image-20157\" title=\"ngacmime-mbi-lidhje03-big-brother-albania-2\" src=\"http:\/\/www.visit-ulcinj.com\/blog\/wp-content\/uploads\/2009\/05\/ngacmime-mbi-lidhje03.jpg\" alt=\"ngacmime-mbi-lidhje03-big-brother-albania-2\" width=\"300\" height=\"205\" \/><\/a>03\/05\/09 13:00<\/span><\/em><\/p>\n<p>Ashtu t\u00eb mbledhur n\u00eb sallon fillojn\u00eb ngacmimet mbi lidhjet. Adela tregon n\u00eb nj\u00eb far\u00eb m\u00ebnyre xhelozin\u00eb e saj ndaj Bjordit. Ajo thot\u00eb se nuk do ti vinte aspak mir\u00eb n\u00ebse do te merrte vesh ndonj\u00eb lidhje t\u00eb Bjordit jasht\u00eb. Anjeza, Moza dhe Adi e ngacmojn\u00eb duke i then\u00eb se tashm\u00eb fotografia e Bjordit mund t\u00eb jet\u00eb n\u00ebp\u00ebr muret e gjimnazisteve. P\u00ebr Adin Adela me Bjordin e kan\u00eb treguar q\u00eb duhen. Adela thot\u00eb q\u00eb p\u00ebr ta humbur nj\u00eb njeri \u00ebsht\u00eb kollaj, por p\u00ebr ta mbajtur gjithmon\u00eb me vehte \u00ebsht\u00eb e v\u00ebshtir\u00eb, ajo shton se \u00ebsht\u00eb e gatshme t\u00eb duroj\u00eb disa gj\u00ebra p\u00ebr personin e afr\u00ebrt. Adi shton se p\u00ebr t\u00eb Adela \u00ebsht\u00eb nj\u00eb person q\u00eb ka p\u00ebr t\u00eb b\u00ebr\u00eb maksimunin p\u00ebr ta mbajtur personin q\u00eb do t\u00eb lidhur pas vehtes. Adela shton se \u00ebsht\u00eb person q\u00eb nuk lidhet me njeri n\u00ebse nuk ka ndjenj\u00eb. Biseda devijon tek tradh\u00ebtia. Adi thot\u00eb se Anjeza duket tip q\u00eb nuk do ta vriste shume tradh\u00ebtia e Arjonit n\u00ebse do ta merrte vesh, nd\u00ebrsa me Adel\u00ebn \u00ebsht\u00eb krejt e kunderta. Adela pohon dhe shton se tradhetia e Bjordit, n\u00ebse do t\u00eb ndodh\u00eb, do ta vriste shum\u00eb, duke mos harruar t\u00eb p\u00ebrmend\u00eb edhe sakrificat qe ka b\u00ebr\u00eb ajo p\u00ebr Bjordin. K\u00ebtu nd\u00ebrhyn Ari duke i th\u00ebn\u00eb se ato sakrifica ajo i ka b\u00ebr\u00eb p\u00ebr vehten e saj, se ishte d\u00ebshira dhe k\u00ebnaq\u00ebsia e saj dhe jo thjesht per Bjordin. Ajo k\u00ebmb\u00ebngul se po t\u00eb ishte p\u00ebr t\u00eb, do t\u00eb vazhdonte t\u00ebrhiq e mos k\u00ebput dhe vet\u00ebm kur t\u00eb dilte nga sht\u00ebpia do t\u00eb krijonte nj\u00eb lidhje me Bjordin.<\/p>\n","protected":false},"excerpt":{"rendered":"<p>03\/05\/09 13:00 Ashtu t\u00eb mbledhur n\u00eb sallon fillojn\u00eb ngacmimet mbi lidhjet. Adela tregon n\u00eb nj\u00eb far\u00eb m\u00ebnyre xhelozin\u00eb e saj ndaj Bjordit. Ajo thot\u00eb se nuk do ti vinte aspak mir\u00eb n\u00ebse do te merrte vesh ndonj\u00eb lidhje t\u00eb Bjordit jasht\u00eb. Anjeza, Moza dhe Adi e ngacmojn\u00eb duke i then\u00eb se tashm\u00eb fotografia e Bjordit [&hellip;]<\/p>\n","protected":false},"author":1,"featured_media":0,"comment_status":"open","ping_status":"closed","sticky":false,"template":"","format":"standard","meta":{"spay_email":"","jetpack_publicize_message":"","jetpack_is_tweetstorm":false,"jetpack_publicize_feature_enabled":true},"categories":[6502],"tags":[6529,8289,9121,6522,6544,6887],"jetpack_publicize_connections":[],"yoast_head":"<!-- This site is optimized with the Yoast SEO plugin v19.1 - https:\/\/yoast.com\/wordpress\/plugins\/seo\/ -->\n<title>Adelajda : Ngacmime mbi lidhjet | Big Brother Albania 2<\/title>\n<meta name=\"description\" content=\"Big Brother Albania 2 - Ashtu t\u00c3\u00ab mbledhur n\u00c3\u00ab sallon fillojn\u00c3\u00ab ngacmimet mbi lidhjet.\" \/>\n<meta name=\"robots\" content=\"index, follow, max-snippet:-1, max-image-preview:large, max-video-preview:-1\" \/>\n<link rel=\"canonical\" href=\"https:\/\/www.visit-ulcinj.com\/blog\/2009\/05\/05\/adelajda-ngacmime-mbi-lidhjet\/\" \/>\n<meta property=\"og:locale\" content=\"en_US\" \/>\n<meta property=\"og:type\" content=\"article\" \/>\n<meta property=\"og:title\" content=\"Adelajda : Ngacmime mbi lidhjet | Big Brother Albania 2\" \/>\n<meta property=\"og:description\" content=\"Big Brother Albania 2 - Ashtu t\u00c3\u00ab mbledhur n\u00c3\u00ab sallon fillojn\u00c3\u00ab ngacmimet mbi lidhjet.\" \/>\n<meta property=\"og:url\" content=\"https:\/\/www.visit-ulcinj.com\/blog\/2009\/05\/05\/adelajda-ngacmime-mbi-lidhjet\/\" \/>\n<meta property=\"og:site_name\" content=\"Lajme nga Ulqini\" \/>\n<meta property=\"article:published_time\" content=\"2009-05-05T12:00:40+00:00\" \/>\n<meta property=\"article:modified_time\" content=\"2009-05-04T21:17:18+00:00\" \/>\n<meta property=\"og:image\" content=\"http:\/\/www.visit-ulcinj.com\/blog\/wp-content\/uploads\/2009\/05\/ngacmime-mbi-lidhje03.jpg\" \/>\n<meta name=\"twitter:label1\" content=\"Written by\" \/>\n\t<meta name=\"twitter:data1\" content=\"ulqini\" \/>\n\t<meta name=\"twitter:label2\" content=\"Est. reading time\" \/>\n\t<meta name=\"twitter:data2\" content=\"2 minutes\" \/>\n<script type=\"application\/ld+json\" class=\"yoast-schema-graph\">{\"@context\":\"https:\/\/schema.org\",\"@graph\":[{\"@type\":\"WebSite\",\"@id\":\"https:\/\/www.visit-ulcinj.com\/blog\/#website\",\"url\":\"https:\/\/www.visit-ulcinj.com\/blog\/\",\"name\":\"Lajme nga Ulqini\",\"description\":\"Lajme,Vijesti,Ulqini,Ulqin,Crna Gora,Mali i Zi\",\"potentialAction\":[{\"@type\":\"SearchAction\",\"target\":{\"@type\":\"EntryPoint\",\"urlTemplate\":\"https:\/\/www.visit-ulcinj.com\/blog\/?s={search_term_string}\"},\"query-input\":\"required name=search_term_string\"}],\"inLanguage\":\"en-US\"},{\"@type\":\"ImageObject\",\"inLanguage\":\"en-US\",\"@id\":\"https:\/\/www.visit-ulcinj.com\/blog\/2009\/05\/05\/adelajda-ngacmime-mbi-lidhjet\/#primaryimage\",\"url\":\"http:\/\/www.visit-ulcinj.com\/blog\/wp-content\/uploads\/2009\/05\/ngacmime-mbi-lidhje03.jpg\",\"contentUrl\":\"http:\/\/www.visit-ulcinj.com\/blog\/wp-content\/uploads\/2009\/05\/ngacmime-mbi-lidhje03.jpg\"},{\"@type\":\"WebPage\",\"@id\":\"https:\/\/www.visit-ulcinj.com\/blog\/2009\/05\/05\/adelajda-ngacmime-mbi-lidhjet\/#webpage\",\"url\":\"https:\/\/www.visit-ulcinj.com\/blog\/2009\/05\/05\/adelajda-ngacmime-mbi-lidhjet\/\",\"name\":\"Adelajda : Ngacmime mbi lidhjet | Big Brother Albania 2\",\"isPartOf\":{\"@id\":\"https:\/\/www.visit-ulcinj.com\/blog\/#website\"},\"primaryImageOfPage\":{\"@id\":\"https:\/\/www.visit-ulcinj.com\/blog\/2009\/05\/05\/adelajda-ngacmime-mbi-lidhjet\/#primaryimage\"},\"datePublished\":\"2009-05-05T12:00:40+00:00\",\"dateModified\":\"2009-05-04T21:17:18+00:00\",\"author\":{\"@id\":\"https:\/\/www.visit-ulcinj.com\/blog\/#\/schema\/person\/dcab619c614d3038751c63bc2aadc06d\"},\"description\":\"Big Brother Albania 2 - Ashtu t\u00c3\u00ab mbledhur n\u00c3\u00ab sallon fillojn\u00c3\u00ab ngacmimet mbi lidhjet.\",\"breadcrumb\":{\"@id\":\"https:\/\/www.visit-ulcinj.com\/blog\/2009\/05\/05\/adelajda-ngacmime-mbi-lidhjet\/#breadcrumb\"},\"inLanguage\":\"en-US\",\"potentialAction\":[{\"@type\":\"ReadAction\",\"target\":[\"https:\/\/www.visit-ulcinj.com\/blog\/2009\/05\/05\/adelajda-ngacmime-mbi-lidhjet\/\"]}]},{\"@type\":\"BreadcrumbList\",\"@id\":\"https:\/\/www.visit-ulcinj.com\/blog\/2009\/05\/05\/adelajda-ngacmime-mbi-lidhjet\/#breadcrumb\",\"itemListElement\":[{\"@type\":\"ListItem\",\"position\":1,\"name\":\"Adelajda : Ngacmime mbi lidhjet\"}]},{\"@type\":\"Person\",\"@id\":\"https:\/\/www.visit-ulcinj.com\/blog\/#\/schema\/person\/dcab619c614d3038751c63bc2aadc06d\",\"name\":\"ulqini\",\"sameAs\":[\"http:\/\/www.visit-ulcinj.com\"],\"url\":\"https:\/\/www.visit-ulcinj.com\/blog\/author\/admin\/\"}]}<\/script>\n<!-- \/ Yoast SEO plugin. -->","yoast_head_json":{"title":"Adelajda : Ngacmime mbi lidhjet | Big Brother Albania 2","description":"Big Brother Albania 2 - Ashtu t\u00c3\u00ab mbledhur n\u00c3\u00ab sallon fillojn\u00c3\u00ab ngacmimet mbi lidhjet.","robots":{"index":"index","follow":"follow","max-snippet":"max-snippet:-1","max-image-preview":"max-image-preview:large","max-video-preview":"max-video-preview:-1"},"canonical":"https:\/\/www.visit-ulcinj.com\/blog\/2009\/05\/05\/adelajda-ngacmime-mbi-lidhjet\/","og_locale":"en_US","og_type":"article","og_title":"Adelajda : Ngacmime mbi lidhjet | Big Brother Albania 2","og_description":"Big Brother Albania 2 - Ashtu t\u00c3\u00ab mbledhur n\u00c3\u00ab sallon fillojn\u00c3\u00ab ngacmimet mbi lidhjet.","og_url":"https:\/\/www.visit-ulcinj.com\/blog\/2009\/05\/05\/adelajda-ngacmime-mbi-lidhjet\/","og_site_name":"Lajme nga Ulqini","article_published_time":"2009-05-05T12:00:40+00:00","article_modified_time":"2009-05-04T21:17:18+00:00","og_image":[{"url":"http:\/\/www.visit-ulcinj.com\/blog\/wp-content\/uploads\/2009\/05\/ngacmime-mbi-lidhje03.jpg"}],"twitter_misc":{"Written by":"ulqini","Est. reading time":"2 minutes"},"schema":{"@context":"https:\/\/schema.org","@graph":[{"@type":"WebSite","@id":"https:\/\/www.visit-ulcinj.com\/blog\/#website","url":"https:\/\/www.visit-ulcinj.com\/blog\/","name":"Lajme nga Ulqini","description":"Lajme,Vijesti,Ulqini,Ulqin,Crna Gora,Mali i Zi","potentialAction":[{"@type":"SearchAction","target":{"@type":"EntryPoint","urlTemplate":"https:\/\/www.visit-ulcinj.com\/blog\/?s={search_term_string}"},"query-input":"required name=search_term_string"}],"inLanguage":"en-US"},{"@type":"ImageObject","inLanguage":"en-US","@id":"https:\/\/www.visit-ulcinj.com\/blog\/2009\/05\/05\/adelajda-ngacmime-mbi-lidhjet\/#primaryimage","url":"http:\/\/www.visit-ulcinj.com\/blog\/wp-content\/uploads\/2009\/05\/ngacmime-mbi-lidhje03.jpg","contentUrl":"http:\/\/www.visit-ulcinj.com\/blog\/wp-content\/uploads\/2009\/05\/ngacmime-mbi-lidhje03.jpg"},{"@type":"WebPage","@id":"https:\/\/www.visit-ulcinj.com\/blog\/2009\/05\/05\/adelajda-ngacmime-mbi-lidhjet\/#webpage","url":"https:\/\/www.visit-ulcinj.com\/blog\/2009\/05\/05\/adelajda-ngacmime-mbi-lidhjet\/","name":"Adelajda : Ngacmime mbi lidhjet | Big Brother Albania 2","isPartOf":{"@id":"https:\/\/www.visit-ulcinj.com\/blog\/#website"},"primaryImageOfPage":{"@id":"https:\/\/www.visit-ulcinj.com\/blog\/2009\/05\/05\/adelajda-ngacmime-mbi-lidhjet\/#primaryimage"},"datePublished":"2009-05-05T12:00:40+00:00","dateModified":"2009-05-04T21:17:18+00:00","author":{"@id":"https:\/\/www.visit-ulcinj.com\/blog\/#\/schema\/person\/dcab619c614d3038751c63bc2aadc06d"},"description":"Big Brother Albania 2 - Ashtu t\u00c3\u00ab mbledhur n\u00c3\u00ab sallon fillojn\u00c3\u00ab ngacmimet mbi lidhjet.","breadcrumb":{"@id":"https:\/\/www.visit-ulcinj.com\/blog\/2009\/05\/05\/adelajda-ngacmime-mbi-lidhjet\/#breadcrumb"},"inLanguage":"en-US","potentialAction":[{"@type":"ReadAction","target":["https:\/\/www.visit-ulcinj.com\/blog\/2009\/05\/05\/adelajda-ngacmime-mbi-lidhjet\/"]}]},{"@type":"BreadcrumbList","@id":"https:\/\/www.visit-ulcinj.com\/blog\/2009\/05\/05\/adelajda-ngacmime-mbi-lidhjet\/#breadcrumb","itemListElement":[{"@type":"ListItem","position":1,"name":"Adelajda : Ngacmime mbi lidhjet"}]},{"@type":"Person","@id":"https:\/\/www.visit-ulcinj.com\/blog\/#\/schema\/person\/dcab619c614d3038751c63bc2aadc06d","name":"ulqini","sameAs":["http:\/\/www.visit-ulcinj.com"],"url":"https:\/\/www.visit-ulcinj.com\/blog\/author\/admin\/"}]}},"jetpack_featured_media_url":"","jetpack_sharing_enabled":true,"jetpack_shortlink":"https:\/\/wp.me\/pe6lTn-5f6","_links":{"self":[{"href":"https:\/\/www.visit-ulcinj.com\/blog\/wp-json\/wp\/v2\/posts\/20156"}],"collection":[{"href":"https:\/\/www.visit-ulcinj.com\/blog\/wp-json\/wp\/v2\/posts"}],"about":[{"href":"https:\/\/www.visit-ulcinj.com\/blog\/wp-json\/wp\/v2\/types\/post"}],"author":[{"embeddable":true,"href":"https:\/\/www.visit-ulcinj.com\/blog\/wp-json\/wp\/v2\/users\/1"}],"replies":[{"embeddable":true,"href":"https:\/\/www.visit-ulcinj.com\/blog\/wp-json\/wp\/v2\/comments?post=20156"}],"version-history":[{"count":0,"href":"https:\/\/www.visit-ulcinj.com\/blog\/wp-json\/wp\/v2\/posts\/20156\/revisions"}],"wp:attachment":[{"href":"https:\/\/www.visit-ulcinj.com\/blog\/wp-json\/wp\/v2\/media?parent=20156"}],"wp:term":[{"taxonomy":"category","embeddable":true,"href":"https:\/\/www.visit-ulcinj.com\/blog\/wp-json\/wp\/v2\/categories?post=20156"},{"taxonomy":"post_tag","embeddable":true,"href":"https:\/\/www.visit-ulcinj.com\/blog\/wp-json\/wp\/v2\/tags?post=20156"}],"curies":[{"name":"wp","href":"https:\/\/api.w.org\/{rel}","templated":true}]}}