{"id":20159,"date":"2009-05-05T14:00:54","date_gmt":"2009-05-05T12:00:54","guid":{"rendered":"http:\/\/www.visit-ulcinj.com\/blog\/?p=20159"},"modified":"2009-05-04T23:19:29","modified_gmt":"2009-05-04T21:19:29","slug":"debati-mes-qetsorit-dhe-adeles","status":"publish","type":"post","link":"https:\/\/www.visit-ulcinj.com\/blog\/2009\/05\/05\/debati-mes-qetsorit-dhe-adeles\/","title":{"rendered":"Debati mes Qetsorit dhe Adel\u00ebs"},"content":{"rendered":"<p><em><span class=\"newsdate\"><a href=\"http:\/\/www.visit-ulcinj.com\/blog\/wp-content\/uploads\/2009\/05\/deati-qetsor-adela03.jpg\"><img loading=\"lazy\" class=\"alignleft size-full wp-image-20160\" title=\"deati-qetsor-adela03\" src=\"http:\/\/www.visit-ulcinj.com\/blog\/wp-content\/uploads\/2009\/05\/deati-qetsor-adela03.jpg\" alt=\"deati-qetsor-adela03\" width=\"300\" height=\"205\" \/><\/a>03\/05\/09 13:45<\/span><\/em><\/p>\n<p>Qetsori ngacmon me shaka Adel\u00ebn duke i v\u00ebn\u00eb n\u00eb dukje se n\u00ebse do te jen\u00eb bashk\u00eb me Bjordin do ti kalojn\u00eb pushimet verore shum\u00eb k\u00ebndsh\u00ebm. Ngacmimet vazhdojn\u00eb si nga ana e Qetsorit ashtu edhe Arit t\u00eb cil\u00ebt qeshin me ironi dhe mundohen t\u00eb p\u00ebrfshijn\u00eb edhe Bjordin n\u00eb loj\u00eb, por ai q\u00ebndron ftoht\u00eb, dhe me seriozitetin e tij tregon q\u00eb nuk i p\u00eblqen biseda e nisur. Ari hedh idene se do hapin baste mbi koh\u00ebzgjatjen e lidhjes s\u00eb Adel\u00ebs me Bjordin deri n\u00eb gusht ose m\u00eb gjat\u00eb, madje ato nuk ngurrojn\u00eb t\u00eb vendosin edhe koeficientet e fitimit si dhe t\u00eb llogaritin edhe martes\u00ebn. Ari thot\u00eb q\u00eb ai ka shpirt anglezi dhe i p\u00eblqen te ver\u00eb bast mbi cdo gj\u00eb. Dashje pa dashje n\u00eb bised\u00eb p\u00ebrfshihet edhe Bjordi. Ai u thot\u00eb Arit me Qetsorin t\u00eb mos b\u00ebjn\u00eb analz\u00ebn e nj\u00ebr\u00ebs an\u00eb t\u00eb medaljes dhe pik\u00ebrisht an\u00ebs negative. Mund t\u00eb ndodh\u00eb q\u00eb ai p\u00ebrfundimisht t\u00eb dashurohet pas Adel\u00ebs, t\u00eb martohet dhe t\u00eb krijoj\u00eb familje, k\u00ebt\u00eb gj\u00eb asnj\u00eb nuk e di me siguri. Mardh\u00ebniet mes Adel\u00ebs dhe Qetsorit acarohen. Asaj nuk i duket aspak e drejt\u00eb loja e Qetsorit, duke ja shrehur se i duket munges\u00eb respekti dhe shum\u00eb fyese q\u00eb ai po v\u00eb bast p\u00ebr lidhjen e saj. Qetsori thot\u00eb se ai \u00ebsht\u00eb tip qe ve bast mbi cdo gj\u00eb, edhe n\u00ebse do t\u00eb ishte jasht\u00eb ai p\u00ebrs\u00ebri do t\u00eb vinte bast mbi lidhjen e saj me Bjordin. Debati vijon me tone t\u00eb larta. Adela i thot\u00eb se ajo nuk i prek njer\u00ebzit n\u00eb sed\u00ebr dhe as i v\u00eb n\u00eb siklet p\u00ebr cmimin e madh. Debati vijon mbi respektin e nd\u00ebrsjellt\u00eb q\u00eb sipas Adel\u00ebs, Qetsorit i mungon totalisht.<\/p>\n","protected":false},"excerpt":{"rendered":"<p>03\/05\/09 13:45 Qetsori ngacmon me shaka Adel\u00ebn duke i v\u00ebn\u00eb n\u00eb dukje se n\u00ebse do te jen\u00eb bashk\u00eb me Bjordin do ti kalojn\u00eb pushimet verore shum\u00eb k\u00ebndsh\u00ebm. Ngacmimet vazhdojn\u00eb si nga ana e Qetsorit ashtu edhe Arit t\u00eb cil\u00ebt qeshin me ironi dhe mundohen t\u00eb p\u00ebrfshijn\u00eb edhe Bjordin n\u00eb loj\u00eb, por ai q\u00ebndron ftoht\u00eb, dhe [&hellip;]<\/p>\n","protected":false},"author":1,"featured_media":0,"comment_status":"open","ping_status":"closed","sticky":false,"template":"","format":"standard","meta":{"spay_email":"","jetpack_publicize_message":"","jetpack_is_tweetstorm":false,"jetpack_publicize_feature_enabled":true},"categories":[6502],"tags":[6529,8784,8934,9121,7748,8276,9751],"jetpack_publicize_connections":[],"yoast_head":"<!-- This site is optimized with the Yoast SEO plugin v19.1 - https:\/\/yoast.com\/wordpress\/plugins\/seo\/ -->\n<title>Debati mes Qetsorit dhe Adel\u00c3\u00abs | Big Brother Albania 2<\/title>\n<meta name=\"description\" content=\"Big Brother Albania 2 - Qetsori ngacmon me shaka Adel\u00c3\u00abn duke i v\u00c3\u00abn\u00c3\u00ab n\u00c3\u00ab dukje se n\u00c3\u00abse do te jen\u00c3\u00ab bashk\u00c3\u00ab me Bjordin do ti kalojn\u00c3\u00ab pushimet verore shum\u00c3\u00ab k\u00c3\u00abndsh\u00c3\u00abm.\" \/>\n<meta name=\"robots\" content=\"index, follow, max-snippet:-1, max-image-preview:large, max-video-preview:-1\" \/>\n<link rel=\"canonical\" href=\"https:\/\/www.visit-ulcinj.com\/blog\/2009\/05\/05\/debati-mes-qetsorit-dhe-adeles\/\" \/>\n<meta property=\"og:locale\" content=\"en_US\" \/>\n<meta property=\"og:type\" content=\"article\" \/>\n<meta property=\"og:title\" content=\"Debati mes Qetsorit dhe Adel\u00c3\u00abs | Big Brother Albania 2\" \/>\n<meta property=\"og:description\" content=\"Big Brother Albania 2 - Qetsori ngacmon me shaka Adel\u00c3\u00abn duke i v\u00c3\u00abn\u00c3\u00ab n\u00c3\u00ab dukje se n\u00c3\u00abse do te jen\u00c3\u00ab bashk\u00c3\u00ab me Bjordin do ti kalojn\u00c3\u00ab pushimet verore shum\u00c3\u00ab k\u00c3\u00abndsh\u00c3\u00abm.\" \/>\n<meta property=\"og:url\" content=\"https:\/\/www.visit-ulcinj.com\/blog\/2009\/05\/05\/debati-mes-qetsorit-dhe-adeles\/\" \/>\n<meta property=\"og:site_name\" content=\"Lajme nga Ulqini\" \/>\n<meta property=\"article:published_time\" content=\"2009-05-05T12:00:54+00:00\" \/>\n<meta property=\"article:modified_time\" content=\"2009-05-04T21:19:29+00:00\" \/>\n<meta property=\"og:image\" content=\"http:\/\/www.visit-ulcinj.com\/blog\/wp-content\/uploads\/2009\/05\/deati-qetsor-adela03.jpg\" \/>\n<meta name=\"twitter:label1\" content=\"Written by\" \/>\n\t<meta name=\"twitter:data1\" content=\"ulqini\" \/>\n\t<meta name=\"twitter:label2\" content=\"Est. reading time\" \/>\n\t<meta name=\"twitter:data2\" content=\"2 minutes\" \/>\n<script type=\"application\/ld+json\" class=\"yoast-schema-graph\">{\"@context\":\"https:\/\/schema.org\",\"@graph\":[{\"@type\":\"WebSite\",\"@id\":\"https:\/\/www.visit-ulcinj.com\/blog\/#website\",\"url\":\"https:\/\/www.visit-ulcinj.com\/blog\/\",\"name\":\"Lajme nga Ulqini\",\"description\":\"Lajme,Vijesti,Ulqini,Ulqin,Crna Gora,Mali i Zi\",\"potentialAction\":[{\"@type\":\"SearchAction\",\"target\":{\"@type\":\"EntryPoint\",\"urlTemplate\":\"https:\/\/www.visit-ulcinj.com\/blog\/?s={search_term_string}\"},\"query-input\":\"required name=search_term_string\"}],\"inLanguage\":\"en-US\"},{\"@type\":\"ImageObject\",\"inLanguage\":\"en-US\",\"@id\":\"https:\/\/www.visit-ulcinj.com\/blog\/2009\/05\/05\/debati-mes-qetsorit-dhe-adeles\/#primaryimage\",\"url\":\"http:\/\/www.visit-ulcinj.com\/blog\/wp-content\/uploads\/2009\/05\/deati-qetsor-adela03.jpg\",\"contentUrl\":\"http:\/\/www.visit-ulcinj.com\/blog\/wp-content\/uploads\/2009\/05\/deati-qetsor-adela03.jpg\"},{\"@type\":\"WebPage\",\"@id\":\"https:\/\/www.visit-ulcinj.com\/blog\/2009\/05\/05\/debati-mes-qetsorit-dhe-adeles\/#webpage\",\"url\":\"https:\/\/www.visit-ulcinj.com\/blog\/2009\/05\/05\/debati-mes-qetsorit-dhe-adeles\/\",\"name\":\"Debati mes Qetsorit dhe Adel\u00c3\u00abs | Big Brother Albania 2\",\"isPartOf\":{\"@id\":\"https:\/\/www.visit-ulcinj.com\/blog\/#website\"},\"primaryImageOfPage\":{\"@id\":\"https:\/\/www.visit-ulcinj.com\/blog\/2009\/05\/05\/debati-mes-qetsorit-dhe-adeles\/#primaryimage\"},\"datePublished\":\"2009-05-05T12:00:54+00:00\",\"dateModified\":\"2009-05-04T21:19:29+00:00\",\"author\":{\"@id\":\"https:\/\/www.visit-ulcinj.com\/blog\/#\/schema\/person\/dcab619c614d3038751c63bc2aadc06d\"},\"description\":\"Big Brother Albania 2 - Qetsori ngacmon me shaka Adel\u00c3\u00abn duke i v\u00c3\u00abn\u00c3\u00ab n\u00c3\u00ab dukje se n\u00c3\u00abse do te jen\u00c3\u00ab bashk\u00c3\u00ab me Bjordin do ti kalojn\u00c3\u00ab pushimet verore shum\u00c3\u00ab k\u00c3\u00abndsh\u00c3\u00abm.\",\"breadcrumb\":{\"@id\":\"https:\/\/www.visit-ulcinj.com\/blog\/2009\/05\/05\/debati-mes-qetsorit-dhe-adeles\/#breadcrumb\"},\"inLanguage\":\"en-US\",\"potentialAction\":[{\"@type\":\"ReadAction\",\"target\":[\"https:\/\/www.visit-ulcinj.com\/blog\/2009\/05\/05\/debati-mes-qetsorit-dhe-adeles\/\"]}]},{\"@type\":\"BreadcrumbList\",\"@id\":\"https:\/\/www.visit-ulcinj.com\/blog\/2009\/05\/05\/debati-mes-qetsorit-dhe-adeles\/#breadcrumb\",\"itemListElement\":[{\"@type\":\"ListItem\",\"position\":1,\"name\":\"Debati mes Qetsorit dhe Adel\u00ebs\"}]},{\"@type\":\"Person\",\"@id\":\"https:\/\/www.visit-ulcinj.com\/blog\/#\/schema\/person\/dcab619c614d3038751c63bc2aadc06d\",\"name\":\"ulqini\",\"sameAs\":[\"http:\/\/www.visit-ulcinj.com\"],\"url\":\"https:\/\/www.visit-ulcinj.com\/blog\/author\/admin\/\"}]}<\/script>\n<!-- \/ Yoast SEO plugin. -->","yoast_head_json":{"title":"Debati mes Qetsorit dhe Adel\u00c3\u00abs | Big Brother Albania 2","description":"Big Brother Albania 2 - Qetsori ngacmon me shaka Adel\u00c3\u00abn duke i v\u00c3\u00abn\u00c3\u00ab n\u00c3\u00ab dukje se n\u00c3\u00abse do te jen\u00c3\u00ab bashk\u00c3\u00ab me Bjordin do ti kalojn\u00c3\u00ab pushimet verore shum\u00c3\u00ab k\u00c3\u00abndsh\u00c3\u00abm.","robots":{"index":"index","follow":"follow","max-snippet":"max-snippet:-1","max-image-preview":"max-image-preview:large","max-video-preview":"max-video-preview:-1"},"canonical":"https:\/\/www.visit-ulcinj.com\/blog\/2009\/05\/05\/debati-mes-qetsorit-dhe-adeles\/","og_locale":"en_US","og_type":"article","og_title":"Debati mes Qetsorit dhe Adel\u00c3\u00abs | Big Brother Albania 2","og_description":"Big Brother Albania 2 - Qetsori ngacmon me shaka Adel\u00c3\u00abn duke i v\u00c3\u00abn\u00c3\u00ab n\u00c3\u00ab dukje se n\u00c3\u00abse do te jen\u00c3\u00ab bashk\u00c3\u00ab me Bjordin do ti kalojn\u00c3\u00ab pushimet verore shum\u00c3\u00ab k\u00c3\u00abndsh\u00c3\u00abm.","og_url":"https:\/\/www.visit-ulcinj.com\/blog\/2009\/05\/05\/debati-mes-qetsorit-dhe-adeles\/","og_site_name":"Lajme nga Ulqini","article_published_time":"2009-05-05T12:00:54+00:00","article_modified_time":"2009-05-04T21:19:29+00:00","og_image":[{"url":"http:\/\/www.visit-ulcinj.com\/blog\/wp-content\/uploads\/2009\/05\/deati-qetsor-adela03.jpg"}],"twitter_misc":{"Written by":"ulqini","Est. reading time":"2 minutes"},"schema":{"@context":"https:\/\/schema.org","@graph":[{"@type":"WebSite","@id":"https:\/\/www.visit-ulcinj.com\/blog\/#website","url":"https:\/\/www.visit-ulcinj.com\/blog\/","name":"Lajme nga Ulqini","description":"Lajme,Vijesti,Ulqini,Ulqin,Crna Gora,Mali i Zi","potentialAction":[{"@type":"SearchAction","target":{"@type":"EntryPoint","urlTemplate":"https:\/\/www.visit-ulcinj.com\/blog\/?s={search_term_string}"},"query-input":"required name=search_term_string"}],"inLanguage":"en-US"},{"@type":"ImageObject","inLanguage":"en-US","@id":"https:\/\/www.visit-ulcinj.com\/blog\/2009\/05\/05\/debati-mes-qetsorit-dhe-adeles\/#primaryimage","url":"http:\/\/www.visit-ulcinj.com\/blog\/wp-content\/uploads\/2009\/05\/deati-qetsor-adela03.jpg","contentUrl":"http:\/\/www.visit-ulcinj.com\/blog\/wp-content\/uploads\/2009\/05\/deati-qetsor-adela03.jpg"},{"@type":"WebPage","@id":"https:\/\/www.visit-ulcinj.com\/blog\/2009\/05\/05\/debati-mes-qetsorit-dhe-adeles\/#webpage","url":"https:\/\/www.visit-ulcinj.com\/blog\/2009\/05\/05\/debati-mes-qetsorit-dhe-adeles\/","name":"Debati mes Qetsorit dhe Adel\u00c3\u00abs | Big Brother Albania 2","isPartOf":{"@id":"https:\/\/www.visit-ulcinj.com\/blog\/#website"},"primaryImageOfPage":{"@id":"https:\/\/www.visit-ulcinj.com\/blog\/2009\/05\/05\/debati-mes-qetsorit-dhe-adeles\/#primaryimage"},"datePublished":"2009-05-05T12:00:54+00:00","dateModified":"2009-05-04T21:19:29+00:00","author":{"@id":"https:\/\/www.visit-ulcinj.com\/blog\/#\/schema\/person\/dcab619c614d3038751c63bc2aadc06d"},"description":"Big Brother Albania 2 - Qetsori ngacmon me shaka Adel\u00c3\u00abn duke i v\u00c3\u00abn\u00c3\u00ab n\u00c3\u00ab dukje se n\u00c3\u00abse do te jen\u00c3\u00ab bashk\u00c3\u00ab me Bjordin do ti kalojn\u00c3\u00ab pushimet verore shum\u00c3\u00ab k\u00c3\u00abndsh\u00c3\u00abm.","breadcrumb":{"@id":"https:\/\/www.visit-ulcinj.com\/blog\/2009\/05\/05\/debati-mes-qetsorit-dhe-adeles\/#breadcrumb"},"inLanguage":"en-US","potentialAction":[{"@type":"ReadAction","target":["https:\/\/www.visit-ulcinj.com\/blog\/2009\/05\/05\/debati-mes-qetsorit-dhe-adeles\/"]}]},{"@type":"BreadcrumbList","@id":"https:\/\/www.visit-ulcinj.com\/blog\/2009\/05\/05\/debati-mes-qetsorit-dhe-adeles\/#breadcrumb","itemListElement":[{"@type":"ListItem","position":1,"name":"Debati mes Qetsorit dhe Adel\u00ebs"}]},{"@type":"Person","@id":"https:\/\/www.visit-ulcinj.com\/blog\/#\/schema\/person\/dcab619c614d3038751c63bc2aadc06d","name":"ulqini","sameAs":["http:\/\/www.visit-ulcinj.com"],"url":"https:\/\/www.visit-ulcinj.com\/blog\/author\/admin\/"}]}},"jetpack_featured_media_url":"","jetpack_sharing_enabled":true,"jetpack_shortlink":"https:\/\/wp.me\/pe6lTn-5f9","_links":{"self":[{"href":"https:\/\/www.visit-ulcinj.com\/blog\/wp-json\/wp\/v2\/posts\/20159"}],"collection":[{"href":"https:\/\/www.visit-ulcinj.com\/blog\/wp-json\/wp\/v2\/posts"}],"about":[{"href":"https:\/\/www.visit-ulcinj.com\/blog\/wp-json\/wp\/v2\/types\/post"}],"author":[{"embeddable":true,"href":"https:\/\/www.visit-ulcinj.com\/blog\/wp-json\/wp\/v2\/users\/1"}],"replies":[{"embeddable":true,"href":"https:\/\/www.visit-ulcinj.com\/blog\/wp-json\/wp\/v2\/comments?post=20159"}],"version-history":[{"count":0,"href":"https:\/\/www.visit-ulcinj.com\/blog\/wp-json\/wp\/v2\/posts\/20159\/revisions"}],"wp:attachment":[{"href":"https:\/\/www.visit-ulcinj.com\/blog\/wp-json\/wp\/v2\/media?parent=20159"}],"wp:term":[{"taxonomy":"category","embeddable":true,"href":"https:\/\/www.visit-ulcinj.com\/blog\/wp-json\/wp\/v2\/categories?post=20159"},{"taxonomy":"post_tag","embeddable":true,"href":"https:\/\/www.visit-ulcinj.com\/blog\/wp-json\/wp\/v2\/tags?post=20159"}],"curies":[{"name":"wp","href":"https:\/\/api.w.org\/{rel}","templated":true}]}}