{"id":20162,"date":"2009-05-05T17:00:22","date_gmt":"2009-05-05T15:00:22","guid":{"rendered":"http:\/\/www.visit-ulcinj.com\/blog\/?p=20162"},"modified":"2009-05-04T23:22:45","modified_gmt":"2009-05-04T21:22:45","slug":"anjeza-per-sorin-mendoj-se-je-i-keq","status":"publish","type":"post","link":"https:\/\/www.visit-ulcinj.com\/blog\/2009\/05\/05\/anjeza-per-sorin-mendoj-se-je-i-keq\/","title":{"rendered":"Anjeza per Sorin : Mendoj se je i keq"},"content":{"rendered":"<p><em><span class=\"newsdate\"><a href=\"http:\/\/www.visit-ulcinj.com\/blog\/wp-content\/uploads\/2009\/05\/mendo-se-je-i-keq03.jpg\"><img loading=\"lazy\" class=\"alignleft size-full wp-image-20163\" title=\"mendo-se-je-i-keq03-big-brother-albania-2\" src=\"http:\/\/www.visit-ulcinj.com\/blog\/wp-content\/uploads\/2009\/05\/mendo-se-je-i-keq03.jpg\" alt=\"mendo-se-je-i-keq03-big-brother-albania-2\" width=\"300\" height=\"205\" \/><\/a>03\/05\/09 15:00<\/span><\/em><\/p>\n<p>Anjeza me Qetsorin ndodhen n\u00eb kuzhin\u00eb dhe bisedojn\u00eb rreth opinioneve t\u00eb tyre mbi nj\u00ebri-tjetrin. Anjeza mendon se Qetsori \u00ebsht\u00eb i keq dhe do t\u00eb iste nj\u00eb zgenjim i bukur p\u00ebr t\u00eb n\u00ebse do ti dilte e kund\u00ebrta. Me sa duket Qetsori nuk mundohet aspak tja ndryshoj\u00eb k\u00ebt\u00eb mendim Anjez\u00ebs, madje i thot\u00eb q\u00eb \u00ebsht\u00eb m\u00eb mir\u00eb t\u00eb mendoj\u00eb k\u00ebshtu q\u00eb t\u00eb mos zhgenjehet nga ndonj\u00eb veprim i tij. Anjeza thot\u00eb s\u00eb n\u00eb k\u00ebt\u00eb loj\u00eb dhe bashk\u00ebjetes\u00eb zhg\u00ebnjimet i duken t\u00eb pav\u00ebnd. Anjeza shprehet e leht\u00ebsuar q\u00eb publiku e ka votuar p\u00ebr t\u00eb q\u00ebndruar brenda sht\u00ebpis\u00eb, madje nuk nguron aspak tja thot\u00eb edhe Arit me Qetsorin q\u00eb mendimi i tyre p\u00ebr t\u00eb nuk ka shum\u00eb r\u00ebnd\u00ebsi, mjafton q\u00eb publiku e ka votuar p\u00ebr t\u00eb q\u00ebndruar<\/p>\n","protected":false},"excerpt":{"rendered":"<p>03\/05\/09 15:00 Anjeza me Qetsorin ndodhen n\u00eb kuzhin\u00eb dhe bisedojn\u00eb rreth opinioneve t\u00eb tyre mbi nj\u00ebri-tjetrin. Anjeza mendon se Qetsori \u00ebsht\u00eb i keq dhe do t\u00eb iste nj\u00eb zgenjim i bukur p\u00ebr t\u00eb n\u00ebse do ti dilte e kund\u00ebrta. Me sa duket Qetsori nuk mundohet aspak tja ndryshoj\u00eb k\u00ebt\u00eb mendim Anjez\u00ebs, madje i thot\u00eb q\u00eb [&hellip;]<\/p>\n","protected":false},"author":1,"featured_media":0,"comment_status":"open","ping_status":"closed","sticky":false,"template":"","format":"standard","meta":{"spay_email":"","jetpack_publicize_message":"","jetpack_is_tweetstorm":false,"jetpack_publicize_feature_enabled":true},"categories":[6502],"tags":[8289,9121,9930,8276,9751],"jetpack_publicize_connections":[],"yoast_head":"<!-- This site is optimized with the Yoast SEO plugin v19.1 - https:\/\/yoast.com\/wordpress\/plugins\/seo\/ -->\n<title>Anjeza per Qetsori : Mendoj se je i keq | Big Brother Albania 2<\/title>\n<meta name=\"description\" content=\"Big Brother Albania 2 - Anjeza me Qetsorin ndodhen n\u00c3\u00ab kuzhin\u00c3\u00ab dhe bisedojn\u00c3\u00ab rreth opinioneve t\u00c3\u00ab tyre mbi nj\u00c3\u00abri-tjetrin.\" \/>\n<meta name=\"robots\" content=\"index, follow, max-snippet:-1, max-image-preview:large, max-video-preview:-1\" \/>\n<link rel=\"canonical\" href=\"https:\/\/www.visit-ulcinj.com\/blog\/2009\/05\/05\/anjeza-per-sorin-mendoj-se-je-i-keq\/\" \/>\n<meta property=\"og:locale\" content=\"en_US\" \/>\n<meta property=\"og:type\" content=\"article\" \/>\n<meta property=\"og:title\" content=\"Anjeza per Qetsori : Mendoj se je i keq | Big Brother Albania 2\" \/>\n<meta property=\"og:description\" content=\"Big Brother Albania 2 - Anjeza me Qetsorin ndodhen n\u00c3\u00ab kuzhin\u00c3\u00ab dhe bisedojn\u00c3\u00ab rreth opinioneve t\u00c3\u00ab tyre mbi nj\u00c3\u00abri-tjetrin.\" \/>\n<meta property=\"og:url\" content=\"https:\/\/www.visit-ulcinj.com\/blog\/2009\/05\/05\/anjeza-per-sorin-mendoj-se-je-i-keq\/\" \/>\n<meta property=\"og:site_name\" content=\"Lajme nga Ulqini\" \/>\n<meta property=\"article:published_time\" content=\"2009-05-05T15:00:22+00:00\" \/>\n<meta property=\"article:modified_time\" content=\"2009-05-04T21:22:45+00:00\" \/>\n<meta property=\"og:image\" content=\"http:\/\/www.visit-ulcinj.com\/blog\/wp-content\/uploads\/2009\/05\/mendo-se-je-i-keq03.jpg\" \/>\n<meta name=\"twitter:label1\" content=\"Written by\" \/>\n\t<meta name=\"twitter:data1\" content=\"ulqini\" \/>\n\t<meta name=\"twitter:label2\" content=\"Est. reading time\" \/>\n\t<meta name=\"twitter:data2\" content=\"1 minute\" \/>\n<script type=\"application\/ld+json\" class=\"yoast-schema-graph\">{\"@context\":\"https:\/\/schema.org\",\"@graph\":[{\"@type\":\"WebSite\",\"@id\":\"https:\/\/www.visit-ulcinj.com\/blog\/#website\",\"url\":\"https:\/\/www.visit-ulcinj.com\/blog\/\",\"name\":\"Lajme nga Ulqini\",\"description\":\"Lajme,Vijesti,Ulqini,Ulqin,Crna Gora,Mali i Zi\",\"potentialAction\":[{\"@type\":\"SearchAction\",\"target\":{\"@type\":\"EntryPoint\",\"urlTemplate\":\"https:\/\/www.visit-ulcinj.com\/blog\/?s={search_term_string}\"},\"query-input\":\"required name=search_term_string\"}],\"inLanguage\":\"en-US\"},{\"@type\":\"ImageObject\",\"inLanguage\":\"en-US\",\"@id\":\"https:\/\/www.visit-ulcinj.com\/blog\/2009\/05\/05\/anjeza-per-sorin-mendoj-se-je-i-keq\/#primaryimage\",\"url\":\"http:\/\/www.visit-ulcinj.com\/blog\/wp-content\/uploads\/2009\/05\/mendo-se-je-i-keq03.jpg\",\"contentUrl\":\"http:\/\/www.visit-ulcinj.com\/blog\/wp-content\/uploads\/2009\/05\/mendo-se-je-i-keq03.jpg\"},{\"@type\":\"WebPage\",\"@id\":\"https:\/\/www.visit-ulcinj.com\/blog\/2009\/05\/05\/anjeza-per-sorin-mendoj-se-je-i-keq\/#webpage\",\"url\":\"https:\/\/www.visit-ulcinj.com\/blog\/2009\/05\/05\/anjeza-per-sorin-mendoj-se-je-i-keq\/\",\"name\":\"Anjeza per Qetsori : Mendoj se je i keq | Big Brother Albania 2\",\"isPartOf\":{\"@id\":\"https:\/\/www.visit-ulcinj.com\/blog\/#website\"},\"primaryImageOfPage\":{\"@id\":\"https:\/\/www.visit-ulcinj.com\/blog\/2009\/05\/05\/anjeza-per-sorin-mendoj-se-je-i-keq\/#primaryimage\"},\"datePublished\":\"2009-05-05T15:00:22+00:00\",\"dateModified\":\"2009-05-04T21:22:45+00:00\",\"author\":{\"@id\":\"https:\/\/www.visit-ulcinj.com\/blog\/#\/schema\/person\/dcab619c614d3038751c63bc2aadc06d\"},\"description\":\"Big Brother Albania 2 - Anjeza me Qetsorin ndodhen n\u00c3\u00ab kuzhin\u00c3\u00ab dhe bisedojn\u00c3\u00ab rreth opinioneve t\u00c3\u00ab tyre mbi nj\u00c3\u00abri-tjetrin.\",\"breadcrumb\":{\"@id\":\"https:\/\/www.visit-ulcinj.com\/blog\/2009\/05\/05\/anjeza-per-sorin-mendoj-se-je-i-keq\/#breadcrumb\"},\"inLanguage\":\"en-US\",\"potentialAction\":[{\"@type\":\"ReadAction\",\"target\":[\"https:\/\/www.visit-ulcinj.com\/blog\/2009\/05\/05\/anjeza-per-sorin-mendoj-se-je-i-keq\/\"]}]},{\"@type\":\"BreadcrumbList\",\"@id\":\"https:\/\/www.visit-ulcinj.com\/blog\/2009\/05\/05\/anjeza-per-sorin-mendoj-se-je-i-keq\/#breadcrumb\",\"itemListElement\":[{\"@type\":\"ListItem\",\"position\":1,\"name\":\"Anjeza per Sorin : Mendoj se je i keq\"}]},{\"@type\":\"Person\",\"@id\":\"https:\/\/www.visit-ulcinj.com\/blog\/#\/schema\/person\/dcab619c614d3038751c63bc2aadc06d\",\"name\":\"ulqini\",\"sameAs\":[\"http:\/\/www.visit-ulcinj.com\"],\"url\":\"https:\/\/www.visit-ulcinj.com\/blog\/author\/admin\/\"}]}<\/script>\n<!-- \/ Yoast SEO plugin. -->","yoast_head_json":{"title":"Anjeza per Qetsori : Mendoj se je i keq | Big Brother Albania 2","description":"Big Brother Albania 2 - Anjeza me Qetsorin ndodhen n\u00c3\u00ab kuzhin\u00c3\u00ab dhe bisedojn\u00c3\u00ab rreth opinioneve t\u00c3\u00ab tyre mbi nj\u00c3\u00abri-tjetrin.","robots":{"index":"index","follow":"follow","max-snippet":"max-snippet:-1","max-image-preview":"max-image-preview:large","max-video-preview":"max-video-preview:-1"},"canonical":"https:\/\/www.visit-ulcinj.com\/blog\/2009\/05\/05\/anjeza-per-sorin-mendoj-se-je-i-keq\/","og_locale":"en_US","og_type":"article","og_title":"Anjeza per Qetsori : Mendoj se je i keq | Big Brother Albania 2","og_description":"Big Brother Albania 2 - Anjeza me Qetsorin ndodhen n\u00c3\u00ab kuzhin\u00c3\u00ab dhe bisedojn\u00c3\u00ab rreth opinioneve t\u00c3\u00ab tyre mbi nj\u00c3\u00abri-tjetrin.","og_url":"https:\/\/www.visit-ulcinj.com\/blog\/2009\/05\/05\/anjeza-per-sorin-mendoj-se-je-i-keq\/","og_site_name":"Lajme nga Ulqini","article_published_time":"2009-05-05T15:00:22+00:00","article_modified_time":"2009-05-04T21:22:45+00:00","og_image":[{"url":"http:\/\/www.visit-ulcinj.com\/blog\/wp-content\/uploads\/2009\/05\/mendo-se-je-i-keq03.jpg"}],"twitter_misc":{"Written by":"ulqini","Est. reading time":"1 minute"},"schema":{"@context":"https:\/\/schema.org","@graph":[{"@type":"WebSite","@id":"https:\/\/www.visit-ulcinj.com\/blog\/#website","url":"https:\/\/www.visit-ulcinj.com\/blog\/","name":"Lajme nga Ulqini","description":"Lajme,Vijesti,Ulqini,Ulqin,Crna Gora,Mali i Zi","potentialAction":[{"@type":"SearchAction","target":{"@type":"EntryPoint","urlTemplate":"https:\/\/www.visit-ulcinj.com\/blog\/?s={search_term_string}"},"query-input":"required name=search_term_string"}],"inLanguage":"en-US"},{"@type":"ImageObject","inLanguage":"en-US","@id":"https:\/\/www.visit-ulcinj.com\/blog\/2009\/05\/05\/anjeza-per-sorin-mendoj-se-je-i-keq\/#primaryimage","url":"http:\/\/www.visit-ulcinj.com\/blog\/wp-content\/uploads\/2009\/05\/mendo-se-je-i-keq03.jpg","contentUrl":"http:\/\/www.visit-ulcinj.com\/blog\/wp-content\/uploads\/2009\/05\/mendo-se-je-i-keq03.jpg"},{"@type":"WebPage","@id":"https:\/\/www.visit-ulcinj.com\/blog\/2009\/05\/05\/anjeza-per-sorin-mendoj-se-je-i-keq\/#webpage","url":"https:\/\/www.visit-ulcinj.com\/blog\/2009\/05\/05\/anjeza-per-sorin-mendoj-se-je-i-keq\/","name":"Anjeza per Qetsori : Mendoj se je i keq | Big Brother Albania 2","isPartOf":{"@id":"https:\/\/www.visit-ulcinj.com\/blog\/#website"},"primaryImageOfPage":{"@id":"https:\/\/www.visit-ulcinj.com\/blog\/2009\/05\/05\/anjeza-per-sorin-mendoj-se-je-i-keq\/#primaryimage"},"datePublished":"2009-05-05T15:00:22+00:00","dateModified":"2009-05-04T21:22:45+00:00","author":{"@id":"https:\/\/www.visit-ulcinj.com\/blog\/#\/schema\/person\/dcab619c614d3038751c63bc2aadc06d"},"description":"Big Brother Albania 2 - Anjeza me Qetsorin ndodhen n\u00c3\u00ab kuzhin\u00c3\u00ab dhe bisedojn\u00c3\u00ab rreth opinioneve t\u00c3\u00ab tyre mbi nj\u00c3\u00abri-tjetrin.","breadcrumb":{"@id":"https:\/\/www.visit-ulcinj.com\/blog\/2009\/05\/05\/anjeza-per-sorin-mendoj-se-je-i-keq\/#breadcrumb"},"inLanguage":"en-US","potentialAction":[{"@type":"ReadAction","target":["https:\/\/www.visit-ulcinj.com\/blog\/2009\/05\/05\/anjeza-per-sorin-mendoj-se-je-i-keq\/"]}]},{"@type":"BreadcrumbList","@id":"https:\/\/www.visit-ulcinj.com\/blog\/2009\/05\/05\/anjeza-per-sorin-mendoj-se-je-i-keq\/#breadcrumb","itemListElement":[{"@type":"ListItem","position":1,"name":"Anjeza per Sorin : Mendoj se je i keq"}]},{"@type":"Person","@id":"https:\/\/www.visit-ulcinj.com\/blog\/#\/schema\/person\/dcab619c614d3038751c63bc2aadc06d","name":"ulqini","sameAs":["http:\/\/www.visit-ulcinj.com"],"url":"https:\/\/www.visit-ulcinj.com\/blog\/author\/admin\/"}]}},"jetpack_featured_media_url":"","jetpack_sharing_enabled":true,"jetpack_shortlink":"https:\/\/wp.me\/pe6lTn-5fc","_links":{"self":[{"href":"https:\/\/www.visit-ulcinj.com\/blog\/wp-json\/wp\/v2\/posts\/20162"}],"collection":[{"href":"https:\/\/www.visit-ulcinj.com\/blog\/wp-json\/wp\/v2\/posts"}],"about":[{"href":"https:\/\/www.visit-ulcinj.com\/blog\/wp-json\/wp\/v2\/types\/post"}],"author":[{"embeddable":true,"href":"https:\/\/www.visit-ulcinj.com\/blog\/wp-json\/wp\/v2\/users\/1"}],"replies":[{"embeddable":true,"href":"https:\/\/www.visit-ulcinj.com\/blog\/wp-json\/wp\/v2\/comments?post=20162"}],"version-history":[{"count":0,"href":"https:\/\/www.visit-ulcinj.com\/blog\/wp-json\/wp\/v2\/posts\/20162\/revisions"}],"wp:attachment":[{"href":"https:\/\/www.visit-ulcinj.com\/blog\/wp-json\/wp\/v2\/media?parent=20162"}],"wp:term":[{"taxonomy":"category","embeddable":true,"href":"https:\/\/www.visit-ulcinj.com\/blog\/wp-json\/wp\/v2\/categories?post=20162"},{"taxonomy":"post_tag","embeddable":true,"href":"https:\/\/www.visit-ulcinj.com\/blog\/wp-json\/wp\/v2\/tags?post=20162"}],"curies":[{"name":"wp","href":"https:\/\/api.w.org\/{rel}","templated":true}]}}