{"id":20168,"date":"2009-05-05T16:00:25","date_gmt":"2009-05-05T14:00:25","guid":{"rendered":"http:\/\/www.visit-ulcinj.com\/blog\/?p=20168"},"modified":"2009-05-04T23:28:48","modified_gmt":"2009-05-04T21:28:48","slug":"bjordi-dhe-adelajda-mbi-te-ardhem","status":"publish","type":"post","link":"https:\/\/www.visit-ulcinj.com\/blog\/2009\/05\/05\/bjordi-dhe-adelajda-mbi-te-ardhem\/","title":{"rendered":"Bjordi dhe Adelajda : Mbi t\u00eb ardhem"},"content":{"rendered":"<p><em><span class=\"newsdate\"><a href=\"http:\/\/www.visit-ulcinj.com\/blog\/wp-content\/uploads\/2009\/05\/mbi-te-ardhmen03.jpg\"><img loading=\"lazy\" class=\"alignleft size-full wp-image-20169\" title=\"mbi-te-ardhmen03-big-brother-albania-2\" src=\"http:\/\/www.visit-ulcinj.com\/blog\/wp-content\/uploads\/2009\/05\/mbi-te-ardhmen03.jpg\" alt=\"mbi-te-ardhmen03-big-brother-albania-2\" width=\"300\" height=\"205\" \/><\/a>03\/05\/09 16:40<\/span><\/em><\/p>\n<p>Bjordi me Adelajden jan\u00eb shtrir\u00eb n\u00eb krevat dhe bisedojn\u00eb p\u00ebr t\u00eb ardhmen. Adel\u00ebs i p\u00eblqen serioziteti q\u00eb me sa duket nga biseda e dy banor\u00ebve, Bjordit nuk i shkon p\u00ebr shtat. Ajo mundohet ta bind\u00eb Bjordin ti marr\u00eb m\u00eb me seriozitet gj\u00ebrat duke p\u00ebrfshir\u00eb dhe lidhjen e tyre, por Bjordi e kund\u00ebrshton dhe thot\u00eb se serioziteti nuk tregohet me fjal\u00eb. Gj\u00ebja q\u00eb Adela p\u00eblqen m\u00eb tep\u00ebr tek nj\u00eb mashkull \u00ebsht\u00eb pik\u00ebrisht serioziteti dhe shton se nuk mund ti marrin gj\u00ebrat gjithmon\u00eb leht\u00eb. Si shembull ajo merr ish banorin e \u201cBig Brother\u201d Dritanin. Bjordi e kthen me shaka duke i th\u00ebn\u00eb se ai \u00ebsht\u00eb m\u00eb i bukur se Dritani, por Adela i kthehet duke e sqaruar se nuk e ka fjal\u00ebn p\u00ebr aspektin fizik por seriozitetin q\u00eb ai u jepte gj\u00ebrave. Bjordi flet kuptimin q\u00eb i jep ai seriozitetit dhe pik\u00ebrisht p\u00ebr k\u00ebt\u00eb arsye atij i p\u00eblqejn\u00eb vajzat m\u00eb t\u00eb m\u00ebdha se vetja. P\u00ebr t\u00eb dashuria \u00ebsht\u00eb gj\u00ebja m\u00eb e rendesishme, kur ke dashurin\u00eb thot\u00eb ai, nuk ke nevoj\u00eb p\u00ebr lukse t\u00eb m\u00ebdha, sht\u00ebpi, llogari bankare etj.<\/p>\n","protected":false},"excerpt":{"rendered":"<p>03\/05\/09 16:40 Bjordi me Adelajden jan\u00eb shtrir\u00eb n\u00eb krevat dhe bisedojn\u00eb p\u00ebr t\u00eb ardhmen. Adel\u00ebs i p\u00eblqen serioziteti q\u00eb me sa duket nga biseda e dy banor\u00ebve, Bjordit nuk i shkon p\u00ebr shtat. Ajo mundohet ta bind\u00eb Bjordin ti marr\u00eb m\u00eb me seriozitet gj\u00ebrat duke p\u00ebrfshir\u00eb dhe lidhjen e tyre, por Bjordi e kund\u00ebrshton dhe [&hellip;]<\/p>\n","protected":false},"author":1,"featured_media":0,"comment_status":"open","ping_status":"closed","sticky":false,"template":"","format":"standard","meta":{"spay_email":"","jetpack_publicize_message":"","jetpack_is_tweetstorm":false,"jetpack_publicize_feature_enabled":true},"categories":[6502],"tags":[6529,9121,6522,9931,9932],"jetpack_publicize_connections":[],"yoast_head":"<!-- This site is optimized with the Yoast SEO plugin v19.1 - https:\/\/yoast.com\/wordpress\/plugins\/seo\/ -->\n<title>Bjordi dhe Adelajda : Mbi t\u00c3\u00ab ardhem | Big Brother Albania 2<\/title>\n<meta name=\"description\" content=\"Big Brother Albania 2 - Bjordi me Adelajden jan\u00c3\u00ab shtrir\u00c3\u00ab n\u00c3\u00ab krevat dhe bisedojn\u00c3\u00ab p\u00c3\u00abr t\u00c3\u00ab ardhmen.\" \/>\n<meta name=\"robots\" content=\"index, follow, max-snippet:-1, max-image-preview:large, max-video-preview:-1\" \/>\n<link rel=\"canonical\" href=\"https:\/\/www.visit-ulcinj.com\/blog\/2009\/05\/05\/bjordi-dhe-adelajda-mbi-te-ardhem\/\" \/>\n<meta property=\"og:locale\" content=\"en_US\" \/>\n<meta property=\"og:type\" content=\"article\" \/>\n<meta property=\"og:title\" content=\"Bjordi dhe Adelajda : Mbi t\u00c3\u00ab ardhem | Big Brother Albania 2\" \/>\n<meta property=\"og:description\" content=\"Big Brother Albania 2 - Bjordi me Adelajden jan\u00c3\u00ab shtrir\u00c3\u00ab n\u00c3\u00ab krevat dhe bisedojn\u00c3\u00ab p\u00c3\u00abr t\u00c3\u00ab ardhmen.\" \/>\n<meta property=\"og:url\" content=\"https:\/\/www.visit-ulcinj.com\/blog\/2009\/05\/05\/bjordi-dhe-adelajda-mbi-te-ardhem\/\" \/>\n<meta property=\"og:site_name\" content=\"Lajme nga Ulqini\" \/>\n<meta property=\"article:published_time\" content=\"2009-05-05T14:00:25+00:00\" \/>\n<meta property=\"article:modified_time\" content=\"2009-05-04T21:28:48+00:00\" \/>\n<meta property=\"og:image\" content=\"http:\/\/www.visit-ulcinj.com\/blog\/wp-content\/uploads\/2009\/05\/mbi-te-ardhmen03.jpg\" \/>\n<meta name=\"twitter:label1\" content=\"Written by\" \/>\n\t<meta name=\"twitter:data1\" content=\"ulqini\" \/>\n\t<meta name=\"twitter:label2\" content=\"Est. reading time\" \/>\n\t<meta name=\"twitter:data2\" content=\"1 minute\" \/>\n<script type=\"application\/ld+json\" class=\"yoast-schema-graph\">{\"@context\":\"https:\/\/schema.org\",\"@graph\":[{\"@type\":\"WebSite\",\"@id\":\"https:\/\/www.visit-ulcinj.com\/blog\/#website\",\"url\":\"https:\/\/www.visit-ulcinj.com\/blog\/\",\"name\":\"Lajme nga Ulqini\",\"description\":\"Lajme,Vijesti,Ulqini,Ulqin,Crna Gora,Mali i Zi\",\"potentialAction\":[{\"@type\":\"SearchAction\",\"target\":{\"@type\":\"EntryPoint\",\"urlTemplate\":\"https:\/\/www.visit-ulcinj.com\/blog\/?s={search_term_string}\"},\"query-input\":\"required name=search_term_string\"}],\"inLanguage\":\"en-US\"},{\"@type\":\"ImageObject\",\"inLanguage\":\"en-US\",\"@id\":\"https:\/\/www.visit-ulcinj.com\/blog\/2009\/05\/05\/bjordi-dhe-adelajda-mbi-te-ardhem\/#primaryimage\",\"url\":\"http:\/\/www.visit-ulcinj.com\/blog\/wp-content\/uploads\/2009\/05\/mbi-te-ardhmen03.jpg\",\"contentUrl\":\"http:\/\/www.visit-ulcinj.com\/blog\/wp-content\/uploads\/2009\/05\/mbi-te-ardhmen03.jpg\"},{\"@type\":\"WebPage\",\"@id\":\"https:\/\/www.visit-ulcinj.com\/blog\/2009\/05\/05\/bjordi-dhe-adelajda-mbi-te-ardhem\/#webpage\",\"url\":\"https:\/\/www.visit-ulcinj.com\/blog\/2009\/05\/05\/bjordi-dhe-adelajda-mbi-te-ardhem\/\",\"name\":\"Bjordi dhe Adelajda : Mbi t\u00c3\u00ab ardhem | Big Brother Albania 2\",\"isPartOf\":{\"@id\":\"https:\/\/www.visit-ulcinj.com\/blog\/#website\"},\"primaryImageOfPage\":{\"@id\":\"https:\/\/www.visit-ulcinj.com\/blog\/2009\/05\/05\/bjordi-dhe-adelajda-mbi-te-ardhem\/#primaryimage\"},\"datePublished\":\"2009-05-05T14:00:25+00:00\",\"dateModified\":\"2009-05-04T21:28:48+00:00\",\"author\":{\"@id\":\"https:\/\/www.visit-ulcinj.com\/blog\/#\/schema\/person\/dcab619c614d3038751c63bc2aadc06d\"},\"description\":\"Big Brother Albania 2 - Bjordi me Adelajden jan\u00c3\u00ab shtrir\u00c3\u00ab n\u00c3\u00ab krevat dhe bisedojn\u00c3\u00ab p\u00c3\u00abr t\u00c3\u00ab ardhmen.\",\"breadcrumb\":{\"@id\":\"https:\/\/www.visit-ulcinj.com\/blog\/2009\/05\/05\/bjordi-dhe-adelajda-mbi-te-ardhem\/#breadcrumb\"},\"inLanguage\":\"en-US\",\"potentialAction\":[{\"@type\":\"ReadAction\",\"target\":[\"https:\/\/www.visit-ulcinj.com\/blog\/2009\/05\/05\/bjordi-dhe-adelajda-mbi-te-ardhem\/\"]}]},{\"@type\":\"BreadcrumbList\",\"@id\":\"https:\/\/www.visit-ulcinj.com\/blog\/2009\/05\/05\/bjordi-dhe-adelajda-mbi-te-ardhem\/#breadcrumb\",\"itemListElement\":[{\"@type\":\"ListItem\",\"position\":1,\"name\":\"Bjordi dhe Adelajda : Mbi t\u00eb ardhem\"}]},{\"@type\":\"Person\",\"@id\":\"https:\/\/www.visit-ulcinj.com\/blog\/#\/schema\/person\/dcab619c614d3038751c63bc2aadc06d\",\"name\":\"ulqini\",\"sameAs\":[\"http:\/\/www.visit-ulcinj.com\"],\"url\":\"https:\/\/www.visit-ulcinj.com\/blog\/author\/admin\/\"}]}<\/script>\n<!-- \/ Yoast SEO plugin. -->","yoast_head_json":{"title":"Bjordi dhe Adelajda : Mbi t\u00c3\u00ab ardhem | Big Brother Albania 2","description":"Big Brother Albania 2 - Bjordi me Adelajden jan\u00c3\u00ab shtrir\u00c3\u00ab n\u00c3\u00ab krevat dhe bisedojn\u00c3\u00ab p\u00c3\u00abr t\u00c3\u00ab ardhmen.","robots":{"index":"index","follow":"follow","max-snippet":"max-snippet:-1","max-image-preview":"max-image-preview:large","max-video-preview":"max-video-preview:-1"},"canonical":"https:\/\/www.visit-ulcinj.com\/blog\/2009\/05\/05\/bjordi-dhe-adelajda-mbi-te-ardhem\/","og_locale":"en_US","og_type":"article","og_title":"Bjordi dhe Adelajda : Mbi t\u00c3\u00ab ardhem | Big Brother Albania 2","og_description":"Big Brother Albania 2 - Bjordi me Adelajden jan\u00c3\u00ab shtrir\u00c3\u00ab n\u00c3\u00ab krevat dhe bisedojn\u00c3\u00ab p\u00c3\u00abr t\u00c3\u00ab ardhmen.","og_url":"https:\/\/www.visit-ulcinj.com\/blog\/2009\/05\/05\/bjordi-dhe-adelajda-mbi-te-ardhem\/","og_site_name":"Lajme nga Ulqini","article_published_time":"2009-05-05T14:00:25+00:00","article_modified_time":"2009-05-04T21:28:48+00:00","og_image":[{"url":"http:\/\/www.visit-ulcinj.com\/blog\/wp-content\/uploads\/2009\/05\/mbi-te-ardhmen03.jpg"}],"twitter_misc":{"Written by":"ulqini","Est. reading time":"1 minute"},"schema":{"@context":"https:\/\/schema.org","@graph":[{"@type":"WebSite","@id":"https:\/\/www.visit-ulcinj.com\/blog\/#website","url":"https:\/\/www.visit-ulcinj.com\/blog\/","name":"Lajme nga Ulqini","description":"Lajme,Vijesti,Ulqini,Ulqin,Crna Gora,Mali i Zi","potentialAction":[{"@type":"SearchAction","target":{"@type":"EntryPoint","urlTemplate":"https:\/\/www.visit-ulcinj.com\/blog\/?s={search_term_string}"},"query-input":"required name=search_term_string"}],"inLanguage":"en-US"},{"@type":"ImageObject","inLanguage":"en-US","@id":"https:\/\/www.visit-ulcinj.com\/blog\/2009\/05\/05\/bjordi-dhe-adelajda-mbi-te-ardhem\/#primaryimage","url":"http:\/\/www.visit-ulcinj.com\/blog\/wp-content\/uploads\/2009\/05\/mbi-te-ardhmen03.jpg","contentUrl":"http:\/\/www.visit-ulcinj.com\/blog\/wp-content\/uploads\/2009\/05\/mbi-te-ardhmen03.jpg"},{"@type":"WebPage","@id":"https:\/\/www.visit-ulcinj.com\/blog\/2009\/05\/05\/bjordi-dhe-adelajda-mbi-te-ardhem\/#webpage","url":"https:\/\/www.visit-ulcinj.com\/blog\/2009\/05\/05\/bjordi-dhe-adelajda-mbi-te-ardhem\/","name":"Bjordi dhe Adelajda : Mbi t\u00c3\u00ab ardhem | Big Brother Albania 2","isPartOf":{"@id":"https:\/\/www.visit-ulcinj.com\/blog\/#website"},"primaryImageOfPage":{"@id":"https:\/\/www.visit-ulcinj.com\/blog\/2009\/05\/05\/bjordi-dhe-adelajda-mbi-te-ardhem\/#primaryimage"},"datePublished":"2009-05-05T14:00:25+00:00","dateModified":"2009-05-04T21:28:48+00:00","author":{"@id":"https:\/\/www.visit-ulcinj.com\/blog\/#\/schema\/person\/dcab619c614d3038751c63bc2aadc06d"},"description":"Big Brother Albania 2 - Bjordi me Adelajden jan\u00c3\u00ab shtrir\u00c3\u00ab n\u00c3\u00ab krevat dhe bisedojn\u00c3\u00ab p\u00c3\u00abr t\u00c3\u00ab ardhmen.","breadcrumb":{"@id":"https:\/\/www.visit-ulcinj.com\/blog\/2009\/05\/05\/bjordi-dhe-adelajda-mbi-te-ardhem\/#breadcrumb"},"inLanguage":"en-US","potentialAction":[{"@type":"ReadAction","target":["https:\/\/www.visit-ulcinj.com\/blog\/2009\/05\/05\/bjordi-dhe-adelajda-mbi-te-ardhem\/"]}]},{"@type":"BreadcrumbList","@id":"https:\/\/www.visit-ulcinj.com\/blog\/2009\/05\/05\/bjordi-dhe-adelajda-mbi-te-ardhem\/#breadcrumb","itemListElement":[{"@type":"ListItem","position":1,"name":"Bjordi dhe Adelajda : Mbi t\u00eb ardhem"}]},{"@type":"Person","@id":"https:\/\/www.visit-ulcinj.com\/blog\/#\/schema\/person\/dcab619c614d3038751c63bc2aadc06d","name":"ulqini","sameAs":["http:\/\/www.visit-ulcinj.com"],"url":"https:\/\/www.visit-ulcinj.com\/blog\/author\/admin\/"}]}},"jetpack_featured_media_url":"","jetpack_sharing_enabled":true,"jetpack_shortlink":"https:\/\/wp.me\/pe6lTn-5fi","_links":{"self":[{"href":"https:\/\/www.visit-ulcinj.com\/blog\/wp-json\/wp\/v2\/posts\/20168"}],"collection":[{"href":"https:\/\/www.visit-ulcinj.com\/blog\/wp-json\/wp\/v2\/posts"}],"about":[{"href":"https:\/\/www.visit-ulcinj.com\/blog\/wp-json\/wp\/v2\/types\/post"}],"author":[{"embeddable":true,"href":"https:\/\/www.visit-ulcinj.com\/blog\/wp-json\/wp\/v2\/users\/1"}],"replies":[{"embeddable":true,"href":"https:\/\/www.visit-ulcinj.com\/blog\/wp-json\/wp\/v2\/comments?post=20168"}],"version-history":[{"count":0,"href":"https:\/\/www.visit-ulcinj.com\/blog\/wp-json\/wp\/v2\/posts\/20168\/revisions"}],"wp:attachment":[{"href":"https:\/\/www.visit-ulcinj.com\/blog\/wp-json\/wp\/v2\/media?parent=20168"}],"wp:term":[{"taxonomy":"category","embeddable":true,"href":"https:\/\/www.visit-ulcinj.com\/blog\/wp-json\/wp\/v2\/categories?post=20168"},{"taxonomy":"post_tag","embeddable":true,"href":"https:\/\/www.visit-ulcinj.com\/blog\/wp-json\/wp\/v2\/tags?post=20168"}],"curies":[{"name":"wp","href":"https:\/\/api.w.org\/{rel}","templated":true}]}}