{"id":20171,"date":"2009-05-05T16:00:04","date_gmt":"2009-05-05T14:00:04","guid":{"rendered":"http:\/\/www.visit-ulcinj.com\/blog\/?p=20171"},"modified":"2009-05-04T23:35:13","modified_gmt":"2009-05-04T21:35:13","slug":"adelajda-dhe-mimoza-njera-nga-ne-do-dale","status":"publish","type":"post","link":"https:\/\/www.visit-ulcinj.com\/blog\/2009\/05\/05\/adelajda-dhe-mimoza-njera-nga-ne-do-dale\/","title":{"rendered":"Adelajda dhe Mimoza : Nj\u00ebra nga ne do dal\u00eb"},"content":{"rendered":"<p><em><span class=\"newsdate\"><a href=\"http:\/\/www.visit-ulcinj.com\/blog\/wp-content\/uploads\/2009\/05\/mozaadela-dal03.jpg\"><img loading=\"lazy\" class=\"alignleft size-full wp-image-20172\" title=\"mozaadela-dal03-big-brother-albania-2\" src=\"http:\/\/www.visit-ulcinj.com\/blog\/wp-content\/uploads\/2009\/05\/mozaadela-dal03.jpg\" alt=\"mozaadela-dal03-big-brother-albania-2\" width=\"300\" height=\"205\" \/><\/a>03\/05\/09 18:59<\/span><\/em><\/p>\n<p>Adelajda dhe Mimoza diskutojn\u00eb p\u00ebr nominimet. Mimoza i thot\u00eb Adelajd\u00ebs q\u00eb nuk vjen mir\u00eb q\u00eb kan\u00eb dal\u00eb t\u00eb dyja n\u00eb nominim, pasi do d\u00ebshironte q\u00eb t\u00eb ishin t\u00eb dyja n\u00eb finale. Adelajda mendon q\u00eb nj\u00ebra nga ato do dal\u00eb, pasi sipas mendimit t\u00eb saj Qetsori nuk del. Mimoza thot\u00eb:-\u201cGj\u00ebrat k\u00ebtu jan\u00eb t\u00eb paparashikueshme!\u201d Ajo vazhdon duke th\u00ebn\u00eb q\u00eb dhe p\u00ebr Aid\u00ebn kishte p\u00ebrshtypjen q\u00eb do shkonte deri n\u00eb finale , por n\u00eb realitet ndodhi ndryshe. Ajo shton:-\u201cUn\u00eb do dal!\u201d Ato shprehen q\u00eb do d\u00ebshironin q\u00eb t\u00eb ishin n\u00eb dyja n\u00eb fundin e k\u00ebtij rrug\u00ebtimi. Mimoza mendon q\u00eb Adelajda nuk do dal\u00eb pasi \u00ebsht\u00eb i vetmi cift q\u00eb ka ngelur brenda sht\u00ebpis\u00eb. M\u00ebnyra e llogjikimit t\u00eb Mimoz\u00ebs sipas Adelajd\u00ebs \u00ebsht\u00eb e gabuar, pasi p\u00ebr nj\u00eb jav\u00eb nuk ka m\u00eb r\u00ebnd\u00ebsi cifti p\u00ebr publikun. Ajo vazhdon duke th\u00ebn\u00eb q\u00eb p\u00ebr t\u00eb Mimoza ka q\u00ebn\u00eb e vetmja shoqe.<\/p>\n","protected":false},"excerpt":{"rendered":"<p>03\/05\/09 18:59 Adelajda dhe Mimoza diskutojn\u00eb p\u00ebr nominimet. Mimoza i thot\u00eb Adelajd\u00ebs q\u00eb nuk vjen mir\u00eb q\u00eb kan\u00eb dal\u00eb t\u00eb dyja n\u00eb nominim, pasi do d\u00ebshironte q\u00eb t\u00eb ishin t\u00eb dyja n\u00eb finale. Adelajda mendon q\u00eb nj\u00ebra nga ato do dal\u00eb, pasi sipas mendimit t\u00eb saj Qetsori nuk del. Mimoza thot\u00eb:-\u201cGj\u00ebrat k\u00ebtu jan\u00eb t\u00eb paparashikueshme!\u201d [&hellip;]<\/p>\n","protected":false},"author":1,"featured_media":0,"comment_status":"open","ping_status":"closed","sticky":false,"template":"","format":"standard","meta":{"spay_email":"","jetpack_publicize_message":"","jetpack_is_tweetstorm":false,"jetpack_publicize_feature_enabled":true},"categories":[6502],"tags":[6529,9121,8274,6544,6757,9933],"jetpack_publicize_connections":[],"yoast_head":"<!-- This site is optimized with the Yoast SEO plugin v19.1 - https:\/\/yoast.com\/wordpress\/plugins\/seo\/ -->\n<title>Adelajda dhe Mimoza : Nj\u00c3\u00abra nga ne do dal\u00c3\u00ab | Big Brother Albania 2<\/title>\n<meta name=\"description\" content=\"Big Brother Albania 2 - Adelajda dhe Mimoza diskutojn\u00c3\u00ab p\u00c3\u00abr nominimet. Mimoza i thot\u00c3\u00ab Adelajd\u00c3\u00abs q\u00c3\u00ab nuk vjen mir\u00c3\u00ab q\u00c3\u00ab kan\u00c3\u00ab dal\u00c3\u00ab t\u00c3\u00ab dyja n\u00c3\u00ab nominim\" \/>\n<meta name=\"robots\" content=\"index, follow, max-snippet:-1, max-image-preview:large, max-video-preview:-1\" \/>\n<link rel=\"canonical\" href=\"https:\/\/www.visit-ulcinj.com\/blog\/2009\/05\/05\/adelajda-dhe-mimoza-njera-nga-ne-do-dale\/\" \/>\n<meta property=\"og:locale\" content=\"en_US\" \/>\n<meta property=\"og:type\" content=\"article\" \/>\n<meta property=\"og:title\" content=\"Adelajda dhe Mimoza : Nj\u00c3\u00abra nga ne do dal\u00c3\u00ab | Big Brother Albania 2\" \/>\n<meta property=\"og:description\" content=\"Big Brother Albania 2 - Adelajda dhe Mimoza diskutojn\u00c3\u00ab p\u00c3\u00abr nominimet. Mimoza i thot\u00c3\u00ab Adelajd\u00c3\u00abs q\u00c3\u00ab nuk vjen mir\u00c3\u00ab q\u00c3\u00ab kan\u00c3\u00ab dal\u00c3\u00ab t\u00c3\u00ab dyja n\u00c3\u00ab nominim\" \/>\n<meta property=\"og:url\" content=\"https:\/\/www.visit-ulcinj.com\/blog\/2009\/05\/05\/adelajda-dhe-mimoza-njera-nga-ne-do-dale\/\" \/>\n<meta property=\"og:site_name\" content=\"Lajme nga Ulqini\" \/>\n<meta property=\"article:published_time\" content=\"2009-05-05T14:00:04+00:00\" \/>\n<meta property=\"article:modified_time\" content=\"2009-05-04T21:35:13+00:00\" \/>\n<meta property=\"og:image\" content=\"http:\/\/www.visit-ulcinj.com\/blog\/wp-content\/uploads\/2009\/05\/mozaadela-dal03.jpg\" \/>\n<meta name=\"twitter:label1\" content=\"Written by\" \/>\n\t<meta name=\"twitter:data1\" content=\"ulqini\" \/>\n\t<meta name=\"twitter:label2\" content=\"Est. reading time\" \/>\n\t<meta name=\"twitter:data2\" content=\"1 minute\" \/>\n<script type=\"application\/ld+json\" class=\"yoast-schema-graph\">{\"@context\":\"https:\/\/schema.org\",\"@graph\":[{\"@type\":\"WebSite\",\"@id\":\"https:\/\/www.visit-ulcinj.com\/blog\/#website\",\"url\":\"https:\/\/www.visit-ulcinj.com\/blog\/\",\"name\":\"Lajme nga Ulqini\",\"description\":\"Lajme,Vijesti,Ulqini,Ulqin,Crna Gora,Mali i Zi\",\"potentialAction\":[{\"@type\":\"SearchAction\",\"target\":{\"@type\":\"EntryPoint\",\"urlTemplate\":\"https:\/\/www.visit-ulcinj.com\/blog\/?s={search_term_string}\"},\"query-input\":\"required name=search_term_string\"}],\"inLanguage\":\"en-US\"},{\"@type\":\"ImageObject\",\"inLanguage\":\"en-US\",\"@id\":\"https:\/\/www.visit-ulcinj.com\/blog\/2009\/05\/05\/adelajda-dhe-mimoza-njera-nga-ne-do-dale\/#primaryimage\",\"url\":\"http:\/\/www.visit-ulcinj.com\/blog\/wp-content\/uploads\/2009\/05\/mozaadela-dal03.jpg\",\"contentUrl\":\"http:\/\/www.visit-ulcinj.com\/blog\/wp-content\/uploads\/2009\/05\/mozaadela-dal03.jpg\"},{\"@type\":\"WebPage\",\"@id\":\"https:\/\/www.visit-ulcinj.com\/blog\/2009\/05\/05\/adelajda-dhe-mimoza-njera-nga-ne-do-dale\/#webpage\",\"url\":\"https:\/\/www.visit-ulcinj.com\/blog\/2009\/05\/05\/adelajda-dhe-mimoza-njera-nga-ne-do-dale\/\",\"name\":\"Adelajda dhe Mimoza : Nj\u00c3\u00abra nga ne do dal\u00c3\u00ab | Big Brother Albania 2\",\"isPartOf\":{\"@id\":\"https:\/\/www.visit-ulcinj.com\/blog\/#website\"},\"primaryImageOfPage\":{\"@id\":\"https:\/\/www.visit-ulcinj.com\/blog\/2009\/05\/05\/adelajda-dhe-mimoza-njera-nga-ne-do-dale\/#primaryimage\"},\"datePublished\":\"2009-05-05T14:00:04+00:00\",\"dateModified\":\"2009-05-04T21:35:13+00:00\",\"author\":{\"@id\":\"https:\/\/www.visit-ulcinj.com\/blog\/#\/schema\/person\/dcab619c614d3038751c63bc2aadc06d\"},\"description\":\"Big Brother Albania 2 - Adelajda dhe Mimoza diskutojn\u00c3\u00ab p\u00c3\u00abr nominimet. Mimoza i thot\u00c3\u00ab Adelajd\u00c3\u00abs q\u00c3\u00ab nuk vjen mir\u00c3\u00ab q\u00c3\u00ab kan\u00c3\u00ab dal\u00c3\u00ab t\u00c3\u00ab dyja n\u00c3\u00ab nominim\",\"breadcrumb\":{\"@id\":\"https:\/\/www.visit-ulcinj.com\/blog\/2009\/05\/05\/adelajda-dhe-mimoza-njera-nga-ne-do-dale\/#breadcrumb\"},\"inLanguage\":\"en-US\",\"potentialAction\":[{\"@type\":\"ReadAction\",\"target\":[\"https:\/\/www.visit-ulcinj.com\/blog\/2009\/05\/05\/adelajda-dhe-mimoza-njera-nga-ne-do-dale\/\"]}]},{\"@type\":\"BreadcrumbList\",\"@id\":\"https:\/\/www.visit-ulcinj.com\/blog\/2009\/05\/05\/adelajda-dhe-mimoza-njera-nga-ne-do-dale\/#breadcrumb\",\"itemListElement\":[{\"@type\":\"ListItem\",\"position\":1,\"name\":\"Adelajda dhe Mimoza : Nj\u00ebra nga ne do dal\u00eb\"}]},{\"@type\":\"Person\",\"@id\":\"https:\/\/www.visit-ulcinj.com\/blog\/#\/schema\/person\/dcab619c614d3038751c63bc2aadc06d\",\"name\":\"ulqini\",\"sameAs\":[\"http:\/\/www.visit-ulcinj.com\"],\"url\":\"https:\/\/www.visit-ulcinj.com\/blog\/author\/admin\/\"}]}<\/script>\n<!-- \/ Yoast SEO plugin. -->","yoast_head_json":{"title":"Adelajda dhe Mimoza : Nj\u00c3\u00abra nga ne do dal\u00c3\u00ab | Big Brother Albania 2","description":"Big Brother Albania 2 - Adelajda dhe Mimoza diskutojn\u00c3\u00ab p\u00c3\u00abr nominimet. Mimoza i thot\u00c3\u00ab Adelajd\u00c3\u00abs q\u00c3\u00ab nuk vjen mir\u00c3\u00ab q\u00c3\u00ab kan\u00c3\u00ab dal\u00c3\u00ab t\u00c3\u00ab dyja n\u00c3\u00ab nominim","robots":{"index":"index","follow":"follow","max-snippet":"max-snippet:-1","max-image-preview":"max-image-preview:large","max-video-preview":"max-video-preview:-1"},"canonical":"https:\/\/www.visit-ulcinj.com\/blog\/2009\/05\/05\/adelajda-dhe-mimoza-njera-nga-ne-do-dale\/","og_locale":"en_US","og_type":"article","og_title":"Adelajda dhe Mimoza : Nj\u00c3\u00abra nga ne do dal\u00c3\u00ab | Big Brother Albania 2","og_description":"Big Brother Albania 2 - Adelajda dhe Mimoza diskutojn\u00c3\u00ab p\u00c3\u00abr nominimet. Mimoza i thot\u00c3\u00ab Adelajd\u00c3\u00abs q\u00c3\u00ab nuk vjen mir\u00c3\u00ab q\u00c3\u00ab kan\u00c3\u00ab dal\u00c3\u00ab t\u00c3\u00ab dyja n\u00c3\u00ab nominim","og_url":"https:\/\/www.visit-ulcinj.com\/blog\/2009\/05\/05\/adelajda-dhe-mimoza-njera-nga-ne-do-dale\/","og_site_name":"Lajme nga Ulqini","article_published_time":"2009-05-05T14:00:04+00:00","article_modified_time":"2009-05-04T21:35:13+00:00","og_image":[{"url":"http:\/\/www.visit-ulcinj.com\/blog\/wp-content\/uploads\/2009\/05\/mozaadela-dal03.jpg"}],"twitter_misc":{"Written by":"ulqini","Est. reading time":"1 minute"},"schema":{"@context":"https:\/\/schema.org","@graph":[{"@type":"WebSite","@id":"https:\/\/www.visit-ulcinj.com\/blog\/#website","url":"https:\/\/www.visit-ulcinj.com\/blog\/","name":"Lajme nga Ulqini","description":"Lajme,Vijesti,Ulqini,Ulqin,Crna Gora,Mali i Zi","potentialAction":[{"@type":"SearchAction","target":{"@type":"EntryPoint","urlTemplate":"https:\/\/www.visit-ulcinj.com\/blog\/?s={search_term_string}"},"query-input":"required name=search_term_string"}],"inLanguage":"en-US"},{"@type":"ImageObject","inLanguage":"en-US","@id":"https:\/\/www.visit-ulcinj.com\/blog\/2009\/05\/05\/adelajda-dhe-mimoza-njera-nga-ne-do-dale\/#primaryimage","url":"http:\/\/www.visit-ulcinj.com\/blog\/wp-content\/uploads\/2009\/05\/mozaadela-dal03.jpg","contentUrl":"http:\/\/www.visit-ulcinj.com\/blog\/wp-content\/uploads\/2009\/05\/mozaadela-dal03.jpg"},{"@type":"WebPage","@id":"https:\/\/www.visit-ulcinj.com\/blog\/2009\/05\/05\/adelajda-dhe-mimoza-njera-nga-ne-do-dale\/#webpage","url":"https:\/\/www.visit-ulcinj.com\/blog\/2009\/05\/05\/adelajda-dhe-mimoza-njera-nga-ne-do-dale\/","name":"Adelajda dhe Mimoza : Nj\u00c3\u00abra nga ne do dal\u00c3\u00ab | Big Brother Albania 2","isPartOf":{"@id":"https:\/\/www.visit-ulcinj.com\/blog\/#website"},"primaryImageOfPage":{"@id":"https:\/\/www.visit-ulcinj.com\/blog\/2009\/05\/05\/adelajda-dhe-mimoza-njera-nga-ne-do-dale\/#primaryimage"},"datePublished":"2009-05-05T14:00:04+00:00","dateModified":"2009-05-04T21:35:13+00:00","author":{"@id":"https:\/\/www.visit-ulcinj.com\/blog\/#\/schema\/person\/dcab619c614d3038751c63bc2aadc06d"},"description":"Big Brother Albania 2 - Adelajda dhe Mimoza diskutojn\u00c3\u00ab p\u00c3\u00abr nominimet. Mimoza i thot\u00c3\u00ab Adelajd\u00c3\u00abs q\u00c3\u00ab nuk vjen mir\u00c3\u00ab q\u00c3\u00ab kan\u00c3\u00ab dal\u00c3\u00ab t\u00c3\u00ab dyja n\u00c3\u00ab nominim","breadcrumb":{"@id":"https:\/\/www.visit-ulcinj.com\/blog\/2009\/05\/05\/adelajda-dhe-mimoza-njera-nga-ne-do-dale\/#breadcrumb"},"inLanguage":"en-US","potentialAction":[{"@type":"ReadAction","target":["https:\/\/www.visit-ulcinj.com\/blog\/2009\/05\/05\/adelajda-dhe-mimoza-njera-nga-ne-do-dale\/"]}]},{"@type":"BreadcrumbList","@id":"https:\/\/www.visit-ulcinj.com\/blog\/2009\/05\/05\/adelajda-dhe-mimoza-njera-nga-ne-do-dale\/#breadcrumb","itemListElement":[{"@type":"ListItem","position":1,"name":"Adelajda dhe Mimoza : Nj\u00ebra nga ne do dal\u00eb"}]},{"@type":"Person","@id":"https:\/\/www.visit-ulcinj.com\/blog\/#\/schema\/person\/dcab619c614d3038751c63bc2aadc06d","name":"ulqini","sameAs":["http:\/\/www.visit-ulcinj.com"],"url":"https:\/\/www.visit-ulcinj.com\/blog\/author\/admin\/"}]}},"jetpack_featured_media_url":"","jetpack_sharing_enabled":true,"jetpack_shortlink":"https:\/\/wp.me\/pe6lTn-5fl","_links":{"self":[{"href":"https:\/\/www.visit-ulcinj.com\/blog\/wp-json\/wp\/v2\/posts\/20171"}],"collection":[{"href":"https:\/\/www.visit-ulcinj.com\/blog\/wp-json\/wp\/v2\/posts"}],"about":[{"href":"https:\/\/www.visit-ulcinj.com\/blog\/wp-json\/wp\/v2\/types\/post"}],"author":[{"embeddable":true,"href":"https:\/\/www.visit-ulcinj.com\/blog\/wp-json\/wp\/v2\/users\/1"}],"replies":[{"embeddable":true,"href":"https:\/\/www.visit-ulcinj.com\/blog\/wp-json\/wp\/v2\/comments?post=20171"}],"version-history":[{"count":0,"href":"https:\/\/www.visit-ulcinj.com\/blog\/wp-json\/wp\/v2\/posts\/20171\/revisions"}],"wp:attachment":[{"href":"https:\/\/www.visit-ulcinj.com\/blog\/wp-json\/wp\/v2\/media?parent=20171"}],"wp:term":[{"taxonomy":"category","embeddable":true,"href":"https:\/\/www.visit-ulcinj.com\/blog\/wp-json\/wp\/v2\/categories?post=20171"},{"taxonomy":"post_tag","embeddable":true,"href":"https:\/\/www.visit-ulcinj.com\/blog\/wp-json\/wp\/v2\/tags?post=20171"}],"curies":[{"name":"wp","href":"https:\/\/api.w.org\/{rel}","templated":true}]}}