{"id":20178,"date":"2009-05-05T18:00:04","date_gmt":"2009-05-05T16:00:04","guid":{"rendered":"http:\/\/www.visit-ulcinj.com\/blog\/?p=20178"},"modified":"2009-05-04T23:54:08","modified_gmt":"2009-05-04T21:54:08","slug":"anjeza-adela-ka-vetem-fjale","status":"publish","type":"post","link":"https:\/\/www.visit-ulcinj.com\/blog\/2009\/05\/05\/anjeza-adela-ka-vetem-fjale\/","title":{"rendered":"Anjeza : Adela ka vet\u00ebm fjal\u00eb"},"content":{"rendered":"<p><em><span class=\"newsdate\"><a href=\"http:\/\/www.visit-ulcinj.com\/blog\/wp-content\/uploads\/2009\/05\/anjeza-per-adel03.jpg\"><img loading=\"lazy\" class=\"alignleft size-full wp-image-20179\" title=\"anjeza-per-adela-big-brother-albania-2\" src=\"http:\/\/www.visit-ulcinj.com\/blog\/wp-content\/uploads\/2009\/05\/anjeza-per-adel03.jpg\" alt=\"anjeza-per-adela-big-brother-albania-2\" width=\"300\" height=\"205\" \/><\/a>03\/05\/09 20:41<\/span><\/em><\/p>\n<p>Anjeza ka diskutuar me Qetsorin p\u00ebr Adelajd\u00ebn dhe Mimoz\u00ebn. Ajo thot\u00eb q\u00eb n\u00eb fillim ka dashur q\u00eb t\u00eb dilte Mimoza nga sht\u00ebpia, pasi i dukej shum\u00eb pasive, por ka ndryshuar mendim dhe tani e vler\u00ebson. Ajo d\u00ebshiron q\u00eb t\u00eb dal\u00eb Adelajda pasi n\u00eb disa situata i duket si nj\u00eb person i shtirur pavarsisht se ka q\u00ebn\u00eb banorja q\u00eb ka patur komunikim q\u00eb n\u00eb fillim. Sipas saj me kalimin e koh\u00ebs ndryshojn\u00eb situatat dhe e njeh ndryshe nj\u00eb person q\u00eb e ke par\u00eb nga jasht\u00eb, dhe shton:-\u201cPo nuk i jetove, nuk nxjerr dot konkluzion!\u201d Mendimi i saj p\u00ebr Mimoz\u00ebn ka ndryshuar n\u00eb momentin kur ka biseduar me t\u00eb, pasi i duket person i dretjp\u00ebrdrejt\u00eb. Anjeza mendon q\u00eb Adelajda i duket nj\u00eb person q\u00eb ka vet\u00ebm fjal\u00eb. P\u00ebr k\u00ebt\u00eb arsye ajo mendon q\u00eb duhet t\u00eb dal\u00eb Adelajda dhe jo Mimoza.<\/p>\n","protected":false},"excerpt":{"rendered":"<p>03\/05\/09 20:41 Anjeza ka diskutuar me Qetsorin p\u00ebr Adelajd\u00ebn dhe Mimoz\u00ebn. Ajo thot\u00eb q\u00eb n\u00eb fillim ka dashur q\u00eb t\u00eb dilte Mimoza nga sht\u00ebpia, pasi i dukej shum\u00eb pasive, por ka ndryshuar mendim dhe tani e vler\u00ebson. Ajo d\u00ebshiron q\u00eb t\u00eb dal\u00eb Adelajda pasi n\u00eb disa situata i duket si nj\u00eb person i shtirur pavarsisht [&hellip;]<\/p>\n","protected":false},"author":1,"featured_media":0,"comment_status":"open","ping_status":"closed","sticky":false,"template":"","format":"standard","meta":{"spay_email":"","jetpack_publicize_message":"","jetpack_is_tweetstorm":false,"jetpack_publicize_feature_enabled":true},"categories":[6502],"tags":[6529,8289,9121,6544,8276,9751],"jetpack_publicize_connections":[],"yoast_head":"<!-- This site is optimized with the Yoast SEO plugin v19.1 - https:\/\/yoast.com\/wordpress\/plugins\/seo\/ -->\n<title>Anjeza : Adela ka vet\u00c3\u00abm fjal\u00c3\u00ab | Big Brother Albania 2<\/title>\n<meta name=\"description\" content=\"Big Brother Albania 2 - Anjeza ka diskutuar me Qetsorin p\u00c3\u00abr Adelajd\u00c3\u00abn dhe Mimoz\u00c3\u00abn. Ajo thot\u00c3\u00ab q\u00c3\u00ab n\u00c3\u00ab fillim ka dashur q\u00c3\u00ab t\u00c3\u00ab dilte Mimoza nga sht\u00c3\u00abpia\" \/>\n<meta name=\"robots\" content=\"index, follow, max-snippet:-1, max-image-preview:large, max-video-preview:-1\" \/>\n<link rel=\"canonical\" href=\"https:\/\/www.visit-ulcinj.com\/blog\/2009\/05\/05\/anjeza-adela-ka-vetem-fjale\/\" \/>\n<meta property=\"og:locale\" content=\"en_US\" \/>\n<meta property=\"og:type\" content=\"article\" \/>\n<meta property=\"og:title\" content=\"Anjeza : Adela ka vet\u00c3\u00abm fjal\u00c3\u00ab | Big Brother Albania 2\" \/>\n<meta property=\"og:description\" content=\"Big Brother Albania 2 - Anjeza ka diskutuar me Qetsorin p\u00c3\u00abr Adelajd\u00c3\u00abn dhe Mimoz\u00c3\u00abn. Ajo thot\u00c3\u00ab q\u00c3\u00ab n\u00c3\u00ab fillim ka dashur q\u00c3\u00ab t\u00c3\u00ab dilte Mimoza nga sht\u00c3\u00abpia\" \/>\n<meta property=\"og:url\" content=\"https:\/\/www.visit-ulcinj.com\/blog\/2009\/05\/05\/anjeza-adela-ka-vetem-fjale\/\" \/>\n<meta property=\"og:site_name\" content=\"Lajme nga Ulqini\" \/>\n<meta property=\"article:published_time\" content=\"2009-05-05T16:00:04+00:00\" \/>\n<meta property=\"article:modified_time\" content=\"2009-05-04T21:54:08+00:00\" \/>\n<meta property=\"og:image\" content=\"http:\/\/www.visit-ulcinj.com\/blog\/wp-content\/uploads\/2009\/05\/anjeza-per-adel03.jpg\" \/>\n<meta name=\"twitter:label1\" content=\"Written by\" \/>\n\t<meta name=\"twitter:data1\" content=\"ulqini\" \/>\n\t<meta name=\"twitter:label2\" content=\"Est. reading time\" \/>\n\t<meta name=\"twitter:data2\" content=\"1 minute\" \/>\n<script type=\"application\/ld+json\" class=\"yoast-schema-graph\">{\"@context\":\"https:\/\/schema.org\",\"@graph\":[{\"@type\":\"WebSite\",\"@id\":\"https:\/\/www.visit-ulcinj.com\/blog\/#website\",\"url\":\"https:\/\/www.visit-ulcinj.com\/blog\/\",\"name\":\"Lajme nga Ulqini\",\"description\":\"Lajme,Vijesti,Ulqini,Ulqin,Crna Gora,Mali i Zi\",\"potentialAction\":[{\"@type\":\"SearchAction\",\"target\":{\"@type\":\"EntryPoint\",\"urlTemplate\":\"https:\/\/www.visit-ulcinj.com\/blog\/?s={search_term_string}\"},\"query-input\":\"required name=search_term_string\"}],\"inLanguage\":\"en-US\"},{\"@type\":\"ImageObject\",\"inLanguage\":\"en-US\",\"@id\":\"https:\/\/www.visit-ulcinj.com\/blog\/2009\/05\/05\/anjeza-adela-ka-vetem-fjale\/#primaryimage\",\"url\":\"http:\/\/www.visit-ulcinj.com\/blog\/wp-content\/uploads\/2009\/05\/anjeza-per-adel03.jpg\",\"contentUrl\":\"http:\/\/www.visit-ulcinj.com\/blog\/wp-content\/uploads\/2009\/05\/anjeza-per-adel03.jpg\"},{\"@type\":\"WebPage\",\"@id\":\"https:\/\/www.visit-ulcinj.com\/blog\/2009\/05\/05\/anjeza-adela-ka-vetem-fjale\/#webpage\",\"url\":\"https:\/\/www.visit-ulcinj.com\/blog\/2009\/05\/05\/anjeza-adela-ka-vetem-fjale\/\",\"name\":\"Anjeza : Adela ka vet\u00c3\u00abm fjal\u00c3\u00ab | Big Brother Albania 2\",\"isPartOf\":{\"@id\":\"https:\/\/www.visit-ulcinj.com\/blog\/#website\"},\"primaryImageOfPage\":{\"@id\":\"https:\/\/www.visit-ulcinj.com\/blog\/2009\/05\/05\/anjeza-adela-ka-vetem-fjale\/#primaryimage\"},\"datePublished\":\"2009-05-05T16:00:04+00:00\",\"dateModified\":\"2009-05-04T21:54:08+00:00\",\"author\":{\"@id\":\"https:\/\/www.visit-ulcinj.com\/blog\/#\/schema\/person\/dcab619c614d3038751c63bc2aadc06d\"},\"description\":\"Big Brother Albania 2 - Anjeza ka diskutuar me Qetsorin p\u00c3\u00abr Adelajd\u00c3\u00abn dhe Mimoz\u00c3\u00abn. Ajo thot\u00c3\u00ab q\u00c3\u00ab n\u00c3\u00ab fillim ka dashur q\u00c3\u00ab t\u00c3\u00ab dilte Mimoza nga sht\u00c3\u00abpia\",\"breadcrumb\":{\"@id\":\"https:\/\/www.visit-ulcinj.com\/blog\/2009\/05\/05\/anjeza-adela-ka-vetem-fjale\/#breadcrumb\"},\"inLanguage\":\"en-US\",\"potentialAction\":[{\"@type\":\"ReadAction\",\"target\":[\"https:\/\/www.visit-ulcinj.com\/blog\/2009\/05\/05\/anjeza-adela-ka-vetem-fjale\/\"]}]},{\"@type\":\"BreadcrumbList\",\"@id\":\"https:\/\/www.visit-ulcinj.com\/blog\/2009\/05\/05\/anjeza-adela-ka-vetem-fjale\/#breadcrumb\",\"itemListElement\":[{\"@type\":\"ListItem\",\"position\":1,\"name\":\"Anjeza : Adela ka vet\u00ebm fjal\u00eb\"}]},{\"@type\":\"Person\",\"@id\":\"https:\/\/www.visit-ulcinj.com\/blog\/#\/schema\/person\/dcab619c614d3038751c63bc2aadc06d\",\"name\":\"ulqini\",\"sameAs\":[\"http:\/\/www.visit-ulcinj.com\"],\"url\":\"https:\/\/www.visit-ulcinj.com\/blog\/author\/admin\/\"}]}<\/script>\n<!-- \/ Yoast SEO plugin. -->","yoast_head_json":{"title":"Anjeza : Adela ka vet\u00c3\u00abm fjal\u00c3\u00ab | Big Brother Albania 2","description":"Big Brother Albania 2 - Anjeza ka diskutuar me Qetsorin p\u00c3\u00abr Adelajd\u00c3\u00abn dhe Mimoz\u00c3\u00abn. Ajo thot\u00c3\u00ab q\u00c3\u00ab n\u00c3\u00ab fillim ka dashur q\u00c3\u00ab t\u00c3\u00ab dilte Mimoza nga sht\u00c3\u00abpia","robots":{"index":"index","follow":"follow","max-snippet":"max-snippet:-1","max-image-preview":"max-image-preview:large","max-video-preview":"max-video-preview:-1"},"canonical":"https:\/\/www.visit-ulcinj.com\/blog\/2009\/05\/05\/anjeza-adela-ka-vetem-fjale\/","og_locale":"en_US","og_type":"article","og_title":"Anjeza : Adela ka vet\u00c3\u00abm fjal\u00c3\u00ab | Big Brother Albania 2","og_description":"Big Brother Albania 2 - Anjeza ka diskutuar me Qetsorin p\u00c3\u00abr Adelajd\u00c3\u00abn dhe Mimoz\u00c3\u00abn. Ajo thot\u00c3\u00ab q\u00c3\u00ab n\u00c3\u00ab fillim ka dashur q\u00c3\u00ab t\u00c3\u00ab dilte Mimoza nga sht\u00c3\u00abpia","og_url":"https:\/\/www.visit-ulcinj.com\/blog\/2009\/05\/05\/anjeza-adela-ka-vetem-fjale\/","og_site_name":"Lajme nga Ulqini","article_published_time":"2009-05-05T16:00:04+00:00","article_modified_time":"2009-05-04T21:54:08+00:00","og_image":[{"url":"http:\/\/www.visit-ulcinj.com\/blog\/wp-content\/uploads\/2009\/05\/anjeza-per-adel03.jpg"}],"twitter_misc":{"Written by":"ulqini","Est. reading time":"1 minute"},"schema":{"@context":"https:\/\/schema.org","@graph":[{"@type":"WebSite","@id":"https:\/\/www.visit-ulcinj.com\/blog\/#website","url":"https:\/\/www.visit-ulcinj.com\/blog\/","name":"Lajme nga Ulqini","description":"Lajme,Vijesti,Ulqini,Ulqin,Crna Gora,Mali i Zi","potentialAction":[{"@type":"SearchAction","target":{"@type":"EntryPoint","urlTemplate":"https:\/\/www.visit-ulcinj.com\/blog\/?s={search_term_string}"},"query-input":"required name=search_term_string"}],"inLanguage":"en-US"},{"@type":"ImageObject","inLanguage":"en-US","@id":"https:\/\/www.visit-ulcinj.com\/blog\/2009\/05\/05\/anjeza-adela-ka-vetem-fjale\/#primaryimage","url":"http:\/\/www.visit-ulcinj.com\/blog\/wp-content\/uploads\/2009\/05\/anjeza-per-adel03.jpg","contentUrl":"http:\/\/www.visit-ulcinj.com\/blog\/wp-content\/uploads\/2009\/05\/anjeza-per-adel03.jpg"},{"@type":"WebPage","@id":"https:\/\/www.visit-ulcinj.com\/blog\/2009\/05\/05\/anjeza-adela-ka-vetem-fjale\/#webpage","url":"https:\/\/www.visit-ulcinj.com\/blog\/2009\/05\/05\/anjeza-adela-ka-vetem-fjale\/","name":"Anjeza : Adela ka vet\u00c3\u00abm fjal\u00c3\u00ab | Big Brother Albania 2","isPartOf":{"@id":"https:\/\/www.visit-ulcinj.com\/blog\/#website"},"primaryImageOfPage":{"@id":"https:\/\/www.visit-ulcinj.com\/blog\/2009\/05\/05\/anjeza-adela-ka-vetem-fjale\/#primaryimage"},"datePublished":"2009-05-05T16:00:04+00:00","dateModified":"2009-05-04T21:54:08+00:00","author":{"@id":"https:\/\/www.visit-ulcinj.com\/blog\/#\/schema\/person\/dcab619c614d3038751c63bc2aadc06d"},"description":"Big Brother Albania 2 - Anjeza ka diskutuar me Qetsorin p\u00c3\u00abr Adelajd\u00c3\u00abn dhe Mimoz\u00c3\u00abn. Ajo thot\u00c3\u00ab q\u00c3\u00ab n\u00c3\u00ab fillim ka dashur q\u00c3\u00ab t\u00c3\u00ab dilte Mimoza nga sht\u00c3\u00abpia","breadcrumb":{"@id":"https:\/\/www.visit-ulcinj.com\/blog\/2009\/05\/05\/anjeza-adela-ka-vetem-fjale\/#breadcrumb"},"inLanguage":"en-US","potentialAction":[{"@type":"ReadAction","target":["https:\/\/www.visit-ulcinj.com\/blog\/2009\/05\/05\/anjeza-adela-ka-vetem-fjale\/"]}]},{"@type":"BreadcrumbList","@id":"https:\/\/www.visit-ulcinj.com\/blog\/2009\/05\/05\/anjeza-adela-ka-vetem-fjale\/#breadcrumb","itemListElement":[{"@type":"ListItem","position":1,"name":"Anjeza : Adela ka vet\u00ebm fjal\u00eb"}]},{"@type":"Person","@id":"https:\/\/www.visit-ulcinj.com\/blog\/#\/schema\/person\/dcab619c614d3038751c63bc2aadc06d","name":"ulqini","sameAs":["http:\/\/www.visit-ulcinj.com"],"url":"https:\/\/www.visit-ulcinj.com\/blog\/author\/admin\/"}]}},"jetpack_featured_media_url":"","jetpack_sharing_enabled":true,"jetpack_shortlink":"https:\/\/wp.me\/pe6lTn-5fs","_links":{"self":[{"href":"https:\/\/www.visit-ulcinj.com\/blog\/wp-json\/wp\/v2\/posts\/20178"}],"collection":[{"href":"https:\/\/www.visit-ulcinj.com\/blog\/wp-json\/wp\/v2\/posts"}],"about":[{"href":"https:\/\/www.visit-ulcinj.com\/blog\/wp-json\/wp\/v2\/types\/post"}],"author":[{"embeddable":true,"href":"https:\/\/www.visit-ulcinj.com\/blog\/wp-json\/wp\/v2\/users\/1"}],"replies":[{"embeddable":true,"href":"https:\/\/www.visit-ulcinj.com\/blog\/wp-json\/wp\/v2\/comments?post=20178"}],"version-history":[{"count":0,"href":"https:\/\/www.visit-ulcinj.com\/blog\/wp-json\/wp\/v2\/posts\/20178\/revisions"}],"wp:attachment":[{"href":"https:\/\/www.visit-ulcinj.com\/blog\/wp-json\/wp\/v2\/media?parent=20178"}],"wp:term":[{"taxonomy":"category","embeddable":true,"href":"https:\/\/www.visit-ulcinj.com\/blog\/wp-json\/wp\/v2\/categories?post=20178"},{"taxonomy":"post_tag","embeddable":true,"href":"https:\/\/www.visit-ulcinj.com\/blog\/wp-json\/wp\/v2\/tags?post=20178"}],"curies":[{"name":"wp","href":"https:\/\/api.w.org\/{rel}","templated":true}]}}