{"id":20181,"date":"2009-05-05T18:00:26","date_gmt":"2009-05-05T16:00:26","guid":{"rendered":"http:\/\/www.visit-ulcinj.com\/blog\/?p=20181"},"modified":"2009-05-05T00:06:52","modified_gmt":"2009-05-04T22:06:52","slug":"mimoza-dhe-anjeza-te-konsideroj-si-moter","status":"publish","type":"post","link":"https:\/\/www.visit-ulcinj.com\/blog\/2009\/05\/05\/mimoza-dhe-anjeza-te-konsideroj-si-moter\/","title":{"rendered":"Mimoza dhe Anjeza : T\u00eb konsideroj si mot\u00ebr"},"content":{"rendered":"<p><em><span class=\"newsdate\"><a href=\"http:\/\/www.visit-ulcinj.com\/blog\/wp-content\/uploads\/2009\/05\/anjezamozashoqe.jpg\"><img loading=\"lazy\" class=\"alignleft size-full wp-image-20182\" title=\"anjezamozashoqe-big-brother-albania-2\" src=\"http:\/\/www.visit-ulcinj.com\/blog\/wp-content\/uploads\/2009\/05\/anjezamozashoqe.jpg\" alt=\"anjezamozashoqe-big-brother-albania-2\" width=\"300\" height=\"205\" \/><\/a>04\/05\/09 00:00<\/span><\/em><\/p>\n<p>Moza dhe Anjeza thuajse e kan\u00eb kaluar gjith\u00eb dit\u00ebn bashk\u00eb dhe kjo gj\u00eb \u00ebsht\u00eb komentuar dhe prej tyre. T\u00eb dyja shprehen se nuk e kishin njohur njera-tjetr\u00ebn m\u00eb par\u00eb, por tani q\u00eb kaluan pak koh\u00eb bashk\u00eb, ndjehen mir\u00eb. T\u00eb dyja ndajn\u00eb mendimin se kishin patur t\u00eb tjera p\u00ebrshtypje, por q\u00eb sot cdo gj\u00eb u duket ndryshe. Moza shprehet se po i p\u00eblqen shum\u00eb ajo, madje e konsideron si nj\u00eb mot\u00ebr. Ajo shton se iu b\u00eb shum\u00eb qejfi q\u00eb Anjeza nuk doli nj\u00eb mbr\u00ebmje m\u00eb par\u00eb. Anjeza tregon se m\u00eb par\u00eb mendonte gjithnj\u00eb q\u00eb Moz\u00ebn nuk e njihte dhe vler\u00ebson shum\u00eb faktin q\u00eb ajo i ndenji pran\u00eb, ndryshe nga t\u00eb tjer\u00ebt. Anjeza mendon se Moza ka ndryshuar shum\u00eb q\u00eb prej fillimit; nuk \u00ebsht\u00eb m\u00eb ajo Moza q\u00eb q\u00ebndronte vet\u00ebm para pasqyr\u00ebs, por tani ka filluar t\u00eb shoq\u00ebrohet me t\u00eb gjith\u00eb. Moza ia kthen se e kupton se cfar\u00eb ka p\u00ebrjetur ajo dhe ndaj i q\u00ebndroi pran\u00eb. Sipas saj, Anjeza e meriton t\u00eb ec\u00eb p\u00ebrpara e t\u00eb shkoj\u00eb deri n\u00eb finale, nd\u00ebrsa Anjeza shton se do t\u00eb ishte mir\u00eb q\u00eb t\u00eb shkonin t\u00eb dyja. Moza mendon se t\u00eb dy konkurent\u00ebt e k\u00ebsaj jave mund t\u00eb konsiderohen si t\u00eb fort\u00eb dhe ndaj e ka me frik\u00eb p\u00ebrfundimin e k\u00ebsaj jave.<\/p>\n","protected":false},"excerpt":{"rendered":"<p>04\/05\/09 00:00 Moza dhe Anjeza thuajse e kan\u00eb kaluar gjith\u00eb dit\u00ebn bashk\u00eb dhe kjo gj\u00eb \u00ebsht\u00eb komentuar dhe prej tyre. T\u00eb dyja shprehen se nuk e kishin njohur njera-tjetr\u00ebn m\u00eb par\u00eb, por tani q\u00eb kaluan pak koh\u00eb bashk\u00eb, ndjehen mir\u00eb. T\u00eb dyja ndajn\u00eb mendimin se kishin patur t\u00eb tjera p\u00ebrshtypje, por q\u00eb sot cdo gj\u00eb [&hellip;]<\/p>\n","protected":false},"author":1,"featured_media":0,"comment_status":"open","ping_status":"closed","sticky":false,"template":"","format":"standard","meta":{"spay_email":"","jetpack_publicize_message":"","jetpack_is_tweetstorm":false,"jetpack_publicize_feature_enabled":true},"categories":[6502],"tags":[6529,8289,9121,6544,9935,9751],"jetpack_publicize_connections":[],"yoast_head":"<!-- This site is optimized with the Yoast SEO plugin v19.1 - https:\/\/yoast.com\/wordpress\/plugins\/seo\/ -->\n<title>Mimoza dhe Anjeza : T\u00c3\u00ab konsideroj si mot\u00c3\u00abr | Big Brother Albania 2<\/title>\n<meta name=\"description\" content=\"Big Brother Albania 2 - Moza dhe Anjeza thuajse e kan\u00c3\u00ab kaluar gjith\u00c3\u00ab dit\u00c3\u00abn bashk\u00c3\u00ab dhe kjo gj\u00c3\u00ab \u00c3\u00absht\u00c3\u00ab komentuar dhe prej tyre.\" \/>\n<meta name=\"robots\" content=\"index, follow, max-snippet:-1, max-image-preview:large, max-video-preview:-1\" \/>\n<link rel=\"canonical\" href=\"https:\/\/www.visit-ulcinj.com\/blog\/2009\/05\/05\/mimoza-dhe-anjeza-te-konsideroj-si-moter\/\" \/>\n<meta property=\"og:locale\" content=\"en_US\" \/>\n<meta property=\"og:type\" content=\"article\" \/>\n<meta property=\"og:title\" content=\"Mimoza dhe Anjeza : T\u00c3\u00ab konsideroj si mot\u00c3\u00abr | Big Brother Albania 2\" \/>\n<meta property=\"og:description\" content=\"Big Brother Albania 2 - Moza dhe Anjeza thuajse e kan\u00c3\u00ab kaluar gjith\u00c3\u00ab dit\u00c3\u00abn bashk\u00c3\u00ab dhe kjo gj\u00c3\u00ab \u00c3\u00absht\u00c3\u00ab komentuar dhe prej tyre.\" \/>\n<meta property=\"og:url\" content=\"https:\/\/www.visit-ulcinj.com\/blog\/2009\/05\/05\/mimoza-dhe-anjeza-te-konsideroj-si-moter\/\" \/>\n<meta property=\"og:site_name\" content=\"Lajme nga Ulqini\" \/>\n<meta property=\"article:published_time\" content=\"2009-05-05T16:00:26+00:00\" \/>\n<meta property=\"article:modified_time\" content=\"2009-05-04T22:06:52+00:00\" \/>\n<meta property=\"og:image\" content=\"http:\/\/www.visit-ulcinj.com\/blog\/wp-content\/uploads\/2009\/05\/anjezamozashoqe.jpg\" \/>\n<meta name=\"twitter:label1\" content=\"Written by\" \/>\n\t<meta name=\"twitter:data1\" content=\"ulqini\" \/>\n\t<meta name=\"twitter:label2\" content=\"Est. reading time\" \/>\n\t<meta name=\"twitter:data2\" content=\"1 minute\" \/>\n<script type=\"application\/ld+json\" class=\"yoast-schema-graph\">{\"@context\":\"https:\/\/schema.org\",\"@graph\":[{\"@type\":\"WebSite\",\"@id\":\"https:\/\/www.visit-ulcinj.com\/blog\/#website\",\"url\":\"https:\/\/www.visit-ulcinj.com\/blog\/\",\"name\":\"Lajme nga Ulqini\",\"description\":\"Lajme,Vijesti,Ulqini,Ulqin,Crna Gora,Mali i Zi\",\"potentialAction\":[{\"@type\":\"SearchAction\",\"target\":{\"@type\":\"EntryPoint\",\"urlTemplate\":\"https:\/\/www.visit-ulcinj.com\/blog\/?s={search_term_string}\"},\"query-input\":\"required name=search_term_string\"}],\"inLanguage\":\"en-US\"},{\"@type\":\"ImageObject\",\"inLanguage\":\"en-US\",\"@id\":\"https:\/\/www.visit-ulcinj.com\/blog\/2009\/05\/05\/mimoza-dhe-anjeza-te-konsideroj-si-moter\/#primaryimage\",\"url\":\"http:\/\/www.visit-ulcinj.com\/blog\/wp-content\/uploads\/2009\/05\/anjezamozashoqe.jpg\",\"contentUrl\":\"http:\/\/www.visit-ulcinj.com\/blog\/wp-content\/uploads\/2009\/05\/anjezamozashoqe.jpg\"},{\"@type\":\"WebPage\",\"@id\":\"https:\/\/www.visit-ulcinj.com\/blog\/2009\/05\/05\/mimoza-dhe-anjeza-te-konsideroj-si-moter\/#webpage\",\"url\":\"https:\/\/www.visit-ulcinj.com\/blog\/2009\/05\/05\/mimoza-dhe-anjeza-te-konsideroj-si-moter\/\",\"name\":\"Mimoza dhe Anjeza : T\u00c3\u00ab konsideroj si mot\u00c3\u00abr | Big Brother Albania 2\",\"isPartOf\":{\"@id\":\"https:\/\/www.visit-ulcinj.com\/blog\/#website\"},\"primaryImageOfPage\":{\"@id\":\"https:\/\/www.visit-ulcinj.com\/blog\/2009\/05\/05\/mimoza-dhe-anjeza-te-konsideroj-si-moter\/#primaryimage\"},\"datePublished\":\"2009-05-05T16:00:26+00:00\",\"dateModified\":\"2009-05-04T22:06:52+00:00\",\"author\":{\"@id\":\"https:\/\/www.visit-ulcinj.com\/blog\/#\/schema\/person\/dcab619c614d3038751c63bc2aadc06d\"},\"description\":\"Big Brother Albania 2 - Moza dhe Anjeza thuajse e kan\u00c3\u00ab kaluar gjith\u00c3\u00ab dit\u00c3\u00abn bashk\u00c3\u00ab dhe kjo gj\u00c3\u00ab \u00c3\u00absht\u00c3\u00ab komentuar dhe prej tyre.\",\"breadcrumb\":{\"@id\":\"https:\/\/www.visit-ulcinj.com\/blog\/2009\/05\/05\/mimoza-dhe-anjeza-te-konsideroj-si-moter\/#breadcrumb\"},\"inLanguage\":\"en-US\",\"potentialAction\":[{\"@type\":\"ReadAction\",\"target\":[\"https:\/\/www.visit-ulcinj.com\/blog\/2009\/05\/05\/mimoza-dhe-anjeza-te-konsideroj-si-moter\/\"]}]},{\"@type\":\"BreadcrumbList\",\"@id\":\"https:\/\/www.visit-ulcinj.com\/blog\/2009\/05\/05\/mimoza-dhe-anjeza-te-konsideroj-si-moter\/#breadcrumb\",\"itemListElement\":[{\"@type\":\"ListItem\",\"position\":1,\"name\":\"Mimoza dhe Anjeza : T\u00eb konsideroj si mot\u00ebr\"}]},{\"@type\":\"Person\",\"@id\":\"https:\/\/www.visit-ulcinj.com\/blog\/#\/schema\/person\/dcab619c614d3038751c63bc2aadc06d\",\"name\":\"ulqini\",\"sameAs\":[\"http:\/\/www.visit-ulcinj.com\"],\"url\":\"https:\/\/www.visit-ulcinj.com\/blog\/author\/admin\/\"}]}<\/script>\n<!-- \/ Yoast SEO plugin. -->","yoast_head_json":{"title":"Mimoza dhe Anjeza : T\u00c3\u00ab konsideroj si mot\u00c3\u00abr | Big Brother Albania 2","description":"Big Brother Albania 2 - Moza dhe Anjeza thuajse e kan\u00c3\u00ab kaluar gjith\u00c3\u00ab dit\u00c3\u00abn bashk\u00c3\u00ab dhe kjo gj\u00c3\u00ab \u00c3\u00absht\u00c3\u00ab komentuar dhe prej tyre.","robots":{"index":"index","follow":"follow","max-snippet":"max-snippet:-1","max-image-preview":"max-image-preview:large","max-video-preview":"max-video-preview:-1"},"canonical":"https:\/\/www.visit-ulcinj.com\/blog\/2009\/05\/05\/mimoza-dhe-anjeza-te-konsideroj-si-moter\/","og_locale":"en_US","og_type":"article","og_title":"Mimoza dhe Anjeza : T\u00c3\u00ab konsideroj si mot\u00c3\u00abr | Big Brother Albania 2","og_description":"Big Brother Albania 2 - Moza dhe Anjeza thuajse e kan\u00c3\u00ab kaluar gjith\u00c3\u00ab dit\u00c3\u00abn bashk\u00c3\u00ab dhe kjo gj\u00c3\u00ab \u00c3\u00absht\u00c3\u00ab komentuar dhe prej tyre.","og_url":"https:\/\/www.visit-ulcinj.com\/blog\/2009\/05\/05\/mimoza-dhe-anjeza-te-konsideroj-si-moter\/","og_site_name":"Lajme nga Ulqini","article_published_time":"2009-05-05T16:00:26+00:00","article_modified_time":"2009-05-04T22:06:52+00:00","og_image":[{"url":"http:\/\/www.visit-ulcinj.com\/blog\/wp-content\/uploads\/2009\/05\/anjezamozashoqe.jpg"}],"twitter_misc":{"Written by":"ulqini","Est. reading time":"1 minute"},"schema":{"@context":"https:\/\/schema.org","@graph":[{"@type":"WebSite","@id":"https:\/\/www.visit-ulcinj.com\/blog\/#website","url":"https:\/\/www.visit-ulcinj.com\/blog\/","name":"Lajme nga Ulqini","description":"Lajme,Vijesti,Ulqini,Ulqin,Crna Gora,Mali i Zi","potentialAction":[{"@type":"SearchAction","target":{"@type":"EntryPoint","urlTemplate":"https:\/\/www.visit-ulcinj.com\/blog\/?s={search_term_string}"},"query-input":"required name=search_term_string"}],"inLanguage":"en-US"},{"@type":"ImageObject","inLanguage":"en-US","@id":"https:\/\/www.visit-ulcinj.com\/blog\/2009\/05\/05\/mimoza-dhe-anjeza-te-konsideroj-si-moter\/#primaryimage","url":"http:\/\/www.visit-ulcinj.com\/blog\/wp-content\/uploads\/2009\/05\/anjezamozashoqe.jpg","contentUrl":"http:\/\/www.visit-ulcinj.com\/blog\/wp-content\/uploads\/2009\/05\/anjezamozashoqe.jpg"},{"@type":"WebPage","@id":"https:\/\/www.visit-ulcinj.com\/blog\/2009\/05\/05\/mimoza-dhe-anjeza-te-konsideroj-si-moter\/#webpage","url":"https:\/\/www.visit-ulcinj.com\/blog\/2009\/05\/05\/mimoza-dhe-anjeza-te-konsideroj-si-moter\/","name":"Mimoza dhe Anjeza : T\u00c3\u00ab konsideroj si mot\u00c3\u00abr | Big Brother Albania 2","isPartOf":{"@id":"https:\/\/www.visit-ulcinj.com\/blog\/#website"},"primaryImageOfPage":{"@id":"https:\/\/www.visit-ulcinj.com\/blog\/2009\/05\/05\/mimoza-dhe-anjeza-te-konsideroj-si-moter\/#primaryimage"},"datePublished":"2009-05-05T16:00:26+00:00","dateModified":"2009-05-04T22:06:52+00:00","author":{"@id":"https:\/\/www.visit-ulcinj.com\/blog\/#\/schema\/person\/dcab619c614d3038751c63bc2aadc06d"},"description":"Big Brother Albania 2 - Moza dhe Anjeza thuajse e kan\u00c3\u00ab kaluar gjith\u00c3\u00ab dit\u00c3\u00abn bashk\u00c3\u00ab dhe kjo gj\u00c3\u00ab \u00c3\u00absht\u00c3\u00ab komentuar dhe prej tyre.","breadcrumb":{"@id":"https:\/\/www.visit-ulcinj.com\/blog\/2009\/05\/05\/mimoza-dhe-anjeza-te-konsideroj-si-moter\/#breadcrumb"},"inLanguage":"en-US","potentialAction":[{"@type":"ReadAction","target":["https:\/\/www.visit-ulcinj.com\/blog\/2009\/05\/05\/mimoza-dhe-anjeza-te-konsideroj-si-moter\/"]}]},{"@type":"BreadcrumbList","@id":"https:\/\/www.visit-ulcinj.com\/blog\/2009\/05\/05\/mimoza-dhe-anjeza-te-konsideroj-si-moter\/#breadcrumb","itemListElement":[{"@type":"ListItem","position":1,"name":"Mimoza dhe Anjeza : T\u00eb konsideroj si mot\u00ebr"}]},{"@type":"Person","@id":"https:\/\/www.visit-ulcinj.com\/blog\/#\/schema\/person\/dcab619c614d3038751c63bc2aadc06d","name":"ulqini","sameAs":["http:\/\/www.visit-ulcinj.com"],"url":"https:\/\/www.visit-ulcinj.com\/blog\/author\/admin\/"}]}},"jetpack_featured_media_url":"","jetpack_sharing_enabled":true,"jetpack_shortlink":"https:\/\/wp.me\/pe6lTn-5fv","_links":{"self":[{"href":"https:\/\/www.visit-ulcinj.com\/blog\/wp-json\/wp\/v2\/posts\/20181"}],"collection":[{"href":"https:\/\/www.visit-ulcinj.com\/blog\/wp-json\/wp\/v2\/posts"}],"about":[{"href":"https:\/\/www.visit-ulcinj.com\/blog\/wp-json\/wp\/v2\/types\/post"}],"author":[{"embeddable":true,"href":"https:\/\/www.visit-ulcinj.com\/blog\/wp-json\/wp\/v2\/users\/1"}],"replies":[{"embeddable":true,"href":"https:\/\/www.visit-ulcinj.com\/blog\/wp-json\/wp\/v2\/comments?post=20181"}],"version-history":[{"count":0,"href":"https:\/\/www.visit-ulcinj.com\/blog\/wp-json\/wp\/v2\/posts\/20181\/revisions"}],"wp:attachment":[{"href":"https:\/\/www.visit-ulcinj.com\/blog\/wp-json\/wp\/v2\/media?parent=20181"}],"wp:term":[{"taxonomy":"category","embeddable":true,"href":"https:\/\/www.visit-ulcinj.com\/blog\/wp-json\/wp\/v2\/categories?post=20181"},{"taxonomy":"post_tag","embeddable":true,"href":"https:\/\/www.visit-ulcinj.com\/blog\/wp-json\/wp\/v2\/tags?post=20181"}],"curies":[{"name":"wp","href":"https:\/\/api.w.org\/{rel}","templated":true}]}}