{"id":20185,"date":"2009-05-05T20:12:24","date_gmt":"2009-05-05T18:12:24","guid":{"rendered":"http:\/\/www.visit-ulcinj.com\/blog\/?p=20185"},"modified":"2009-05-06T19:57:14","modified_gmt":"2009-05-06T17:57:14","slug":"mimoza-dhe-anjeza-nominimet-i-ngelen-lojes","status":"publish","type":"post","link":"https:\/\/www.visit-ulcinj.com\/blog\/2009\/05\/05\/mimoza-dhe-anjeza-nominimet-i-ngelen-lojes\/","title":{"rendered":"Mimoza dhe Anjeza : Nominimet i ngelen loj\u00ebs"},"content":{"rendered":"<p><em><span class=\"newsdate\"><a href=\"http:\/\/www.visit-ulcinj.com\/blog\/wp-content\/uploads\/2009\/05\/anjezamozaper-nomin-4m.jpg\"><img loading=\"lazy\" class=\"alignleft size-full wp-image-20186\" title=\"anjezamozaper-nomin-4m\" src=\"http:\/\/www.visit-ulcinj.com\/blog\/wp-content\/uploads\/2009\/05\/anjezamozaper-nomin-4m.jpg\" alt=\"anjezamozaper-nomin-4m\" width=\"300\" height=\"205\" \/><\/a>04\/05\/09 00:12<\/span><\/em><\/p>\n<p>Vajzat bisedojn\u00eb se cfar\u00eb do t\u00eb b\u00ebjn\u00eb kur t\u00eb mbaroj\u00eb kjo eksperienc\u00eb e tyre. Anjeza i thot\u00eb Moz\u00ebs se ajo ka shum\u00eb nga banor\u00ebt n\u00eb Tiran\u00eb dhe mund t\u00eb takohet me ta e t\u00eb kalojn\u00eb nj\u00eb pjes\u00eb t\u00eb koh\u00ebs. Sipas saj, Moza \u00ebsht\u00eb sjell\u00eb shum\u00eb mir\u00eb me t\u00eb gjith\u00eb dhe nuk ka patur me asnj\u00eb banor ndonj\u00eb p\u00ebrplasje apo z\u00ebnk\u00eb dhe kjo do t\u00eb ndikoj\u00eb q\u00eb ajo t\u2019i ruaj\u00eb marr\u00ebdh\u00ebniet me t\u00eb gjith\u00eb. Moza mendon se me Aid\u00ebn, edhe pse kishte shum\u00eb shoq\u00ebri, jasht\u00eb mund t\u00eb mos jet\u00eb m\u00eb e till\u00eb sepse mendon se Aida mund ta ket\u00eb gjykuar faktin q\u00eb ajo e nominoi. P\u00ebr Anjez\u00ebn, k\u00ebto lloj diskutimesh ngelen brenda sht\u00ebpis\u00eb pasi \u00ebsht\u00eb pjes\u00eb e loj\u00ebs. Ajo mendon se kjo loj\u00eb, ashtu sic t\u00eb jep mund\u00ebsin\u00eb p\u00ebr t\u00eb krijuar miq\u00ebsi, ashtu t\u00eb b\u00ebn t\u00eb mendosh p\u00ebr veten, sidomos gjat\u00eb momentit t\u00eb nominimeve pasi cdokush mundohet t\u00eb arrij\u00eb maj\u00ebn. Anjeza shton se nuk do t\u2019i marr\u00eb fare parasysh se cili e nominoi e cili jo, duke ia l\u00ebn\u00eb k\u00ebt\u00eb gj\u00eb loj\u00ebs. \u201cNuk ka r\u00ebnd\u00ebsi kjo gj\u00eb, e r\u00ebnd\u00ebsishme \u00ebsht\u00eb q\u00eb ne t\u00eb ruajm\u00eb miq\u00ebsin\u00eb dhe respektin jasht\u00eb\u201d- shprehet ajo. Edhe Moza mendon t\u00eb nj\u00ebjt\u00ebn gj\u00eb se nominimet q\u00eb jan\u00eb b\u00ebr\u00eb p\u00ebr t\u00eb nuk do ken\u00eb asnj\u00eb ndikim n\u00eb vler\u00ebsimet p\u00ebr banor\u00ebt, jasht\u00eb sht\u00ebpis\u00eb.<\/p>\n","protected":false},"excerpt":{"rendered":"<p>04\/05\/09 00:12 Vajzat bisedojn\u00eb se cfar\u00eb do t\u00eb b\u00ebjn\u00eb kur t\u00eb mbaroj\u00eb kjo eksperienc\u00eb e tyre. Anjeza i thot\u00eb Moz\u00ebs se ajo ka shum\u00eb nga banor\u00ebt n\u00eb Tiran\u00eb dhe mund t\u00eb takohet me ta e t\u00eb kalojn\u00eb nj\u00eb pjes\u00eb t\u00eb koh\u00ebs. Sipas saj, Moza \u00ebsht\u00eb sjell\u00eb shum\u00eb mir\u00eb me t\u00eb gjith\u00eb dhe nuk ka patur [&hellip;]<\/p>\n","protected":false},"author":1,"featured_media":0,"comment_status":"open","ping_status":"closed","sticky":false,"template":"","format":"standard","meta":{"spay_email":"","jetpack_publicize_message":"","jetpack_is_tweetstorm":false,"jetpack_publicize_feature_enabled":true},"categories":[6502],"tags":[8289,9121,6544,6887],"jetpack_publicize_connections":[],"yoast_head":"<!-- This site is optimized with the Yoast SEO plugin v19.1 - https:\/\/yoast.com\/wordpress\/plugins\/seo\/ -->\n<title>Mimoza dhe Anjeza : Nominimet i ngelen loj\u00c3\u00abs | Big Brother Albania 2<\/title>\n<meta name=\"description\" content=\"Big Brother Albania 2 - Vajzat bisedojn\u00c3\u00ab se cfar\u00c3\u00ab do t\u00c3\u00ab b\u00c3\u00abjn\u00c3\u00ab kur t\u00c3\u00ab mbaroj\u00c3\u00ab kjo eksperienc\u00c3\u00ab e tyre. Anjeza i thot\u00c3\u00ab Moz\u00c3\u00abs se ajo ka shum\u00c3\u00ab nga banor\u00c3\u00abt n\u00c3\u00ab Tiran\u00c3\u00ab dhe mund t\u00c3\u00ab takohet me ta e t\u00c3\u00ab kalojn\u00c3\u00ab nj\u00c3\u00ab pjes\u00c3\u00ab t\u00c3\u00ab koh\u00c3\u00abs\" \/>\n<meta name=\"robots\" content=\"index, follow, max-snippet:-1, max-image-preview:large, max-video-preview:-1\" \/>\n<link rel=\"canonical\" href=\"https:\/\/www.visit-ulcinj.com\/blog\/2009\/05\/05\/mimoza-dhe-anjeza-nominimet-i-ngelen-lojes\/\" \/>\n<meta property=\"og:locale\" content=\"en_US\" \/>\n<meta property=\"og:type\" content=\"article\" \/>\n<meta property=\"og:title\" content=\"Mimoza dhe Anjeza : Nominimet i ngelen loj\u00c3\u00abs | Big Brother Albania 2\" \/>\n<meta property=\"og:description\" content=\"Big Brother Albania 2 - Vajzat bisedojn\u00c3\u00ab se cfar\u00c3\u00ab do t\u00c3\u00ab b\u00c3\u00abjn\u00c3\u00ab kur t\u00c3\u00ab mbaroj\u00c3\u00ab kjo eksperienc\u00c3\u00ab e tyre. Anjeza i thot\u00c3\u00ab Moz\u00c3\u00abs se ajo ka shum\u00c3\u00ab nga banor\u00c3\u00abt n\u00c3\u00ab Tiran\u00c3\u00ab dhe mund t\u00c3\u00ab takohet me ta e t\u00c3\u00ab kalojn\u00c3\u00ab nj\u00c3\u00ab pjes\u00c3\u00ab t\u00c3\u00ab koh\u00c3\u00abs\" \/>\n<meta property=\"og:url\" content=\"https:\/\/www.visit-ulcinj.com\/blog\/2009\/05\/05\/mimoza-dhe-anjeza-nominimet-i-ngelen-lojes\/\" \/>\n<meta property=\"og:site_name\" content=\"Lajme nga Ulqini\" \/>\n<meta property=\"article:published_time\" content=\"2009-05-05T18:12:24+00:00\" \/>\n<meta property=\"article:modified_time\" content=\"2009-05-06T17:57:14+00:00\" \/>\n<meta property=\"og:image\" content=\"http:\/\/www.visit-ulcinj.com\/blog\/wp-content\/uploads\/2009\/05\/anjezamozaper-nomin-4m.jpg\" \/>\n<meta name=\"twitter:label1\" content=\"Written by\" \/>\n\t<meta name=\"twitter:data1\" content=\"ulqini\" \/>\n\t<meta name=\"twitter:label2\" content=\"Est. reading time\" \/>\n\t<meta name=\"twitter:data2\" content=\"1 minute\" \/>\n<script type=\"application\/ld+json\" class=\"yoast-schema-graph\">{\"@context\":\"https:\/\/schema.org\",\"@graph\":[{\"@type\":\"WebSite\",\"@id\":\"https:\/\/www.visit-ulcinj.com\/blog\/#website\",\"url\":\"https:\/\/www.visit-ulcinj.com\/blog\/\",\"name\":\"Lajme nga Ulqini\",\"description\":\"Lajme,Vijesti,Ulqini,Ulqin,Crna Gora,Mali i Zi\",\"potentialAction\":[{\"@type\":\"SearchAction\",\"target\":{\"@type\":\"EntryPoint\",\"urlTemplate\":\"https:\/\/www.visit-ulcinj.com\/blog\/?s={search_term_string}\"},\"query-input\":\"required name=search_term_string\"}],\"inLanguage\":\"en-US\"},{\"@type\":\"ImageObject\",\"inLanguage\":\"en-US\",\"@id\":\"https:\/\/www.visit-ulcinj.com\/blog\/2009\/05\/05\/mimoza-dhe-anjeza-nominimet-i-ngelen-lojes\/#primaryimage\",\"url\":\"http:\/\/www.visit-ulcinj.com\/blog\/wp-content\/uploads\/2009\/05\/anjezamozaper-nomin-4m.jpg\",\"contentUrl\":\"http:\/\/www.visit-ulcinj.com\/blog\/wp-content\/uploads\/2009\/05\/anjezamozaper-nomin-4m.jpg\"},{\"@type\":\"WebPage\",\"@id\":\"https:\/\/www.visit-ulcinj.com\/blog\/2009\/05\/05\/mimoza-dhe-anjeza-nominimet-i-ngelen-lojes\/#webpage\",\"url\":\"https:\/\/www.visit-ulcinj.com\/blog\/2009\/05\/05\/mimoza-dhe-anjeza-nominimet-i-ngelen-lojes\/\",\"name\":\"Mimoza dhe Anjeza : Nominimet i ngelen loj\u00c3\u00abs | Big Brother Albania 2\",\"isPartOf\":{\"@id\":\"https:\/\/www.visit-ulcinj.com\/blog\/#website\"},\"primaryImageOfPage\":{\"@id\":\"https:\/\/www.visit-ulcinj.com\/blog\/2009\/05\/05\/mimoza-dhe-anjeza-nominimet-i-ngelen-lojes\/#primaryimage\"},\"datePublished\":\"2009-05-05T18:12:24+00:00\",\"dateModified\":\"2009-05-06T17:57:14+00:00\",\"author\":{\"@id\":\"https:\/\/www.visit-ulcinj.com\/blog\/#\/schema\/person\/dcab619c614d3038751c63bc2aadc06d\"},\"description\":\"Big Brother Albania 2 - Vajzat bisedojn\u00c3\u00ab se cfar\u00c3\u00ab do t\u00c3\u00ab b\u00c3\u00abjn\u00c3\u00ab kur t\u00c3\u00ab mbaroj\u00c3\u00ab kjo eksperienc\u00c3\u00ab e tyre. Anjeza i thot\u00c3\u00ab Moz\u00c3\u00abs se ajo ka shum\u00c3\u00ab nga banor\u00c3\u00abt n\u00c3\u00ab Tiran\u00c3\u00ab dhe mund t\u00c3\u00ab takohet me ta e t\u00c3\u00ab kalojn\u00c3\u00ab nj\u00c3\u00ab pjes\u00c3\u00ab t\u00c3\u00ab koh\u00c3\u00abs\",\"breadcrumb\":{\"@id\":\"https:\/\/www.visit-ulcinj.com\/blog\/2009\/05\/05\/mimoza-dhe-anjeza-nominimet-i-ngelen-lojes\/#breadcrumb\"},\"inLanguage\":\"en-US\",\"potentialAction\":[{\"@type\":\"ReadAction\",\"target\":[\"https:\/\/www.visit-ulcinj.com\/blog\/2009\/05\/05\/mimoza-dhe-anjeza-nominimet-i-ngelen-lojes\/\"]}]},{\"@type\":\"BreadcrumbList\",\"@id\":\"https:\/\/www.visit-ulcinj.com\/blog\/2009\/05\/05\/mimoza-dhe-anjeza-nominimet-i-ngelen-lojes\/#breadcrumb\",\"itemListElement\":[{\"@type\":\"ListItem\",\"position\":1,\"name\":\"Mimoza dhe Anjeza : Nominimet i ngelen loj\u00ebs\"}]},{\"@type\":\"Person\",\"@id\":\"https:\/\/www.visit-ulcinj.com\/blog\/#\/schema\/person\/dcab619c614d3038751c63bc2aadc06d\",\"name\":\"ulqini\",\"sameAs\":[\"http:\/\/www.visit-ulcinj.com\"],\"url\":\"https:\/\/www.visit-ulcinj.com\/blog\/author\/admin\/\"}]}<\/script>\n<!-- \/ Yoast SEO plugin. -->","yoast_head_json":{"title":"Mimoza dhe Anjeza : Nominimet i ngelen loj\u00c3\u00abs | Big Brother Albania 2","description":"Big Brother Albania 2 - Vajzat bisedojn\u00c3\u00ab se cfar\u00c3\u00ab do t\u00c3\u00ab b\u00c3\u00abjn\u00c3\u00ab kur t\u00c3\u00ab mbaroj\u00c3\u00ab kjo eksperienc\u00c3\u00ab e tyre. Anjeza i thot\u00c3\u00ab Moz\u00c3\u00abs se ajo ka shum\u00c3\u00ab nga banor\u00c3\u00abt n\u00c3\u00ab Tiran\u00c3\u00ab dhe mund t\u00c3\u00ab takohet me ta e t\u00c3\u00ab kalojn\u00c3\u00ab nj\u00c3\u00ab pjes\u00c3\u00ab t\u00c3\u00ab koh\u00c3\u00abs","robots":{"index":"index","follow":"follow","max-snippet":"max-snippet:-1","max-image-preview":"max-image-preview:large","max-video-preview":"max-video-preview:-1"},"canonical":"https:\/\/www.visit-ulcinj.com\/blog\/2009\/05\/05\/mimoza-dhe-anjeza-nominimet-i-ngelen-lojes\/","og_locale":"en_US","og_type":"article","og_title":"Mimoza dhe Anjeza : Nominimet i ngelen loj\u00c3\u00abs | Big Brother Albania 2","og_description":"Big Brother Albania 2 - Vajzat bisedojn\u00c3\u00ab se cfar\u00c3\u00ab do t\u00c3\u00ab b\u00c3\u00abjn\u00c3\u00ab kur t\u00c3\u00ab mbaroj\u00c3\u00ab kjo eksperienc\u00c3\u00ab e tyre. Anjeza i thot\u00c3\u00ab Moz\u00c3\u00abs se ajo ka shum\u00c3\u00ab nga banor\u00c3\u00abt n\u00c3\u00ab Tiran\u00c3\u00ab dhe mund t\u00c3\u00ab takohet me ta e t\u00c3\u00ab kalojn\u00c3\u00ab nj\u00c3\u00ab pjes\u00c3\u00ab t\u00c3\u00ab koh\u00c3\u00abs","og_url":"https:\/\/www.visit-ulcinj.com\/blog\/2009\/05\/05\/mimoza-dhe-anjeza-nominimet-i-ngelen-lojes\/","og_site_name":"Lajme nga Ulqini","article_published_time":"2009-05-05T18:12:24+00:00","article_modified_time":"2009-05-06T17:57:14+00:00","og_image":[{"url":"http:\/\/www.visit-ulcinj.com\/blog\/wp-content\/uploads\/2009\/05\/anjezamozaper-nomin-4m.jpg"}],"twitter_misc":{"Written by":"ulqini","Est. reading time":"1 minute"},"schema":{"@context":"https:\/\/schema.org","@graph":[{"@type":"WebSite","@id":"https:\/\/www.visit-ulcinj.com\/blog\/#website","url":"https:\/\/www.visit-ulcinj.com\/blog\/","name":"Lajme nga Ulqini","description":"Lajme,Vijesti,Ulqini,Ulqin,Crna Gora,Mali i Zi","potentialAction":[{"@type":"SearchAction","target":{"@type":"EntryPoint","urlTemplate":"https:\/\/www.visit-ulcinj.com\/blog\/?s={search_term_string}"},"query-input":"required name=search_term_string"}],"inLanguage":"en-US"},{"@type":"ImageObject","inLanguage":"en-US","@id":"https:\/\/www.visit-ulcinj.com\/blog\/2009\/05\/05\/mimoza-dhe-anjeza-nominimet-i-ngelen-lojes\/#primaryimage","url":"http:\/\/www.visit-ulcinj.com\/blog\/wp-content\/uploads\/2009\/05\/anjezamozaper-nomin-4m.jpg","contentUrl":"http:\/\/www.visit-ulcinj.com\/blog\/wp-content\/uploads\/2009\/05\/anjezamozaper-nomin-4m.jpg"},{"@type":"WebPage","@id":"https:\/\/www.visit-ulcinj.com\/blog\/2009\/05\/05\/mimoza-dhe-anjeza-nominimet-i-ngelen-lojes\/#webpage","url":"https:\/\/www.visit-ulcinj.com\/blog\/2009\/05\/05\/mimoza-dhe-anjeza-nominimet-i-ngelen-lojes\/","name":"Mimoza dhe Anjeza : Nominimet i ngelen loj\u00c3\u00abs | Big Brother Albania 2","isPartOf":{"@id":"https:\/\/www.visit-ulcinj.com\/blog\/#website"},"primaryImageOfPage":{"@id":"https:\/\/www.visit-ulcinj.com\/blog\/2009\/05\/05\/mimoza-dhe-anjeza-nominimet-i-ngelen-lojes\/#primaryimage"},"datePublished":"2009-05-05T18:12:24+00:00","dateModified":"2009-05-06T17:57:14+00:00","author":{"@id":"https:\/\/www.visit-ulcinj.com\/blog\/#\/schema\/person\/dcab619c614d3038751c63bc2aadc06d"},"description":"Big Brother Albania 2 - Vajzat bisedojn\u00c3\u00ab se cfar\u00c3\u00ab do t\u00c3\u00ab b\u00c3\u00abjn\u00c3\u00ab kur t\u00c3\u00ab mbaroj\u00c3\u00ab kjo eksperienc\u00c3\u00ab e tyre. Anjeza i thot\u00c3\u00ab Moz\u00c3\u00abs se ajo ka shum\u00c3\u00ab nga banor\u00c3\u00abt n\u00c3\u00ab Tiran\u00c3\u00ab dhe mund t\u00c3\u00ab takohet me ta e t\u00c3\u00ab kalojn\u00c3\u00ab nj\u00c3\u00ab pjes\u00c3\u00ab t\u00c3\u00ab koh\u00c3\u00abs","breadcrumb":{"@id":"https:\/\/www.visit-ulcinj.com\/blog\/2009\/05\/05\/mimoza-dhe-anjeza-nominimet-i-ngelen-lojes\/#breadcrumb"},"inLanguage":"en-US","potentialAction":[{"@type":"ReadAction","target":["https:\/\/www.visit-ulcinj.com\/blog\/2009\/05\/05\/mimoza-dhe-anjeza-nominimet-i-ngelen-lojes\/"]}]},{"@type":"BreadcrumbList","@id":"https:\/\/www.visit-ulcinj.com\/blog\/2009\/05\/05\/mimoza-dhe-anjeza-nominimet-i-ngelen-lojes\/#breadcrumb","itemListElement":[{"@type":"ListItem","position":1,"name":"Mimoza dhe Anjeza : Nominimet i ngelen loj\u00ebs"}]},{"@type":"Person","@id":"https:\/\/www.visit-ulcinj.com\/blog\/#\/schema\/person\/dcab619c614d3038751c63bc2aadc06d","name":"ulqini","sameAs":["http:\/\/www.visit-ulcinj.com"],"url":"https:\/\/www.visit-ulcinj.com\/blog\/author\/admin\/"}]}},"jetpack_featured_media_url":"","jetpack_sharing_enabled":true,"jetpack_shortlink":"https:\/\/wp.me\/pe6lTn-5fz","_links":{"self":[{"href":"https:\/\/www.visit-ulcinj.com\/blog\/wp-json\/wp\/v2\/posts\/20185"}],"collection":[{"href":"https:\/\/www.visit-ulcinj.com\/blog\/wp-json\/wp\/v2\/posts"}],"about":[{"href":"https:\/\/www.visit-ulcinj.com\/blog\/wp-json\/wp\/v2\/types\/post"}],"author":[{"embeddable":true,"href":"https:\/\/www.visit-ulcinj.com\/blog\/wp-json\/wp\/v2\/users\/1"}],"replies":[{"embeddable":true,"href":"https:\/\/www.visit-ulcinj.com\/blog\/wp-json\/wp\/v2\/comments?post=20185"}],"version-history":[{"count":0,"href":"https:\/\/www.visit-ulcinj.com\/blog\/wp-json\/wp\/v2\/posts\/20185\/revisions"}],"wp:attachment":[{"href":"https:\/\/www.visit-ulcinj.com\/blog\/wp-json\/wp\/v2\/media?parent=20185"}],"wp:term":[{"taxonomy":"category","embeddable":true,"href":"https:\/\/www.visit-ulcinj.com\/blog\/wp-json\/wp\/v2\/categories?post=20185"},{"taxonomy":"post_tag","embeddable":true,"href":"https:\/\/www.visit-ulcinj.com\/blog\/wp-json\/wp\/v2\/tags?post=20185"}],"curies":[{"name":"wp","href":"https:\/\/api.w.org\/{rel}","templated":true}]}}