{"id":20189,"date":"2009-05-05T20:56:27","date_gmt":"2009-05-05T18:56:27","guid":{"rendered":"http:\/\/www.visit-ulcinj.com\/blog\/?p=20189"},"modified":"2009-05-05T00:56:49","modified_gmt":"2009-05-04T22:56:49","slug":"anjeza-perpiqemi-te-kemi-kontakte","status":"publish","type":"post","link":"https:\/\/www.visit-ulcinj.com\/blog\/2009\/05\/05\/anjeza-perpiqemi-te-kemi-kontakte\/","title":{"rendered":"Anjeza : P\u00ebrpiqemi t\u00eb kemi kontakte"},"content":{"rendered":"<p>\u00a0<\/p>\n<div id=\"content\"><em><span class=\"newsdate\"><a href=\"http:\/\/www.visit-ulcinj.com\/blog\/wp-content\/uploads\/2009\/05\/anjezaari-4m.jpg\"><img loading=\"lazy\" class=\"alignleft size-full wp-image-20190\" title=\"anjezaari-4m-big-brother-albania-2\" src=\"http:\/\/www.visit-ulcinj.com\/blog\/wp-content\/uploads\/2009\/05\/anjezaari-4m.jpg\" alt=\"anjezaari-4m-big-brother-albania-2\" width=\"300\" height=\"205\" \/><\/a>04\/05\/09 01:45<\/span><\/em>\u00a0<\/p>\n<p>\u201cM\u00eb p\u00eblqen m\u00eb shum\u00eb Moza tani sepse \u00ebsht\u00eb m\u00eb e vendosur n\u00eb to q\u00eb thot\u00eb\u201d- shprehet Anjeza n\u00eb nj\u00eb bised\u00eb me Arin. P\u00ebr Arin, kjo vjen si rezultat i komoditetit t\u00eb t\u00eb q\u00ebnurit m\u00eb pak njer\u00ebz n\u00eb sht\u00ebpi. Anjeza tregon se n\u00eb fillim, p\u00ebrvec bisedave mbi grimin dhe flok\u00ebt, nuk kishte asgj\u00eb tjet\u00ebr mes tyre, nd\u00ebrsa tani \u00ebsht\u00eb ndryshe. Ari e spjegon k\u00ebt\u00eb fakt pasi kaq pak sa kan\u00eb ngelur, normalisht q\u00eb do p\u00ebrpiqen t\u00eb krijojn\u00eb kontakte mes tyre. Anjeza tregon se fillimisht ka patur afrimitet me djemt\u00eb dhe nga vajzat me Adel\u00ebn, por q\u00eb m\u00eb pas, me kalimin e koh\u00ebs dhe ndryshimeve t\u00eb marr\u00ebdh\u00ebnieve mes t\u00eb gjith\u00ebve, u largua nga ajo. \u201cK\u00ebtu t\u00eb ndryshon mendimi nga dita n\u00eb dit\u00eb p\u00ebr nj\u00eb banor\u201d- thot\u00eb ajo.<\/p><\/div>\n","protected":false},"excerpt":{"rendered":"<p>\u00a0 04\/05\/09 01:45\u00a0 \u201cM\u00eb p\u00eblqen m\u00eb shum\u00eb Moza tani sepse \u00ebsht\u00eb m\u00eb e vendosur n\u00eb to q\u00eb thot\u00eb\u201d- shprehet Anjeza n\u00eb nj\u00eb bised\u00eb me Arin. P\u00ebr Arin, kjo vjen si rezultat i komoditetit t\u00eb t\u00eb q\u00ebnurit m\u00eb pak njer\u00ebz n\u00eb sht\u00ebpi. Anjeza tregon se n\u00eb fillim, p\u00ebrvec bisedave mbi grimin dhe flok\u00ebt, nuk kishte asgj\u00eb [&hellip;]<\/p>\n","protected":false},"author":1,"featured_media":0,"comment_status":"open","ping_status":"closed","sticky":false,"template":"","format":"standard","meta":{"spay_email":"","jetpack_publicize_message":"","jetpack_is_tweetstorm":false,"jetpack_publicize_feature_enabled":true},"categories":[6502],"tags":[8289,8934,9121,9936,6544,9751],"jetpack_publicize_connections":[],"yoast_head":"<!-- This site is optimized with the Yoast SEO plugin v19.1 - https:\/\/yoast.com\/wordpress\/plugins\/seo\/ -->\n<title>Anjeza : P\u00c3\u00abrpiqemi t\u00c3\u00ab kemi kontakte | Big Brother Albania 2<\/title>\n<meta name=\"description\" content=\"Big Brother Albania 2 - \u00e2\u20ac\u0153M\u00c3\u00ab p\u00c3\u00ablqen m\u00c3\u00ab shum\u00c3\u00ab Moza tani sepse \u00c3\u00absht\u00c3\u00ab m\u00c3\u00ab e vendosur n\u00c3\u00ab to q\u00c3\u00ab thot\u00c3\u00ab\u00e2\u20ac\u009d- shprehet Anjeza n\u00c3\u00ab nj\u00c3\u00ab bised\u00c3\u00ab me Arin. P\u00c3\u00abr Arin, kjo vjen si rezultat i komoditetit t\u00c3\u00ab t\u00c3\u00ab q\u00c3\u00abnurit m\u00c3\u00ab pak njer\u00c3\u00abz n\u00c3\u00ab sht\u00c3\u00abpi.\" \/>\n<meta name=\"robots\" content=\"index, follow, max-snippet:-1, max-image-preview:large, max-video-preview:-1\" \/>\n<link rel=\"canonical\" href=\"https:\/\/www.visit-ulcinj.com\/blog\/2009\/05\/05\/anjeza-perpiqemi-te-kemi-kontakte\/\" \/>\n<meta property=\"og:locale\" content=\"en_US\" \/>\n<meta property=\"og:type\" content=\"article\" \/>\n<meta property=\"og:title\" content=\"Anjeza : P\u00c3\u00abrpiqemi t\u00c3\u00ab kemi kontakte | Big Brother Albania 2\" \/>\n<meta property=\"og:description\" content=\"Big Brother Albania 2 - \u00e2\u20ac\u0153M\u00c3\u00ab p\u00c3\u00ablqen m\u00c3\u00ab shum\u00c3\u00ab Moza tani sepse \u00c3\u00absht\u00c3\u00ab m\u00c3\u00ab e vendosur n\u00c3\u00ab to q\u00c3\u00ab thot\u00c3\u00ab\u00e2\u20ac\u009d- shprehet Anjeza n\u00c3\u00ab nj\u00c3\u00ab bised\u00c3\u00ab me Arin. P\u00c3\u00abr Arin, kjo vjen si rezultat i komoditetit t\u00c3\u00ab t\u00c3\u00ab q\u00c3\u00abnurit m\u00c3\u00ab pak njer\u00c3\u00abz n\u00c3\u00ab sht\u00c3\u00abpi.\" \/>\n<meta property=\"og:url\" content=\"https:\/\/www.visit-ulcinj.com\/blog\/2009\/05\/05\/anjeza-perpiqemi-te-kemi-kontakte\/\" \/>\n<meta property=\"og:site_name\" content=\"Lajme nga Ulqini\" \/>\n<meta property=\"article:published_time\" content=\"2009-05-05T18:56:27+00:00\" \/>\n<meta property=\"article:modified_time\" content=\"2009-05-04T22:56:49+00:00\" \/>\n<meta property=\"og:image\" content=\"http:\/\/www.visit-ulcinj.com\/blog\/wp-content\/uploads\/2009\/05\/anjezaari-4m.jpg\" \/>\n<meta name=\"twitter:label1\" content=\"Written by\" \/>\n\t<meta name=\"twitter:data1\" content=\"ulqini\" \/>\n\t<meta name=\"twitter:label2\" content=\"Est. reading time\" \/>\n\t<meta name=\"twitter:data2\" content=\"1 minute\" \/>\n<script type=\"application\/ld+json\" class=\"yoast-schema-graph\">{\"@context\":\"https:\/\/schema.org\",\"@graph\":[{\"@type\":\"WebSite\",\"@id\":\"https:\/\/www.visit-ulcinj.com\/blog\/#website\",\"url\":\"https:\/\/www.visit-ulcinj.com\/blog\/\",\"name\":\"Lajme nga Ulqini\",\"description\":\"Lajme,Vijesti,Ulqini,Ulqin,Crna Gora,Mali i Zi\",\"potentialAction\":[{\"@type\":\"SearchAction\",\"target\":{\"@type\":\"EntryPoint\",\"urlTemplate\":\"https:\/\/www.visit-ulcinj.com\/blog\/?s={search_term_string}\"},\"query-input\":\"required name=search_term_string\"}],\"inLanguage\":\"en-US\"},{\"@type\":\"ImageObject\",\"inLanguage\":\"en-US\",\"@id\":\"https:\/\/www.visit-ulcinj.com\/blog\/2009\/05\/05\/anjeza-perpiqemi-te-kemi-kontakte\/#primaryimage\",\"url\":\"http:\/\/www.visit-ulcinj.com\/blog\/wp-content\/uploads\/2009\/05\/anjezaari-4m.jpg\",\"contentUrl\":\"http:\/\/www.visit-ulcinj.com\/blog\/wp-content\/uploads\/2009\/05\/anjezaari-4m.jpg\"},{\"@type\":\"WebPage\",\"@id\":\"https:\/\/www.visit-ulcinj.com\/blog\/2009\/05\/05\/anjeza-perpiqemi-te-kemi-kontakte\/#webpage\",\"url\":\"https:\/\/www.visit-ulcinj.com\/blog\/2009\/05\/05\/anjeza-perpiqemi-te-kemi-kontakte\/\",\"name\":\"Anjeza : P\u00c3\u00abrpiqemi t\u00c3\u00ab kemi kontakte | Big Brother Albania 2\",\"isPartOf\":{\"@id\":\"https:\/\/www.visit-ulcinj.com\/blog\/#website\"},\"primaryImageOfPage\":{\"@id\":\"https:\/\/www.visit-ulcinj.com\/blog\/2009\/05\/05\/anjeza-perpiqemi-te-kemi-kontakte\/#primaryimage\"},\"datePublished\":\"2009-05-05T18:56:27+00:00\",\"dateModified\":\"2009-05-04T22:56:49+00:00\",\"author\":{\"@id\":\"https:\/\/www.visit-ulcinj.com\/blog\/#\/schema\/person\/dcab619c614d3038751c63bc2aadc06d\"},\"description\":\"Big Brother Albania 2 - \u00e2\u20ac\u0153M\u00c3\u00ab p\u00c3\u00ablqen m\u00c3\u00ab shum\u00c3\u00ab Moza tani sepse \u00c3\u00absht\u00c3\u00ab m\u00c3\u00ab e vendosur n\u00c3\u00ab to q\u00c3\u00ab thot\u00c3\u00ab\u00e2\u20ac\u009d- shprehet Anjeza n\u00c3\u00ab nj\u00c3\u00ab bised\u00c3\u00ab me Arin. P\u00c3\u00abr Arin, kjo vjen si rezultat i komoditetit t\u00c3\u00ab t\u00c3\u00ab q\u00c3\u00abnurit m\u00c3\u00ab pak njer\u00c3\u00abz n\u00c3\u00ab sht\u00c3\u00abpi.\",\"breadcrumb\":{\"@id\":\"https:\/\/www.visit-ulcinj.com\/blog\/2009\/05\/05\/anjeza-perpiqemi-te-kemi-kontakte\/#breadcrumb\"},\"inLanguage\":\"en-US\",\"potentialAction\":[{\"@type\":\"ReadAction\",\"target\":[\"https:\/\/www.visit-ulcinj.com\/blog\/2009\/05\/05\/anjeza-perpiqemi-te-kemi-kontakte\/\"]}]},{\"@type\":\"BreadcrumbList\",\"@id\":\"https:\/\/www.visit-ulcinj.com\/blog\/2009\/05\/05\/anjeza-perpiqemi-te-kemi-kontakte\/#breadcrumb\",\"itemListElement\":[{\"@type\":\"ListItem\",\"position\":1,\"name\":\"Anjeza : P\u00ebrpiqemi t\u00eb kemi kontakte\"}]},{\"@type\":\"Person\",\"@id\":\"https:\/\/www.visit-ulcinj.com\/blog\/#\/schema\/person\/dcab619c614d3038751c63bc2aadc06d\",\"name\":\"ulqini\",\"sameAs\":[\"http:\/\/www.visit-ulcinj.com\"],\"url\":\"https:\/\/www.visit-ulcinj.com\/blog\/author\/admin\/\"}]}<\/script>\n<!-- \/ Yoast SEO plugin. -->","yoast_head_json":{"title":"Anjeza : P\u00c3\u00abrpiqemi t\u00c3\u00ab kemi kontakte | Big Brother Albania 2","description":"Big Brother Albania 2 - \u00e2\u20ac\u0153M\u00c3\u00ab p\u00c3\u00ablqen m\u00c3\u00ab shum\u00c3\u00ab Moza tani sepse \u00c3\u00absht\u00c3\u00ab m\u00c3\u00ab e vendosur n\u00c3\u00ab to q\u00c3\u00ab thot\u00c3\u00ab\u00e2\u20ac\u009d- shprehet Anjeza n\u00c3\u00ab nj\u00c3\u00ab bised\u00c3\u00ab me Arin. P\u00c3\u00abr Arin, kjo vjen si rezultat i komoditetit t\u00c3\u00ab t\u00c3\u00ab q\u00c3\u00abnurit m\u00c3\u00ab pak njer\u00c3\u00abz n\u00c3\u00ab sht\u00c3\u00abpi.","robots":{"index":"index","follow":"follow","max-snippet":"max-snippet:-1","max-image-preview":"max-image-preview:large","max-video-preview":"max-video-preview:-1"},"canonical":"https:\/\/www.visit-ulcinj.com\/blog\/2009\/05\/05\/anjeza-perpiqemi-te-kemi-kontakte\/","og_locale":"en_US","og_type":"article","og_title":"Anjeza : P\u00c3\u00abrpiqemi t\u00c3\u00ab kemi kontakte | Big Brother Albania 2","og_description":"Big Brother Albania 2 - \u00e2\u20ac\u0153M\u00c3\u00ab p\u00c3\u00ablqen m\u00c3\u00ab shum\u00c3\u00ab Moza tani sepse \u00c3\u00absht\u00c3\u00ab m\u00c3\u00ab e vendosur n\u00c3\u00ab to q\u00c3\u00ab thot\u00c3\u00ab\u00e2\u20ac\u009d- shprehet Anjeza n\u00c3\u00ab nj\u00c3\u00ab bised\u00c3\u00ab me Arin. P\u00c3\u00abr Arin, kjo vjen si rezultat i komoditetit t\u00c3\u00ab t\u00c3\u00ab q\u00c3\u00abnurit m\u00c3\u00ab pak njer\u00c3\u00abz n\u00c3\u00ab sht\u00c3\u00abpi.","og_url":"https:\/\/www.visit-ulcinj.com\/blog\/2009\/05\/05\/anjeza-perpiqemi-te-kemi-kontakte\/","og_site_name":"Lajme nga Ulqini","article_published_time":"2009-05-05T18:56:27+00:00","article_modified_time":"2009-05-04T22:56:49+00:00","og_image":[{"url":"http:\/\/www.visit-ulcinj.com\/blog\/wp-content\/uploads\/2009\/05\/anjezaari-4m.jpg"}],"twitter_misc":{"Written by":"ulqini","Est. reading time":"1 minute"},"schema":{"@context":"https:\/\/schema.org","@graph":[{"@type":"WebSite","@id":"https:\/\/www.visit-ulcinj.com\/blog\/#website","url":"https:\/\/www.visit-ulcinj.com\/blog\/","name":"Lajme nga Ulqini","description":"Lajme,Vijesti,Ulqini,Ulqin,Crna Gora,Mali i Zi","potentialAction":[{"@type":"SearchAction","target":{"@type":"EntryPoint","urlTemplate":"https:\/\/www.visit-ulcinj.com\/blog\/?s={search_term_string}"},"query-input":"required name=search_term_string"}],"inLanguage":"en-US"},{"@type":"ImageObject","inLanguage":"en-US","@id":"https:\/\/www.visit-ulcinj.com\/blog\/2009\/05\/05\/anjeza-perpiqemi-te-kemi-kontakte\/#primaryimage","url":"http:\/\/www.visit-ulcinj.com\/blog\/wp-content\/uploads\/2009\/05\/anjezaari-4m.jpg","contentUrl":"http:\/\/www.visit-ulcinj.com\/blog\/wp-content\/uploads\/2009\/05\/anjezaari-4m.jpg"},{"@type":"WebPage","@id":"https:\/\/www.visit-ulcinj.com\/blog\/2009\/05\/05\/anjeza-perpiqemi-te-kemi-kontakte\/#webpage","url":"https:\/\/www.visit-ulcinj.com\/blog\/2009\/05\/05\/anjeza-perpiqemi-te-kemi-kontakte\/","name":"Anjeza : P\u00c3\u00abrpiqemi t\u00c3\u00ab kemi kontakte | Big Brother Albania 2","isPartOf":{"@id":"https:\/\/www.visit-ulcinj.com\/blog\/#website"},"primaryImageOfPage":{"@id":"https:\/\/www.visit-ulcinj.com\/blog\/2009\/05\/05\/anjeza-perpiqemi-te-kemi-kontakte\/#primaryimage"},"datePublished":"2009-05-05T18:56:27+00:00","dateModified":"2009-05-04T22:56:49+00:00","author":{"@id":"https:\/\/www.visit-ulcinj.com\/blog\/#\/schema\/person\/dcab619c614d3038751c63bc2aadc06d"},"description":"Big Brother Albania 2 - \u00e2\u20ac\u0153M\u00c3\u00ab p\u00c3\u00ablqen m\u00c3\u00ab shum\u00c3\u00ab Moza tani sepse \u00c3\u00absht\u00c3\u00ab m\u00c3\u00ab e vendosur n\u00c3\u00ab to q\u00c3\u00ab thot\u00c3\u00ab\u00e2\u20ac\u009d- shprehet Anjeza n\u00c3\u00ab nj\u00c3\u00ab bised\u00c3\u00ab me Arin. P\u00c3\u00abr Arin, kjo vjen si rezultat i komoditetit t\u00c3\u00ab t\u00c3\u00ab q\u00c3\u00abnurit m\u00c3\u00ab pak njer\u00c3\u00abz n\u00c3\u00ab sht\u00c3\u00abpi.","breadcrumb":{"@id":"https:\/\/www.visit-ulcinj.com\/blog\/2009\/05\/05\/anjeza-perpiqemi-te-kemi-kontakte\/#breadcrumb"},"inLanguage":"en-US","potentialAction":[{"@type":"ReadAction","target":["https:\/\/www.visit-ulcinj.com\/blog\/2009\/05\/05\/anjeza-perpiqemi-te-kemi-kontakte\/"]}]},{"@type":"BreadcrumbList","@id":"https:\/\/www.visit-ulcinj.com\/blog\/2009\/05\/05\/anjeza-perpiqemi-te-kemi-kontakte\/#breadcrumb","itemListElement":[{"@type":"ListItem","position":1,"name":"Anjeza : P\u00ebrpiqemi t\u00eb kemi kontakte"}]},{"@type":"Person","@id":"https:\/\/www.visit-ulcinj.com\/blog\/#\/schema\/person\/dcab619c614d3038751c63bc2aadc06d","name":"ulqini","sameAs":["http:\/\/www.visit-ulcinj.com"],"url":"https:\/\/www.visit-ulcinj.com\/blog\/author\/admin\/"}]}},"jetpack_featured_media_url":"","jetpack_sharing_enabled":true,"jetpack_shortlink":"https:\/\/wp.me\/pe6lTn-5fD","_links":{"self":[{"href":"https:\/\/www.visit-ulcinj.com\/blog\/wp-json\/wp\/v2\/posts\/20189"}],"collection":[{"href":"https:\/\/www.visit-ulcinj.com\/blog\/wp-json\/wp\/v2\/posts"}],"about":[{"href":"https:\/\/www.visit-ulcinj.com\/blog\/wp-json\/wp\/v2\/types\/post"}],"author":[{"embeddable":true,"href":"https:\/\/www.visit-ulcinj.com\/blog\/wp-json\/wp\/v2\/users\/1"}],"replies":[{"embeddable":true,"href":"https:\/\/www.visit-ulcinj.com\/blog\/wp-json\/wp\/v2\/comments?post=20189"}],"version-history":[{"count":0,"href":"https:\/\/www.visit-ulcinj.com\/blog\/wp-json\/wp\/v2\/posts\/20189\/revisions"}],"wp:attachment":[{"href":"https:\/\/www.visit-ulcinj.com\/blog\/wp-json\/wp\/v2\/media?parent=20189"}],"wp:term":[{"taxonomy":"category","embeddable":true,"href":"https:\/\/www.visit-ulcinj.com\/blog\/wp-json\/wp\/v2\/categories?post=20189"},{"taxonomy":"post_tag","embeddable":true,"href":"https:\/\/www.visit-ulcinj.com\/blog\/wp-json\/wp\/v2\/tags?post=20189"}],"curies":[{"name":"wp","href":"https:\/\/api.w.org\/{rel}","templated":true}]}}