{"id":20193,"date":"2009-05-05T20:57:33","date_gmt":"2009-05-05T18:57:33","guid":{"rendered":"http:\/\/www.visit-ulcinj.com\/blog\/?p=20193"},"modified":"2009-05-05T01:03:02","modified_gmt":"2009-05-04T23:03:02","slug":"anjeza-dhe-moza-pershtypjet-e-nates-se-pare","status":"publish","type":"post","link":"https:\/\/www.visit-ulcinj.com\/blog\/2009\/05\/05\/anjeza-dhe-moza-pershtypjet-e-nates-se-pare\/","title":{"rendered":"Anjeza dhe Moza : P\u00ebrshtypjet e nat\u00ebs s\u00eb par\u00eb"},"content":{"rendered":"<p><em><span class=\"newsdate\"><a href=\"http:\/\/www.visit-ulcinj.com\/blog\/wp-content\/uploads\/2009\/05\/mozaanjeza-4maj-2.jpg\"><img loading=\"lazy\" class=\"alignleft size-full wp-image-20194\" title=\"mozaanjeza-4maj-2-big-brother-albania-2\" src=\"http:\/\/www.visit-ulcinj.com\/blog\/wp-content\/uploads\/2009\/05\/mozaanjeza-4maj-2.jpg\" alt=\"mozaanjeza-4maj-2-big-brother-albania-2\" width=\"300\" height=\"205\" \/><\/a>04\/05\/09 02:07<\/span><\/em><\/p>\n<p>\u201cKur hyra n\u00eb sht\u00ebpi, nat\u00ebn e par\u00eb, nuk p\u00ebrjetova asnj\u00eb emocion\u201d- shprehet Moza duke kujtuar me t\u00eb tjer\u00ebt p\u00ebrshtypjet e nat\u00ebs s\u00eb par\u00eb. Adi kujton se ajo ishte shum\u00eb e hutur dhe k\u00ebt\u00eb gj\u00eb e mban mend mir\u00eb, madje shton se ajo ka hyr\u00eb bashk\u00eb me Lirit\u00ebn. Sipas Moz\u00ebs, ky fakt ka ndikuar q\u00eb ajo t\u00eb mos kishte emocione, por vec t\u00eb v\u00ebshtronte ambientin dhe bukurin\u00eb e asaj mbr\u00ebmjeje. Adi insiston se kur nuk e ke p\u00ebrjetuar m\u00eb par\u00eb dicka, ndjen emocione sidomos kur shikon edhe nj\u00eb sken\u00eb, nj\u00eb sht\u00ebpi plot drita, shum\u00eb njer\u00ebz q\u00eb t\u00eb p\u00ebrsh\u00ebndetin. Ai kujton se ka hyr\u00eb i pari n\u00eb sht\u00ebpi dhe ishte shum\u00eb i emocionuar dhe i hutuar nga ambienti i sht\u00ebpis\u00eb. Moza thot\u00eb se me Lirit\u00ebn u njoh q\u00eb gjat\u00eb prezantimit q\u00eb i b\u00ebri Enoja dhe se kan\u00eb ardhur bashk\u00eb deri n\u00eb sht\u00ebpi, t\u00eb shoq\u00ebruara n\u00eb t\u00eb nj\u00ebjt\u00ebn makin\u00eb. \u201cLirita ishte shum\u00eb serioze, nd\u00ebrsa un\u00eb vet\u00ebm qeshja\u201d- vazhdon Moza t\u00eb kujtoj\u00eb castet e para.<\/p>\n","protected":false},"excerpt":{"rendered":"<p>04\/05\/09 02:07 \u201cKur hyra n\u00eb sht\u00ebpi, nat\u00ebn e par\u00eb, nuk p\u00ebrjetova asnj\u00eb emocion\u201d- shprehet Moza duke kujtuar me t\u00eb tjer\u00ebt p\u00ebrshtypjet e nat\u00ebs s\u00eb par\u00eb. Adi kujton se ajo ishte shum\u00eb e hutur dhe k\u00ebt\u00eb gj\u00eb e mban mend mir\u00eb, madje shton se ajo ka hyr\u00eb bashk\u00eb me Lirit\u00ebn. Sipas Moz\u00ebs, ky fakt ka ndikuar [&hellip;]<\/p>\n","protected":false},"author":1,"featured_media":0,"comment_status":"open","ping_status":"closed","sticky":false,"template":"","format":"standard","meta":{"spay_email":"","jetpack_publicize_message":"","jetpack_is_tweetstorm":false,"jetpack_publicize_feature_enabled":true},"categories":[6502],"tags":[6529,8289,9121,6542,6544,6887],"jetpack_publicize_connections":[],"yoast_head":"<!-- This site is optimized with the Yoast SEO plugin v19.1 - https:\/\/yoast.com\/wordpress\/plugins\/seo\/ -->\n<title>Anjeza dhe Moza : P\u00c3\u00abrshtypjet e nat\u00c3\u00abs s\u00c3\u00ab par\u00c3\u00ab | Big Brother Albania 2<\/title>\n<meta name=\"description\" content=\"Big Brother Albania 2 - \u00e2\u20ac\u0153Kur hyra n\u00c3\u00ab sht\u00c3\u00abpi, nat\u00c3\u00abn e par\u00c3\u00ab, nuk p\u00c3\u00abrjetova asnj\u00c3\u00ab emocion\u00e2\u20ac\u009d- shprehet Moza duke kujtuar me t\u00c3\u00ab tjer\u00c3\u00abt p\u00c3\u00abrshtypjet e nat\u00c3\u00abs s\u00c3\u00ab par\u00c3\u00ab.\" \/>\n<meta name=\"robots\" content=\"index, follow, max-snippet:-1, max-image-preview:large, max-video-preview:-1\" \/>\n<link rel=\"canonical\" href=\"https:\/\/www.visit-ulcinj.com\/blog\/2009\/05\/05\/anjeza-dhe-moza-pershtypjet-e-nates-se-pare\/\" \/>\n<meta property=\"og:locale\" content=\"en_US\" \/>\n<meta property=\"og:type\" content=\"article\" \/>\n<meta property=\"og:title\" content=\"Anjeza dhe Moza : P\u00c3\u00abrshtypjet e nat\u00c3\u00abs s\u00c3\u00ab par\u00c3\u00ab | Big Brother Albania 2\" \/>\n<meta property=\"og:description\" content=\"Big Brother Albania 2 - \u00e2\u20ac\u0153Kur hyra n\u00c3\u00ab sht\u00c3\u00abpi, nat\u00c3\u00abn e par\u00c3\u00ab, nuk p\u00c3\u00abrjetova asnj\u00c3\u00ab emocion\u00e2\u20ac\u009d- shprehet Moza duke kujtuar me t\u00c3\u00ab tjer\u00c3\u00abt p\u00c3\u00abrshtypjet e nat\u00c3\u00abs s\u00c3\u00ab par\u00c3\u00ab.\" \/>\n<meta property=\"og:url\" content=\"https:\/\/www.visit-ulcinj.com\/blog\/2009\/05\/05\/anjeza-dhe-moza-pershtypjet-e-nates-se-pare\/\" \/>\n<meta property=\"og:site_name\" content=\"Lajme nga Ulqini\" \/>\n<meta property=\"article:published_time\" content=\"2009-05-05T18:57:33+00:00\" \/>\n<meta property=\"article:modified_time\" content=\"2009-05-04T23:03:02+00:00\" \/>\n<meta property=\"og:image\" content=\"http:\/\/www.visit-ulcinj.com\/blog\/wp-content\/uploads\/2009\/05\/mozaanjeza-4maj-2.jpg\" \/>\n<meta name=\"twitter:label1\" content=\"Written by\" \/>\n\t<meta name=\"twitter:data1\" content=\"ulqini\" \/>\n\t<meta name=\"twitter:label2\" content=\"Est. reading time\" \/>\n\t<meta name=\"twitter:data2\" content=\"1 minute\" \/>\n<script type=\"application\/ld+json\" class=\"yoast-schema-graph\">{\"@context\":\"https:\/\/schema.org\",\"@graph\":[{\"@type\":\"WebSite\",\"@id\":\"https:\/\/www.visit-ulcinj.com\/blog\/#website\",\"url\":\"https:\/\/www.visit-ulcinj.com\/blog\/\",\"name\":\"Lajme nga Ulqini\",\"description\":\"Lajme,Vijesti,Ulqini,Ulqin,Crna Gora,Mali i Zi\",\"potentialAction\":[{\"@type\":\"SearchAction\",\"target\":{\"@type\":\"EntryPoint\",\"urlTemplate\":\"https:\/\/www.visit-ulcinj.com\/blog\/?s={search_term_string}\"},\"query-input\":\"required name=search_term_string\"}],\"inLanguage\":\"en-US\"},{\"@type\":\"ImageObject\",\"inLanguage\":\"en-US\",\"@id\":\"https:\/\/www.visit-ulcinj.com\/blog\/2009\/05\/05\/anjeza-dhe-moza-pershtypjet-e-nates-se-pare\/#primaryimage\",\"url\":\"http:\/\/www.visit-ulcinj.com\/blog\/wp-content\/uploads\/2009\/05\/mozaanjeza-4maj-2.jpg\",\"contentUrl\":\"http:\/\/www.visit-ulcinj.com\/blog\/wp-content\/uploads\/2009\/05\/mozaanjeza-4maj-2.jpg\"},{\"@type\":\"WebPage\",\"@id\":\"https:\/\/www.visit-ulcinj.com\/blog\/2009\/05\/05\/anjeza-dhe-moza-pershtypjet-e-nates-se-pare\/#webpage\",\"url\":\"https:\/\/www.visit-ulcinj.com\/blog\/2009\/05\/05\/anjeza-dhe-moza-pershtypjet-e-nates-se-pare\/\",\"name\":\"Anjeza dhe Moza : P\u00c3\u00abrshtypjet e nat\u00c3\u00abs s\u00c3\u00ab par\u00c3\u00ab | Big Brother Albania 2\",\"isPartOf\":{\"@id\":\"https:\/\/www.visit-ulcinj.com\/blog\/#website\"},\"primaryImageOfPage\":{\"@id\":\"https:\/\/www.visit-ulcinj.com\/blog\/2009\/05\/05\/anjeza-dhe-moza-pershtypjet-e-nates-se-pare\/#primaryimage\"},\"datePublished\":\"2009-05-05T18:57:33+00:00\",\"dateModified\":\"2009-05-04T23:03:02+00:00\",\"author\":{\"@id\":\"https:\/\/www.visit-ulcinj.com\/blog\/#\/schema\/person\/dcab619c614d3038751c63bc2aadc06d\"},\"description\":\"Big Brother Albania 2 - \u00e2\u20ac\u0153Kur hyra n\u00c3\u00ab sht\u00c3\u00abpi, nat\u00c3\u00abn e par\u00c3\u00ab, nuk p\u00c3\u00abrjetova asnj\u00c3\u00ab emocion\u00e2\u20ac\u009d- shprehet Moza duke kujtuar me t\u00c3\u00ab tjer\u00c3\u00abt p\u00c3\u00abrshtypjet e nat\u00c3\u00abs s\u00c3\u00ab par\u00c3\u00ab.\",\"breadcrumb\":{\"@id\":\"https:\/\/www.visit-ulcinj.com\/blog\/2009\/05\/05\/anjeza-dhe-moza-pershtypjet-e-nates-se-pare\/#breadcrumb\"},\"inLanguage\":\"en-US\",\"potentialAction\":[{\"@type\":\"ReadAction\",\"target\":[\"https:\/\/www.visit-ulcinj.com\/blog\/2009\/05\/05\/anjeza-dhe-moza-pershtypjet-e-nates-se-pare\/\"]}]},{\"@type\":\"BreadcrumbList\",\"@id\":\"https:\/\/www.visit-ulcinj.com\/blog\/2009\/05\/05\/anjeza-dhe-moza-pershtypjet-e-nates-se-pare\/#breadcrumb\",\"itemListElement\":[{\"@type\":\"ListItem\",\"position\":1,\"name\":\"Anjeza dhe Moza : P\u00ebrshtypjet e nat\u00ebs s\u00eb par\u00eb\"}]},{\"@type\":\"Person\",\"@id\":\"https:\/\/www.visit-ulcinj.com\/blog\/#\/schema\/person\/dcab619c614d3038751c63bc2aadc06d\",\"name\":\"ulqini\",\"sameAs\":[\"http:\/\/www.visit-ulcinj.com\"],\"url\":\"https:\/\/www.visit-ulcinj.com\/blog\/author\/admin\/\"}]}<\/script>\n<!-- \/ Yoast SEO plugin. -->","yoast_head_json":{"title":"Anjeza dhe Moza : P\u00c3\u00abrshtypjet e nat\u00c3\u00abs s\u00c3\u00ab par\u00c3\u00ab | Big Brother Albania 2","description":"Big Brother Albania 2 - \u00e2\u20ac\u0153Kur hyra n\u00c3\u00ab sht\u00c3\u00abpi, nat\u00c3\u00abn e par\u00c3\u00ab, nuk p\u00c3\u00abrjetova asnj\u00c3\u00ab emocion\u00e2\u20ac\u009d- shprehet Moza duke kujtuar me t\u00c3\u00ab tjer\u00c3\u00abt p\u00c3\u00abrshtypjet e nat\u00c3\u00abs s\u00c3\u00ab par\u00c3\u00ab.","robots":{"index":"index","follow":"follow","max-snippet":"max-snippet:-1","max-image-preview":"max-image-preview:large","max-video-preview":"max-video-preview:-1"},"canonical":"https:\/\/www.visit-ulcinj.com\/blog\/2009\/05\/05\/anjeza-dhe-moza-pershtypjet-e-nates-se-pare\/","og_locale":"en_US","og_type":"article","og_title":"Anjeza dhe Moza : P\u00c3\u00abrshtypjet e nat\u00c3\u00abs s\u00c3\u00ab par\u00c3\u00ab | Big Brother Albania 2","og_description":"Big Brother Albania 2 - \u00e2\u20ac\u0153Kur hyra n\u00c3\u00ab sht\u00c3\u00abpi, nat\u00c3\u00abn e par\u00c3\u00ab, nuk p\u00c3\u00abrjetova asnj\u00c3\u00ab emocion\u00e2\u20ac\u009d- shprehet Moza duke kujtuar me t\u00c3\u00ab tjer\u00c3\u00abt p\u00c3\u00abrshtypjet e nat\u00c3\u00abs s\u00c3\u00ab par\u00c3\u00ab.","og_url":"https:\/\/www.visit-ulcinj.com\/blog\/2009\/05\/05\/anjeza-dhe-moza-pershtypjet-e-nates-se-pare\/","og_site_name":"Lajme nga Ulqini","article_published_time":"2009-05-05T18:57:33+00:00","article_modified_time":"2009-05-04T23:03:02+00:00","og_image":[{"url":"http:\/\/www.visit-ulcinj.com\/blog\/wp-content\/uploads\/2009\/05\/mozaanjeza-4maj-2.jpg"}],"twitter_misc":{"Written by":"ulqini","Est. reading time":"1 minute"},"schema":{"@context":"https:\/\/schema.org","@graph":[{"@type":"WebSite","@id":"https:\/\/www.visit-ulcinj.com\/blog\/#website","url":"https:\/\/www.visit-ulcinj.com\/blog\/","name":"Lajme nga Ulqini","description":"Lajme,Vijesti,Ulqini,Ulqin,Crna Gora,Mali i Zi","potentialAction":[{"@type":"SearchAction","target":{"@type":"EntryPoint","urlTemplate":"https:\/\/www.visit-ulcinj.com\/blog\/?s={search_term_string}"},"query-input":"required name=search_term_string"}],"inLanguage":"en-US"},{"@type":"ImageObject","inLanguage":"en-US","@id":"https:\/\/www.visit-ulcinj.com\/blog\/2009\/05\/05\/anjeza-dhe-moza-pershtypjet-e-nates-se-pare\/#primaryimage","url":"http:\/\/www.visit-ulcinj.com\/blog\/wp-content\/uploads\/2009\/05\/mozaanjeza-4maj-2.jpg","contentUrl":"http:\/\/www.visit-ulcinj.com\/blog\/wp-content\/uploads\/2009\/05\/mozaanjeza-4maj-2.jpg"},{"@type":"WebPage","@id":"https:\/\/www.visit-ulcinj.com\/blog\/2009\/05\/05\/anjeza-dhe-moza-pershtypjet-e-nates-se-pare\/#webpage","url":"https:\/\/www.visit-ulcinj.com\/blog\/2009\/05\/05\/anjeza-dhe-moza-pershtypjet-e-nates-se-pare\/","name":"Anjeza dhe Moza : P\u00c3\u00abrshtypjet e nat\u00c3\u00abs s\u00c3\u00ab par\u00c3\u00ab | Big Brother Albania 2","isPartOf":{"@id":"https:\/\/www.visit-ulcinj.com\/blog\/#website"},"primaryImageOfPage":{"@id":"https:\/\/www.visit-ulcinj.com\/blog\/2009\/05\/05\/anjeza-dhe-moza-pershtypjet-e-nates-se-pare\/#primaryimage"},"datePublished":"2009-05-05T18:57:33+00:00","dateModified":"2009-05-04T23:03:02+00:00","author":{"@id":"https:\/\/www.visit-ulcinj.com\/blog\/#\/schema\/person\/dcab619c614d3038751c63bc2aadc06d"},"description":"Big Brother Albania 2 - \u00e2\u20ac\u0153Kur hyra n\u00c3\u00ab sht\u00c3\u00abpi, nat\u00c3\u00abn e par\u00c3\u00ab, nuk p\u00c3\u00abrjetova asnj\u00c3\u00ab emocion\u00e2\u20ac\u009d- shprehet Moza duke kujtuar me t\u00c3\u00ab tjer\u00c3\u00abt p\u00c3\u00abrshtypjet e nat\u00c3\u00abs s\u00c3\u00ab par\u00c3\u00ab.","breadcrumb":{"@id":"https:\/\/www.visit-ulcinj.com\/blog\/2009\/05\/05\/anjeza-dhe-moza-pershtypjet-e-nates-se-pare\/#breadcrumb"},"inLanguage":"en-US","potentialAction":[{"@type":"ReadAction","target":["https:\/\/www.visit-ulcinj.com\/blog\/2009\/05\/05\/anjeza-dhe-moza-pershtypjet-e-nates-se-pare\/"]}]},{"@type":"BreadcrumbList","@id":"https:\/\/www.visit-ulcinj.com\/blog\/2009\/05\/05\/anjeza-dhe-moza-pershtypjet-e-nates-se-pare\/#breadcrumb","itemListElement":[{"@type":"ListItem","position":1,"name":"Anjeza dhe Moza : P\u00ebrshtypjet e nat\u00ebs s\u00eb par\u00eb"}]},{"@type":"Person","@id":"https:\/\/www.visit-ulcinj.com\/blog\/#\/schema\/person\/dcab619c614d3038751c63bc2aadc06d","name":"ulqini","sameAs":["http:\/\/www.visit-ulcinj.com"],"url":"https:\/\/www.visit-ulcinj.com\/blog\/author\/admin\/"}]}},"jetpack_featured_media_url":"","jetpack_sharing_enabled":true,"jetpack_shortlink":"https:\/\/wp.me\/pe6lTn-5fH","_links":{"self":[{"href":"https:\/\/www.visit-ulcinj.com\/blog\/wp-json\/wp\/v2\/posts\/20193"}],"collection":[{"href":"https:\/\/www.visit-ulcinj.com\/blog\/wp-json\/wp\/v2\/posts"}],"about":[{"href":"https:\/\/www.visit-ulcinj.com\/blog\/wp-json\/wp\/v2\/types\/post"}],"author":[{"embeddable":true,"href":"https:\/\/www.visit-ulcinj.com\/blog\/wp-json\/wp\/v2\/users\/1"}],"replies":[{"embeddable":true,"href":"https:\/\/www.visit-ulcinj.com\/blog\/wp-json\/wp\/v2\/comments?post=20193"}],"version-history":[{"count":0,"href":"https:\/\/www.visit-ulcinj.com\/blog\/wp-json\/wp\/v2\/posts\/20193\/revisions"}],"wp:attachment":[{"href":"https:\/\/www.visit-ulcinj.com\/blog\/wp-json\/wp\/v2\/media?parent=20193"}],"wp:term":[{"taxonomy":"category","embeddable":true,"href":"https:\/\/www.visit-ulcinj.com\/blog\/wp-json\/wp\/v2\/categories?post=20193"},{"taxonomy":"post_tag","embeddable":true,"href":"https:\/\/www.visit-ulcinj.com\/blog\/wp-json\/wp\/v2\/tags?post=20193"}],"curies":[{"name":"wp","href":"https:\/\/api.w.org\/{rel}","templated":true}]}}