{"id":20248,"date":"2009-05-05T18:58:58","date_gmt":"2009-05-05T16:58:58","guid":{"rendered":"http:\/\/www.visit-ulcinj.com\/blog\/?p=20248"},"modified":"2009-05-05T19:09:29","modified_gmt":"2009-05-05T17:09:29","slug":"radovic-ugostitelji-da-jos-snize-cijene","status":"publish","type":"post","link":"https:\/\/www.visit-ulcinj.com\/blog\/2009\/05\/05\/radovic-ugostitelji-da-jos-snize-cijene\/","title":{"rendered":"Radovi?: Ugostitelji da jo\u0161 snize cijene"},"content":{"rendered":"<p><a href=\"http:\/\/www.visit-ulcinj.com\/blog\/wp-content\/uploads\/2009\/05\/direktor-nacionalne-turisticke-organizacije-nto-sasa-radovic.jpg\"><img loading=\"lazy\" class=\"alignleft size-full wp-image-20249\" title=\"direktor-nacionalne-turisticke-organizacije-nto-sasa-radovic\" src=\"http:\/\/www.visit-ulcinj.com\/blog\/wp-content\/uploads\/2009\/05\/direktor-nacionalne-turisticke-organizacije-nto-sasa-radovic.jpg\" alt=\"direktor-nacionalne-turisticke-organizacije-nto-sasa-radovic\" width=\"360\" height=\"236\" \/><\/a>Podgorica \u2013 Direktor Nacionalne turisti?ke organizacije (NTO) Sa\u0161a Radovi? kazao je ju?e da crnogorski ugostitelji nijesu dovoljno snizili cijene i da ima prostora za njihovo dodatno korigovanje u pojedinim segmentima.<\/p>\n<p>On je na konferenciji za novinare istakao da ?e se predstoje?a turisti?ka sezona odvijati u vanrednim okolnostima zbog ekonomske krize i novih bolesti koje se javljaju u svijetu, te da je turizam zna?ajan za razvoj Crne Gore jer je njegov doprinos izme?u 20 i 22 odsto u dru\u0161tvenom bruto proizvodu.<\/p>\n<p>Komunikacija sa tr\u017ei\u0161tima u okru\u017eenju je, prema Radovi?evim rije?ima, glavna orijentacija NTO, \u0161to je ujedno i preporuka Svjetske turisti?ke organizacije.<\/p>\n<p>&#8211; Bije se bitka bukvalno za svakog turistu i na\u0161i konkurenti su vrlo aktivni na tom polju. ?ak i neke destinacije koje u periodu prije krize nijesu bile oslonjene na tr\u017ei\u0161ta u okru\u017eenju svoje promotivne aktivnosti su poja?ale upravo na tom tr\u017ei\u0161tu. Crna Gora se ranije ?ak 70 odsto oslanjala na tr\u017ei\u0161te regiona, pro\u0161le godine ta cifra je smanjena na 50 odsto i upravo gosti iz regiona i ove godine predstavljau osnovu na\u0161eg turizma \u2013 kazao je Radovi?, dodaju?i da gosti iz Srbije predstavljaju 40 odsto crnogorskih gostiju i da je u 2008. godini, prema zavr\u0161nim podacima, ?ak 400.000 ljudi iz te dr\u017eave posjetilo Crnu Goru.<\/p>\n<p>&#8211; Kada se saberu i 25.000 vikend stanova koje imaju gra?ani Srbije u Crnoj Gori i njihova rodbina koja je u njima boravila dolazimo do procjene da je ?ak milion gra?ana Srbije posjetilo Crnu Goru \u2013 rekao je on.<\/p>\n<p>NTO je ju?e zvani?no po?ela drugi dio promotivnih aktivnosti, u okviru kojih se predstavljaju turisti?ki potencijali Crne Gore zemljama u regionu, po?e?e danas u Sarajevu otvaranjem turisti?kog predstavni\u0161tva.<\/p>\n<p>Radovi? je kazao da je promocija kroz osam gradova Srbije uspje\u0161no zavr\u0161ena, te da drugi dio kampanje podrazumijeva predstavljanje crnogorskog turizma u osam najve?ih gradova regiona.<\/p>\n<p>&#8211; U Sarajevu ?e biti otvoreno drugo turisti?ko predstavni\u0161tvo, dok su za ?etvrtak i petak planirane prezentacije u Tuzli, odnosno Banja Luci. Promocija ?e biti nastavljena na Kosovu, na Sajmu turizma koji se u ?etvrtak i petak odr\u017eava u Pri\u0161tini. Tu ?emo se predstaviti u saradnji sa Op\u0161tinom Ulcinj. Crnogorska turisti?ka ponuda ?e 11. maja biti predstavljena u Skoplju, a od 21. do 24. maja u Sloveniji, odnosno Mariboru i Ljubljani. Drugi dio kampanje ?e biti zavr\u0161en predstavljanjem u Tirani i Budimpe\u0161ti, za koje termini jo\u0161 nijesu definisani \u2013 kazao je Radovi?, dodaju?i da je tr\u017ei\u0161te BiH nakon srbijanskog i ruskog najzna?ajnije za Crnu Goru.<\/p>\n<p>Kampanja \u201cUdahni duboko\u201d ?e biti vo?ena i preko vode?ih televizijskih stanica u regionu i ugovori ?e biti potpisani sa 18 stanica, a spot je prilago?en tim tr\u017ei\u0161tima.<\/p>\n<p>&#8211; Smatramo da ovakva kampanja daje najve?e efekte i da ?emo uspjeti da nadomjestimo minus koji ve? sad bilje\u017ee sve turisti?ke destinacije. Slab buking je svuda prisutan, ali se nadam da smo mi u?inili sve kako bismo animirali potencijalne goste \u2013 kazao je Radovi?.<\/p>\n<p><strong>M.C.<\/strong><\/p>\n<p><strong><a href=\"http:\/\/www.vijesti.cg.yu\/index.php?id_pre=303608&amp;godina=2009\" target=\"_blank\">Vijesti<\/a><\/strong><\/p>\n<div><object width=\"580\" height=\"380\" data=\"http:\/\/videooglasi.net\/embed-player-280\" type=\"application\/x-shockwave-flash\"><param name=\"src\" value=\"http:\/\/videooglasi.net\/embed-player-280\" \/><param name=\"wmode\" value=\"transparent\" \/><param name=\"quality\" value=\"high\" \/><\/object><\/div>\n","protected":false},"excerpt":{"rendered":"<p>Podgorica \u2013 Direktor Nacionalne turisti?ke organizacije (NTO) Sa\u0161a Radovi? kazao je ju?e da crnogorski ugostitelji nijesu dovoljno snizili cijene i da ima prostora za njihovo dodatno korigovanje u pojedinim segmentima. On je na konferenciji za novinare istakao da ?e se predstoje?a turisti?ka sezona odvijati u vanrednim okolnostima zbog ekonomske krize i novih bolesti koje se [&hellip;]<\/p>\n","protected":false},"author":1,"featured_media":0,"comment_status":"open","ping_status":"closed","sticky":false,"template":"","format":"standard","meta":{"spay_email":"","jetpack_publicize_message":"","jetpack_is_tweetstorm":false,"jetpack_publicize_feature_enabled":true},"categories":[8337],"tags":[4210,3931,3533],"jetpack_publicize_connections":[],"yoast_head":"<!-- This site is optimized with the Yoast SEO plugin v19.1 - https:\/\/yoast.com\/wordpress\/plugins\/seo\/ -->\n<title>Radovi?: Ugostitelji da jo\u0161 snize cijene - Lajme nga Ulqini<\/title>\n<meta name=\"description\" content=\"Podgorica \u2013 Direktor Nacionalne turisti?ke organizacije (NTO) Sa\u0161a Radovi? kazao je ju?e da crnogorski ugostitelji nijesu dovoljno snizili cijene i da ima\" \/>\n<meta name=\"robots\" content=\"index, follow, max-snippet:-1, max-image-preview:large, max-video-preview:-1\" \/>\n<link rel=\"canonical\" href=\"https:\/\/www.visit-ulcinj.com\/blog\/2009\/05\/05\/radovic-ugostitelji-da-jos-snize-cijene\/\" \/>\n<meta property=\"og:locale\" content=\"en_US\" \/>\n<meta property=\"og:type\" content=\"article\" \/>\n<meta property=\"og:title\" content=\"Radovi?: Ugostitelji da jo\u0161 snize cijene - Lajme nga Ulqini\" \/>\n<meta property=\"og:description\" content=\"Podgorica \u2013 Direktor Nacionalne turisti?ke organizacije (NTO) Sa\u0161a Radovi? kazao je ju?e da crnogorski ugostitelji nijesu dovoljno snizili cijene i da ima\" \/>\n<meta property=\"og:url\" content=\"https:\/\/www.visit-ulcinj.com\/blog\/2009\/05\/05\/radovic-ugostitelji-da-jos-snize-cijene\/\" \/>\n<meta property=\"og:site_name\" content=\"Lajme nga Ulqini\" \/>\n<meta property=\"article:published_time\" content=\"2009-05-05T16:58:58+00:00\" \/>\n<meta property=\"article:modified_time\" content=\"2009-05-05T17:09:29+00:00\" \/>\n<meta property=\"og:image\" content=\"http:\/\/www.visit-ulcinj.com\/blog\/wp-content\/uploads\/2009\/05\/direktor-nacionalne-turisticke-organizacije-nto-sasa-radovic.jpg\" \/>\n<meta name=\"twitter:label1\" content=\"Written by\" \/>\n\t<meta name=\"twitter:data1\" content=\"ulqini\" \/>\n\t<meta name=\"twitter:label2\" content=\"Est. reading time\" \/>\n\t<meta name=\"twitter:data2\" content=\"3 minutes\" \/>\n<script type=\"application\/ld+json\" class=\"yoast-schema-graph\">{\"@context\":\"https:\/\/schema.org\",\"@graph\":[{\"@type\":\"WebSite\",\"@id\":\"https:\/\/www.visit-ulcinj.com\/blog\/#website\",\"url\":\"https:\/\/www.visit-ulcinj.com\/blog\/\",\"name\":\"Lajme nga Ulqini\",\"description\":\"Lajme,Vijesti,Ulqini,Ulqin,Crna Gora,Mali i Zi\",\"potentialAction\":[{\"@type\":\"SearchAction\",\"target\":{\"@type\":\"EntryPoint\",\"urlTemplate\":\"https:\/\/www.visit-ulcinj.com\/blog\/?s={search_term_string}\"},\"query-input\":\"required name=search_term_string\"}],\"inLanguage\":\"en-US\"},{\"@type\":\"ImageObject\",\"inLanguage\":\"en-US\",\"@id\":\"https:\/\/www.visit-ulcinj.com\/blog\/2009\/05\/05\/radovic-ugostitelji-da-jos-snize-cijene\/#primaryimage\",\"url\":\"https:\/\/www.visit-ulcinj.com\/blog\/wp-content\/uploads\/2009\/05\/direktor-nacionalne-turisticke-organizacije-nto-sasa-radovic.jpg\",\"contentUrl\":\"https:\/\/www.visit-ulcinj.com\/blog\/wp-content\/uploads\/2009\/05\/direktor-nacionalne-turisticke-organizacije-nto-sasa-radovic.jpg\",\"width\":\"290\",\"height\":\"190\"},{\"@type\":\"WebPage\",\"@id\":\"https:\/\/www.visit-ulcinj.com\/blog\/2009\/05\/05\/radovic-ugostitelji-da-jos-snize-cijene\/#webpage\",\"url\":\"https:\/\/www.visit-ulcinj.com\/blog\/2009\/05\/05\/radovic-ugostitelji-da-jos-snize-cijene\/\",\"name\":\"Radovi?: Ugostitelji da jo\u0161 snize cijene - Lajme nga Ulqini\",\"isPartOf\":{\"@id\":\"https:\/\/www.visit-ulcinj.com\/blog\/#website\"},\"primaryImageOfPage\":{\"@id\":\"https:\/\/www.visit-ulcinj.com\/blog\/2009\/05\/05\/radovic-ugostitelji-da-jos-snize-cijene\/#primaryimage\"},\"datePublished\":\"2009-05-05T16:58:58+00:00\",\"dateModified\":\"2009-05-05T17:09:29+00:00\",\"author\":{\"@id\":\"https:\/\/www.visit-ulcinj.com\/blog\/#\/schema\/person\/dcab619c614d3038751c63bc2aadc06d\"},\"description\":\"Podgorica \u2013 Direktor Nacionalne turisti?ke organizacije (NTO) Sa\u0161a Radovi? kazao je ju?e da crnogorski ugostitelji nijesu dovoljno snizili cijene i da ima\",\"breadcrumb\":{\"@id\":\"https:\/\/www.visit-ulcinj.com\/blog\/2009\/05\/05\/radovic-ugostitelji-da-jos-snize-cijene\/#breadcrumb\"},\"inLanguage\":\"en-US\",\"potentialAction\":[{\"@type\":\"ReadAction\",\"target\":[\"https:\/\/www.visit-ulcinj.com\/blog\/2009\/05\/05\/radovic-ugostitelji-da-jos-snize-cijene\/\"]}]},{\"@type\":\"BreadcrumbList\",\"@id\":\"https:\/\/www.visit-ulcinj.com\/blog\/2009\/05\/05\/radovic-ugostitelji-da-jos-snize-cijene\/#breadcrumb\",\"itemListElement\":[{\"@type\":\"ListItem\",\"position\":1,\"name\":\"Radovi?: Ugostitelji da jo\u0161 snize cijene\"}]},{\"@type\":\"Person\",\"@id\":\"https:\/\/www.visit-ulcinj.com\/blog\/#\/schema\/person\/dcab619c614d3038751c63bc2aadc06d\",\"name\":\"ulqini\",\"sameAs\":[\"http:\/\/www.visit-ulcinj.com\"],\"url\":\"https:\/\/www.visit-ulcinj.com\/blog\/author\/admin\/\"}]}<\/script>\n<!-- \/ Yoast SEO plugin. -->","yoast_head_json":{"title":"Radovi?: Ugostitelji da jo\u0161 snize cijene - Lajme nga Ulqini","description":"Podgorica \u2013 Direktor Nacionalne turisti?ke organizacije (NTO) Sa\u0161a Radovi? kazao je ju?e da crnogorski ugostitelji nijesu dovoljno snizili cijene i da ima","robots":{"index":"index","follow":"follow","max-snippet":"max-snippet:-1","max-image-preview":"max-image-preview:large","max-video-preview":"max-video-preview:-1"},"canonical":"https:\/\/www.visit-ulcinj.com\/blog\/2009\/05\/05\/radovic-ugostitelji-da-jos-snize-cijene\/","og_locale":"en_US","og_type":"article","og_title":"Radovi?: Ugostitelji da jo\u0161 snize cijene - Lajme nga Ulqini","og_description":"Podgorica \u2013 Direktor Nacionalne turisti?ke organizacije (NTO) Sa\u0161a Radovi? kazao je ju?e da crnogorski ugostitelji nijesu dovoljno snizili cijene i da ima","og_url":"https:\/\/www.visit-ulcinj.com\/blog\/2009\/05\/05\/radovic-ugostitelji-da-jos-snize-cijene\/","og_site_name":"Lajme nga Ulqini","article_published_time":"2009-05-05T16:58:58+00:00","article_modified_time":"2009-05-05T17:09:29+00:00","og_image":[{"url":"http:\/\/www.visit-ulcinj.com\/blog\/wp-content\/uploads\/2009\/05\/direktor-nacionalne-turisticke-organizacije-nto-sasa-radovic.jpg"}],"twitter_misc":{"Written by":"ulqini","Est. reading time":"3 minutes"},"schema":{"@context":"https:\/\/schema.org","@graph":[{"@type":"WebSite","@id":"https:\/\/www.visit-ulcinj.com\/blog\/#website","url":"https:\/\/www.visit-ulcinj.com\/blog\/","name":"Lajme nga Ulqini","description":"Lajme,Vijesti,Ulqini,Ulqin,Crna Gora,Mali i Zi","potentialAction":[{"@type":"SearchAction","target":{"@type":"EntryPoint","urlTemplate":"https:\/\/www.visit-ulcinj.com\/blog\/?s={search_term_string}"},"query-input":"required name=search_term_string"}],"inLanguage":"en-US"},{"@type":"ImageObject","inLanguage":"en-US","@id":"https:\/\/www.visit-ulcinj.com\/blog\/2009\/05\/05\/radovic-ugostitelji-da-jos-snize-cijene\/#primaryimage","url":"https:\/\/www.visit-ulcinj.com\/blog\/wp-content\/uploads\/2009\/05\/direktor-nacionalne-turisticke-organizacije-nto-sasa-radovic.jpg","contentUrl":"https:\/\/www.visit-ulcinj.com\/blog\/wp-content\/uploads\/2009\/05\/direktor-nacionalne-turisticke-organizacije-nto-sasa-radovic.jpg","width":"290","height":"190"},{"@type":"WebPage","@id":"https:\/\/www.visit-ulcinj.com\/blog\/2009\/05\/05\/radovic-ugostitelji-da-jos-snize-cijene\/#webpage","url":"https:\/\/www.visit-ulcinj.com\/blog\/2009\/05\/05\/radovic-ugostitelji-da-jos-snize-cijene\/","name":"Radovi?: Ugostitelji da jo\u0161 snize cijene - Lajme nga Ulqini","isPartOf":{"@id":"https:\/\/www.visit-ulcinj.com\/blog\/#website"},"primaryImageOfPage":{"@id":"https:\/\/www.visit-ulcinj.com\/blog\/2009\/05\/05\/radovic-ugostitelji-da-jos-snize-cijene\/#primaryimage"},"datePublished":"2009-05-05T16:58:58+00:00","dateModified":"2009-05-05T17:09:29+00:00","author":{"@id":"https:\/\/www.visit-ulcinj.com\/blog\/#\/schema\/person\/dcab619c614d3038751c63bc2aadc06d"},"description":"Podgorica \u2013 Direktor Nacionalne turisti?ke organizacije (NTO) Sa\u0161a Radovi? kazao je ju?e da crnogorski ugostitelji nijesu dovoljno snizili cijene i da ima","breadcrumb":{"@id":"https:\/\/www.visit-ulcinj.com\/blog\/2009\/05\/05\/radovic-ugostitelji-da-jos-snize-cijene\/#breadcrumb"},"inLanguage":"en-US","potentialAction":[{"@type":"ReadAction","target":["https:\/\/www.visit-ulcinj.com\/blog\/2009\/05\/05\/radovic-ugostitelji-da-jos-snize-cijene\/"]}]},{"@type":"BreadcrumbList","@id":"https:\/\/www.visit-ulcinj.com\/blog\/2009\/05\/05\/radovic-ugostitelji-da-jos-snize-cijene\/#breadcrumb","itemListElement":[{"@type":"ListItem","position":1,"name":"Radovi?: Ugostitelji da jo\u0161 snize cijene"}]},{"@type":"Person","@id":"https:\/\/www.visit-ulcinj.com\/blog\/#\/schema\/person\/dcab619c614d3038751c63bc2aadc06d","name":"ulqini","sameAs":["http:\/\/www.visit-ulcinj.com"],"url":"https:\/\/www.visit-ulcinj.com\/blog\/author\/admin\/"}]}},"jetpack_featured_media_url":"","jetpack_sharing_enabled":true,"jetpack_shortlink":"https:\/\/wp.me\/pe6lTn-5gA","_links":{"self":[{"href":"https:\/\/www.visit-ulcinj.com\/blog\/wp-json\/wp\/v2\/posts\/20248"}],"collection":[{"href":"https:\/\/www.visit-ulcinj.com\/blog\/wp-json\/wp\/v2\/posts"}],"about":[{"href":"https:\/\/www.visit-ulcinj.com\/blog\/wp-json\/wp\/v2\/types\/post"}],"author":[{"embeddable":true,"href":"https:\/\/www.visit-ulcinj.com\/blog\/wp-json\/wp\/v2\/users\/1"}],"replies":[{"embeddable":true,"href":"https:\/\/www.visit-ulcinj.com\/blog\/wp-json\/wp\/v2\/comments?post=20248"}],"version-history":[{"count":0,"href":"https:\/\/www.visit-ulcinj.com\/blog\/wp-json\/wp\/v2\/posts\/20248\/revisions"}],"wp:attachment":[{"href":"https:\/\/www.visit-ulcinj.com\/blog\/wp-json\/wp\/v2\/media?parent=20248"}],"wp:term":[{"taxonomy":"category","embeddable":true,"href":"https:\/\/www.visit-ulcinj.com\/blog\/wp-json\/wp\/v2\/categories?post=20248"},{"taxonomy":"post_tag","embeddable":true,"href":"https:\/\/www.visit-ulcinj.com\/blog\/wp-json\/wp\/v2\/tags?post=20248"}],"curies":[{"name":"wp","href":"https:\/\/api.w.org\/{rel}","templated":true}]}}