{"id":20257,"date":"2009-05-05T19:52:27","date_gmt":"2009-05-05T17:52:27","guid":{"rendered":"http:\/\/www.visit-ulcinj.com\/blog\/?p=20257"},"modified":"2009-05-13T21:00:29","modified_gmt":"2009-05-13T19:00:29","slug":"dafina-eshte-nje-klip-ekstra-sepse-tregoj-se-kush-jam","status":"publish","type":"post","link":"https:\/\/www.visit-ulcinj.com\/blog\/2009\/05\/05\/dafina-eshte-nje-klip-ekstra-sepse-tregoj-se-kush-jam\/","title":{"rendered":"Dafina: \u00cbsht\u00eb nj\u00eb klip ekstra sepse tregoj se kush jam"},"content":{"rendered":"<p><a href=\"http:\/\/www.visit-ulcinj.com\/blog\/wp-content\/uploads\/2009\/05\/dafina-zeqiri.jpg\"><img loading=\"lazy\" class=\"alignleft size-full wp-image-20259\" title=\"dafina-zeqiri\" src=\"http:\/\/www.visit-ulcinj.com\/blog\/wp-content\/uploads\/2009\/05\/dafina-zeqiri.jpg\" alt=\"dafina-zeqiri\" width=\"570\" height=\"347\" \/><\/a>K\u00ebng\u00ebtarja Dafina Zeqiri t\u00eb diel\u00ebn para Teatrit Komb\u00ebtar ka filluar xhirimet e video-klipit t\u00eb k\u00ebng\u00ebs solo \u201cShum\u00eb larg\u201d. Ky klip, i cili \u00ebsht\u00eb i pari p\u00ebr k\u00ebng\u00ebtaren, sipas saj do t\u00eb jet\u00eb shum\u00eb ve\u00e7anet. Dafina tha p\u00ebr Kosovapress se jemi duke p\u00ebrgatit nj\u00eb video-klip me produksionin \u201cPulla pikqer\u201d dhe beson se ky video-klip do t\u00eb del shum\u00eb interesant, pasi q\u00eb \u00ebsht\u00eb nj\u00eb k\u00ebng\u00eb solo dhe se kjo \u00ebsht\u00eb hera e par\u00eb q\u00eb b\u00ebn\u00eb nj\u00eb video-klip pa bashk\u00ebpunim me ndonj\u00eb k\u00ebng\u00ebtar tjet\u00ebr.<\/p>\n<p>\u201c\u00cbsht\u00eb di\u00e7ka m\u00eb ekstra dhe n\u00eb k\u00ebt\u00eb klip, e tregoj vet\u00ebn se kush \u00ebsht\u00eb Dafina. Besoj q\u00eb do t\u2019i p\u00eblqen t\u00eb gjith\u00ebve\u201d, tha Dafina. Xhirimet p\u00ebr k\u00ebt\u00eb video-klip do t\u00eb b\u00ebhen n\u00eb rrug\u00ebt e kryeqytetit dhe n\u00eb parkun Germia. Nd\u00ebrsa, sa i p\u00ebrket projekteve q\u00eb koh\u00ebve t\u00eb fundit \u00ebsht\u00eb duke u marr rreth muzik\u00ebs, Dafina tha se \u00ebsht\u00eb duke p\u00ebrgatit shum\u00eb k\u00ebng\u00eb sola, duke paralajm\u00ebruar se klipi i dyt\u00eb i saj do t\u00eb jet\u00eb gjat\u00eb ver\u00ebs. Dafina koh\u00ebve t\u00eb fundit ka qen\u00eb shum\u00eb prezent edhe n\u00ebp\u00ebr festivale t\u00eb ndryshme, si\u00e7 \u00ebsht\u00eb tash \u201cTop fest\u201d ku ka shkuar n\u00eb finale. Ajo ka b\u00ebr\u00eb t\u00eb ditur se do t\u00eb marr pjes\u00eb edhe n\u00eb \u201cVideo fest\u201d, q\u00eb do t\u00eb mbahet m\u00eb 12 maj.<\/p>\n<p><span style=\"font-weight: bold;\">KosovaPress<\/span><\/p>\n<p><span style=\"font-weight: bold;\"><!--YouTube Error: bad URL entered--><br \/>\n<\/span><\/p>\n<p style=\"text-align: center;\"><a class=\"aligncenter\" title=\"???? ????,?????,Ulcinj,Montenegru,??????????,?ernoqoriya,Besplatni internet oglasi,Besplatni oglasi,besplatni mali oglasi,besplatni turisti\u00e8ki oglasi,oglasi, usluge, turizam,Turisti\u00e8ke usluge,Doma?i turizam,Besplatni Oglasnik,Brzi Oglasi Besplatno,Besplatno OglasavanjeTurizam,besplatni oglasi sa slikom,Turisticki informator besplatni,li\u00e8ni-oglasi,BESPLATNI Turisticki OGLASI SA SLIKAMA,BESPLATNI Turisticki Oglasi saVideom,turisticki smestaj oglasi,Turisti\u00e8ki vodi\u00e8 balkana,BESPLATNA REZERVACIJA SMESTAJA,Postavite besplatno Vas oglas,FREE TOURIST GUIDES,Izdavanje-Turizam oglasi,Balkan Turisticki vodic,shpallje turistike falas,Shpallje Falas,Shpallje falas per Komplekse Turistike,Lajmerime,Njoftime,shpallje shqip per shqiptaret ne shqiperi kosova maqedoni,mal te zi,???????????,Montenegiro,?ern? Hora,??????????,Cz\u00f4rnog?ra,Cz\u00f4rn\u00f4 G?ra,Carna G?ra,T?ernogooria,?ernogoriya,Montain\u00e9agr?,Montenegwo,?orna Hora,Montenegr?,M?ntenigro,Chernogoriya ,\u00c7\u00earnogor\u00ee ,?????????,????????? ,??????? ,Montes Nigrae,Mons Niger,M\u00f4ntenegr\u00f4,Muntenegru,??????????,Czarnog?ra,Muntinigru,Muntenegro,&lt;br &gt;&lt;\/a&gt; Muntenegru,\t?ierna Hora,Cxerngora,????????,?rna gora,Moontineegro,?ornog\u00f9ra,?ernogori?a,Chernogoriya,Mont\u00f5negro,????? ???? ,?r?na Gora,?r?nogorije,?ernogorija,?arnahoryja,??????????,???????????????????? ,?ern\u00f4g\u00f4riy\u00e2,M\u00fbnt\u00een\u00ee?r\u00fb,????? ?????? ,????????,??????????,???????????,M\u00e2nten\u00eegro,???? ????? ,????????,M\u00f4ntenegr\u00f4,????????????,???????????,????????????, ??????????? ,????????????,??????????? ,\u008d\u2022?R\/?K?R ,\u0192\u201a\u0192\u201c\u0192e\u0192l\u0192O\u0192\u008d,\u00b8???\u00b3?\u00b1?\u2022? ,Muntenegru, ????? ????, Montenegr?,chambres ? louer ? ulcinj, location de vacance, location saisonni?res, louer villa,location de vacance, Locations vacance, h?bergements vacances, locations villa, logements de vacances, location maison avec piscine, Location vacance, locations de vacance, h?bergements de vacances, location villa, locations entre particulier, logements vacance, vacances ? Mont?n?gro - location ? Ulcinj ,location  de bigorre,Urlaub in Ulcinj -Montenegro,Hotelbewertungen Ulcinj,Reisen Ulcinj, Urlaub Ulcinj,Hotel in Serbien und Montenegro von Urlaubern bewertet,Billig Urlaub in Ulcinj,ferienh?user,ferienwohnung,Billige Ferienh?user,Ferienwohnung ULCINJ,Ferien an der Adria,Urlaub im Ferienhaus ulcinjBilligreisen Ulcinj,Pauschalreisen,FKK Strand Ada Bojana ulcinj,Last Minute Angebote ulcinj,Preise f?r Lastminute,Kleinanzeigen gratis,Ausflug nach Ulcinj,FKK-Reisen ada bojana,FKK-Urlaub ulcinj,Privatni smje?taj,rezervacija smje?taja,apartmani,sobe,ku?e,odmor,sobe za odmor ulcinj,Pretra?ivanje privatnog smje?taja,rooms rent accommodation ulcinj, rentail private accommodation ulcinj,?elite rezervirati privatni smje?taj,Private accommodation,Smje?taj ulcinj,Pushime Verore ulqin,pushime t? lira n? ulqin,Pushime ne plazh,Pushime te kendshme,dhoma per pushime ulqin,dhoma me qera ulqin,dhoma te lira ulqin,pushime te lira ulqin,mali i zi,kosova,maqedoni,shqiperi,Pushime ne det te ulqinit,godi?nji odmor u ulcinj,odmor u ulcinj,Ku?a za odmor,kuda na odmor,ljetovanje u ulcinj,slobodne sobe,dhoma te lira,ku?a uz more,turisti?ka ponuda,odmor i zabava,povolne cene,sobe,usluge,Mjesto za Va? odmor , Place for Your holiday,Odmor portal,putovanaja,Iznajmljivanje soba ulcinj,odmor ulcinj info,Va?e mjesto za odmor ulcinj,nudisticka plaza ada bojana,smjestaj ponuda ulcinj,lokacioni i dhomave ulqin,deti,plazhet e bukura,diskoteka,zbavitja,.\" href=\"http:\/\/www.visit-ulcinj.com\/tourism\/\" target=\"_blank\"><img loading=\"lazy\" class=\"aligncenter\" title=\"SHPALLJE TURISTIKE FALAS,FREE TOURIST GUIDES,BESPLATNI TURISTI?KI OGLASI,balkan holiday rentals,ALBANIJA,ALBANIA,SHQIPERIJA,CRNA GORA,HRVATSKA,KROACIA,SLOVENIJA,MAKEDONIJA,MAKEDONIA,SRBIJA,MONTENEGRO,MALI I ZI,\" src=\"http:\/\/www.visit-ulcinj.com\/blog\/wp-content\/uploads\/2008\/09\/balkanholidayrentals.gif\" alt=\"Apatin,  Aran?elovac,  ?uprija,  ?a?ak,  ?apljina,  ?itluk,  ?abac,  ?ipovo,  ?iroki Brijeg,  ?ep?e,  ?ivinice,  Ba?ka Palanka,  Banja Luka,  Banovi?i,  Be?ej,  beograd,  Biha?,  Bijeljina,  Bor,  Bor?a,  Bosanska Gradi?ka,  Bosanska Krupa,  Bosanski ?amac,  Bosanski Brod,  Bosanski Novi,  Br?ko,  Bu?im,  Bugojno,  Cazin,  Crna Gora,  Derventa,  Doboj,  Donji Vakuf,  Drvar,  Dubrovnik,  Fo?a,  Fojnica,  Glamo?,  Gora?de,  Gornji Milanovac,  Gornji Vakuf,  gostivar,  Gra?anica,  Grada?ac,  Gradiska,  Grahovo,  Had?i?i,  Ilid?a,  In?ija,  Jablanica,  Jagodina,  Jajce,  Kakanj,  Kalu?erica,  Kikinda,  Klju?,  Konjic,  Kotor Varo?,  Kragujevac,  Kraljevo,  Kru?evac,  Kula,  Kupres,  Lakta?i,  Lazarevac,  Leskovac,  Livno,  Ljubinje,  ljublana,  Ljubu?ki,  Loznica,  Lukavac,  Maglaj,  Mladenovac,  Modri?a,  montenegro erlajnz,  mostar,  Mrkonji? Grad,  Neum,  Ni?,  Novi Pazar,  Novi Sad,  Novi Travnik,  Obrenovac,  Od?ak,  ohrid,  Ora?je,  Pale,  Pan?evo,  Para?in,  Pirot,  Po?arevac,  Podgorica,  Priboj,  Prijedor,  Prokuplje,  Prozor,  pula,  rijeka,  Ruma,  Sanski Most,  Sarajevo,  Senta,  serbija,  sibenik,  skopje,  Smederevo,  Smederevska Palanka,  Sokolac,  Sombor,  split,  Srebrenica,  Srebrenik,  Sremska Mitrovica,  Stolac,  Struga,  Subotica,  Temerin,  Tesli?,  tetovo,  Travnik,  Trebinje,  tuzla,  U?ice,  ulcinj,  Valjevo,  Velika Kladu?a,  Vi?egrad,  Visoko,  Vitez,  Vogo??a,  vojvodina,  Vranje,  Vr?ac,  Vrbas,  zadar,  Zagreb,  Zaje?ar,  Zavidovi?i,  Zenica,  Zrenjanin,  Zvornik,copacabana ulcinj,  h?tels,  hotel ulqin,  Kosova,  Mali i Zi,  Maqedonija,  Montenegro,  montenegro tourisme plage,  montenegro ulcinj,  Shpallje Falas,  Shpallje Falas per shitjen e shtepis se juaj,  Shpallje Falas per villat e juaj,  Shpallje Falas Real Estate,  Shpallje Falas turistike,  shqiperija,  tourisme,  Ulci?,  ulcinj,  ulqin,  ulqin hotel,  ulqini,  ulqini 2007,Ada Bojana,  Alba?czyk,  Cita di Dolcino,  Copacabana,  Czarnog?ra,  Czarnog?rzec,  Don Kichota,  Ma\u00b3a Pla?a,  Mandra,  MIGUEL DE SERVANTES,  p?\u00b3wyspy Marjan,  Pla?a Valdanos,  Rzeka Bojana,  Shas \/ ?as \/ Sva?,  Ulci?,  Ulcinjsk\u00b9 Riwier?,  Wielka Pla?a,  Wyspa Bojana,GORA,??????????,???????,??????????, ?ern? Hora,TO ULCINJ \/ ULQIN,MONTENEGRO, Czarnog?ra, Muntenegru, ????? ????, Montenegr?,villa ? louer ? ulcinj, location de vacance, location saisonni?res, louer chambres,location de vacance, Locations vacance, h?bergements vacances, locations villa, logements de vacances, location maison avec piscine, Location vacance, locations de vacance, h?bergements de vacances, location, locations entre particulier, logements vacance, vacances ? Mont?n?gro - location ? Ulcinj ,location  de bigorre,Albaniku,  Artana,  Bujanoci,  Burimi,  Dardana,  Dardan?,  De?an,  Dibra,  Drenas,  Drenasi,  Ferizaj,  Ferizaji,  Fush? Kosova,Besplatni internet oglasi,Besplatni oglasi,besplatni mali oglasi,besplatni turisti?ki oglasi,oglasi, usluge, turizam,Turisti?ke usluge,Doma?i turizam,Besplatni Oglasnik,Brzi Oglasi Besplatno,Besplatno OglasavanjeTurizam,besplatni oglasi sa slikom,Turisticki informator besplatni,li?ni-oglasi,BESPLATNI Turisticki OGLASI SA SLIKAMA,BESPLATNI Turisticki Oglasi saVideom,turisticki smestaj oglasi,Turisti?ki vodi? balkana,BESPLATNA REZERVACIJA SMESTAJA,Postavite besplatno Vas oglas,FREE TOURIST GUIDES,Izdavanje-Turizam oglasi,Balkan Turisticki vodic,shpallje turistike falas,Shpallje Falas,Shpallje falas per Komplekse Turistike,Lajmerime,Njoftime,shpallje shqip per shqiptaret ne shqiperi kosova maqedoni,mal te zi,Fush? Kosov?,  Gjakova,  Gjakov?,  Gjilan,  Gjilani,  Gostivari,  Istog,  Istog\u2022,  Ka?anik,  Ka?aniku,  Kastrioti,  K?r?ova,  Klina,  Klin?,  Kumanova,  Leposaviq,  Leskovci,  Likova,  Lipjan,  Lipjani,  Malisheva,  Malishev?,  Manastiri,  Medvegja,  Mitrovica,  Mitrovic?,  Novob?rd?,  Obiliq\u2022 Rahovec,  Ohri,  Peja,  Pej?,  Podujeva,  Podujev?,  Presheva,  Prishtina,  Prishtin?,  Prizren,  Prizreni,  Rahoveci,  Sharri,  Sharri (Kosov?),  Shkupi,  Sht?rpca,  Sht?rpc?,  Shtime,  Sk?nderaj,  Struga,  Tetova,  Theranda,  Therand?,  Triumf Riza,  Veleshta,  Viti,  Vitia,  Vushtrri,  Vushtrria,  Zubin Potok,  Zubin Potoku,  Zvecan,  Zve?ani,Struga,Gostivari,Gostivar,Ker?ova,Tirana,Durr?si,Elbasani,Shkodra,Tuzi,Vlora, Kor?a,Fieri,Berati,Lushnja ,Kavaja,Pogradeci,La?i,Gjirokastra,Patosi,Kruja,Ku?ova,Kuk?si,Lezha,Saranda,Peshkopia,Burreli,C?rriku,?orovoda,Shijaku,Librazhdi,Tepelena,Gramshi,Poli?ani,Bulqiza,P?rmeti,Fush?Kruja,Kamza,Rr?sheni,Ballshi,Mamurrasi,BajramCurri,Erseka,Peqini,Divjaka,Selenica,Bilishti,Roskoveci,Puka,Memaliaj,Rrogozhina,Ura Vajgurore,Himara,Delvina,Vora,Kopliku,Maliqi,P?rrenjasi,Kruma, Libohova,Orikumi,Fush?-Arr?za,Sh?ngjini,Rubiku,Miloti, Leskoviku,Konispoli,K?lcyra,Krasta,K?rraba,Manastiri,Hara?ina,Likova,Prilepi,Zajazi,Vrap?ishti,Bogovin?,\" width=\"520\" height=\"120\" \/><\/a><\/p>\n","protected":false},"excerpt":{"rendered":"<p>K\u00ebng\u00ebtarja Dafina Zeqiri t\u00eb diel\u00ebn para Teatrit Komb\u00ebtar ka filluar xhirimet e video-klipit t\u00eb k\u00ebng\u00ebs solo \u201cShum\u00eb larg\u201d. Ky klip, i cili \u00ebsht\u00eb i pari p\u00ebr k\u00ebng\u00ebtaren, sipas saj do t\u00eb jet\u00eb shum\u00eb ve\u00e7anet. Dafina tha p\u00ebr Kosovapress se jemi duke p\u00ebrgatit nj\u00eb video-klip me produksionin \u201cPulla pikqer\u201d dhe beson se ky video-klip do t\u00eb [&hellip;]<\/p>\n","protected":false},"author":1,"featured_media":0,"comment_status":"open","ping_status":"closed","sticky":false,"template":"","format":"standard","meta":{"spay_email":"","jetpack_publicize_message":"","jetpack_is_tweetstorm":false,"jetpack_publicize_feature_enabled":true},"categories":[1],"tags":[4926,5621,9969,9999,9968],"jetpack_publicize_connections":[],"yoast_head":"<!-- This site is optimized with the Yoast SEO plugin v19.1 - https:\/\/yoast.com\/wordpress\/plugins\/seo\/ -->\n<title>Dafina: \u00c3\u2039sht\u00c3\u00ab nj\u00c3\u00ab klip ekstra sepse tregoj se kush jam<\/title>\n<meta name=\"description\" content=\"K\u00c3\u00abng\u00c3\u00abtarja Dafina Zeqiri t\u00c3\u00ab diel\u00c3\u00abn para Teatrit Komb\u00c3\u00abtar ka filluar xhirimet e video-klipit t\u00c3\u00ab k\u00c3\u00abng\u00c3\u00abs solo \u00e2\u20ac\u0153Shum\u00c3\u00ab larg\u00e2\u20ac\u009d.\" \/>\n<meta name=\"robots\" content=\"index, follow, max-snippet:-1, max-image-preview:large, max-video-preview:-1\" \/>\n<link rel=\"canonical\" href=\"https:\/\/www.visit-ulcinj.com\/blog\/2009\/05\/05\/dafina-eshte-nje-klip-ekstra-sepse-tregoj-se-kush-jam\/\" \/>\n<meta property=\"og:locale\" content=\"en_US\" \/>\n<meta property=\"og:type\" content=\"article\" \/>\n<meta property=\"og:title\" content=\"Dafina: \u00c3\u2039sht\u00c3\u00ab nj\u00c3\u00ab klip ekstra sepse tregoj se kush jam\" \/>\n<meta property=\"og:description\" content=\"K\u00c3\u00abng\u00c3\u00abtarja Dafina Zeqiri t\u00c3\u00ab diel\u00c3\u00abn para Teatrit Komb\u00c3\u00abtar ka filluar xhirimet e video-klipit t\u00c3\u00ab k\u00c3\u00abng\u00c3\u00abs solo \u00e2\u20ac\u0153Shum\u00c3\u00ab larg\u00e2\u20ac\u009d.\" \/>\n<meta property=\"og:url\" content=\"https:\/\/www.visit-ulcinj.com\/blog\/2009\/05\/05\/dafina-eshte-nje-klip-ekstra-sepse-tregoj-se-kush-jam\/\" \/>\n<meta property=\"og:site_name\" content=\"Lajme nga Ulqini\" \/>\n<meta property=\"article:published_time\" content=\"2009-05-05T17:52:27+00:00\" \/>\n<meta property=\"article:modified_time\" content=\"2009-05-13T19:00:29+00:00\" \/>\n<meta property=\"og:image\" content=\"http:\/\/www.visit-ulcinj.com\/blog\/wp-content\/uploads\/2009\/05\/dafina-zeqiri.jpg\" \/>\n<meta name=\"twitter:label1\" content=\"Written by\" \/>\n\t<meta name=\"twitter:data1\" content=\"ulqini\" \/>\n\t<meta name=\"twitter:label2\" content=\"Est. reading time\" \/>\n\t<meta name=\"twitter:data2\" content=\"1 minute\" \/>\n<script type=\"application\/ld+json\" class=\"yoast-schema-graph\">{\"@context\":\"https:\/\/schema.org\",\"@graph\":[{\"@type\":\"WebSite\",\"@id\":\"https:\/\/www.visit-ulcinj.com\/blog\/#website\",\"url\":\"https:\/\/www.visit-ulcinj.com\/blog\/\",\"name\":\"Lajme nga Ulqini\",\"description\":\"Lajme,Vijesti,Ulqini,Ulqin,Crna Gora,Mali i Zi\",\"potentialAction\":[{\"@type\":\"SearchAction\",\"target\":{\"@type\":\"EntryPoint\",\"urlTemplate\":\"https:\/\/www.visit-ulcinj.com\/blog\/?s={search_term_string}\"},\"query-input\":\"required name=search_term_string\"}],\"inLanguage\":\"en-US\"},{\"@type\":\"ImageObject\",\"inLanguage\":\"en-US\",\"@id\":\"https:\/\/www.visit-ulcinj.com\/blog\/2009\/05\/05\/dafina-eshte-nje-klip-ekstra-sepse-tregoj-se-kush-jam\/#primaryimage\",\"url\":\"http:\/\/www.visit-ulcinj.com\/blog\/wp-content\/uploads\/2009\/05\/dafina-zeqiri.jpg\",\"contentUrl\":\"http:\/\/www.visit-ulcinj.com\/blog\/wp-content\/uploads\/2009\/05\/dafina-zeqiri.jpg\"},{\"@type\":\"WebPage\",\"@id\":\"https:\/\/www.visit-ulcinj.com\/blog\/2009\/05\/05\/dafina-eshte-nje-klip-ekstra-sepse-tregoj-se-kush-jam\/#webpage\",\"url\":\"https:\/\/www.visit-ulcinj.com\/blog\/2009\/05\/05\/dafina-eshte-nje-klip-ekstra-sepse-tregoj-se-kush-jam\/\",\"name\":\"Dafina: \u00c3\u2039sht\u00c3\u00ab nj\u00c3\u00ab klip ekstra sepse tregoj se kush jam\",\"isPartOf\":{\"@id\":\"https:\/\/www.visit-ulcinj.com\/blog\/#website\"},\"primaryImageOfPage\":{\"@id\":\"https:\/\/www.visit-ulcinj.com\/blog\/2009\/05\/05\/dafina-eshte-nje-klip-ekstra-sepse-tregoj-se-kush-jam\/#primaryimage\"},\"datePublished\":\"2009-05-05T17:52:27+00:00\",\"dateModified\":\"2009-05-13T19:00:29+00:00\",\"author\":{\"@id\":\"https:\/\/www.visit-ulcinj.com\/blog\/#\/schema\/person\/dcab619c614d3038751c63bc2aadc06d\"},\"description\":\"K\u00c3\u00abng\u00c3\u00abtarja Dafina Zeqiri t\u00c3\u00ab diel\u00c3\u00abn para Teatrit Komb\u00c3\u00abtar ka filluar xhirimet e video-klipit t\u00c3\u00ab k\u00c3\u00abng\u00c3\u00abs solo \u00e2\u20ac\u0153Shum\u00c3\u00ab larg\u00e2\u20ac\u009d.\",\"breadcrumb\":{\"@id\":\"https:\/\/www.visit-ulcinj.com\/blog\/2009\/05\/05\/dafina-eshte-nje-klip-ekstra-sepse-tregoj-se-kush-jam\/#breadcrumb\"},\"inLanguage\":\"en-US\",\"potentialAction\":[{\"@type\":\"ReadAction\",\"target\":[\"https:\/\/www.visit-ulcinj.com\/blog\/2009\/05\/05\/dafina-eshte-nje-klip-ekstra-sepse-tregoj-se-kush-jam\/\"]}]},{\"@type\":\"BreadcrumbList\",\"@id\":\"https:\/\/www.visit-ulcinj.com\/blog\/2009\/05\/05\/dafina-eshte-nje-klip-ekstra-sepse-tregoj-se-kush-jam\/#breadcrumb\",\"itemListElement\":[{\"@type\":\"ListItem\",\"position\":1,\"name\":\"Dafina: \u00cbsht\u00eb nj\u00eb klip ekstra sepse tregoj se kush jam\"}]},{\"@type\":\"Person\",\"@id\":\"https:\/\/www.visit-ulcinj.com\/blog\/#\/schema\/person\/dcab619c614d3038751c63bc2aadc06d\",\"name\":\"ulqini\",\"sameAs\":[\"http:\/\/www.visit-ulcinj.com\"],\"url\":\"https:\/\/www.visit-ulcinj.com\/blog\/author\/admin\/\"}]}<\/script>\n<!-- \/ Yoast SEO plugin. -->","yoast_head_json":{"title":"Dafina: \u00c3\u2039sht\u00c3\u00ab nj\u00c3\u00ab klip ekstra sepse tregoj se kush jam","description":"K\u00c3\u00abng\u00c3\u00abtarja Dafina Zeqiri t\u00c3\u00ab diel\u00c3\u00abn para Teatrit Komb\u00c3\u00abtar ka filluar xhirimet e video-klipit t\u00c3\u00ab k\u00c3\u00abng\u00c3\u00abs solo \u00e2\u20ac\u0153Shum\u00c3\u00ab larg\u00e2\u20ac\u009d.","robots":{"index":"index","follow":"follow","max-snippet":"max-snippet:-1","max-image-preview":"max-image-preview:large","max-video-preview":"max-video-preview:-1"},"canonical":"https:\/\/www.visit-ulcinj.com\/blog\/2009\/05\/05\/dafina-eshte-nje-klip-ekstra-sepse-tregoj-se-kush-jam\/","og_locale":"en_US","og_type":"article","og_title":"Dafina: \u00c3\u2039sht\u00c3\u00ab nj\u00c3\u00ab klip ekstra sepse tregoj se kush jam","og_description":"K\u00c3\u00abng\u00c3\u00abtarja Dafina Zeqiri t\u00c3\u00ab diel\u00c3\u00abn para Teatrit Komb\u00c3\u00abtar ka filluar xhirimet e video-klipit t\u00c3\u00ab k\u00c3\u00abng\u00c3\u00abs solo \u00e2\u20ac\u0153Shum\u00c3\u00ab larg\u00e2\u20ac\u009d.","og_url":"https:\/\/www.visit-ulcinj.com\/blog\/2009\/05\/05\/dafina-eshte-nje-klip-ekstra-sepse-tregoj-se-kush-jam\/","og_site_name":"Lajme nga Ulqini","article_published_time":"2009-05-05T17:52:27+00:00","article_modified_time":"2009-05-13T19:00:29+00:00","og_image":[{"url":"http:\/\/www.visit-ulcinj.com\/blog\/wp-content\/uploads\/2009\/05\/dafina-zeqiri.jpg"}],"twitter_misc":{"Written by":"ulqini","Est. reading time":"1 minute"},"schema":{"@context":"https:\/\/schema.org","@graph":[{"@type":"WebSite","@id":"https:\/\/www.visit-ulcinj.com\/blog\/#website","url":"https:\/\/www.visit-ulcinj.com\/blog\/","name":"Lajme nga Ulqini","description":"Lajme,Vijesti,Ulqini,Ulqin,Crna Gora,Mali i Zi","potentialAction":[{"@type":"SearchAction","target":{"@type":"EntryPoint","urlTemplate":"https:\/\/www.visit-ulcinj.com\/blog\/?s={search_term_string}"},"query-input":"required name=search_term_string"}],"inLanguage":"en-US"},{"@type":"ImageObject","inLanguage":"en-US","@id":"https:\/\/www.visit-ulcinj.com\/blog\/2009\/05\/05\/dafina-eshte-nje-klip-ekstra-sepse-tregoj-se-kush-jam\/#primaryimage","url":"http:\/\/www.visit-ulcinj.com\/blog\/wp-content\/uploads\/2009\/05\/dafina-zeqiri.jpg","contentUrl":"http:\/\/www.visit-ulcinj.com\/blog\/wp-content\/uploads\/2009\/05\/dafina-zeqiri.jpg"},{"@type":"WebPage","@id":"https:\/\/www.visit-ulcinj.com\/blog\/2009\/05\/05\/dafina-eshte-nje-klip-ekstra-sepse-tregoj-se-kush-jam\/#webpage","url":"https:\/\/www.visit-ulcinj.com\/blog\/2009\/05\/05\/dafina-eshte-nje-klip-ekstra-sepse-tregoj-se-kush-jam\/","name":"Dafina: \u00c3\u2039sht\u00c3\u00ab nj\u00c3\u00ab klip ekstra sepse tregoj se kush jam","isPartOf":{"@id":"https:\/\/www.visit-ulcinj.com\/blog\/#website"},"primaryImageOfPage":{"@id":"https:\/\/www.visit-ulcinj.com\/blog\/2009\/05\/05\/dafina-eshte-nje-klip-ekstra-sepse-tregoj-se-kush-jam\/#primaryimage"},"datePublished":"2009-05-05T17:52:27+00:00","dateModified":"2009-05-13T19:00:29+00:00","author":{"@id":"https:\/\/www.visit-ulcinj.com\/blog\/#\/schema\/person\/dcab619c614d3038751c63bc2aadc06d"},"description":"K\u00c3\u00abng\u00c3\u00abtarja Dafina Zeqiri t\u00c3\u00ab diel\u00c3\u00abn para Teatrit Komb\u00c3\u00abtar ka filluar xhirimet e video-klipit t\u00c3\u00ab k\u00c3\u00abng\u00c3\u00abs solo \u00e2\u20ac\u0153Shum\u00c3\u00ab larg\u00e2\u20ac\u009d.","breadcrumb":{"@id":"https:\/\/www.visit-ulcinj.com\/blog\/2009\/05\/05\/dafina-eshte-nje-klip-ekstra-sepse-tregoj-se-kush-jam\/#breadcrumb"},"inLanguage":"en-US","potentialAction":[{"@type":"ReadAction","target":["https:\/\/www.visit-ulcinj.com\/blog\/2009\/05\/05\/dafina-eshte-nje-klip-ekstra-sepse-tregoj-se-kush-jam\/"]}]},{"@type":"BreadcrumbList","@id":"https:\/\/www.visit-ulcinj.com\/blog\/2009\/05\/05\/dafina-eshte-nje-klip-ekstra-sepse-tregoj-se-kush-jam\/#breadcrumb","itemListElement":[{"@type":"ListItem","position":1,"name":"Dafina: \u00cbsht\u00eb nj\u00eb klip ekstra sepse tregoj se kush jam"}]},{"@type":"Person","@id":"https:\/\/www.visit-ulcinj.com\/blog\/#\/schema\/person\/dcab619c614d3038751c63bc2aadc06d","name":"ulqini","sameAs":["http:\/\/www.visit-ulcinj.com"],"url":"https:\/\/www.visit-ulcinj.com\/blog\/author\/admin\/"}]}},"jetpack_featured_media_url":"","jetpack_sharing_enabled":true,"jetpack_shortlink":"https:\/\/wp.me\/pe6lTn-5gJ","_links":{"self":[{"href":"https:\/\/www.visit-ulcinj.com\/blog\/wp-json\/wp\/v2\/posts\/20257"}],"collection":[{"href":"https:\/\/www.visit-ulcinj.com\/blog\/wp-json\/wp\/v2\/posts"}],"about":[{"href":"https:\/\/www.visit-ulcinj.com\/blog\/wp-json\/wp\/v2\/types\/post"}],"author":[{"embeddable":true,"href":"https:\/\/www.visit-ulcinj.com\/blog\/wp-json\/wp\/v2\/users\/1"}],"replies":[{"embeddable":true,"href":"https:\/\/www.visit-ulcinj.com\/blog\/wp-json\/wp\/v2\/comments?post=20257"}],"version-history":[{"count":0,"href":"https:\/\/www.visit-ulcinj.com\/blog\/wp-json\/wp\/v2\/posts\/20257\/revisions"}],"wp:attachment":[{"href":"https:\/\/www.visit-ulcinj.com\/blog\/wp-json\/wp\/v2\/media?parent=20257"}],"wp:term":[{"taxonomy":"category","embeddable":true,"href":"https:\/\/www.visit-ulcinj.com\/blog\/wp-json\/wp\/v2\/categories?post=20257"},{"taxonomy":"post_tag","embeddable":true,"href":"https:\/\/www.visit-ulcinj.com\/blog\/wp-json\/wp\/v2\/tags?post=20257"}],"curies":[{"name":"wp","href":"https:\/\/api.w.org\/{rel}","templated":true}]}}