{"id":20267,"date":"2009-05-05T20:23:41","date_gmt":"2009-05-05T18:23:41","guid":{"rendered":"http:\/\/www.visit-ulcinj.com\/blog\/?p=20267"},"modified":"2009-05-05T20:26:23","modified_gmt":"2009-05-05T18:26:23","slug":"danas-promocija-crne-gore-u-sarajevu","status":"publish","type":"post","link":"https:\/\/www.visit-ulcinj.com\/blog\/2009\/05\/05\/danas-promocija-crne-gore-u-sarajevu\/","title":{"rendered":"Danas promocija Crne Gore u Sarajevu"},"content":{"rendered":"<p><a href=\"http:\/\/www.visit-ulcinj.com\/blog\/wp-content\/uploads\/2009\/05\/velika-plaza-ulcinj-crna-gora.jpg\"><img loading=\"lazy\" class=\"alignleft size-full wp-image-20270\" title=\"velika-plaza-ulcinj-crna-gora\" src=\"http:\/\/www.visit-ulcinj.com\/blog\/wp-content\/uploads\/2009\/05\/velika-plaza-ulcinj-crna-gora.jpg\" alt=\"velika-plaza-ulcinj-crna-gora\" width=\"570\" height=\"400\" \/><\/a>Podgorica,4.maja-Ove godine Nacionalna turisti?ka organizacija Crne Gore sprovodi intezivnu i poja?anu promociju u saradnji sa lokalnim turisti?kim organizacijama i zainteresovanim predstavnicima crnogorske turisti?ke privrede na tr\u017ei\u0161tima Srbije, Bosne i Hercegovine, Slovenije, Hrvatske, Makedonije, Kosova, Ma?arske i Albanije.<\/p>\n<p>Tr\u017ei\u0161te Regiona je izuzetno bitno imaju?i u vidu da oko 70 odsto ukupnog broja turista u Crnu Goru sti\u017ee upravo sa ovih tr\u017ei\u0161ta. Promocija je usmjerena na upoznavanje javnosti sa novinama u turisti?koj ponudi u odnosu na pro\u0161lu godinu, prvenstveno kada je u pitanju razvoj infrastrukture (saobra?ajne, komunalne&#8230;), kvalitet direktne turisti?ke ponude kao i aktuelna cjenovna politika i konkurentnost za sezonu 2009. kazao je Sa\u0161a Radovi? direktor NTO Crne Gore na dana\u0161njoj pres konferenciji u Podgorici govore?i o realizovanim i predstoje?im promotivnim aktivnostima koje sprovode na tr\u017ei\u0161tu Regiona.<\/p>\n<p>Prezentacije u okviru ovogodi\u0161njeg Roadshonj-a ve? su odr\u017eane u Ni\u0161u, Novom Sadu, Subotici, Zrenjaninu, Kraljevu, ?a?ku, Kragujevcu, ?ime je zaokru\u017een prvi segment prezentacija u Srbiji. Na ovim prezentacijima prisustvovalo je preko 320 zvanica, od ?ega je ukupno preko 170 bilo predstavnika stru?ne javnosti tj regionalnih i lokalnih medija i turisti?kih agencija.<\/p>\n<p>Od sjutra, 5.maja, po?inje drugi krug prezentacija i to u Sarajevu gdje ?e ujedno biti organizovana i pres konferencija povodom otvaranja predstavni\u0161tva Nacionalne turisti?ke organizacije Crne Gore u ovom gradu, zatim 7. maja prezentacija tokom sajma u Tuzli, 8.maja prezentacija u Banja Luci, ?ime ?e biti zavr\u0161ene prezentacije na tr\u017ei\u0161tu Bosne i Hercegovine. Ujedno u periodu od 6. do 8.maja bi?e odr\u017ean i sajam turizma u Pri\u0161tini gdje ?e NTO CG u?estvovati u saradnji sa op\u0161tinom Ulcinj. Na tr\u017ei\u0161tu Makedonije bi?e odr\u017eana prezentacija 11.maja, a nakon toga slijede prezentacije na tr\u017ei\u0161tu Slovenije (Ljubljana i Maribor). NTO CG u saradnji sa turisti?kom privredom planira prezentacije i na tr\u017ei\u0161tu Albanije i Ma?arske.<\/p>\n<p>Osim nastupa na sajmovima i jednodnevnih prezentacija i pres konferencija u narednom periodu kampanja ?e se sprovoditi i na preko 18 medijskih ku?a u Regionu, zatim slijede i outdor bilbord kampanje u Beogradu, Novom Sadu, Makedoniji i Bosni i Hercegovini. Za ovogodi\u0161nju poja?anu kampanju Vlada Crne Gore je obezbijedila dodatnih 480.000 eura.<\/p>\n<p><strong>N.P.<\/p>\n<p>Pobjeda<\/strong><\/p>\n<!-- vimeo error: not a vimeo video -->\n","protected":false},"excerpt":{"rendered":"<p>Podgorica,4.maja-Ove godine Nacionalna turisti?ka organizacija Crne Gore sprovodi intezivnu i poja?anu promociju u saradnji sa lokalnim turisti?kim organizacijama i zainteresovanim predstavnicima crnogorske turisti?ke privrede na tr\u017ei\u0161tima Srbije, Bosne i Hercegovine, Slovenije, Hrvatske, Makedonije, Kosova, Ma?arske i Albanije. Tr\u017ei\u0161te Regiona je izuzetno bitno imaju?i u vidu da oko 70 odsto ukupnog broja turista u Crnu Goru [&hellip;]<\/p>\n","protected":false},"author":1,"featured_media":0,"comment_status":"open","ping_status":"closed","sticky":false,"template":"","format":"standard","meta":{"spay_email":"","jetpack_publicize_message":"","jetpack_is_tweetstorm":false,"jetpack_publicize_feature_enabled":true},"categories":[8337],"tags":[9972,9970,9973,9971,9974,2281],"jetpack_publicize_connections":[],"yoast_head":"<!-- This site is optimized with the Yoast SEO plugin v19.1 - https:\/\/yoast.com\/wordpress\/plugins\/seo\/ -->\n<title>Danas promocija Crne Gore u Sarajevu - Lajme nga Ulqini<\/title>\n<meta name=\"description\" content=\"Podgorica,4.maja-Ove godine Nacionalna turisti?ka organizacija Crne Gore sprovodi intezivnu i poja?anu promociju u saradnji sa lokalnim turisti?kim\" \/>\n<meta name=\"robots\" content=\"index, follow, max-snippet:-1, max-image-preview:large, max-video-preview:-1\" \/>\n<link rel=\"canonical\" href=\"https:\/\/www.visit-ulcinj.com\/blog\/2009\/05\/05\/danas-promocija-crne-gore-u-sarajevu\/\" \/>\n<meta property=\"og:locale\" content=\"en_US\" \/>\n<meta property=\"og:type\" content=\"article\" \/>\n<meta property=\"og:title\" content=\"Danas promocija Crne Gore u Sarajevu - Lajme nga Ulqini\" \/>\n<meta property=\"og:description\" content=\"Podgorica,4.maja-Ove godine Nacionalna turisti?ka organizacija Crne Gore sprovodi intezivnu i poja?anu promociju u saradnji sa lokalnim turisti?kim\" \/>\n<meta property=\"og:url\" content=\"https:\/\/www.visit-ulcinj.com\/blog\/2009\/05\/05\/danas-promocija-crne-gore-u-sarajevu\/\" \/>\n<meta property=\"og:site_name\" content=\"Lajme nga Ulqini\" \/>\n<meta property=\"article:published_time\" content=\"2009-05-05T18:23:41+00:00\" \/>\n<meta property=\"article:modified_time\" content=\"2009-05-05T18:26:23+00:00\" \/>\n<meta property=\"og:image\" content=\"http:\/\/www.visit-ulcinj.com\/blog\/wp-content\/uploads\/2009\/05\/velika-plaza-ulcinj-crna-gora.jpg\" \/>\n<meta name=\"twitter:label1\" content=\"Written by\" \/>\n\t<meta name=\"twitter:data1\" content=\"ulqini\" \/>\n\t<meta name=\"twitter:label2\" content=\"Est. reading time\" \/>\n\t<meta name=\"twitter:data2\" content=\"2 minutes\" \/>\n<script type=\"application\/ld+json\" class=\"yoast-schema-graph\">{\"@context\":\"https:\/\/schema.org\",\"@graph\":[{\"@type\":\"WebSite\",\"@id\":\"https:\/\/www.visit-ulcinj.com\/blog\/#website\",\"url\":\"https:\/\/www.visit-ulcinj.com\/blog\/\",\"name\":\"Lajme nga Ulqini\",\"description\":\"Lajme,Vijesti,Ulqini,Ulqin,Crna Gora,Mali i Zi\",\"potentialAction\":[{\"@type\":\"SearchAction\",\"target\":{\"@type\":\"EntryPoint\",\"urlTemplate\":\"https:\/\/www.visit-ulcinj.com\/blog\/?s={search_term_string}\"},\"query-input\":\"required name=search_term_string\"}],\"inLanguage\":\"en-US\"},{\"@type\":\"ImageObject\",\"inLanguage\":\"en-US\",\"@id\":\"https:\/\/www.visit-ulcinj.com\/blog\/2009\/05\/05\/danas-promocija-crne-gore-u-sarajevu\/#primaryimage\",\"url\":\"https:\/\/www.visit-ulcinj.com\/blog\/wp-content\/uploads\/2009\/05\/velika-plaza-ulcinj-crna-gora.jpg\",\"contentUrl\":\"https:\/\/www.visit-ulcinj.com\/blog\/wp-content\/uploads\/2009\/05\/velika-plaza-ulcinj-crna-gora.jpg\",\"width\":\"781\",\"height\":\"479\"},{\"@type\":\"WebPage\",\"@id\":\"https:\/\/www.visit-ulcinj.com\/blog\/2009\/05\/05\/danas-promocija-crne-gore-u-sarajevu\/#webpage\",\"url\":\"https:\/\/www.visit-ulcinj.com\/blog\/2009\/05\/05\/danas-promocija-crne-gore-u-sarajevu\/\",\"name\":\"Danas promocija Crne Gore u Sarajevu - Lajme nga Ulqini\",\"isPartOf\":{\"@id\":\"https:\/\/www.visit-ulcinj.com\/blog\/#website\"},\"primaryImageOfPage\":{\"@id\":\"https:\/\/www.visit-ulcinj.com\/blog\/2009\/05\/05\/danas-promocija-crne-gore-u-sarajevu\/#primaryimage\"},\"datePublished\":\"2009-05-05T18:23:41+00:00\",\"dateModified\":\"2009-05-05T18:26:23+00:00\",\"author\":{\"@id\":\"https:\/\/www.visit-ulcinj.com\/blog\/#\/schema\/person\/dcab619c614d3038751c63bc2aadc06d\"},\"description\":\"Podgorica,4.maja-Ove godine Nacionalna turisti?ka organizacija Crne Gore sprovodi intezivnu i poja?anu promociju u saradnji sa lokalnim turisti?kim\",\"breadcrumb\":{\"@id\":\"https:\/\/www.visit-ulcinj.com\/blog\/2009\/05\/05\/danas-promocija-crne-gore-u-sarajevu\/#breadcrumb\"},\"inLanguage\":\"en-US\",\"potentialAction\":[{\"@type\":\"ReadAction\",\"target\":[\"https:\/\/www.visit-ulcinj.com\/blog\/2009\/05\/05\/danas-promocija-crne-gore-u-sarajevu\/\"]}]},{\"@type\":\"BreadcrumbList\",\"@id\":\"https:\/\/www.visit-ulcinj.com\/blog\/2009\/05\/05\/danas-promocija-crne-gore-u-sarajevu\/#breadcrumb\",\"itemListElement\":[{\"@type\":\"ListItem\",\"position\":1,\"name\":\"Danas promocija Crne Gore u Sarajevu\"}]},{\"@type\":\"Person\",\"@id\":\"https:\/\/www.visit-ulcinj.com\/blog\/#\/schema\/person\/dcab619c614d3038751c63bc2aadc06d\",\"name\":\"ulqini\",\"sameAs\":[\"http:\/\/www.visit-ulcinj.com\"],\"url\":\"https:\/\/www.visit-ulcinj.com\/blog\/author\/admin\/\"}]}<\/script>\n<!-- \/ Yoast SEO plugin. -->","yoast_head_json":{"title":"Danas promocija Crne Gore u Sarajevu - Lajme nga Ulqini","description":"Podgorica,4.maja-Ove godine Nacionalna turisti?ka organizacija Crne Gore sprovodi intezivnu i poja?anu promociju u saradnji sa lokalnim turisti?kim","robots":{"index":"index","follow":"follow","max-snippet":"max-snippet:-1","max-image-preview":"max-image-preview:large","max-video-preview":"max-video-preview:-1"},"canonical":"https:\/\/www.visit-ulcinj.com\/blog\/2009\/05\/05\/danas-promocija-crne-gore-u-sarajevu\/","og_locale":"en_US","og_type":"article","og_title":"Danas promocija Crne Gore u Sarajevu - Lajme nga Ulqini","og_description":"Podgorica,4.maja-Ove godine Nacionalna turisti?ka organizacija Crne Gore sprovodi intezivnu i poja?anu promociju u saradnji sa lokalnim turisti?kim","og_url":"https:\/\/www.visit-ulcinj.com\/blog\/2009\/05\/05\/danas-promocija-crne-gore-u-sarajevu\/","og_site_name":"Lajme nga Ulqini","article_published_time":"2009-05-05T18:23:41+00:00","article_modified_time":"2009-05-05T18:26:23+00:00","og_image":[{"url":"http:\/\/www.visit-ulcinj.com\/blog\/wp-content\/uploads\/2009\/05\/velika-plaza-ulcinj-crna-gora.jpg"}],"twitter_misc":{"Written by":"ulqini","Est. reading time":"2 minutes"},"schema":{"@context":"https:\/\/schema.org","@graph":[{"@type":"WebSite","@id":"https:\/\/www.visit-ulcinj.com\/blog\/#website","url":"https:\/\/www.visit-ulcinj.com\/blog\/","name":"Lajme nga Ulqini","description":"Lajme,Vijesti,Ulqini,Ulqin,Crna Gora,Mali i Zi","potentialAction":[{"@type":"SearchAction","target":{"@type":"EntryPoint","urlTemplate":"https:\/\/www.visit-ulcinj.com\/blog\/?s={search_term_string}"},"query-input":"required name=search_term_string"}],"inLanguage":"en-US"},{"@type":"ImageObject","inLanguage":"en-US","@id":"https:\/\/www.visit-ulcinj.com\/blog\/2009\/05\/05\/danas-promocija-crne-gore-u-sarajevu\/#primaryimage","url":"https:\/\/www.visit-ulcinj.com\/blog\/wp-content\/uploads\/2009\/05\/velika-plaza-ulcinj-crna-gora.jpg","contentUrl":"https:\/\/www.visit-ulcinj.com\/blog\/wp-content\/uploads\/2009\/05\/velika-plaza-ulcinj-crna-gora.jpg","width":"781","height":"479"},{"@type":"WebPage","@id":"https:\/\/www.visit-ulcinj.com\/blog\/2009\/05\/05\/danas-promocija-crne-gore-u-sarajevu\/#webpage","url":"https:\/\/www.visit-ulcinj.com\/blog\/2009\/05\/05\/danas-promocija-crne-gore-u-sarajevu\/","name":"Danas promocija Crne Gore u Sarajevu - Lajme nga Ulqini","isPartOf":{"@id":"https:\/\/www.visit-ulcinj.com\/blog\/#website"},"primaryImageOfPage":{"@id":"https:\/\/www.visit-ulcinj.com\/blog\/2009\/05\/05\/danas-promocija-crne-gore-u-sarajevu\/#primaryimage"},"datePublished":"2009-05-05T18:23:41+00:00","dateModified":"2009-05-05T18:26:23+00:00","author":{"@id":"https:\/\/www.visit-ulcinj.com\/blog\/#\/schema\/person\/dcab619c614d3038751c63bc2aadc06d"},"description":"Podgorica,4.maja-Ove godine Nacionalna turisti?ka organizacija Crne Gore sprovodi intezivnu i poja?anu promociju u saradnji sa lokalnim turisti?kim","breadcrumb":{"@id":"https:\/\/www.visit-ulcinj.com\/blog\/2009\/05\/05\/danas-promocija-crne-gore-u-sarajevu\/#breadcrumb"},"inLanguage":"en-US","potentialAction":[{"@type":"ReadAction","target":["https:\/\/www.visit-ulcinj.com\/blog\/2009\/05\/05\/danas-promocija-crne-gore-u-sarajevu\/"]}]},{"@type":"BreadcrumbList","@id":"https:\/\/www.visit-ulcinj.com\/blog\/2009\/05\/05\/danas-promocija-crne-gore-u-sarajevu\/#breadcrumb","itemListElement":[{"@type":"ListItem","position":1,"name":"Danas promocija Crne Gore u Sarajevu"}]},{"@type":"Person","@id":"https:\/\/www.visit-ulcinj.com\/blog\/#\/schema\/person\/dcab619c614d3038751c63bc2aadc06d","name":"ulqini","sameAs":["http:\/\/www.visit-ulcinj.com"],"url":"https:\/\/www.visit-ulcinj.com\/blog\/author\/admin\/"}]}},"jetpack_featured_media_url":"","jetpack_sharing_enabled":true,"jetpack_shortlink":"https:\/\/wp.me\/pe6lTn-5gT","_links":{"self":[{"href":"https:\/\/www.visit-ulcinj.com\/blog\/wp-json\/wp\/v2\/posts\/20267"}],"collection":[{"href":"https:\/\/www.visit-ulcinj.com\/blog\/wp-json\/wp\/v2\/posts"}],"about":[{"href":"https:\/\/www.visit-ulcinj.com\/blog\/wp-json\/wp\/v2\/types\/post"}],"author":[{"embeddable":true,"href":"https:\/\/www.visit-ulcinj.com\/blog\/wp-json\/wp\/v2\/users\/1"}],"replies":[{"embeddable":true,"href":"https:\/\/www.visit-ulcinj.com\/blog\/wp-json\/wp\/v2\/comments?post=20267"}],"version-history":[{"count":0,"href":"https:\/\/www.visit-ulcinj.com\/blog\/wp-json\/wp\/v2\/posts\/20267\/revisions"}],"wp:attachment":[{"href":"https:\/\/www.visit-ulcinj.com\/blog\/wp-json\/wp\/v2\/media?parent=20267"}],"wp:term":[{"taxonomy":"category","embeddable":true,"href":"https:\/\/www.visit-ulcinj.com\/blog\/wp-json\/wp\/v2\/categories?post=20267"},{"taxonomy":"post_tag","embeddable":true,"href":"https:\/\/www.visit-ulcinj.com\/blog\/wp-json\/wp\/v2\/tags?post=20267"}],"curies":[{"name":"wp","href":"https:\/\/api.w.org\/{rel}","templated":true}]}}