{"id":20288,"date":"2009-05-06T17:07:54","date_gmt":"2009-05-06T15:07:54","guid":{"rendered":"http:\/\/www.visit-ulcinj.com\/blog\/?p=20288"},"modified":"2009-05-06T17:07:54","modified_gmt":"2009-05-06T15:07:54","slug":"arjoni-anjezen-e-pelqej-por-nuk-e-dashuroj","status":"publish","type":"post","link":"https:\/\/www.visit-ulcinj.com\/blog\/2009\/05\/06\/arjoni-anjezen-e-pelqej-por-nuk-e-dashuroj\/","title":{"rendered":"Arjoni : Anjez\u00ebn e p\u00eblqej, por nuk e dashuroj"},"content":{"rendered":"<p><a href=\"http:\/\/www.visit-ulcinj.com\/blog\/wp-content\/uploads\/2009\/05\/anjeza-dhe-arjon-muca-big-broter-albania-2-live.jpg\"><img loading=\"lazy\" class=\"alignleft size-full wp-image-19844\" title=\"anjeza-dhe-arjon-muca-big-broter-albania-2-live\" src=\"http:\/\/www.visit-ulcinj.com\/blog\/wp-content\/uploads\/2009\/05\/anjeza-dhe-arjon-muca-big-broter-albania-2-live.jpg\" alt=\"anjeza-dhe-arjon-muca-big-broter-albania-2-live\" width=\"585\" height=\"300\" \/><\/a>\u00c7ifti i vet\u00ebshpallur n\u00eb \u201cBig Brother\u201d, Arjon -Anjeza, nuk jan\u00eb tamam t\u00eb till\u00eb. Kjo gj\u00eb u vu re edhe gjat\u00eb q\u00ebndrimit t\u00eb Arjonit brenda sht\u00ebpis\u00eb, pasi asgj\u00eb nuk ndodhi me ta\u2026 Mjaftuan ca p\u00ebrk\u00ebdhelje dhe nj\u00eb puthje n\u00eb buz\u00eb p\u00ebr t\u2019u p\u00ebrfolur m\u00eb tej p\u00ebr nj\u00eb dashuri t\u00eb madhe, por ja q\u00eb nuk \u00ebsht\u00eb k\u00ebshtu.<\/p>\n<p>I kontaktuar nga Sh2-shi, Arjoni ka pohuar dit\u00ebn e djeshme, se Anjez\u00ebn e p\u00eblqen, por nuk e dashuron. K\u00ebt\u00eb gj\u00eb e ka diskutuar dhe m\u00eb vajz\u00ebn q\u00eb tashm\u00eb ndodhet brenda n\u00eb sht\u00ebpi. \u201cT\u00eb dy e kemi pranuar k\u00ebt\u00eb fakt\u201d, &#8211; thot\u00eb ai. Ajo q\u00eb lindi mes nesh n\u00eb ambiente e sht\u00ebpis\u00eb ishte nj\u00eb ndjenj\u00eb reciproke nga t\u00eb dy, por \u00ebsht\u00eb shum\u00eb her\u00ebt p\u00ebr ta quajtur dashuri.<\/p>\n<p>Djali, q\u00eb gjat\u00eb q\u00ebndrimit t\u00eb tij n\u00eb Big Brother ka r\u00ebn\u00eb n\u00eb sy p\u00ebr pamjen shum\u00eb t\u00ebrheq\u00ebse dhe, ve\u00e7 k\u00ebsaj, edhe p\u00ebr nj\u00eb xhentiles\u00eb me femrat, aq sa p\u00ebr t\u2019u pasur zili, \u00ebsht\u00eb treguar i sinqert\u00eb gjat\u00eb gjith\u00eb koh\u00ebs. Anjeza nuk ka qen\u00eb e par\u00eb q\u00eb ka preferuar shoq\u00ebrin\u00eb e Arjonit, para saj ishte Zhuljeta e m\u00eb pas Mesida. P\u00ebr asnj\u00eb nga k\u00ebto ai nuk ka pohuar se i ka dashur, megjith\u00ebse ka ndar\u00eb nj\u00eb shtrat me to, dhe kjo vet\u00ebm n\u00eb m\u00ebnyr\u00eb miq\u00ebsore. \u00cbsht\u00eb karakterizuar p\u00ebr natyr\u00ebn e tij t\u00eb p\u00ebrmbajtur, sidomos me femrat, duke nxjerr\u00eb konkluzione t\u00eb qarta p\u00ebr nj\u00eb marr\u00ebdh\u00ebnie.<\/p>\n<p>Arjoni ka pohuar se, \u201cnuk mjaftojn\u00eb dy jav\u00eb p\u00ebr t\u00eb lindur nj\u00eb dashuri mes dy njer\u00ebzve. Nj\u00eb lidhje, p\u00ebr t\u2019u quajtur e konsoliduar, duhet t\u00eb kaloj\u00eb n\u00eb disa filtra njer\u00ebzor\u00eb, q\u00eb vet\u00ebm ambienti i jasht\u00ebm mund t\u00eb t\u2019i jap\u00eb\u201d. Nga ana tjet\u00ebr, djaloshit simpatik nuk i ka munguar suksesi me femrat dhe fama n\u00eb k\u00ebt\u00eb reality show ia ka shtuar m\u00eb shum\u00eb k\u00ebrkesat. Duket se k\u00ebt\u00eb pjes\u00ebmarrje Arjoni do ta p\u00ebrdor\u00eb si nj\u00eb trampolin\u00eb p\u00ebr t\u2019i hyr\u00eb bot\u00ebs s\u00eb mod\u00ebs, spektaklit, dhe jo vet\u00ebm. Nd\u00ebrsa lidhja me Anjez\u00ebn ka shum\u00eb rezerva. Do t\u00eb jet\u00eb koha q\u00eb do t\u2019i tregoj\u00eb, jo vet\u00ebm k\u00ebtij \u00e7ifti, por edhe publikut, se si do t\u00eb shkoj\u00eb lidhja e tyre.<\/p>\n<p><strong><em>Shekulli<\/em><\/strong><\/p>\n","protected":false},"excerpt":{"rendered":"<p>\u00c7ifti i vet\u00ebshpallur n\u00eb \u201cBig Brother\u201d, Arjon -Anjeza, nuk jan\u00eb tamam t\u00eb till\u00eb. Kjo gj\u00eb u vu re edhe gjat\u00eb q\u00ebndrimit t\u00eb Arjonit brenda sht\u00ebpis\u00eb, pasi asgj\u00eb nuk ndodhi me ta\u2026 Mjaftuan ca p\u00ebrk\u00ebdhelje dhe nj\u00eb puthje n\u00eb buz\u00eb p\u00ebr t\u2019u p\u00ebrfolur m\u00eb tej p\u00ebr nj\u00eb dashuri t\u00eb madhe, por ja q\u00eb nuk \u00ebsht\u00eb k\u00ebshtu. [&hellip;]<\/p>\n","protected":false},"author":1,"featured_media":0,"comment_status":"open","ping_status":"closed","sticky":false,"template":"","format":"standard","meta":{"spay_email":"","jetpack_publicize_message":"","jetpack_is_tweetstorm":false,"jetpack_publicize_feature_enabled":true},"categories":[6502],"tags":[8289,6525,9121,9751],"jetpack_publicize_connections":[],"yoast_head":"<!-- This site is optimized with the Yoast SEO plugin v19.1 - https:\/\/yoast.com\/wordpress\/plugins\/seo\/ -->\n<title>Arjoni : Anjez\u00c3\u00abn e p\u00c3\u00ablqej, por nuk e dashuroj | Big Brother Albania 2<\/title>\n<meta name=\"description\" content=\"Big Brother Albania 2 - \u00c3\u2021ifti i vet\u00c3\u00abshpallur n\u00c3\u00ab \u00e2\u20ac\u0153Big Brother\u00e2\u20ac\u009d, Arjon -Anjeza, nuk jan\u00c3\u00ab tamam t\u00c3\u00ab till\u00c3\u00ab. Kjo gj\u00c3\u00ab u vu re edhe gjat\u00c3\u00ab q\u00c3\u00abndrimit t\u00c3\u00ab Arjonit brenda sht\u00c3\u00abpis\u00c3\u00ab, pasi asgj\u00c3\u00ab nuk ndodhi me ta\u00e2\u20ac\u00a6\" \/>\n<meta name=\"robots\" content=\"index, follow, max-snippet:-1, max-image-preview:large, max-video-preview:-1\" \/>\n<link rel=\"canonical\" href=\"https:\/\/www.visit-ulcinj.com\/blog\/2009\/05\/06\/arjoni-anjezen-e-pelqej-por-nuk-e-dashuroj\/\" \/>\n<meta property=\"og:locale\" content=\"en_US\" \/>\n<meta property=\"og:type\" content=\"article\" \/>\n<meta property=\"og:title\" content=\"Arjoni : Anjez\u00c3\u00abn e p\u00c3\u00ablqej, por nuk e dashuroj | Big Brother Albania 2\" \/>\n<meta property=\"og:description\" content=\"Big Brother Albania 2 - \u00c3\u2021ifti i vet\u00c3\u00abshpallur n\u00c3\u00ab \u00e2\u20ac\u0153Big Brother\u00e2\u20ac\u009d, Arjon -Anjeza, nuk jan\u00c3\u00ab tamam t\u00c3\u00ab till\u00c3\u00ab. Kjo gj\u00c3\u00ab u vu re edhe gjat\u00c3\u00ab q\u00c3\u00abndrimit t\u00c3\u00ab Arjonit brenda sht\u00c3\u00abpis\u00c3\u00ab, pasi asgj\u00c3\u00ab nuk ndodhi me ta\u00e2\u20ac\u00a6\" \/>\n<meta property=\"og:url\" content=\"https:\/\/www.visit-ulcinj.com\/blog\/2009\/05\/06\/arjoni-anjezen-e-pelqej-por-nuk-e-dashuroj\/\" \/>\n<meta property=\"og:site_name\" content=\"Lajme nga Ulqini\" \/>\n<meta property=\"article:published_time\" content=\"2009-05-06T15:07:54+00:00\" \/>\n<meta property=\"og:image\" content=\"http:\/\/www.visit-ulcinj.com\/blog\/wp-content\/uploads\/2009\/05\/anjeza-dhe-arjon-muca-big-broter-albania-2-live.jpg\" \/>\n<meta name=\"twitter:label1\" content=\"Written by\" \/>\n\t<meta name=\"twitter:data1\" content=\"ulqini\" \/>\n\t<meta name=\"twitter:label2\" content=\"Est. reading time\" \/>\n\t<meta name=\"twitter:data2\" content=\"2 minutes\" \/>\n<script type=\"application\/ld+json\" class=\"yoast-schema-graph\">{\"@context\":\"https:\/\/schema.org\",\"@graph\":[{\"@type\":\"WebSite\",\"@id\":\"https:\/\/www.visit-ulcinj.com\/blog\/#website\",\"url\":\"https:\/\/www.visit-ulcinj.com\/blog\/\",\"name\":\"Lajme nga Ulqini\",\"description\":\"Lajme,Vijesti,Ulqini,Ulqin,Crna Gora,Mali i Zi\",\"potentialAction\":[{\"@type\":\"SearchAction\",\"target\":{\"@type\":\"EntryPoint\",\"urlTemplate\":\"https:\/\/www.visit-ulcinj.com\/blog\/?s={search_term_string}\"},\"query-input\":\"required name=search_term_string\"}],\"inLanguage\":\"en-US\"},{\"@type\":\"ImageObject\",\"inLanguage\":\"en-US\",\"@id\":\"https:\/\/www.visit-ulcinj.com\/blog\/2009\/05\/06\/arjoni-anjezen-e-pelqej-por-nuk-e-dashuroj\/#primaryimage\",\"url\":\"http:\/\/www.visit-ulcinj.com\/blog\/wp-content\/uploads\/2009\/05\/anjeza-dhe-arjon-muca-big-broter-albania-2-live.jpg\",\"contentUrl\":\"http:\/\/www.visit-ulcinj.com\/blog\/wp-content\/uploads\/2009\/05\/anjeza-dhe-arjon-muca-big-broter-albania-2-live.jpg\"},{\"@type\":\"WebPage\",\"@id\":\"https:\/\/www.visit-ulcinj.com\/blog\/2009\/05\/06\/arjoni-anjezen-e-pelqej-por-nuk-e-dashuroj\/#webpage\",\"url\":\"https:\/\/www.visit-ulcinj.com\/blog\/2009\/05\/06\/arjoni-anjezen-e-pelqej-por-nuk-e-dashuroj\/\",\"name\":\"Arjoni : Anjez\u00c3\u00abn e p\u00c3\u00ablqej, por nuk e dashuroj | Big Brother Albania 2\",\"isPartOf\":{\"@id\":\"https:\/\/www.visit-ulcinj.com\/blog\/#website\"},\"primaryImageOfPage\":{\"@id\":\"https:\/\/www.visit-ulcinj.com\/blog\/2009\/05\/06\/arjoni-anjezen-e-pelqej-por-nuk-e-dashuroj\/#primaryimage\"},\"datePublished\":\"2009-05-06T15:07:54+00:00\",\"dateModified\":\"2009-05-06T15:07:54+00:00\",\"author\":{\"@id\":\"https:\/\/www.visit-ulcinj.com\/blog\/#\/schema\/person\/dcab619c614d3038751c63bc2aadc06d\"},\"description\":\"Big Brother Albania 2 - \u00c3\u2021ifti i vet\u00c3\u00abshpallur n\u00c3\u00ab \u00e2\u20ac\u0153Big Brother\u00e2\u20ac\u009d, Arjon -Anjeza, nuk jan\u00c3\u00ab tamam t\u00c3\u00ab till\u00c3\u00ab. Kjo gj\u00c3\u00ab u vu re edhe gjat\u00c3\u00ab q\u00c3\u00abndrimit t\u00c3\u00ab Arjonit brenda sht\u00c3\u00abpis\u00c3\u00ab, pasi asgj\u00c3\u00ab nuk ndodhi me ta\u00e2\u20ac\u00a6\",\"breadcrumb\":{\"@id\":\"https:\/\/www.visit-ulcinj.com\/blog\/2009\/05\/06\/arjoni-anjezen-e-pelqej-por-nuk-e-dashuroj\/#breadcrumb\"},\"inLanguage\":\"en-US\",\"potentialAction\":[{\"@type\":\"ReadAction\",\"target\":[\"https:\/\/www.visit-ulcinj.com\/blog\/2009\/05\/06\/arjoni-anjezen-e-pelqej-por-nuk-e-dashuroj\/\"]}]},{\"@type\":\"BreadcrumbList\",\"@id\":\"https:\/\/www.visit-ulcinj.com\/blog\/2009\/05\/06\/arjoni-anjezen-e-pelqej-por-nuk-e-dashuroj\/#breadcrumb\",\"itemListElement\":[{\"@type\":\"ListItem\",\"position\":1,\"name\":\"Arjoni : Anjez\u00ebn e p\u00eblqej, por nuk e dashuroj\"}]},{\"@type\":\"Person\",\"@id\":\"https:\/\/www.visit-ulcinj.com\/blog\/#\/schema\/person\/dcab619c614d3038751c63bc2aadc06d\",\"name\":\"ulqini\",\"sameAs\":[\"http:\/\/www.visit-ulcinj.com\"],\"url\":\"https:\/\/www.visit-ulcinj.com\/blog\/author\/admin\/\"}]}<\/script>\n<!-- \/ Yoast SEO plugin. -->","yoast_head_json":{"title":"Arjoni : Anjez\u00c3\u00abn e p\u00c3\u00ablqej, por nuk e dashuroj | Big Brother Albania 2","description":"Big Brother Albania 2 - \u00c3\u2021ifti i vet\u00c3\u00abshpallur n\u00c3\u00ab \u00e2\u20ac\u0153Big Brother\u00e2\u20ac\u009d, Arjon -Anjeza, nuk jan\u00c3\u00ab tamam t\u00c3\u00ab till\u00c3\u00ab. Kjo gj\u00c3\u00ab u vu re edhe gjat\u00c3\u00ab q\u00c3\u00abndrimit t\u00c3\u00ab Arjonit brenda sht\u00c3\u00abpis\u00c3\u00ab, pasi asgj\u00c3\u00ab nuk ndodhi me ta\u00e2\u20ac\u00a6","robots":{"index":"index","follow":"follow","max-snippet":"max-snippet:-1","max-image-preview":"max-image-preview:large","max-video-preview":"max-video-preview:-1"},"canonical":"https:\/\/www.visit-ulcinj.com\/blog\/2009\/05\/06\/arjoni-anjezen-e-pelqej-por-nuk-e-dashuroj\/","og_locale":"en_US","og_type":"article","og_title":"Arjoni : Anjez\u00c3\u00abn e p\u00c3\u00ablqej, por nuk e dashuroj | Big Brother Albania 2","og_description":"Big Brother Albania 2 - \u00c3\u2021ifti i vet\u00c3\u00abshpallur n\u00c3\u00ab \u00e2\u20ac\u0153Big Brother\u00e2\u20ac\u009d, Arjon -Anjeza, nuk jan\u00c3\u00ab tamam t\u00c3\u00ab till\u00c3\u00ab. Kjo gj\u00c3\u00ab u vu re edhe gjat\u00c3\u00ab q\u00c3\u00abndrimit t\u00c3\u00ab Arjonit brenda sht\u00c3\u00abpis\u00c3\u00ab, pasi asgj\u00c3\u00ab nuk ndodhi me ta\u00e2\u20ac\u00a6","og_url":"https:\/\/www.visit-ulcinj.com\/blog\/2009\/05\/06\/arjoni-anjezen-e-pelqej-por-nuk-e-dashuroj\/","og_site_name":"Lajme nga Ulqini","article_published_time":"2009-05-06T15:07:54+00:00","og_image":[{"url":"http:\/\/www.visit-ulcinj.com\/blog\/wp-content\/uploads\/2009\/05\/anjeza-dhe-arjon-muca-big-broter-albania-2-live.jpg"}],"twitter_misc":{"Written by":"ulqini","Est. reading time":"2 minutes"},"schema":{"@context":"https:\/\/schema.org","@graph":[{"@type":"WebSite","@id":"https:\/\/www.visit-ulcinj.com\/blog\/#website","url":"https:\/\/www.visit-ulcinj.com\/blog\/","name":"Lajme nga Ulqini","description":"Lajme,Vijesti,Ulqini,Ulqin,Crna Gora,Mali i Zi","potentialAction":[{"@type":"SearchAction","target":{"@type":"EntryPoint","urlTemplate":"https:\/\/www.visit-ulcinj.com\/blog\/?s={search_term_string}"},"query-input":"required name=search_term_string"}],"inLanguage":"en-US"},{"@type":"ImageObject","inLanguage":"en-US","@id":"https:\/\/www.visit-ulcinj.com\/blog\/2009\/05\/06\/arjoni-anjezen-e-pelqej-por-nuk-e-dashuroj\/#primaryimage","url":"http:\/\/www.visit-ulcinj.com\/blog\/wp-content\/uploads\/2009\/05\/anjeza-dhe-arjon-muca-big-broter-albania-2-live.jpg","contentUrl":"http:\/\/www.visit-ulcinj.com\/blog\/wp-content\/uploads\/2009\/05\/anjeza-dhe-arjon-muca-big-broter-albania-2-live.jpg"},{"@type":"WebPage","@id":"https:\/\/www.visit-ulcinj.com\/blog\/2009\/05\/06\/arjoni-anjezen-e-pelqej-por-nuk-e-dashuroj\/#webpage","url":"https:\/\/www.visit-ulcinj.com\/blog\/2009\/05\/06\/arjoni-anjezen-e-pelqej-por-nuk-e-dashuroj\/","name":"Arjoni : Anjez\u00c3\u00abn e p\u00c3\u00ablqej, por nuk e dashuroj | Big Brother Albania 2","isPartOf":{"@id":"https:\/\/www.visit-ulcinj.com\/blog\/#website"},"primaryImageOfPage":{"@id":"https:\/\/www.visit-ulcinj.com\/blog\/2009\/05\/06\/arjoni-anjezen-e-pelqej-por-nuk-e-dashuroj\/#primaryimage"},"datePublished":"2009-05-06T15:07:54+00:00","dateModified":"2009-05-06T15:07:54+00:00","author":{"@id":"https:\/\/www.visit-ulcinj.com\/blog\/#\/schema\/person\/dcab619c614d3038751c63bc2aadc06d"},"description":"Big Brother Albania 2 - \u00c3\u2021ifti i vet\u00c3\u00abshpallur n\u00c3\u00ab \u00e2\u20ac\u0153Big Brother\u00e2\u20ac\u009d, Arjon -Anjeza, nuk jan\u00c3\u00ab tamam t\u00c3\u00ab till\u00c3\u00ab. Kjo gj\u00c3\u00ab u vu re edhe gjat\u00c3\u00ab q\u00c3\u00abndrimit t\u00c3\u00ab Arjonit brenda sht\u00c3\u00abpis\u00c3\u00ab, pasi asgj\u00c3\u00ab nuk ndodhi me ta\u00e2\u20ac\u00a6","breadcrumb":{"@id":"https:\/\/www.visit-ulcinj.com\/blog\/2009\/05\/06\/arjoni-anjezen-e-pelqej-por-nuk-e-dashuroj\/#breadcrumb"},"inLanguage":"en-US","potentialAction":[{"@type":"ReadAction","target":["https:\/\/www.visit-ulcinj.com\/blog\/2009\/05\/06\/arjoni-anjezen-e-pelqej-por-nuk-e-dashuroj\/"]}]},{"@type":"BreadcrumbList","@id":"https:\/\/www.visit-ulcinj.com\/blog\/2009\/05\/06\/arjoni-anjezen-e-pelqej-por-nuk-e-dashuroj\/#breadcrumb","itemListElement":[{"@type":"ListItem","position":1,"name":"Arjoni : Anjez\u00ebn e p\u00eblqej, por nuk e dashuroj"}]},{"@type":"Person","@id":"https:\/\/www.visit-ulcinj.com\/blog\/#\/schema\/person\/dcab619c614d3038751c63bc2aadc06d","name":"ulqini","sameAs":["http:\/\/www.visit-ulcinj.com"],"url":"https:\/\/www.visit-ulcinj.com\/blog\/author\/admin\/"}]}},"jetpack_featured_media_url":"","jetpack_sharing_enabled":true,"jetpack_shortlink":"https:\/\/wp.me\/pe6lTn-5he","_links":{"self":[{"href":"https:\/\/www.visit-ulcinj.com\/blog\/wp-json\/wp\/v2\/posts\/20288"}],"collection":[{"href":"https:\/\/www.visit-ulcinj.com\/blog\/wp-json\/wp\/v2\/posts"}],"about":[{"href":"https:\/\/www.visit-ulcinj.com\/blog\/wp-json\/wp\/v2\/types\/post"}],"author":[{"embeddable":true,"href":"https:\/\/www.visit-ulcinj.com\/blog\/wp-json\/wp\/v2\/users\/1"}],"replies":[{"embeddable":true,"href":"https:\/\/www.visit-ulcinj.com\/blog\/wp-json\/wp\/v2\/comments?post=20288"}],"version-history":[{"count":0,"href":"https:\/\/www.visit-ulcinj.com\/blog\/wp-json\/wp\/v2\/posts\/20288\/revisions"}],"wp:attachment":[{"href":"https:\/\/www.visit-ulcinj.com\/blog\/wp-json\/wp\/v2\/media?parent=20288"}],"wp:term":[{"taxonomy":"category","embeddable":true,"href":"https:\/\/www.visit-ulcinj.com\/blog\/wp-json\/wp\/v2\/categories?post=20288"},{"taxonomy":"post_tag","embeddable":true,"href":"https:\/\/www.visit-ulcinj.com\/blog\/wp-json\/wp\/v2\/tags?post=20288"}],"curies":[{"name":"wp","href":"https:\/\/api.w.org\/{rel}","templated":true}]}}