{"id":2029,"date":"2008-06-17T08:47:35","date_gmt":"2008-06-17T13:47:35","guid":{"rendered":"http:\/\/www.visit-ulcinj.com\/blog\/?p=2029"},"modified":"2008-06-17T08:47:35","modified_gmt":"2008-06-17T13:47:35","slug":"ministri-fuad-nimani-u-takua-me-nje-delegacion-te-zyres-se-komisarit-per-te-drejtat-e-njeriut-te-keshillit-te-evropes","status":"publish","type":"post","link":"https:\/\/www.visit-ulcinj.com\/blog\/2008\/06\/17\/ministri-fuad-nimani-u-takua-me-nje-delegacion-te-zyres-se-komisarit-per-te-drejtat-e-njeriut-te-keshillit-te-evropes\/","title":{"rendered":"Ministri fuad nimani u takua me nj\u00eb delegacion t\u00eb zyr\u00ebs s\u00eb komisarit p\u00ebr t\u00eb drejtat e njeriut t\u00eb k\u00ebshillit t\u00eb evrop\u00ebs"},"content":{"rendered":"<p><a title=\"Fuad Nimani\" href=\"http:\/\/www.vlada.cg.yu\/img\/1210157990.jpg\" target=\"_blank\"><img loading=\"lazy\" class=\"alignleft\" style=\"float: left;\" src=\"http:\/\/www.vlada.cg.yu\/img\/1210157990.jpg\" alt=\"Sabahudin Deli?_Fuad Nimani\" width=\"323\" height=\"207\" \/><\/a><strong>Theksohen rezultatet n\u00eb fush\u00ebn e t\u00eb drejtave t\u00eb njeriut<\/strong><br \/>\nPodgoric\u00eb &#8211; Ministri p\u00ebr Mbrojtjen e t\u00eb Drejtave t\u00eb Njeriut dhe Pakicave, Fuad Nimani dhe ndihm\u00ebs ministri Sabahudin Deliq zhvilluan t\u00eb premten nj\u00eb takim pune me delegacionin e Zyr\u00ebs s\u00eb Komisarit p\u00ebr t\u00eb Drejtat e Njeriut t\u00eb K\u00ebshillit t\u00eb Evrop\u00ebs, t\u00eb p\u00ebrb\u00ebr\u00eb nga komisari z. Tomas Hamaberg, k\u00ebshilltarja speciale, znj. Ulrika Sunberg, shefi i Drejtoris\u00eb p\u00ebr Evrop\u00ebn Juglindore n\u00eb Komisariatin p\u00ebr t\u00eb Drejtat e Njeriut t\u00eb K\u00ebshillit t\u00eb Evrop\u00ebs, z. Beri Kralj, dhe Endrju Fordi, k\u00ebshilltar i komisarit.<br \/>\nGjat\u00eb bised\u00ebs s\u00eb p\u00ebrzem\u00ebrt u theksuan rezultatet q\u00eb ka arritur Mali i Zi n\u00eb fush\u00ebn juridike dhe praktike t\u00eb mbrojtjes s\u00eb t\u00eb drejtave t\u00eb njeriut dhe pakicave.<a title=\"Fuad Nimani\" href=\"http:\/\/www.vlada.cg.yu\/img\/1174387648.jpg\"><img loading=\"lazy\" class=\"alignright\" style=\"float: right;\" src=\"http:\/\/www.vlada.cg.yu\/img\/1174387648.jpg\" alt=\"FUAD NIMANI_1\" width=\"220\" height=\"164\" \/><\/a><br \/>\nMinistri Nimani i njoftoi mysafir\u00ebt me projektet q\u00eb i ka realizuar kjo ministri n\u00eb periudh\u00ebn e m\u00ebparshme, formimin dhe rolin e k\u00ebshillave nacionale, konstutimin e Fondit p\u00ebr Pakica, implementimin e Strategjis\u00eb p\u00ebr p\u00ebrmir\u00ebsimin e gjendjes s\u00eb popullat\u00ebs RAE n\u00eb Mal t\u00eb Zi, themelimin e Qendr\u00ebs p\u00ebr Ruajtjen dhe Zhvillimin e Kultur\u00ebs s\u00eb Pakicave, aprovimin e ardhsh\u00ebm t\u00eb Strategjis\u00eb Politike t\u00eb Pakicave si dhe Ligjin p\u00ebr Antidiskriminim.<br \/>\nMysafir\u00ebt theksuan se vet\u00eb ekzistimi i Ministris\u00eb p\u00ebr Mbrojtjen e t\u00eb Drejtave t\u00eb Njeriut dhe Pakicave jep sinjal t\u00eb mir\u00eb p\u00ebrkushtimit t\u00eb Malit t\u00eb Zi q\u00eb t\u00eb drejtat e njeriut dhe pakicave t\u00eb ngriten n\u00eb nivel edhe m\u00eb t\u00eb lart\u00eb dhe se Mali i Zi b\u00ebn l\u00ebvizje t\u00eb r\u00ebnd\u00ebsishme t\u00eb cilat e afrojn\u00eb drejt integrimeve evroatlantike.<br \/>\n<strong>KOHA JAVORE<\/strong><\/p>\n","protected":false},"excerpt":{"rendered":"<p><img loading=\"lazy\" class=\"alignleft\" style=\"float: left;\" src=\"http:\/\/www.vlada.cg.yu\/img\/1210157990.jpg\" alt=\"Sabahudin Deli?_Fuad Nimani\" width=\"140\" height=\"140\" \/><\/p>\n","protected":false},"author":1,"featured_media":0,"comment_status":"open","ping_status":"closed","sticky":false,"template":"","format":"standard","meta":{"spay_email":"","jetpack_publicize_message":"","jetpack_is_tweetstorm":false,"jetpack_publicize_feature_enabled":true},"categories":[1,12],"tags":[106,95,3937,678],"jetpack_publicize_connections":[],"yoast_head":"<!-- This site is optimized with the Yoast SEO plugin v19.1 - https:\/\/yoast.com\/wordpress\/plugins\/seo\/ -->\n<title>Ministri fuad nimani u takua me nj\u00eb delegacion t\u00eb zyr\u00ebs s\u00eb komisarit p\u00ebr t\u00eb drejtat e njeriut t\u00eb k\u00ebshillit t\u00eb evrop\u00ebs - Lajme nga Ulqini<\/title>\n<meta name=\"robots\" content=\"index, follow, max-snippet:-1, max-image-preview:large, max-video-preview:-1\" \/>\n<link rel=\"canonical\" href=\"https:\/\/www.visit-ulcinj.com\/blog\/2008\/06\/17\/ministri-fuad-nimani-u-takua-me-nje-delegacion-te-zyres-se-komisarit-per-te-drejtat-e-njeriut-te-keshillit-te-evropes\/\" \/>\n<meta property=\"og:locale\" content=\"en_US\" \/>\n<meta property=\"og:type\" content=\"article\" \/>\n<meta property=\"og:title\" content=\"Ministri fuad nimani u takua me nj\u00eb delegacion t\u00eb zyr\u00ebs s\u00eb komisarit p\u00ebr t\u00eb drejtat e njeriut t\u00eb k\u00ebshillit t\u00eb evrop\u00ebs - Lajme nga Ulqini\" \/>\n<meta property=\"og:url\" content=\"https:\/\/www.visit-ulcinj.com\/blog\/2008\/06\/17\/ministri-fuad-nimani-u-takua-me-nje-delegacion-te-zyres-se-komisarit-per-te-drejtat-e-njeriut-te-keshillit-te-evropes\/\" \/>\n<meta property=\"og:site_name\" content=\"Lajme nga Ulqini\" \/>\n<meta property=\"article:published_time\" content=\"2008-06-17T13:47:35+00:00\" \/>\n<meta property=\"og:image\" content=\"http:\/\/www.vlada.cg.yu\/img\/1210157990.jpg\" \/>\n<meta name=\"twitter:label1\" content=\"Written by\" \/>\n\t<meta name=\"twitter:data1\" content=\"ulqini\" \/>\n\t<meta name=\"twitter:label2\" content=\"Est. reading time\" \/>\n\t<meta name=\"twitter:data2\" content=\"1 minute\" \/>\n<script type=\"application\/ld+json\" class=\"yoast-schema-graph\">{\"@context\":\"https:\/\/schema.org\",\"@graph\":[{\"@type\":\"WebSite\",\"@id\":\"https:\/\/www.visit-ulcinj.com\/blog\/#website\",\"url\":\"https:\/\/www.visit-ulcinj.com\/blog\/\",\"name\":\"Lajme nga Ulqini\",\"description\":\"Lajme,Vijesti,Ulqini,Ulqin,Crna Gora,Mali i Zi\",\"potentialAction\":[{\"@type\":\"SearchAction\",\"target\":{\"@type\":\"EntryPoint\",\"urlTemplate\":\"https:\/\/www.visit-ulcinj.com\/blog\/?s={search_term_string}\"},\"query-input\":\"required name=search_term_string\"}],\"inLanguage\":\"en-US\"},{\"@type\":\"ImageObject\",\"inLanguage\":\"en-US\",\"@id\":\"https:\/\/www.visit-ulcinj.com\/blog\/2008\/06\/17\/ministri-fuad-nimani-u-takua-me-nje-delegacion-te-zyres-se-komisarit-per-te-drejtat-e-njeriut-te-keshillit-te-evropes\/#primaryimage\",\"url\":\"http:\/\/www.vlada.cg.yu\/img\/1210157990.jpg\",\"contentUrl\":\"http:\/\/www.vlada.cg.yu\/img\/1210157990.jpg\"},{\"@type\":\"WebPage\",\"@id\":\"https:\/\/www.visit-ulcinj.com\/blog\/2008\/06\/17\/ministri-fuad-nimani-u-takua-me-nje-delegacion-te-zyres-se-komisarit-per-te-drejtat-e-njeriut-te-keshillit-te-evropes\/#webpage\",\"url\":\"https:\/\/www.visit-ulcinj.com\/blog\/2008\/06\/17\/ministri-fuad-nimani-u-takua-me-nje-delegacion-te-zyres-se-komisarit-per-te-drejtat-e-njeriut-te-keshillit-te-evropes\/\",\"name\":\"Ministri fuad nimani u takua me nj\u00eb delegacion t\u00eb zyr\u00ebs s\u00eb komisarit p\u00ebr t\u00eb drejtat e njeriut t\u00eb k\u00ebshillit t\u00eb evrop\u00ebs - Lajme nga Ulqini\",\"isPartOf\":{\"@id\":\"https:\/\/www.visit-ulcinj.com\/blog\/#website\"},\"primaryImageOfPage\":{\"@id\":\"https:\/\/www.visit-ulcinj.com\/blog\/2008\/06\/17\/ministri-fuad-nimani-u-takua-me-nje-delegacion-te-zyres-se-komisarit-per-te-drejtat-e-njeriut-te-keshillit-te-evropes\/#primaryimage\"},\"datePublished\":\"2008-06-17T13:47:35+00:00\",\"dateModified\":\"2008-06-17T13:47:35+00:00\",\"author\":{\"@id\":\"https:\/\/www.visit-ulcinj.com\/blog\/#\/schema\/person\/dcab619c614d3038751c63bc2aadc06d\"},\"breadcrumb\":{\"@id\":\"https:\/\/www.visit-ulcinj.com\/blog\/2008\/06\/17\/ministri-fuad-nimani-u-takua-me-nje-delegacion-te-zyres-se-komisarit-per-te-drejtat-e-njeriut-te-keshillit-te-evropes\/#breadcrumb\"},\"inLanguage\":\"en-US\",\"potentialAction\":[{\"@type\":\"ReadAction\",\"target\":[\"https:\/\/www.visit-ulcinj.com\/blog\/2008\/06\/17\/ministri-fuad-nimani-u-takua-me-nje-delegacion-te-zyres-se-komisarit-per-te-drejtat-e-njeriut-te-keshillit-te-evropes\/\"]}]},{\"@type\":\"BreadcrumbList\",\"@id\":\"https:\/\/www.visit-ulcinj.com\/blog\/2008\/06\/17\/ministri-fuad-nimani-u-takua-me-nje-delegacion-te-zyres-se-komisarit-per-te-drejtat-e-njeriut-te-keshillit-te-evropes\/#breadcrumb\",\"itemListElement\":[{\"@type\":\"ListItem\",\"position\":1,\"name\":\"Ministri fuad nimani u takua me nj\u00eb delegacion t\u00eb zyr\u00ebs s\u00eb komisarit p\u00ebr t\u00eb drejtat e njeriut t\u00eb k\u00ebshillit t\u00eb evrop\u00ebs\"}]},{\"@type\":\"Person\",\"@id\":\"https:\/\/www.visit-ulcinj.com\/blog\/#\/schema\/person\/dcab619c614d3038751c63bc2aadc06d\",\"name\":\"ulqini\",\"sameAs\":[\"http:\/\/www.visit-ulcinj.com\"],\"url\":\"https:\/\/www.visit-ulcinj.com\/blog\/author\/admin\/\"}]}<\/script>\n<!-- \/ Yoast SEO plugin. -->","yoast_head_json":{"title":"Ministri fuad nimani u takua me nj\u00eb delegacion t\u00eb zyr\u00ebs s\u00eb komisarit p\u00ebr t\u00eb drejtat e njeriut t\u00eb k\u00ebshillit t\u00eb evrop\u00ebs - Lajme nga Ulqini","robots":{"index":"index","follow":"follow","max-snippet":"max-snippet:-1","max-image-preview":"max-image-preview:large","max-video-preview":"max-video-preview:-1"},"canonical":"https:\/\/www.visit-ulcinj.com\/blog\/2008\/06\/17\/ministri-fuad-nimani-u-takua-me-nje-delegacion-te-zyres-se-komisarit-per-te-drejtat-e-njeriut-te-keshillit-te-evropes\/","og_locale":"en_US","og_type":"article","og_title":"Ministri fuad nimani u takua me nj\u00eb delegacion t\u00eb zyr\u00ebs s\u00eb komisarit p\u00ebr t\u00eb drejtat e njeriut t\u00eb k\u00ebshillit t\u00eb evrop\u00ebs - Lajme nga Ulqini","og_url":"https:\/\/www.visit-ulcinj.com\/blog\/2008\/06\/17\/ministri-fuad-nimani-u-takua-me-nje-delegacion-te-zyres-se-komisarit-per-te-drejtat-e-njeriut-te-keshillit-te-evropes\/","og_site_name":"Lajme nga Ulqini","article_published_time":"2008-06-17T13:47:35+00:00","og_image":[{"url":"http:\/\/www.vlada.cg.yu\/img\/1210157990.jpg"}],"twitter_misc":{"Written by":"ulqini","Est. reading time":"1 minute"},"schema":{"@context":"https:\/\/schema.org","@graph":[{"@type":"WebSite","@id":"https:\/\/www.visit-ulcinj.com\/blog\/#website","url":"https:\/\/www.visit-ulcinj.com\/blog\/","name":"Lajme nga Ulqini","description":"Lajme,Vijesti,Ulqini,Ulqin,Crna Gora,Mali i Zi","potentialAction":[{"@type":"SearchAction","target":{"@type":"EntryPoint","urlTemplate":"https:\/\/www.visit-ulcinj.com\/blog\/?s={search_term_string}"},"query-input":"required name=search_term_string"}],"inLanguage":"en-US"},{"@type":"ImageObject","inLanguage":"en-US","@id":"https:\/\/www.visit-ulcinj.com\/blog\/2008\/06\/17\/ministri-fuad-nimani-u-takua-me-nje-delegacion-te-zyres-se-komisarit-per-te-drejtat-e-njeriut-te-keshillit-te-evropes\/#primaryimage","url":"http:\/\/www.vlada.cg.yu\/img\/1210157990.jpg","contentUrl":"http:\/\/www.vlada.cg.yu\/img\/1210157990.jpg"},{"@type":"WebPage","@id":"https:\/\/www.visit-ulcinj.com\/blog\/2008\/06\/17\/ministri-fuad-nimani-u-takua-me-nje-delegacion-te-zyres-se-komisarit-per-te-drejtat-e-njeriut-te-keshillit-te-evropes\/#webpage","url":"https:\/\/www.visit-ulcinj.com\/blog\/2008\/06\/17\/ministri-fuad-nimani-u-takua-me-nje-delegacion-te-zyres-se-komisarit-per-te-drejtat-e-njeriut-te-keshillit-te-evropes\/","name":"Ministri fuad nimani u takua me nj\u00eb delegacion t\u00eb zyr\u00ebs s\u00eb komisarit p\u00ebr t\u00eb drejtat e njeriut t\u00eb k\u00ebshillit t\u00eb evrop\u00ebs - Lajme nga Ulqini","isPartOf":{"@id":"https:\/\/www.visit-ulcinj.com\/blog\/#website"},"primaryImageOfPage":{"@id":"https:\/\/www.visit-ulcinj.com\/blog\/2008\/06\/17\/ministri-fuad-nimani-u-takua-me-nje-delegacion-te-zyres-se-komisarit-per-te-drejtat-e-njeriut-te-keshillit-te-evropes\/#primaryimage"},"datePublished":"2008-06-17T13:47:35+00:00","dateModified":"2008-06-17T13:47:35+00:00","author":{"@id":"https:\/\/www.visit-ulcinj.com\/blog\/#\/schema\/person\/dcab619c614d3038751c63bc2aadc06d"},"breadcrumb":{"@id":"https:\/\/www.visit-ulcinj.com\/blog\/2008\/06\/17\/ministri-fuad-nimani-u-takua-me-nje-delegacion-te-zyres-se-komisarit-per-te-drejtat-e-njeriut-te-keshillit-te-evropes\/#breadcrumb"},"inLanguage":"en-US","potentialAction":[{"@type":"ReadAction","target":["https:\/\/www.visit-ulcinj.com\/blog\/2008\/06\/17\/ministri-fuad-nimani-u-takua-me-nje-delegacion-te-zyres-se-komisarit-per-te-drejtat-e-njeriut-te-keshillit-te-evropes\/"]}]},{"@type":"BreadcrumbList","@id":"https:\/\/www.visit-ulcinj.com\/blog\/2008\/06\/17\/ministri-fuad-nimani-u-takua-me-nje-delegacion-te-zyres-se-komisarit-per-te-drejtat-e-njeriut-te-keshillit-te-evropes\/#breadcrumb","itemListElement":[{"@type":"ListItem","position":1,"name":"Ministri fuad nimani u takua me nj\u00eb delegacion t\u00eb zyr\u00ebs s\u00eb komisarit p\u00ebr t\u00eb drejtat e njeriut t\u00eb k\u00ebshillit t\u00eb evrop\u00ebs"}]},{"@type":"Person","@id":"https:\/\/www.visit-ulcinj.com\/blog\/#\/schema\/person\/dcab619c614d3038751c63bc2aadc06d","name":"ulqini","sameAs":["http:\/\/www.visit-ulcinj.com"],"url":"https:\/\/www.visit-ulcinj.com\/blog\/author\/admin\/"}]}},"jetpack_featured_media_url":"","jetpack_sharing_enabled":true,"jetpack_shortlink":"https:\/\/wp.me\/pe6lTn-wJ","_links":{"self":[{"href":"https:\/\/www.visit-ulcinj.com\/blog\/wp-json\/wp\/v2\/posts\/2029"}],"collection":[{"href":"https:\/\/www.visit-ulcinj.com\/blog\/wp-json\/wp\/v2\/posts"}],"about":[{"href":"https:\/\/www.visit-ulcinj.com\/blog\/wp-json\/wp\/v2\/types\/post"}],"author":[{"embeddable":true,"href":"https:\/\/www.visit-ulcinj.com\/blog\/wp-json\/wp\/v2\/users\/1"}],"replies":[{"embeddable":true,"href":"https:\/\/www.visit-ulcinj.com\/blog\/wp-json\/wp\/v2\/comments?post=2029"}],"version-history":[{"count":0,"href":"https:\/\/www.visit-ulcinj.com\/blog\/wp-json\/wp\/v2\/posts\/2029\/revisions"}],"wp:attachment":[{"href":"https:\/\/www.visit-ulcinj.com\/blog\/wp-json\/wp\/v2\/media?parent=2029"}],"wp:term":[{"taxonomy":"category","embeddable":true,"href":"https:\/\/www.visit-ulcinj.com\/blog\/wp-json\/wp\/v2\/categories?post=2029"},{"taxonomy":"post_tag","embeddable":true,"href":"https:\/\/www.visit-ulcinj.com\/blog\/wp-json\/wp\/v2\/tags?post=2029"}],"curies":[{"name":"wp","href":"https:\/\/api.w.org\/{rel}","templated":true}]}}