{"id":20292,"date":"2009-05-06T19:03:26","date_gmt":"2009-05-06T17:03:26","guid":{"rendered":"http:\/\/www.visit-ulcinj.com\/blog\/?p=20292"},"modified":"2009-05-08T08:56:56","modified_gmt":"2009-05-08T06:56:56","slug":"ne-prishtine-u-hap-panairi-i-turizmit-travel-fair","status":"publish","type":"post","link":"https:\/\/www.visit-ulcinj.com\/blog\/2009\/05\/06\/ne-prishtine-u-hap-panairi-i-turizmit-travel-fair\/","title":{"rendered":"N\u00eb Prishtin\u00eb u hap Panairi i turizmit Travel Fair"},"content":{"rendered":"<p><a href=\"http:\/\/www.visit-ulcinj.com\/blog\/wp-content\/uploads\/2009\/05\/panairi-i-turizmit-travel-fair_prishtin_kosove1.jpg\"><img loading=\"lazy\" class=\"alignleft size-full wp-image-20293\" title=\"panairi-i-turizmit-travel-fair_prishtin_kosove1\" src=\"http:\/\/www.visit-ulcinj.com\/blog\/wp-content\/uploads\/2009\/05\/panairi-i-turizmit-travel-fair_prishtin_kosove1.jpg\" alt=\"panairi-i-turizmit-travel-fair_prishtin_kosove1\" width=\"580\" height=\"400\" \/><\/a>N\u00eb Prishtin\u00eb u hap Panairi i turizmit Travel Fair N\u00eb ceremonin\u00eb e rastit ishin t\u00eb pranish\u00ebm zyrtar\u00eb t\u00eb lart\u00eb t\u00eb Qeveris\u00eb s\u00eb Kosov\u00ebs, Korit diplomatik dhe zyrave t\u00eb huaja q\u00eb veprojn\u00eb n\u00eb Kosov\u00eb. Delegacioni nga Ulqini kryesohej nga <a href=\"http:\/\/www.visit-ulcinj.com\/blog\/wp-content\/uploads\/2009\/05\/panairi-i-turizmit-travel-fair_prishtin_kosove2.jpg\"><img loading=\"lazy\" class=\"alignleft size-medium wp-image-20295\" title=\"panairi-i-turizmit-travel-fair_prishtin_kosove2\" src=\"http:\/\/www.visit-ulcinj.com\/blog\/wp-content\/uploads\/2009\/05\/panairi-i-turizmit-travel-fair_prishtin_kosove2-225x300.jpg\" alt=\"panairi-i-turizmit-travel-fair_prishtin_kosove2\" width=\"225\" height=\"300\" srcset=\"https:\/\/www.visit-ulcinj.com\/blog\/wp-content\/uploads\/2009\/05\/panairi-i-turizmit-travel-fair_prishtin_kosove2-225x300.jpg 225w, https:\/\/www.visit-ulcinj.com\/blog\/wp-content\/uploads\/2009\/05\/panairi-i-turizmit-travel-fair_prishtin_kosove2-768x1024.jpg 768w, https:\/\/www.visit-ulcinj.com\/blog\/wp-content\/uploads\/2009\/05\/panairi-i-turizmit-travel-fair_prishtin_kosove2.jpg 993w\" sizes=\"(max-width: 225px) 100vw, 225px\" \/><\/a>Kryetari G\u00ebzim Hajdinaga. Oferta turistike e qytetit ton\u00eb k\u00ebt\u00eb vit \u00ebsht\u00eb prezantuar s\u00ebbashku me Organizat\u00ebn nacionale turistike t\u00eb Malit t\u00eb Zi n\u00eb nj\u00eb stend\u00eb moderne 50 metra katrore. E vendosur n\u00eb hyrje t\u00eb sallave t\u00eb panairit n\u00eb te ekspozuan materialet propaganduese t\u00eb gjith\u00eb p\u00ebrfaq\u00ebsuesit tan\u00eb. M\u00eb pas Ministri Neneziq, Kryetari Hajdinaga dhe Drejtori i Organizat\u00ebs turistike nacionale Sasha Radoviq mbajt\u00ebn nj\u00eb konference me gazetar\u00eb. Ministri Neneziq foli p\u00ebr masat q\u00eb ka nd\u00ebrrmarr\u00eb Qeveria n\u00eb drejtim t\u00eb avansimit t\u00eb turizmit si deg\u00eb e r\u00ebnd\u00ebsishme ekonomike, nd\u00ebrkoh\u00eb q\u00eb Kryetari Hajdinaga u ndal tek aktivitetet dhe risit\u00eb q\u00eb i presin mysafir\u00ebt k\u00ebt\u00eb ver\u00eb, duke theksuar at\u00eb q\u00eb edhe \u00e7mimet kan\u00eb p\u00ebsuar nj\u00eb r\u00ebnije. Drejtori i Organizat\u00ebs turistike nacionale Radoviq i b\u00ebri thirje kosovar\u00ebve q\u00eb Malin e Zi ta ken\u00eb si destinacion t\u00eb tyrin jo vet\u00ebm gjat\u00eb stin\u00ebs s\u00eb ver\u00ebs, por\u00a0 edhe gjat\u00eb sezonit turistik pasi sipas tij mesatarisht \u00e7mimet k\u00ebt\u00eb vit mesatarisht kan\u00eb p\u00ebsuar r\u00ebnije 30 p\u00ebrqind. M\u00eb pas, t\u00eb pranishmit u p\u00ebrgjigjen n\u00eb pyetjet e shumta t\u00eb gazetar\u00ebve.<br \/>\n<strong>Municipality of Ulcinj \/ Ulqin -Montenegro<br \/>\nArsllan Hajdinaga<\/strong><\/p>\n<p><strong>\n\t\t<style type=\"text\/css\">\n\t\t\t#gallery-1 {\n\t\t\t\tmargin: auto;\n\t\t\t}\n\t\t\t#gallery-1 .gallery-item {\n\t\t\t\tfloat: left;\n\t\t\t\tmargin-top: 10px;\n\t\t\t\ttext-align: center;\n\t\t\t\twidth: 33%;\n\t\t\t}\n\t\t\t#gallery-1 img {\n\t\t\t\tborder: 2px solid #cfcfcf;\n\t\t\t}\n\t\t\t#gallery-1 .gallery-caption {\n\t\t\t\tmargin-left: 0;\n\t\t\t}\n\t\t\t\/* see gallery_shortcode() in wp-includes\/media.php *\/\n\t\t<\/style>\n\t\t<div id='gallery-1' class='gallery galleryid-20292 gallery-columns-3 gallery-size-thumbnail'><dl class='gallery-item'>\n\t\t\t<dt class='gallery-icon landscape'>\n\t\t\t\t<a href='https:\/\/www.visit-ulcinj.com\/blog\/2009\/05\/06\/ne-prishtine-u-hap-panairi-i-turizmit-travel-fair\/panairi-i-turizmit-travel-fair_prishtin_kosove1\/'><img width=\"150\" height=\"150\" src=\"https:\/\/www.visit-ulcinj.com\/blog\/wp-content\/uploads\/2009\/05\/panairi-i-turizmit-travel-fair_prishtin_kosove1-150x150.jpg\" class=\"attachment-thumbnail size-thumbnail\" alt=\"\" loading=\"lazy\" \/><\/a>\n\t\t\t<\/dt><\/dl><dl class='gallery-item'>\n\t\t\t<dt class='gallery-icon portrait'>\n\t\t\t\t<a href='https:\/\/www.visit-ulcinj.com\/blog\/2009\/05\/06\/ne-prishtine-u-hap-panairi-i-turizmit-travel-fair\/panairi-i-turizmit-travel-fair_prishtin_kosove2\/'><img width=\"150\" height=\"150\" src=\"https:\/\/www.visit-ulcinj.com\/blog\/wp-content\/uploads\/2009\/05\/panairi-i-turizmit-travel-fair_prishtin_kosove2-150x150.jpg\" class=\"attachment-thumbnail size-thumbnail\" alt=\"\" loading=\"lazy\" \/><\/a>\n\t\t\t<\/dt><\/dl><dl class='gallery-item'>\n\t\t\t<dt class='gallery-icon landscape'>\n\t\t\t\t<a href='https:\/\/www.visit-ulcinj.com\/blog\/2009\/05\/06\/ne-prishtine-u-hap-panairi-i-turizmit-travel-fair\/panairi-i-turizmit-travel-fair_prishtin_kosove\/'><img width=\"150\" height=\"150\" src=\"https:\/\/www.visit-ulcinj.com\/blog\/wp-content\/uploads\/2009\/05\/panairi-i-turizmit-travel-fair_prishtin_kosove-150x150.jpg\" class=\"attachment-thumbnail size-thumbnail\" alt=\"\" loading=\"lazy\" \/><\/a>\n\t\t\t<\/dt><\/dl><br style=\"clear: both\" \/>\n\t\t<\/div>\n<br \/>\n<\/strong><\/p>\n<!--YouTube Error: bad URL entered-->\n<p><strong>Hotel Dolcino Video<\/strong><\/p>\n<p>[flv width=&#8221;580&#8243; height=&#8221;380&#8243;]http:\/\/www.hoteldolcino.com\/video\/zaweb.flv[\/flv]<\/p>\n","protected":false},"excerpt":{"rendered":"<p>N\u00eb Prishtin\u00eb u hap Panairi i turizmit Travel Fair N\u00eb ceremonin\u00eb e rastit ishin t\u00eb pranish\u00ebm zyrtar\u00eb t\u00eb lart\u00eb t\u00eb Qeveris\u00eb s\u00eb Kosov\u00ebs, Korit diplomatik dhe zyrave t\u00eb huaja q\u00eb veprojn\u00eb n\u00eb Kosov\u00eb. Delegacioni nga Ulqini kryesohej nga Kryetari G\u00ebzim Hajdinaga. Oferta turistike e qytetit ton\u00eb k\u00ebt\u00eb vit \u00ebsht\u00eb prezantuar s\u00ebbashku me Organizat\u00ebn nacionale turistike [&hellip;]<\/p>\n","protected":false},"author":1,"featured_media":0,"comment_status":"open","ping_status":"closed","sticky":false,"template":"","format":"standard","meta":{"spay_email":"","jetpack_publicize_message":"","jetpack_is_tweetstorm":false,"jetpack_publicize_feature_enabled":true},"categories":[15],"tags":[9990,9987,5802,9989,9986,9985,9988,9984],"jetpack_publicize_connections":[],"yoast_head":"<!-- This site is optimized with the Yoast SEO plugin v19.1 - https:\/\/yoast.com\/wordpress\/plugins\/seo\/ -->\n<title>N\u00eb Prishtin\u00eb u hap Panairi i turizmit Travel Fair - Lajme nga Ulqini<\/title>\n<meta name=\"description\" content=\"N\u00eb Prishtin\u00eb u hap Panairi i turizmit Travel Fair N\u00eb ceremonin\u00eb e rastit ishin t\u00eb pranish\u00ebm zyrtar\u00eb t\u00eb lart\u00eb t\u00eb Qeveris\u00eb s\u00eb Kosov\u00ebs, Korit diplomatik dhe\" \/>\n<meta name=\"robots\" content=\"index, follow, max-snippet:-1, max-image-preview:large, max-video-preview:-1\" \/>\n<link rel=\"canonical\" href=\"https:\/\/www.visit-ulcinj.com\/blog\/2009\/05\/06\/ne-prishtine-u-hap-panairi-i-turizmit-travel-fair\/\" \/>\n<meta property=\"og:locale\" content=\"en_US\" \/>\n<meta property=\"og:type\" content=\"article\" \/>\n<meta property=\"og:title\" content=\"N\u00eb Prishtin\u00eb u hap Panairi i turizmit Travel Fair - Lajme nga Ulqini\" \/>\n<meta property=\"og:description\" content=\"N\u00eb Prishtin\u00eb u hap Panairi i turizmit Travel Fair N\u00eb ceremonin\u00eb e rastit ishin t\u00eb pranish\u00ebm zyrtar\u00eb t\u00eb lart\u00eb t\u00eb Qeveris\u00eb s\u00eb Kosov\u00ebs, Korit diplomatik dhe\" \/>\n<meta property=\"og:url\" content=\"https:\/\/www.visit-ulcinj.com\/blog\/2009\/05\/06\/ne-prishtine-u-hap-panairi-i-turizmit-travel-fair\/\" \/>\n<meta property=\"og:site_name\" content=\"Lajme nga Ulqini\" \/>\n<meta property=\"article:published_time\" content=\"2009-05-06T17:03:26+00:00\" \/>\n<meta property=\"article:modified_time\" content=\"2009-05-08T06:56:56+00:00\" \/>\n<meta property=\"og:image\" content=\"https:\/\/www.visit-ulcinj.com\/blog\/wp-content\/uploads\/2009\/05\/panairi-i-turizmit-travel-fair_prishtin_kosove1-150x150.jpg\" \/>\n<meta name=\"twitter:label1\" content=\"Written by\" \/>\n\t<meta name=\"twitter:data1\" content=\"ulqini\" \/>\n\t<meta name=\"twitter:label2\" content=\"Est. reading time\" \/>\n\t<meta name=\"twitter:data2\" content=\"1 minute\" \/>\n<script type=\"application\/ld+json\" class=\"yoast-schema-graph\">{\"@context\":\"https:\/\/schema.org\",\"@graph\":[{\"@type\":\"WebSite\",\"@id\":\"https:\/\/www.visit-ulcinj.com\/blog\/#website\",\"url\":\"https:\/\/www.visit-ulcinj.com\/blog\/\",\"name\":\"Lajme nga Ulqini\",\"description\":\"Lajme,Vijesti,Ulqini,Ulqin,Crna Gora,Mali i Zi\",\"potentialAction\":[{\"@type\":\"SearchAction\",\"target\":{\"@type\":\"EntryPoint\",\"urlTemplate\":\"https:\/\/www.visit-ulcinj.com\/blog\/?s={search_term_string}\"},\"query-input\":\"required name=search_term_string\"}],\"inLanguage\":\"en-US\"},{\"@type\":\"ImageObject\",\"inLanguage\":\"en-US\",\"@id\":\"https:\/\/www.visit-ulcinj.com\/blog\/2009\/05\/06\/ne-prishtine-u-hap-panairi-i-turizmit-travel-fair\/#primaryimage\",\"url\":\"https:\/\/www.visit-ulcinj.com\/blog\/wp-content\/uploads\/2009\/05\/panairi-i-turizmit-travel-fair_prishtin_kosove1.jpg\",\"contentUrl\":\"https:\/\/www.visit-ulcinj.com\/blog\/wp-content\/uploads\/2009\/05\/panairi-i-turizmit-travel-fair_prishtin_kosove1.jpg\",\"width\":\"1172\",\"height\":\"879\"},{\"@type\":\"WebPage\",\"@id\":\"https:\/\/www.visit-ulcinj.com\/blog\/2009\/05\/06\/ne-prishtine-u-hap-panairi-i-turizmit-travel-fair\/#webpage\",\"url\":\"https:\/\/www.visit-ulcinj.com\/blog\/2009\/05\/06\/ne-prishtine-u-hap-panairi-i-turizmit-travel-fair\/\",\"name\":\"N\u00eb Prishtin\u00eb u hap Panairi i turizmit Travel Fair - Lajme nga Ulqini\",\"isPartOf\":{\"@id\":\"https:\/\/www.visit-ulcinj.com\/blog\/#website\"},\"primaryImageOfPage\":{\"@id\":\"https:\/\/www.visit-ulcinj.com\/blog\/2009\/05\/06\/ne-prishtine-u-hap-panairi-i-turizmit-travel-fair\/#primaryimage\"},\"datePublished\":\"2009-05-06T17:03:26+00:00\",\"dateModified\":\"2009-05-08T06:56:56+00:00\",\"author\":{\"@id\":\"https:\/\/www.visit-ulcinj.com\/blog\/#\/schema\/person\/dcab619c614d3038751c63bc2aadc06d\"},\"description\":\"N\u00eb Prishtin\u00eb u hap Panairi i turizmit Travel Fair N\u00eb ceremonin\u00eb e rastit ishin t\u00eb pranish\u00ebm zyrtar\u00eb t\u00eb lart\u00eb t\u00eb Qeveris\u00eb s\u00eb Kosov\u00ebs, Korit diplomatik dhe\",\"breadcrumb\":{\"@id\":\"https:\/\/www.visit-ulcinj.com\/blog\/2009\/05\/06\/ne-prishtine-u-hap-panairi-i-turizmit-travel-fair\/#breadcrumb\"},\"inLanguage\":\"en-US\",\"potentialAction\":[{\"@type\":\"ReadAction\",\"target\":[\"https:\/\/www.visit-ulcinj.com\/blog\/2009\/05\/06\/ne-prishtine-u-hap-panairi-i-turizmit-travel-fair\/\"]}]},{\"@type\":\"BreadcrumbList\",\"@id\":\"https:\/\/www.visit-ulcinj.com\/blog\/2009\/05\/06\/ne-prishtine-u-hap-panairi-i-turizmit-travel-fair\/#breadcrumb\",\"itemListElement\":[{\"@type\":\"ListItem\",\"position\":1,\"name\":\"N\u00eb Prishtin\u00eb u hap Panairi i turizmit Travel Fair\"}]},{\"@type\":\"Person\",\"@id\":\"https:\/\/www.visit-ulcinj.com\/blog\/#\/schema\/person\/dcab619c614d3038751c63bc2aadc06d\",\"name\":\"ulqini\",\"sameAs\":[\"http:\/\/www.visit-ulcinj.com\"],\"url\":\"https:\/\/www.visit-ulcinj.com\/blog\/author\/admin\/\"}]}<\/script>\n<!-- \/ Yoast SEO plugin. -->","yoast_head_json":{"title":"N\u00eb Prishtin\u00eb u hap Panairi i turizmit Travel Fair - Lajme nga Ulqini","description":"N\u00eb Prishtin\u00eb u hap Panairi i turizmit Travel Fair N\u00eb ceremonin\u00eb e rastit ishin t\u00eb pranish\u00ebm zyrtar\u00eb t\u00eb lart\u00eb t\u00eb Qeveris\u00eb s\u00eb Kosov\u00ebs, Korit diplomatik dhe","robots":{"index":"index","follow":"follow","max-snippet":"max-snippet:-1","max-image-preview":"max-image-preview:large","max-video-preview":"max-video-preview:-1"},"canonical":"https:\/\/www.visit-ulcinj.com\/blog\/2009\/05\/06\/ne-prishtine-u-hap-panairi-i-turizmit-travel-fair\/","og_locale":"en_US","og_type":"article","og_title":"N\u00eb Prishtin\u00eb u hap Panairi i turizmit Travel Fair - Lajme nga Ulqini","og_description":"N\u00eb Prishtin\u00eb u hap Panairi i turizmit Travel Fair N\u00eb ceremonin\u00eb e rastit ishin t\u00eb pranish\u00ebm zyrtar\u00eb t\u00eb lart\u00eb t\u00eb Qeveris\u00eb s\u00eb Kosov\u00ebs, Korit diplomatik dhe","og_url":"https:\/\/www.visit-ulcinj.com\/blog\/2009\/05\/06\/ne-prishtine-u-hap-panairi-i-turizmit-travel-fair\/","og_site_name":"Lajme nga Ulqini","article_published_time":"2009-05-06T17:03:26+00:00","article_modified_time":"2009-05-08T06:56:56+00:00","og_image":[{"url":"https:\/\/www.visit-ulcinj.com\/blog\/wp-content\/uploads\/2009\/05\/panairi-i-turizmit-travel-fair_prishtin_kosove1-150x150.jpg"}],"twitter_misc":{"Written by":"ulqini","Est. reading time":"1 minute"},"schema":{"@context":"https:\/\/schema.org","@graph":[{"@type":"WebSite","@id":"https:\/\/www.visit-ulcinj.com\/blog\/#website","url":"https:\/\/www.visit-ulcinj.com\/blog\/","name":"Lajme nga Ulqini","description":"Lajme,Vijesti,Ulqini,Ulqin,Crna Gora,Mali i Zi","potentialAction":[{"@type":"SearchAction","target":{"@type":"EntryPoint","urlTemplate":"https:\/\/www.visit-ulcinj.com\/blog\/?s={search_term_string}"},"query-input":"required name=search_term_string"}],"inLanguage":"en-US"},{"@type":"ImageObject","inLanguage":"en-US","@id":"https:\/\/www.visit-ulcinj.com\/blog\/2009\/05\/06\/ne-prishtine-u-hap-panairi-i-turizmit-travel-fair\/#primaryimage","url":"https:\/\/www.visit-ulcinj.com\/blog\/wp-content\/uploads\/2009\/05\/panairi-i-turizmit-travel-fair_prishtin_kosove1.jpg","contentUrl":"https:\/\/www.visit-ulcinj.com\/blog\/wp-content\/uploads\/2009\/05\/panairi-i-turizmit-travel-fair_prishtin_kosove1.jpg","width":"1172","height":"879"},{"@type":"WebPage","@id":"https:\/\/www.visit-ulcinj.com\/blog\/2009\/05\/06\/ne-prishtine-u-hap-panairi-i-turizmit-travel-fair\/#webpage","url":"https:\/\/www.visit-ulcinj.com\/blog\/2009\/05\/06\/ne-prishtine-u-hap-panairi-i-turizmit-travel-fair\/","name":"N\u00eb Prishtin\u00eb u hap Panairi i turizmit Travel Fair - Lajme nga Ulqini","isPartOf":{"@id":"https:\/\/www.visit-ulcinj.com\/blog\/#website"},"primaryImageOfPage":{"@id":"https:\/\/www.visit-ulcinj.com\/blog\/2009\/05\/06\/ne-prishtine-u-hap-panairi-i-turizmit-travel-fair\/#primaryimage"},"datePublished":"2009-05-06T17:03:26+00:00","dateModified":"2009-05-08T06:56:56+00:00","author":{"@id":"https:\/\/www.visit-ulcinj.com\/blog\/#\/schema\/person\/dcab619c614d3038751c63bc2aadc06d"},"description":"N\u00eb Prishtin\u00eb u hap Panairi i turizmit Travel Fair N\u00eb ceremonin\u00eb e rastit ishin t\u00eb pranish\u00ebm zyrtar\u00eb t\u00eb lart\u00eb t\u00eb Qeveris\u00eb s\u00eb Kosov\u00ebs, Korit diplomatik dhe","breadcrumb":{"@id":"https:\/\/www.visit-ulcinj.com\/blog\/2009\/05\/06\/ne-prishtine-u-hap-panairi-i-turizmit-travel-fair\/#breadcrumb"},"inLanguage":"en-US","potentialAction":[{"@type":"ReadAction","target":["https:\/\/www.visit-ulcinj.com\/blog\/2009\/05\/06\/ne-prishtine-u-hap-panairi-i-turizmit-travel-fair\/"]}]},{"@type":"BreadcrumbList","@id":"https:\/\/www.visit-ulcinj.com\/blog\/2009\/05\/06\/ne-prishtine-u-hap-panairi-i-turizmit-travel-fair\/#breadcrumb","itemListElement":[{"@type":"ListItem","position":1,"name":"N\u00eb Prishtin\u00eb u hap Panairi i turizmit Travel Fair"}]},{"@type":"Person","@id":"https:\/\/www.visit-ulcinj.com\/blog\/#\/schema\/person\/dcab619c614d3038751c63bc2aadc06d","name":"ulqini","sameAs":["http:\/\/www.visit-ulcinj.com"],"url":"https:\/\/www.visit-ulcinj.com\/blog\/author\/admin\/"}]}},"jetpack_featured_media_url":"","jetpack_sharing_enabled":true,"jetpack_shortlink":"https:\/\/wp.me\/pe6lTn-5hi","_links":{"self":[{"href":"https:\/\/www.visit-ulcinj.com\/blog\/wp-json\/wp\/v2\/posts\/20292"}],"collection":[{"href":"https:\/\/www.visit-ulcinj.com\/blog\/wp-json\/wp\/v2\/posts"}],"about":[{"href":"https:\/\/www.visit-ulcinj.com\/blog\/wp-json\/wp\/v2\/types\/post"}],"author":[{"embeddable":true,"href":"https:\/\/www.visit-ulcinj.com\/blog\/wp-json\/wp\/v2\/users\/1"}],"replies":[{"embeddable":true,"href":"https:\/\/www.visit-ulcinj.com\/blog\/wp-json\/wp\/v2\/comments?post=20292"}],"version-history":[{"count":0,"href":"https:\/\/www.visit-ulcinj.com\/blog\/wp-json\/wp\/v2\/posts\/20292\/revisions"}],"wp:attachment":[{"href":"https:\/\/www.visit-ulcinj.com\/blog\/wp-json\/wp\/v2\/media?parent=20292"}],"wp:term":[{"taxonomy":"category","embeddable":true,"href":"https:\/\/www.visit-ulcinj.com\/blog\/wp-json\/wp\/v2\/categories?post=20292"},{"taxonomy":"post_tag","embeddable":true,"href":"https:\/\/www.visit-ulcinj.com\/blog\/wp-json\/wp\/v2\/tags?post=20292"}],"curies":[{"name":"wp","href":"https:\/\/api.w.org\/{rel}","templated":true}]}}