{"id":20294,"date":"2009-05-06T19:24:09","date_gmt":"2009-05-06T17:24:09","guid":{"rendered":"http:\/\/www.visit-ulcinj.com\/blog\/?p=20294"},"modified":"2009-05-06T19:24:09","modified_gmt":"2009-05-06T17:24:09","slug":"irritohen-fansat-per-prejardhjen-e-junes-se-%e2%80%9cbig-brother-albania-2%e2%80%9d","status":"publish","type":"post","link":"https:\/\/www.visit-ulcinj.com\/blog\/2009\/05\/06\/irritohen-fansat-per-prejardhjen-e-junes-se-%e2%80%9cbig-brother-albania-2%e2%80%9d\/","title":{"rendered":"Irritohen fansat p\u00ebr prejardhjen e Jun\u00ebs s\u00eb \u201cBig Brother Albania 2\u201d"},"content":{"rendered":"<p><a href=\"http:\/\/www.visit-ulcinj.com\/blog\/wp-content\/uploads\/2009\/05\/juna-big-brother-albania-2-live.jpg\"><img loading=\"lazy\" class=\"alignleft size-full wp-image-20301\" title=\"juna-big-brother-albania-2-live\" src=\"http:\/\/www.visit-ulcinj.com\/blog\/wp-content\/uploads\/2009\/05\/juna-big-brother-albania-2-live.jpg\" alt=\"juna-big-brother-albania-2-live\" width=\"403\" height=\"604\" \/><\/a>Her\u00ebn e kaluar \u201cPanorama Plus\u201d ju njohu m\u00eb shum\u00eb me banoren e re t\u00eb sht\u00ebpis\u00eb s\u00eb \u201cBig Borther\u201d, Jun\u00ebn n\u00ebp\u00ebrmjet rr\u00ebfimeve t\u00eb miqve t\u00eb saj n\u00eb Gjermani, me t\u00eb cil\u00ebt ajo ndan nj\u00eb koh\u00eb t\u00eb konsiderueshme. Gjithashtu, ju treguam se Juna \u00ebsht\u00eb vajza e nj\u00eb personazhi shum\u00eb t\u00eb njohur si\u00e7 \u00ebsht\u00eb Virgjil Kule, si dhe mbesa e nj\u00eb ish-an\u00ebtari t\u00eb byros\u00eb politike t\u00eb koh\u00ebs s\u00eb diktatur\u00ebs,\u00a0Rita Marko.<\/p>\n<p>Duket se ky fakt i ka irrituar fansat duke v\u00ebrtetuar k\u00ebshtu se njer\u00ebzit, madje edhe t\u00eb rinjt\u00eb, nuk e kan\u00eb harruar t\u00eb kaluar\u00ebn dhe d\u00ebmet q\u00eb ajo i solli shqiptar\u00ebve. Fansat thon\u00eb se\u00a0Juna nuk \u00ebsht\u00eb gj\u00eb tjet\u00ebr, por ve\u00e7se nj\u00eb pasardh\u00ebse e atyre q\u00eb kontribuan p\u00ebr t\u00eb d\u00ebnuar njer\u00ebz t\u00eb pafajsh\u00ebm. Nd\u00ebrkoh\u00eb, sjellja e Jun\u00ebs brenda sht\u00ebpis\u00eb tregon q\u00eb ajo \u00ebsht\u00eb nj\u00eb vajz\u00eb shum\u00eb e thjesht\u00eb dhe leht\u00ebsisht e p\u00ebrshtatshme me t\u00eb gjith\u00eb banor\u00ebt e tjer\u00eb, madje ka shfaqur shum\u00eb shenja t\u00eb populizmit t\u00eb tepruar, duke qeshur dhe b\u00ebr\u00eb shaka me t\u00eb gjith\u00eb. Edhe ajo ka filluar t\u00eb b\u00ebj\u00eb loj\u00ebn e saj, duke v\u00ebn\u00eb n\u00eb sh\u00ebnjest\u00ebr ata q\u00eb mund t\u00eb quhen konkurrent\u00ebt e fort\u00eb dhe pretendent\u00eb p\u00ebr t\u00eb fituar.<\/p>\n","protected":false},"excerpt":{"rendered":"<p>Her\u00ebn e kaluar \u201cPanorama Plus\u201d ju njohu m\u00eb shum\u00eb me banoren e re t\u00eb sht\u00ebpis\u00eb s\u00eb \u201cBig Borther\u201d, Jun\u00ebn n\u00ebp\u00ebrmjet rr\u00ebfimeve t\u00eb miqve t\u00eb saj n\u00eb Gjermani, me t\u00eb cil\u00ebt ajo ndan nj\u00eb koh\u00eb t\u00eb konsiderueshme. Gjithashtu, ju treguam se Juna \u00ebsht\u00eb vajza e nj\u00eb personazhi shum\u00eb t\u00eb njohur si\u00e7 \u00ebsht\u00eb Virgjil Kule, si dhe [&hellip;]<\/p>\n","protected":false},"author":1,"featured_media":0,"comment_status":"open","ping_status":"closed","sticky":false,"template":"","format":"standard","meta":{"spay_email":"","jetpack_publicize_message":"","jetpack_is_tweetstorm":false,"jetpack_publicize_feature_enabled":true},"categories":[6502],"tags":[9121,9992,9991,1442,8938,9751],"jetpack_publicize_connections":[],"yoast_head":"<!-- This site is optimized with the Yoast SEO plugin v19.1 - https:\/\/yoast.com\/wordpress\/plugins\/seo\/ -->\n<title>Irritohen fansat p\u00c3\u00abr prejardhjen e Jun\u00c3\u00abs s\u00c3\u00ab \u00e2\u20ac\u0153Big Brother Albania 2\u00e2\u20ac\u009d | Big Brother Albania 2<\/title>\n<meta name=\"description\" content=\"Big Brother Albania 2 - Her\u00c3\u00abn e kaluar \u00e2\u20ac\u0153Panorama Plus\u00e2\u20ac\u009d ju njohu m\u00c3\u00ab shum\u00c3\u00ab me banoren e re t\u00c3\u00ab sht\u00c3\u00abpis\u00c3\u00ab s\u00c3\u00ab \u00e2\u20ac\u0153Big Borther\u00e2\u20ac\u009d, Jun\u00c3\u00abn n\u00c3\u00abp\u00c3\u00abrmjet rr\u00c3\u00abfimeve t\u00c3\u00ab miqve t\u00c3\u00ab saj n\u00c3\u00ab Gjermani, me t\u00c3\u00ab cil\u00c3\u00abt ajo ndan nj\u00c3\u00ab koh\u00c3\u00ab t\u00c3\u00ab konsiderueshme.\" \/>\n<meta name=\"robots\" content=\"index, follow, max-snippet:-1, max-image-preview:large, max-video-preview:-1\" \/>\n<link rel=\"canonical\" href=\"https:\/\/www.visit-ulcinj.com\/blog\/2009\/05\/06\/irritohen-fansat-per-prejardhjen-e-junes-se-\u201cbig-brother-albania-2\u201d\/\" \/>\n<meta property=\"og:locale\" content=\"en_US\" \/>\n<meta property=\"og:type\" content=\"article\" \/>\n<meta property=\"og:title\" content=\"Irritohen fansat p\u00c3\u00abr prejardhjen e Jun\u00c3\u00abs s\u00c3\u00ab \u00e2\u20ac\u0153Big Brother Albania 2\u00e2\u20ac\u009d | Big Brother Albania 2\" \/>\n<meta property=\"og:description\" content=\"Big Brother Albania 2 - Her\u00c3\u00abn e kaluar \u00e2\u20ac\u0153Panorama Plus\u00e2\u20ac\u009d ju njohu m\u00c3\u00ab shum\u00c3\u00ab me banoren e re t\u00c3\u00ab sht\u00c3\u00abpis\u00c3\u00ab s\u00c3\u00ab \u00e2\u20ac\u0153Big Borther\u00e2\u20ac\u009d, Jun\u00c3\u00abn n\u00c3\u00abp\u00c3\u00abrmjet rr\u00c3\u00abfimeve t\u00c3\u00ab miqve t\u00c3\u00ab saj n\u00c3\u00ab Gjermani, me t\u00c3\u00ab cil\u00c3\u00abt ajo ndan nj\u00c3\u00ab koh\u00c3\u00ab t\u00c3\u00ab konsiderueshme.\" \/>\n<meta property=\"og:url\" content=\"https:\/\/www.visit-ulcinj.com\/blog\/2009\/05\/06\/irritohen-fansat-per-prejardhjen-e-junes-se-\u201cbig-brother-albania-2\u201d\/\" \/>\n<meta property=\"og:site_name\" content=\"Lajme nga Ulqini\" \/>\n<meta property=\"article:published_time\" content=\"2009-05-06T17:24:09+00:00\" \/>\n<meta property=\"og:image\" content=\"http:\/\/www.visit-ulcinj.com\/blog\/wp-content\/uploads\/2009\/05\/juna-big-brother-albania-2-live.jpg\" \/>\n<meta name=\"twitter:label1\" content=\"Written by\" \/>\n\t<meta name=\"twitter:data1\" content=\"ulqini\" \/>\n\t<meta name=\"twitter:label2\" content=\"Est. reading time\" \/>\n\t<meta name=\"twitter:data2\" content=\"1 minute\" \/>\n<script type=\"application\/ld+json\" class=\"yoast-schema-graph\">{\"@context\":\"https:\/\/schema.org\",\"@graph\":[{\"@type\":\"WebSite\",\"@id\":\"https:\/\/www.visit-ulcinj.com\/blog\/#website\",\"url\":\"https:\/\/www.visit-ulcinj.com\/blog\/\",\"name\":\"Lajme nga Ulqini\",\"description\":\"Lajme,Vijesti,Ulqini,Ulqin,Crna Gora,Mali i Zi\",\"potentialAction\":[{\"@type\":\"SearchAction\",\"target\":{\"@type\":\"EntryPoint\",\"urlTemplate\":\"https:\/\/www.visit-ulcinj.com\/blog\/?s={search_term_string}\"},\"query-input\":\"required name=search_term_string\"}],\"inLanguage\":\"en-US\"},{\"@type\":\"ImageObject\",\"inLanguage\":\"en-US\",\"@id\":\"https:\/\/www.visit-ulcinj.com\/blog\/2009\/05\/06\/irritohen-fansat-per-prejardhjen-e-junes-se-%e2%80%9cbig-brother-albania-2%e2%80%9d\/#primaryimage\",\"url\":\"http:\/\/www.visit-ulcinj.com\/blog\/wp-content\/uploads\/2009\/05\/juna-big-brother-albania-2-live.jpg\",\"contentUrl\":\"http:\/\/www.visit-ulcinj.com\/blog\/wp-content\/uploads\/2009\/05\/juna-big-brother-albania-2-live.jpg\"},{\"@type\":\"WebPage\",\"@id\":\"https:\/\/www.visit-ulcinj.com\/blog\/2009\/05\/06\/irritohen-fansat-per-prejardhjen-e-junes-se-%e2%80%9cbig-brother-albania-2%e2%80%9d\/#webpage\",\"url\":\"https:\/\/www.visit-ulcinj.com\/blog\/2009\/05\/06\/irritohen-fansat-per-prejardhjen-e-junes-se-%e2%80%9cbig-brother-albania-2%e2%80%9d\/\",\"name\":\"Irritohen fansat p\u00c3\u00abr prejardhjen e Jun\u00c3\u00abs s\u00c3\u00ab \u00e2\u20ac\u0153Big Brother Albania 2\u00e2\u20ac\u009d | Big Brother Albania 2\",\"isPartOf\":{\"@id\":\"https:\/\/www.visit-ulcinj.com\/blog\/#website\"},\"primaryImageOfPage\":{\"@id\":\"https:\/\/www.visit-ulcinj.com\/blog\/2009\/05\/06\/irritohen-fansat-per-prejardhjen-e-junes-se-%e2%80%9cbig-brother-albania-2%e2%80%9d\/#primaryimage\"},\"datePublished\":\"2009-05-06T17:24:09+00:00\",\"dateModified\":\"2009-05-06T17:24:09+00:00\",\"author\":{\"@id\":\"https:\/\/www.visit-ulcinj.com\/blog\/#\/schema\/person\/dcab619c614d3038751c63bc2aadc06d\"},\"description\":\"Big Brother Albania 2 - Her\u00c3\u00abn e kaluar \u00e2\u20ac\u0153Panorama Plus\u00e2\u20ac\u009d ju njohu m\u00c3\u00ab shum\u00c3\u00ab me banoren e re t\u00c3\u00ab sht\u00c3\u00abpis\u00c3\u00ab s\u00c3\u00ab \u00e2\u20ac\u0153Big Borther\u00e2\u20ac\u009d, Jun\u00c3\u00abn n\u00c3\u00abp\u00c3\u00abrmjet rr\u00c3\u00abfimeve t\u00c3\u00ab miqve t\u00c3\u00ab saj n\u00c3\u00ab Gjermani, me t\u00c3\u00ab cil\u00c3\u00abt ajo ndan nj\u00c3\u00ab koh\u00c3\u00ab t\u00c3\u00ab konsiderueshme.\",\"breadcrumb\":{\"@id\":\"https:\/\/www.visit-ulcinj.com\/blog\/2009\/05\/06\/irritohen-fansat-per-prejardhjen-e-junes-se-%e2%80%9cbig-brother-albania-2%e2%80%9d\/#breadcrumb\"},\"inLanguage\":\"en-US\",\"potentialAction\":[{\"@type\":\"ReadAction\",\"target\":[\"https:\/\/www.visit-ulcinj.com\/blog\/2009\/05\/06\/irritohen-fansat-per-prejardhjen-e-junes-se-%e2%80%9cbig-brother-albania-2%e2%80%9d\/\"]}]},{\"@type\":\"BreadcrumbList\",\"@id\":\"https:\/\/www.visit-ulcinj.com\/blog\/2009\/05\/06\/irritohen-fansat-per-prejardhjen-e-junes-se-%e2%80%9cbig-brother-albania-2%e2%80%9d\/#breadcrumb\",\"itemListElement\":[{\"@type\":\"ListItem\",\"position\":1,\"name\":\"Irritohen fansat p\u00ebr prejardhjen e Jun\u00ebs s\u00eb \u201cBig Brother Albania 2\u201d\"}]},{\"@type\":\"Person\",\"@id\":\"https:\/\/www.visit-ulcinj.com\/blog\/#\/schema\/person\/dcab619c614d3038751c63bc2aadc06d\",\"name\":\"ulqini\",\"sameAs\":[\"http:\/\/www.visit-ulcinj.com\"],\"url\":\"https:\/\/www.visit-ulcinj.com\/blog\/author\/admin\/\"}]}<\/script>\n<!-- \/ Yoast SEO plugin. -->","yoast_head_json":{"title":"Irritohen fansat p\u00c3\u00abr prejardhjen e Jun\u00c3\u00abs s\u00c3\u00ab \u00e2\u20ac\u0153Big Brother Albania 2\u00e2\u20ac\u009d | Big Brother Albania 2","description":"Big Brother Albania 2 - Her\u00c3\u00abn e kaluar \u00e2\u20ac\u0153Panorama Plus\u00e2\u20ac\u009d ju njohu m\u00c3\u00ab shum\u00c3\u00ab me banoren e re t\u00c3\u00ab sht\u00c3\u00abpis\u00c3\u00ab s\u00c3\u00ab \u00e2\u20ac\u0153Big Borther\u00e2\u20ac\u009d, Jun\u00c3\u00abn n\u00c3\u00abp\u00c3\u00abrmjet rr\u00c3\u00abfimeve t\u00c3\u00ab miqve t\u00c3\u00ab saj n\u00c3\u00ab Gjermani, me t\u00c3\u00ab cil\u00c3\u00abt ajo ndan nj\u00c3\u00ab koh\u00c3\u00ab t\u00c3\u00ab konsiderueshme.","robots":{"index":"index","follow":"follow","max-snippet":"max-snippet:-1","max-image-preview":"max-image-preview:large","max-video-preview":"max-video-preview:-1"},"canonical":"https:\/\/www.visit-ulcinj.com\/blog\/2009\/05\/06\/irritohen-fansat-per-prejardhjen-e-junes-se-\u201cbig-brother-albania-2\u201d\/","og_locale":"en_US","og_type":"article","og_title":"Irritohen fansat p\u00c3\u00abr prejardhjen e Jun\u00c3\u00abs s\u00c3\u00ab \u00e2\u20ac\u0153Big Brother Albania 2\u00e2\u20ac\u009d | Big Brother Albania 2","og_description":"Big Brother Albania 2 - Her\u00c3\u00abn e kaluar \u00e2\u20ac\u0153Panorama Plus\u00e2\u20ac\u009d ju njohu m\u00c3\u00ab shum\u00c3\u00ab me banoren e re t\u00c3\u00ab sht\u00c3\u00abpis\u00c3\u00ab s\u00c3\u00ab \u00e2\u20ac\u0153Big Borther\u00e2\u20ac\u009d, Jun\u00c3\u00abn n\u00c3\u00abp\u00c3\u00abrmjet rr\u00c3\u00abfimeve t\u00c3\u00ab miqve t\u00c3\u00ab saj n\u00c3\u00ab Gjermani, me t\u00c3\u00ab cil\u00c3\u00abt ajo ndan nj\u00c3\u00ab koh\u00c3\u00ab t\u00c3\u00ab konsiderueshme.","og_url":"https:\/\/www.visit-ulcinj.com\/blog\/2009\/05\/06\/irritohen-fansat-per-prejardhjen-e-junes-se-\u201cbig-brother-albania-2\u201d\/","og_site_name":"Lajme nga Ulqini","article_published_time":"2009-05-06T17:24:09+00:00","og_image":[{"url":"http:\/\/www.visit-ulcinj.com\/blog\/wp-content\/uploads\/2009\/05\/juna-big-brother-albania-2-live.jpg"}],"twitter_misc":{"Written by":"ulqini","Est. reading time":"1 minute"},"schema":{"@context":"https:\/\/schema.org","@graph":[{"@type":"WebSite","@id":"https:\/\/www.visit-ulcinj.com\/blog\/#website","url":"https:\/\/www.visit-ulcinj.com\/blog\/","name":"Lajme nga Ulqini","description":"Lajme,Vijesti,Ulqini,Ulqin,Crna Gora,Mali i Zi","potentialAction":[{"@type":"SearchAction","target":{"@type":"EntryPoint","urlTemplate":"https:\/\/www.visit-ulcinj.com\/blog\/?s={search_term_string}"},"query-input":"required name=search_term_string"}],"inLanguage":"en-US"},{"@type":"ImageObject","inLanguage":"en-US","@id":"https:\/\/www.visit-ulcinj.com\/blog\/2009\/05\/06\/irritohen-fansat-per-prejardhjen-e-junes-se-%e2%80%9cbig-brother-albania-2%e2%80%9d\/#primaryimage","url":"http:\/\/www.visit-ulcinj.com\/blog\/wp-content\/uploads\/2009\/05\/juna-big-brother-albania-2-live.jpg","contentUrl":"http:\/\/www.visit-ulcinj.com\/blog\/wp-content\/uploads\/2009\/05\/juna-big-brother-albania-2-live.jpg"},{"@type":"WebPage","@id":"https:\/\/www.visit-ulcinj.com\/blog\/2009\/05\/06\/irritohen-fansat-per-prejardhjen-e-junes-se-%e2%80%9cbig-brother-albania-2%e2%80%9d\/#webpage","url":"https:\/\/www.visit-ulcinj.com\/blog\/2009\/05\/06\/irritohen-fansat-per-prejardhjen-e-junes-se-%e2%80%9cbig-brother-albania-2%e2%80%9d\/","name":"Irritohen fansat p\u00c3\u00abr prejardhjen e Jun\u00c3\u00abs s\u00c3\u00ab \u00e2\u20ac\u0153Big Brother Albania 2\u00e2\u20ac\u009d | Big Brother Albania 2","isPartOf":{"@id":"https:\/\/www.visit-ulcinj.com\/blog\/#website"},"primaryImageOfPage":{"@id":"https:\/\/www.visit-ulcinj.com\/blog\/2009\/05\/06\/irritohen-fansat-per-prejardhjen-e-junes-se-%e2%80%9cbig-brother-albania-2%e2%80%9d\/#primaryimage"},"datePublished":"2009-05-06T17:24:09+00:00","dateModified":"2009-05-06T17:24:09+00:00","author":{"@id":"https:\/\/www.visit-ulcinj.com\/blog\/#\/schema\/person\/dcab619c614d3038751c63bc2aadc06d"},"description":"Big Brother Albania 2 - Her\u00c3\u00abn e kaluar \u00e2\u20ac\u0153Panorama Plus\u00e2\u20ac\u009d ju njohu m\u00c3\u00ab shum\u00c3\u00ab me banoren e re t\u00c3\u00ab sht\u00c3\u00abpis\u00c3\u00ab s\u00c3\u00ab \u00e2\u20ac\u0153Big Borther\u00e2\u20ac\u009d, Jun\u00c3\u00abn n\u00c3\u00abp\u00c3\u00abrmjet rr\u00c3\u00abfimeve t\u00c3\u00ab miqve t\u00c3\u00ab saj n\u00c3\u00ab Gjermani, me t\u00c3\u00ab cil\u00c3\u00abt ajo ndan nj\u00c3\u00ab koh\u00c3\u00ab t\u00c3\u00ab konsiderueshme.","breadcrumb":{"@id":"https:\/\/www.visit-ulcinj.com\/blog\/2009\/05\/06\/irritohen-fansat-per-prejardhjen-e-junes-se-%e2%80%9cbig-brother-albania-2%e2%80%9d\/#breadcrumb"},"inLanguage":"en-US","potentialAction":[{"@type":"ReadAction","target":["https:\/\/www.visit-ulcinj.com\/blog\/2009\/05\/06\/irritohen-fansat-per-prejardhjen-e-junes-se-%e2%80%9cbig-brother-albania-2%e2%80%9d\/"]}]},{"@type":"BreadcrumbList","@id":"https:\/\/www.visit-ulcinj.com\/blog\/2009\/05\/06\/irritohen-fansat-per-prejardhjen-e-junes-se-%e2%80%9cbig-brother-albania-2%e2%80%9d\/#breadcrumb","itemListElement":[{"@type":"ListItem","position":1,"name":"Irritohen fansat p\u00ebr prejardhjen e Jun\u00ebs s\u00eb \u201cBig Brother Albania 2\u201d"}]},{"@type":"Person","@id":"https:\/\/www.visit-ulcinj.com\/blog\/#\/schema\/person\/dcab619c614d3038751c63bc2aadc06d","name":"ulqini","sameAs":["http:\/\/www.visit-ulcinj.com"],"url":"https:\/\/www.visit-ulcinj.com\/blog\/author\/admin\/"}]}},"jetpack_featured_media_url":"","jetpack_sharing_enabled":true,"jetpack_shortlink":"https:\/\/wp.me\/pe6lTn-5hk","_links":{"self":[{"href":"https:\/\/www.visit-ulcinj.com\/blog\/wp-json\/wp\/v2\/posts\/20294"}],"collection":[{"href":"https:\/\/www.visit-ulcinj.com\/blog\/wp-json\/wp\/v2\/posts"}],"about":[{"href":"https:\/\/www.visit-ulcinj.com\/blog\/wp-json\/wp\/v2\/types\/post"}],"author":[{"embeddable":true,"href":"https:\/\/www.visit-ulcinj.com\/blog\/wp-json\/wp\/v2\/users\/1"}],"replies":[{"embeddable":true,"href":"https:\/\/www.visit-ulcinj.com\/blog\/wp-json\/wp\/v2\/comments?post=20294"}],"version-history":[{"count":0,"href":"https:\/\/www.visit-ulcinj.com\/blog\/wp-json\/wp\/v2\/posts\/20294\/revisions"}],"wp:attachment":[{"href":"https:\/\/www.visit-ulcinj.com\/blog\/wp-json\/wp\/v2\/media?parent=20294"}],"wp:term":[{"taxonomy":"category","embeddable":true,"href":"https:\/\/www.visit-ulcinj.com\/blog\/wp-json\/wp\/v2\/categories?post=20294"},{"taxonomy":"post_tag","embeddable":true,"href":"https:\/\/www.visit-ulcinj.com\/blog\/wp-json\/wp\/v2\/tags?post=20294"}],"curies":[{"name":"wp","href":"https:\/\/api.w.org\/{rel}","templated":true}]}}