{"id":20311,"date":"2009-05-06T20:01:58","date_gmt":"2009-05-06T18:01:58","guid":{"rendered":"http:\/\/www.visit-ulcinj.com\/blog\/?p=20311"},"modified":"2009-05-08T18:41:48","modified_gmt":"2009-05-08T16:41:48","slug":"gezim-hajdinaga-u-takua-me-ministrin-e-pushtetit-vendor-z-sadri-ferati","status":"publish","type":"post","link":"https:\/\/www.visit-ulcinj.com\/blog\/2009\/05\/06\/gezim-hajdinaga-u-takua-me-ministrin-e-pushtetit-vendor-z-sadri-ferati\/","title":{"rendered":"G\u00ebzim Hajdinaga u takua me Ministrin e pushtetit vendor z. Sadri Ferati"},"content":{"rendered":"<dt class=\"wp-caption-dt\"><a href=\"http:\/\/www.visit-ulcinj.com\/blog\/wp-content\/uploads\/2009\/05\/gezim-hajdinaga-_sadri-ferati.jpg\"><img loading=\"lazy\" class=\"size-full wp-image-20312 alignleft\" title=\"gezim-hajdinaga-_sadri-ferati\" src=\"http:\/\/www.visit-ulcinj.com\/blog\/wp-content\/uploads\/2009\/05\/gezim-hajdinaga-_sadri-ferati.jpg\" alt=\"Kryetari Ulqinit G\u00ebzim Hajdinaga &amp; Ministri i pushtetit vendor z. Sadri Ferati\" width=\"580\" height=\"400\" \/><\/a><\/p>\n<p>N\u00eb kuad\u00ebr t\u00eb Panairit t\u00eb turizmit Prishtina 2009, delegacioni nga Ulqini i Kryesuar nga Kryetari G\u00ebzim Hajdinaga\u00a0 pati nj\u00eb takim pune me Ministrin e pushtetit vendor z. Sadri Ferati. Pal\u00ebt u dakorduan q\u00eb vizita t\u00eb k\u00ebtij lloji i ndihmojn\u00eb edhe m\u00eb tep\u00ebr sforcimit t\u00eb marr\u00ebdh\u00ebnieve v\u00ebllez\u00ebrore. Kryetari Hajdinaga dhe Ministri Ferati ishin optimist q\u00eb edhe p\u00ebrkundrejt\u00eb kriz\u00ebs globale Ulqini edhe k\u00ebt\u00eb vit do t\u00eb jet\u00eb destinacion i preferuar p\u00ebr kosovaret. Nderkaq zot\u00ebrinjt\u00eb Hajdar Murati dhe Isat Dragovoja fol\u00ebn p\u00ebr bashk\u00ebpunimin me komunen dhe masat q\u00eb kan\u00eb marr\u00eb sektori i turizmit n\u00eb Ulqin biznes asociacionit dhe\u00a0 sip\u00ebrmarrja hotelerike e Rivieres s\u00eb Ulqinit p\u00ebr ver\u00ebn 2009. Ne or\u00ebt e mbr\u00ebmjes jan\u00eb reservuar dy termine televizive ku Kryetari Hajdinaga m\u00eb gj\u00ebr\u00ebsisht do t\u00eb flas\u00eb p\u00ebr ver\u00ebn 2009, nd\u00ebrklaq nes\u00ebr n\u00eb hotelin Grand do t\u00eb takohen p\u00ebrfaq\u00ebsues t\u00eb delegacionit tone me homolog\u00ebte tyre nga Kosova dhe do t\u00eb mbahet konferenc\u00eb e gjer\u00eb me gazetar\u00eb.<\/p>\n<p><strong>Municipality of Ulcinj \/ Ulqin -Montenegro<\/strong><\/p>\n<p><strong>Arsllan Hajdinaga <\/strong><\/p>\n<p><a href=\"http:\/\/www.visit-ulcinj.com\/blog\/wp-content\/uploads\/2009\/05\/gezim-hajdinaga-_sadri-ferati.jpg\"><strong><\/strong><\/a><strong><a href=\"http:\/\/www.mcm.travel\/mn\/mcmbeach.htm\" target=\"_blank\">www.mcm.trave\/<\/a><\/strong><\/p>\n<p><strong><\/strong><\/p>\n<p>[flv width=&#8221;580&#8243; height=&#8221;380&#8243;]http:\/\/mcm.travel\/mn\/video\/plazhi_mcm.flv[\/flv]<a href=\"http:\/\/www.hoteldolcino.com\/al\/home.html\" target=\"_blank\"><strong>www.hoteldolcino.com\/<\/strong><\/a><\/p>\n<p>[flv width=&#8221;580&#8243; height=&#8221;380&#8243;]http:\/\/www.hoteldolcino.com\/video\/zaweb.flv[\/flv] <\/dt>\n","protected":false},"excerpt":{"rendered":"<p>N\u00eb kuad\u00ebr t\u00eb Panairit t\u00eb turizmit Prishtina 2009, delegacioni nga Ulqini i Kryesuar nga Kryetari G\u00ebzim Hajdinaga\u00a0 pati nj\u00eb takim pune me Ministrin e pushtetit vendor z. Sadri Ferati. Pal\u00ebt u dakorduan q\u00eb vizita t\u00eb k\u00ebtij lloji i ndihmojn\u00eb edhe m\u00eb tep\u00ebr sforcimit t\u00eb marr\u00ebdh\u00ebnieve v\u00ebllez\u00ebrore. Kryetari Hajdinaga dhe Ministri Ferati ishin optimist q\u00eb edhe [&hellip;]<\/p>\n","protected":false},"author":1,"featured_media":0,"comment_status":"open","ping_status":"closed","sticky":false,"template":"","format":"standard","meta":{"spay_email":"","jetpack_publicize_message":"","jetpack_is_tweetstorm":false,"jetpack_publicize_feature_enabled":true},"categories":[12],"tags":[222,9994,9993,9995,2462,49,95,9997,2306,9996,74,200,9998],"jetpack_publicize_connections":[],"yoast_head":"<!-- This site is optimized with the Yoast SEO plugin v19.1 - https:\/\/yoast.com\/wordpress\/plugins\/seo\/ -->\n<title>G\u00ebzim Hajdinaga u takua me Ministrin e pushtetit vendor z. Sadri Ferati - Lajme nga Ulqini<\/title>\n<meta name=\"description\" content=\"N\u00eb kuad\u00ebr t\u00eb Panairit t\u00eb turizmit Prishtina 2009, delegacioni nga Ulqini i Kryesuar nga Kryetari G\u00ebzim Hajdinaga\u00a0 pati nj\u00eb takim pune me Ministrin e\" \/>\n<meta name=\"robots\" content=\"index, follow, max-snippet:-1, max-image-preview:large, max-video-preview:-1\" \/>\n<link rel=\"canonical\" href=\"https:\/\/www.visit-ulcinj.com\/blog\/2009\/05\/06\/gezim-hajdinaga-u-takua-me-ministrin-e-pushtetit-vendor-z-sadri-ferati\/\" \/>\n<meta property=\"og:locale\" content=\"en_US\" \/>\n<meta property=\"og:type\" content=\"article\" \/>\n<meta property=\"og:title\" content=\"G\u00ebzim Hajdinaga u takua me Ministrin e pushtetit vendor z. Sadri Ferati - Lajme nga Ulqini\" \/>\n<meta property=\"og:description\" content=\"N\u00eb kuad\u00ebr t\u00eb Panairit t\u00eb turizmit Prishtina 2009, delegacioni nga Ulqini i Kryesuar nga Kryetari G\u00ebzim Hajdinaga\u00a0 pati nj\u00eb takim pune me Ministrin e\" \/>\n<meta property=\"og:url\" content=\"https:\/\/www.visit-ulcinj.com\/blog\/2009\/05\/06\/gezim-hajdinaga-u-takua-me-ministrin-e-pushtetit-vendor-z-sadri-ferati\/\" \/>\n<meta property=\"og:site_name\" content=\"Lajme nga Ulqini\" \/>\n<meta property=\"article:published_time\" content=\"2009-05-06T18:01:58+00:00\" \/>\n<meta property=\"article:modified_time\" content=\"2009-05-08T16:41:48+00:00\" \/>\n<meta property=\"og:image\" content=\"http:\/\/www.visit-ulcinj.com\/blog\/wp-content\/uploads\/2009\/05\/gezim-hajdinaga-_sadri-ferati.jpg\" \/>\n<meta name=\"twitter:label1\" content=\"Written by\" \/>\n\t<meta name=\"twitter:data1\" content=\"ulqini\" \/>\n\t<meta name=\"twitter:label2\" content=\"Est. reading time\" \/>\n\t<meta name=\"twitter:data2\" content=\"1 minute\" \/>\n<script type=\"application\/ld+json\" class=\"yoast-schema-graph\">{\"@context\":\"https:\/\/schema.org\",\"@graph\":[{\"@type\":\"WebSite\",\"@id\":\"https:\/\/www.visit-ulcinj.com\/blog\/#website\",\"url\":\"https:\/\/www.visit-ulcinj.com\/blog\/\",\"name\":\"Lajme nga Ulqini\",\"description\":\"Lajme,Vijesti,Ulqini,Ulqin,Crna Gora,Mali i Zi\",\"potentialAction\":[{\"@type\":\"SearchAction\",\"target\":{\"@type\":\"EntryPoint\",\"urlTemplate\":\"https:\/\/www.visit-ulcinj.com\/blog\/?s={search_term_string}\"},\"query-input\":\"required name=search_term_string\"}],\"inLanguage\":\"en-US\"},{\"@type\":\"ImageObject\",\"inLanguage\":\"en-US\",\"@id\":\"https:\/\/www.visit-ulcinj.com\/blog\/2009\/05\/06\/gezim-hajdinaga-u-takua-me-ministrin-e-pushtetit-vendor-z-sadri-ferati\/#primaryimage\",\"url\":\"https:\/\/www.visit-ulcinj.com\/blog\/wp-content\/uploads\/2009\/05\/gezim-hajdinaga-_sadri-ferati.jpg\",\"contentUrl\":\"https:\/\/www.visit-ulcinj.com\/blog\/wp-content\/uploads\/2009\/05\/gezim-hajdinaga-_sadri-ferati.jpg\",\"width\":\"1072\",\"height\":\"804\",\"caption\":\"Kryetari Ulqinit G\u00ebzim Hajdinaga & Ministri i pushtetit vendor z. Sadri Ferati\"},{\"@type\":\"WebPage\",\"@id\":\"https:\/\/www.visit-ulcinj.com\/blog\/2009\/05\/06\/gezim-hajdinaga-u-takua-me-ministrin-e-pushtetit-vendor-z-sadri-ferati\/#webpage\",\"url\":\"https:\/\/www.visit-ulcinj.com\/blog\/2009\/05\/06\/gezim-hajdinaga-u-takua-me-ministrin-e-pushtetit-vendor-z-sadri-ferati\/\",\"name\":\"G\u00ebzim Hajdinaga u takua me Ministrin e pushtetit vendor z. Sadri Ferati - Lajme nga Ulqini\",\"isPartOf\":{\"@id\":\"https:\/\/www.visit-ulcinj.com\/blog\/#website\"},\"primaryImageOfPage\":{\"@id\":\"https:\/\/www.visit-ulcinj.com\/blog\/2009\/05\/06\/gezim-hajdinaga-u-takua-me-ministrin-e-pushtetit-vendor-z-sadri-ferati\/#primaryimage\"},\"datePublished\":\"2009-05-06T18:01:58+00:00\",\"dateModified\":\"2009-05-08T16:41:48+00:00\",\"author\":{\"@id\":\"https:\/\/www.visit-ulcinj.com\/blog\/#\/schema\/person\/dcab619c614d3038751c63bc2aadc06d\"},\"description\":\"N\u00eb kuad\u00ebr t\u00eb Panairit t\u00eb turizmit Prishtina 2009, delegacioni nga Ulqini i Kryesuar nga Kryetari G\u00ebzim Hajdinaga\u00a0 pati nj\u00eb takim pune me Ministrin e\",\"breadcrumb\":{\"@id\":\"https:\/\/www.visit-ulcinj.com\/blog\/2009\/05\/06\/gezim-hajdinaga-u-takua-me-ministrin-e-pushtetit-vendor-z-sadri-ferati\/#breadcrumb\"},\"inLanguage\":\"en-US\",\"potentialAction\":[{\"@type\":\"ReadAction\",\"target\":[\"https:\/\/www.visit-ulcinj.com\/blog\/2009\/05\/06\/gezim-hajdinaga-u-takua-me-ministrin-e-pushtetit-vendor-z-sadri-ferati\/\"]}]},{\"@type\":\"BreadcrumbList\",\"@id\":\"https:\/\/www.visit-ulcinj.com\/blog\/2009\/05\/06\/gezim-hajdinaga-u-takua-me-ministrin-e-pushtetit-vendor-z-sadri-ferati\/#breadcrumb\",\"itemListElement\":[{\"@type\":\"ListItem\",\"position\":1,\"name\":\"G\u00ebzim Hajdinaga u takua me Ministrin e pushtetit vendor z. Sadri Ferati\"}]},{\"@type\":\"Person\",\"@id\":\"https:\/\/www.visit-ulcinj.com\/blog\/#\/schema\/person\/dcab619c614d3038751c63bc2aadc06d\",\"name\":\"ulqini\",\"sameAs\":[\"http:\/\/www.visit-ulcinj.com\"],\"url\":\"https:\/\/www.visit-ulcinj.com\/blog\/author\/admin\/\"}]}<\/script>\n<!-- \/ Yoast SEO plugin. -->","yoast_head_json":{"title":"G\u00ebzim Hajdinaga u takua me Ministrin e pushtetit vendor z. Sadri Ferati - Lajme nga Ulqini","description":"N\u00eb kuad\u00ebr t\u00eb Panairit t\u00eb turizmit Prishtina 2009, delegacioni nga Ulqini i Kryesuar nga Kryetari G\u00ebzim Hajdinaga\u00a0 pati nj\u00eb takim pune me Ministrin e","robots":{"index":"index","follow":"follow","max-snippet":"max-snippet:-1","max-image-preview":"max-image-preview:large","max-video-preview":"max-video-preview:-1"},"canonical":"https:\/\/www.visit-ulcinj.com\/blog\/2009\/05\/06\/gezim-hajdinaga-u-takua-me-ministrin-e-pushtetit-vendor-z-sadri-ferati\/","og_locale":"en_US","og_type":"article","og_title":"G\u00ebzim Hajdinaga u takua me Ministrin e pushtetit vendor z. Sadri Ferati - Lajme nga Ulqini","og_description":"N\u00eb kuad\u00ebr t\u00eb Panairit t\u00eb turizmit Prishtina 2009, delegacioni nga Ulqini i Kryesuar nga Kryetari G\u00ebzim Hajdinaga\u00a0 pati nj\u00eb takim pune me Ministrin e","og_url":"https:\/\/www.visit-ulcinj.com\/blog\/2009\/05\/06\/gezim-hajdinaga-u-takua-me-ministrin-e-pushtetit-vendor-z-sadri-ferati\/","og_site_name":"Lajme nga Ulqini","article_published_time":"2009-05-06T18:01:58+00:00","article_modified_time":"2009-05-08T16:41:48+00:00","og_image":[{"url":"http:\/\/www.visit-ulcinj.com\/blog\/wp-content\/uploads\/2009\/05\/gezim-hajdinaga-_sadri-ferati.jpg"}],"twitter_misc":{"Written by":"ulqini","Est. reading time":"1 minute"},"schema":{"@context":"https:\/\/schema.org","@graph":[{"@type":"WebSite","@id":"https:\/\/www.visit-ulcinj.com\/blog\/#website","url":"https:\/\/www.visit-ulcinj.com\/blog\/","name":"Lajme nga Ulqini","description":"Lajme,Vijesti,Ulqini,Ulqin,Crna Gora,Mali i Zi","potentialAction":[{"@type":"SearchAction","target":{"@type":"EntryPoint","urlTemplate":"https:\/\/www.visit-ulcinj.com\/blog\/?s={search_term_string}"},"query-input":"required name=search_term_string"}],"inLanguage":"en-US"},{"@type":"ImageObject","inLanguage":"en-US","@id":"https:\/\/www.visit-ulcinj.com\/blog\/2009\/05\/06\/gezim-hajdinaga-u-takua-me-ministrin-e-pushtetit-vendor-z-sadri-ferati\/#primaryimage","url":"https:\/\/www.visit-ulcinj.com\/blog\/wp-content\/uploads\/2009\/05\/gezim-hajdinaga-_sadri-ferati.jpg","contentUrl":"https:\/\/www.visit-ulcinj.com\/blog\/wp-content\/uploads\/2009\/05\/gezim-hajdinaga-_sadri-ferati.jpg","width":"1072","height":"804","caption":"Kryetari Ulqinit G\u00ebzim Hajdinaga & Ministri i pushtetit vendor z. Sadri Ferati"},{"@type":"WebPage","@id":"https:\/\/www.visit-ulcinj.com\/blog\/2009\/05\/06\/gezim-hajdinaga-u-takua-me-ministrin-e-pushtetit-vendor-z-sadri-ferati\/#webpage","url":"https:\/\/www.visit-ulcinj.com\/blog\/2009\/05\/06\/gezim-hajdinaga-u-takua-me-ministrin-e-pushtetit-vendor-z-sadri-ferati\/","name":"G\u00ebzim Hajdinaga u takua me Ministrin e pushtetit vendor z. Sadri Ferati - Lajme nga Ulqini","isPartOf":{"@id":"https:\/\/www.visit-ulcinj.com\/blog\/#website"},"primaryImageOfPage":{"@id":"https:\/\/www.visit-ulcinj.com\/blog\/2009\/05\/06\/gezim-hajdinaga-u-takua-me-ministrin-e-pushtetit-vendor-z-sadri-ferati\/#primaryimage"},"datePublished":"2009-05-06T18:01:58+00:00","dateModified":"2009-05-08T16:41:48+00:00","author":{"@id":"https:\/\/www.visit-ulcinj.com\/blog\/#\/schema\/person\/dcab619c614d3038751c63bc2aadc06d"},"description":"N\u00eb kuad\u00ebr t\u00eb Panairit t\u00eb turizmit Prishtina 2009, delegacioni nga Ulqini i Kryesuar nga Kryetari G\u00ebzim Hajdinaga\u00a0 pati nj\u00eb takim pune me Ministrin e","breadcrumb":{"@id":"https:\/\/www.visit-ulcinj.com\/blog\/2009\/05\/06\/gezim-hajdinaga-u-takua-me-ministrin-e-pushtetit-vendor-z-sadri-ferati\/#breadcrumb"},"inLanguage":"en-US","potentialAction":[{"@type":"ReadAction","target":["https:\/\/www.visit-ulcinj.com\/blog\/2009\/05\/06\/gezim-hajdinaga-u-takua-me-ministrin-e-pushtetit-vendor-z-sadri-ferati\/"]}]},{"@type":"BreadcrumbList","@id":"https:\/\/www.visit-ulcinj.com\/blog\/2009\/05\/06\/gezim-hajdinaga-u-takua-me-ministrin-e-pushtetit-vendor-z-sadri-ferati\/#breadcrumb","itemListElement":[{"@type":"ListItem","position":1,"name":"G\u00ebzim Hajdinaga u takua me Ministrin e pushtetit vendor z. Sadri Ferati"}]},{"@type":"Person","@id":"https:\/\/www.visit-ulcinj.com\/blog\/#\/schema\/person\/dcab619c614d3038751c63bc2aadc06d","name":"ulqini","sameAs":["http:\/\/www.visit-ulcinj.com"],"url":"https:\/\/www.visit-ulcinj.com\/blog\/author\/admin\/"}]}},"jetpack_featured_media_url":"","jetpack_sharing_enabled":true,"jetpack_shortlink":"https:\/\/wp.me\/pe6lTn-5hB","_links":{"self":[{"href":"https:\/\/www.visit-ulcinj.com\/blog\/wp-json\/wp\/v2\/posts\/20311"}],"collection":[{"href":"https:\/\/www.visit-ulcinj.com\/blog\/wp-json\/wp\/v2\/posts"}],"about":[{"href":"https:\/\/www.visit-ulcinj.com\/blog\/wp-json\/wp\/v2\/types\/post"}],"author":[{"embeddable":true,"href":"https:\/\/www.visit-ulcinj.com\/blog\/wp-json\/wp\/v2\/users\/1"}],"replies":[{"embeddable":true,"href":"https:\/\/www.visit-ulcinj.com\/blog\/wp-json\/wp\/v2\/comments?post=20311"}],"version-history":[{"count":0,"href":"https:\/\/www.visit-ulcinj.com\/blog\/wp-json\/wp\/v2\/posts\/20311\/revisions"}],"wp:attachment":[{"href":"https:\/\/www.visit-ulcinj.com\/blog\/wp-json\/wp\/v2\/media?parent=20311"}],"wp:term":[{"taxonomy":"category","embeddable":true,"href":"https:\/\/www.visit-ulcinj.com\/blog\/wp-json\/wp\/v2\/categories?post=20311"},{"taxonomy":"post_tag","embeddable":true,"href":"https:\/\/www.visit-ulcinj.com\/blog\/wp-json\/wp\/v2\/tags?post=20311"}],"curies":[{"name":"wp","href":"https:\/\/api.w.org\/{rel}","templated":true}]}}