{"id":2032,"date":"2008-06-17T09:31:16","date_gmt":"2008-06-17T14:31:16","guid":{"rendered":"http:\/\/www.visit-ulcinj.com\/blog\/?p=2032"},"modified":"2008-06-17T09:31:16","modified_gmt":"2008-06-17T14:31:16","slug":"librazhd-autobusi-me-turiste-malazeze-perplaset-me-maunen-1-i-vdekur","status":"publish","type":"post","link":"https:\/\/www.visit-ulcinj.com\/blog\/2008\/06\/17\/librazhd-autobusi-me-turiste-malazeze-perplaset-me-maunen-1-i-vdekur\/","title":{"rendered":"Librazhd, autobusi me turist\u00eb malazez\u00eb p\u00ebrplaset me maunen, 1 i vdekur"},"content":{"rendered":"<p><a href=\"http:\/\/www.visit-ulcinj.com\/blog\/wp-content\/uploads\/2008\/06\/autoboka_bus-malazez.jpg\"><img loading=\"lazy\" class=\"alignleft attachment wp-att-2033\" style=\"float: left;\" src=\"http:\/\/www.visit-ulcinj.com\/blog\/wp-content\/uploads\/2008\/06\/autoboka_bus-malazez.thumbnail.jpg\" alt=\"autoboka_bus malazez\" width=\"254\" height=\"186\" \/><\/a>Nj\u00eb autobus ne turist\u00eb nga Mali i Zi \u00ebsht\u00eb p\u00ebrplasur me nj\u00eb maune mbr\u00ebm\u00eb rreth or\u00ebs 01.00 n\u00eb aksin rrugor Librazhd- P\u00ebrrenjas. N\u00eb aksident ka mbetur i vdekur shoferi i maunes, Laze Mulaj, 37- vjec, nd\u00ebrsa nuk ka pasur t\u00eb d\u00ebmtuar nga autobusi me turist\u00eb. Sipas hetimeve t\u00eb para dyshohet t\u00eb jet\u00eb nj\u00eb kalim i gabuar i shoferit t\u00eb autobusit me turist\u00eb malazez\u00eb.<br \/>\nLIBRAZHD- Nj\u00eb aksident me pasoj\u00eb vdekjen e nj\u00eb 37 vjecari ka ndodhur n\u00eb or\u00ebt e para t\u00eb m\u00ebngjesit t\u00eb s\u00eb diel\u00ebs n\u00eb aksin rrugor Librazhd- P\u00ebrrenjas n\u00eb vendin e quajtur Hotolisht. Burime t\u00eb policis\u00eb b\u00ebjn\u00eb t\u00eb ditur se rreth or\u00ebs 01.00 t\u00eb m\u00ebngjesit nj\u00eb maune tip Benx me targa TR 6369 E,q\u00eb drejtohej nga 37-vjecari Laze Mulaj, lindur dhe banues n\u00eb Tropoj\u00eb \u00ebsht\u00eb p\u00ebrplasur me autobuzin me turist\u00eb nga Mali i Zi, me targa KO 284 79.<br \/>\nSi pasoj\u00eb e k\u00ebsaj p\u00ebrplasjeje ka gjetur vdekjen e menj\u00ebhershme shoferi i maunes, nd\u00ebrsa pasagjer\u00ebt n\u00eb autobus kan\u00eb p\u00ebsuar tronditje.<a title=\"librazhd\" href=\"http:\/\/upload.wikimedia.org\/wikipedia\/commons\/6\/68\/AlbaniaLibrazhd.png\" target=\"_blank\"><img loading=\"lazy\" class=\"alignright\" style=\"float: right;\" src=\"http:\/\/upload.wikimedia.org\/wikipedia\/commons\/6\/68\/AlbaniaLibrazhd.png\" alt=\"librazhd\" width=\"106\" height=\"190\" \/><\/a><br \/>\nAksidenti shkaktoi bllokim t\u00eb aksit rrugor Librazhd Hotolisht p\u00ebr rreth 3 or\u00eb dhe vet\u00ebm rreth or\u00ebs 04.00 qarkullimi i mjeteve ka mundur t\u00eb rifilloj\u00eb.<br \/>\nNd\u00ebrkaq policia ka shoq\u00ebruar n\u00eb komisariatin e Librazhdit tre shtetas nga Mali I Zi, shoferin, pronarin e autobuzit si dhe faturinon, t\u00eb cil\u00ebt po merren n\u00eb pyetje lidhur me aksidentin.<br \/>\nNd\u00ebrsa m\u00ebsohet se turist\u00ebve i \u00ebsht\u00eb v\u00ebn\u00eb n\u00eb dispozicion nj\u00eb tjet\u00ebr autobus p\u00ebr ti d\u00ebrguar n\u00eb destinacion. Paraprakisht grupi hetimor i ndodhur n\u00eb vendin e ngjarjes konkludon se shkak i aksidentit me pasoj\u00eb vdekjen e 37 vjecarit ka qen\u00eb autobuzi i turist\u00ebve t\u00eb Malit t\u00eb Zi t\u00eb cil\u00ebt ktheheshin nga Shkupi i Maqedonis\u00eb do kalonin nga Shqip\u00ebria p\u00ebr t\u00eb kthyer n\u00eb vendin e tyre.<br \/>\n<strong>Autor \/ s.g\/NEWS24\/Balkanweb<\/strong><\/p>\n","protected":false},"excerpt":{"rendered":"<p><img loading=\"lazy\" class=\"alignleft attachment wp-att-2033\" style=\"float: left;\" src=\"http:\/\/www.visit-ulcinj.com\/blog\/wp-content\/uploads\/2008\/06\/autoboka_bus-malazez.thumbnail.jpg\" alt=\"autoboka_bus malazez\" width=\"140\" height=\"140\" \/><\/p>\n","protected":false},"author":1,"featured_media":0,"comment_status":"open","ping_status":"closed","sticky":false,"template":"","format":"standard","meta":{"spay_email":"","jetpack_publicize_message":"","jetpack_is_tweetstorm":false,"jetpack_publicize_feature_enabled":true},"categories":[1,14,12,15],"tags":[3943,3944,3945,3946],"jetpack_publicize_connections":[],"yoast_head":"<!-- This site is optimized with the Yoast SEO plugin v19.1 - https:\/\/yoast.com\/wordpress\/plugins\/seo\/ -->\n<title>Librazhd, autobusi me turist\u00eb malazez\u00eb p\u00ebrplaset me maunen, 1 i vdekur - Lajme nga Ulqini<\/title>\n<meta name=\"robots\" content=\"index, follow, max-snippet:-1, max-image-preview:large, max-video-preview:-1\" \/>\n<link rel=\"canonical\" href=\"https:\/\/www.visit-ulcinj.com\/blog\/2008\/06\/17\/librazhd-autobusi-me-turiste-malazeze-perplaset-me-maunen-1-i-vdekur\/\" \/>\n<meta property=\"og:locale\" content=\"en_US\" \/>\n<meta property=\"og:type\" content=\"article\" \/>\n<meta property=\"og:title\" content=\"Librazhd, autobusi me turist\u00eb malazez\u00eb p\u00ebrplaset me maunen, 1 i vdekur - Lajme nga Ulqini\" \/>\n<meta property=\"og:url\" content=\"https:\/\/www.visit-ulcinj.com\/blog\/2008\/06\/17\/librazhd-autobusi-me-turiste-malazeze-perplaset-me-maunen-1-i-vdekur\/\" \/>\n<meta property=\"og:site_name\" content=\"Lajme nga Ulqini\" \/>\n<meta property=\"article:published_time\" content=\"2008-06-17T14:31:16+00:00\" \/>\n<meta property=\"og:image\" content=\"http:\/\/www.visit-ulcinj.com\/blog\/wp-content\/uploads\/2008\/06\/autoboka_bus-malazez.thumbnail.jpg\" \/>\n<meta name=\"twitter:label1\" content=\"Written by\" \/>\n\t<meta name=\"twitter:data1\" content=\"ulqini\" \/>\n\t<meta name=\"twitter:label2\" content=\"Est. reading time\" \/>\n\t<meta name=\"twitter:data2\" content=\"2 minutes\" \/>\n<script type=\"application\/ld+json\" class=\"yoast-schema-graph\">{\"@context\":\"https:\/\/schema.org\",\"@graph\":[{\"@type\":\"WebSite\",\"@id\":\"https:\/\/www.visit-ulcinj.com\/blog\/#website\",\"url\":\"https:\/\/www.visit-ulcinj.com\/blog\/\",\"name\":\"Lajme nga Ulqini\",\"description\":\"Lajme,Vijesti,Ulqini,Ulqin,Crna Gora,Mali i Zi\",\"potentialAction\":[{\"@type\":\"SearchAction\",\"target\":{\"@type\":\"EntryPoint\",\"urlTemplate\":\"https:\/\/www.visit-ulcinj.com\/blog\/?s={search_term_string}\"},\"query-input\":\"required name=search_term_string\"}],\"inLanguage\":\"en-US\"},{\"@type\":\"ImageObject\",\"inLanguage\":\"en-US\",\"@id\":\"https:\/\/www.visit-ulcinj.com\/blog\/2008\/06\/17\/librazhd-autobusi-me-turiste-malazeze-perplaset-me-maunen-1-i-vdekur\/#primaryimage\",\"url\":\"http:\/\/www.visit-ulcinj.com\/blog\/wp-content\/uploads\/2008\/06\/autoboka_bus-malazez.thumbnail.jpg\",\"contentUrl\":\"http:\/\/www.visit-ulcinj.com\/blog\/wp-content\/uploads\/2008\/06\/autoboka_bus-malazez.thumbnail.jpg\"},{\"@type\":\"WebPage\",\"@id\":\"https:\/\/www.visit-ulcinj.com\/blog\/2008\/06\/17\/librazhd-autobusi-me-turiste-malazeze-perplaset-me-maunen-1-i-vdekur\/#webpage\",\"url\":\"https:\/\/www.visit-ulcinj.com\/blog\/2008\/06\/17\/librazhd-autobusi-me-turiste-malazeze-perplaset-me-maunen-1-i-vdekur\/\",\"name\":\"Librazhd, autobusi me turist\u00eb malazez\u00eb p\u00ebrplaset me maunen, 1 i vdekur - Lajme nga Ulqini\",\"isPartOf\":{\"@id\":\"https:\/\/www.visit-ulcinj.com\/blog\/#website\"},\"primaryImageOfPage\":{\"@id\":\"https:\/\/www.visit-ulcinj.com\/blog\/2008\/06\/17\/librazhd-autobusi-me-turiste-malazeze-perplaset-me-maunen-1-i-vdekur\/#primaryimage\"},\"datePublished\":\"2008-06-17T14:31:16+00:00\",\"dateModified\":\"2008-06-17T14:31:16+00:00\",\"author\":{\"@id\":\"https:\/\/www.visit-ulcinj.com\/blog\/#\/schema\/person\/dcab619c614d3038751c63bc2aadc06d\"},\"breadcrumb\":{\"@id\":\"https:\/\/www.visit-ulcinj.com\/blog\/2008\/06\/17\/librazhd-autobusi-me-turiste-malazeze-perplaset-me-maunen-1-i-vdekur\/#breadcrumb\"},\"inLanguage\":\"en-US\",\"potentialAction\":[{\"@type\":\"ReadAction\",\"target\":[\"https:\/\/www.visit-ulcinj.com\/blog\/2008\/06\/17\/librazhd-autobusi-me-turiste-malazeze-perplaset-me-maunen-1-i-vdekur\/\"]}]},{\"@type\":\"BreadcrumbList\",\"@id\":\"https:\/\/www.visit-ulcinj.com\/blog\/2008\/06\/17\/librazhd-autobusi-me-turiste-malazeze-perplaset-me-maunen-1-i-vdekur\/#breadcrumb\",\"itemListElement\":[{\"@type\":\"ListItem\",\"position\":1,\"name\":\"Librazhd, autobusi me turist\u00eb malazez\u00eb p\u00ebrplaset me maunen, 1 i vdekur\"}]},{\"@type\":\"Person\",\"@id\":\"https:\/\/www.visit-ulcinj.com\/blog\/#\/schema\/person\/dcab619c614d3038751c63bc2aadc06d\",\"name\":\"ulqini\",\"sameAs\":[\"http:\/\/www.visit-ulcinj.com\"],\"url\":\"https:\/\/www.visit-ulcinj.com\/blog\/author\/admin\/\"}]}<\/script>\n<!-- \/ Yoast SEO plugin. -->","yoast_head_json":{"title":"Librazhd, autobusi me turist\u00eb malazez\u00eb p\u00ebrplaset me maunen, 1 i vdekur - Lajme nga Ulqini","robots":{"index":"index","follow":"follow","max-snippet":"max-snippet:-1","max-image-preview":"max-image-preview:large","max-video-preview":"max-video-preview:-1"},"canonical":"https:\/\/www.visit-ulcinj.com\/blog\/2008\/06\/17\/librazhd-autobusi-me-turiste-malazeze-perplaset-me-maunen-1-i-vdekur\/","og_locale":"en_US","og_type":"article","og_title":"Librazhd, autobusi me turist\u00eb malazez\u00eb p\u00ebrplaset me maunen, 1 i vdekur - Lajme nga Ulqini","og_url":"https:\/\/www.visit-ulcinj.com\/blog\/2008\/06\/17\/librazhd-autobusi-me-turiste-malazeze-perplaset-me-maunen-1-i-vdekur\/","og_site_name":"Lajme nga Ulqini","article_published_time":"2008-06-17T14:31:16+00:00","og_image":[{"url":"http:\/\/www.visit-ulcinj.com\/blog\/wp-content\/uploads\/2008\/06\/autoboka_bus-malazez.thumbnail.jpg"}],"twitter_misc":{"Written by":"ulqini","Est. reading time":"2 minutes"},"schema":{"@context":"https:\/\/schema.org","@graph":[{"@type":"WebSite","@id":"https:\/\/www.visit-ulcinj.com\/blog\/#website","url":"https:\/\/www.visit-ulcinj.com\/blog\/","name":"Lajme nga Ulqini","description":"Lajme,Vijesti,Ulqini,Ulqin,Crna Gora,Mali i Zi","potentialAction":[{"@type":"SearchAction","target":{"@type":"EntryPoint","urlTemplate":"https:\/\/www.visit-ulcinj.com\/blog\/?s={search_term_string}"},"query-input":"required name=search_term_string"}],"inLanguage":"en-US"},{"@type":"ImageObject","inLanguage":"en-US","@id":"https:\/\/www.visit-ulcinj.com\/blog\/2008\/06\/17\/librazhd-autobusi-me-turiste-malazeze-perplaset-me-maunen-1-i-vdekur\/#primaryimage","url":"http:\/\/www.visit-ulcinj.com\/blog\/wp-content\/uploads\/2008\/06\/autoboka_bus-malazez.thumbnail.jpg","contentUrl":"http:\/\/www.visit-ulcinj.com\/blog\/wp-content\/uploads\/2008\/06\/autoboka_bus-malazez.thumbnail.jpg"},{"@type":"WebPage","@id":"https:\/\/www.visit-ulcinj.com\/blog\/2008\/06\/17\/librazhd-autobusi-me-turiste-malazeze-perplaset-me-maunen-1-i-vdekur\/#webpage","url":"https:\/\/www.visit-ulcinj.com\/blog\/2008\/06\/17\/librazhd-autobusi-me-turiste-malazeze-perplaset-me-maunen-1-i-vdekur\/","name":"Librazhd, autobusi me turist\u00eb malazez\u00eb p\u00ebrplaset me maunen, 1 i vdekur - Lajme nga Ulqini","isPartOf":{"@id":"https:\/\/www.visit-ulcinj.com\/blog\/#website"},"primaryImageOfPage":{"@id":"https:\/\/www.visit-ulcinj.com\/blog\/2008\/06\/17\/librazhd-autobusi-me-turiste-malazeze-perplaset-me-maunen-1-i-vdekur\/#primaryimage"},"datePublished":"2008-06-17T14:31:16+00:00","dateModified":"2008-06-17T14:31:16+00:00","author":{"@id":"https:\/\/www.visit-ulcinj.com\/blog\/#\/schema\/person\/dcab619c614d3038751c63bc2aadc06d"},"breadcrumb":{"@id":"https:\/\/www.visit-ulcinj.com\/blog\/2008\/06\/17\/librazhd-autobusi-me-turiste-malazeze-perplaset-me-maunen-1-i-vdekur\/#breadcrumb"},"inLanguage":"en-US","potentialAction":[{"@type":"ReadAction","target":["https:\/\/www.visit-ulcinj.com\/blog\/2008\/06\/17\/librazhd-autobusi-me-turiste-malazeze-perplaset-me-maunen-1-i-vdekur\/"]}]},{"@type":"BreadcrumbList","@id":"https:\/\/www.visit-ulcinj.com\/blog\/2008\/06\/17\/librazhd-autobusi-me-turiste-malazeze-perplaset-me-maunen-1-i-vdekur\/#breadcrumb","itemListElement":[{"@type":"ListItem","position":1,"name":"Librazhd, autobusi me turist\u00eb malazez\u00eb p\u00ebrplaset me maunen, 1 i vdekur"}]},{"@type":"Person","@id":"https:\/\/www.visit-ulcinj.com\/blog\/#\/schema\/person\/dcab619c614d3038751c63bc2aadc06d","name":"ulqini","sameAs":["http:\/\/www.visit-ulcinj.com"],"url":"https:\/\/www.visit-ulcinj.com\/blog\/author\/admin\/"}]}},"jetpack_featured_media_url":"","jetpack_sharing_enabled":true,"jetpack_shortlink":"https:\/\/wp.me\/pe6lTn-wM","_links":{"self":[{"href":"https:\/\/www.visit-ulcinj.com\/blog\/wp-json\/wp\/v2\/posts\/2032"}],"collection":[{"href":"https:\/\/www.visit-ulcinj.com\/blog\/wp-json\/wp\/v2\/posts"}],"about":[{"href":"https:\/\/www.visit-ulcinj.com\/blog\/wp-json\/wp\/v2\/types\/post"}],"author":[{"embeddable":true,"href":"https:\/\/www.visit-ulcinj.com\/blog\/wp-json\/wp\/v2\/users\/1"}],"replies":[{"embeddable":true,"href":"https:\/\/www.visit-ulcinj.com\/blog\/wp-json\/wp\/v2\/comments?post=2032"}],"version-history":[{"count":0,"href":"https:\/\/www.visit-ulcinj.com\/blog\/wp-json\/wp\/v2\/posts\/2032\/revisions"}],"wp:attachment":[{"href":"https:\/\/www.visit-ulcinj.com\/blog\/wp-json\/wp\/v2\/media?parent=2032"}],"wp:term":[{"taxonomy":"category","embeddable":true,"href":"https:\/\/www.visit-ulcinj.com\/blog\/wp-json\/wp\/v2\/categories?post=2032"},{"taxonomy":"post_tag","embeddable":true,"href":"https:\/\/www.visit-ulcinj.com\/blog\/wp-json\/wp\/v2\/tags?post=2032"}],"curies":[{"name":"wp","href":"https:\/\/api.w.org\/{rel}","templated":true}]}}