{"id":20339,"date":"2009-05-06T21:37:39","date_gmt":"2009-05-06T19:37:39","guid":{"rendered":"http:\/\/www.visit-ulcinj.com\/blog\/?p=20339"},"modified":"2009-05-08T17:56:33","modified_gmt":"2009-05-08T15:56:33","slug":"kosova-anetare-e-fondit-monetar-nderkombetar","status":"publish","type":"post","link":"https:\/\/www.visit-ulcinj.com\/blog\/2009\/05\/06\/kosova-anetare-e-fondit-monetar-nderkombetar\/","title":{"rendered":"Kosova- an\u00ebtare e Fondit Monetar Nd\u00ebrkomb\u00ebtar"},"content":{"rendered":"<p><a rel=\"attachment wp-att-20340\" href=\"http:\/\/www.visit-ulcinj.com\/blog\/2009\/05\/06\/kosova-anetare-e-fondit-monetar-nderkombetar\/fondit-monetar-nderkombetar\/\"><img loading=\"lazy\" class=\"alignleft size-full wp-image-20340\" title=\"fondit-monetar-nderkombetar\" src=\"http:\/\/www.visit-ulcinj.com\/blog\/wp-content\/uploads\/2009\/05\/fondit-monetar-nderkombetar.jpg\" alt=\"fondit-monetar-nderkombetar\" width=\"288\" height=\"219\" \/><\/a>Kosova ka fituar vota t\u00eb mjaftueshme p\u00ebr an\u00ebtar\u00ebsim n\u00eb Fondin Monetar Nd\u00ebrkomb\u00ebtar. Nga 185 vende an\u00ebtare, afro 100 vende kan\u00eb votuar p\u00ebr pranimin e Kosov\u00ebs. Rezultatet e votimit do t\u2019i paraqiten sot Bordit t\u00eb Drejtor\u00ebve Ekzekutiv\u00eb, nd\u00ebrsa zyrtarisht do t\u00eb b\u00ebhet i ditur t\u00eb premten.  \t\t\t\t\t\t\t \t\t\t\t\t\t\tN\u00eb nj\u00eb konferenc\u00eb p\u00ebr media, Ministri i Ekonomis\u00eb Ahmet Shala dje b\u00ebri t\u00eb ditur se an\u00ebtar\u00ebsimi i Kosov\u00ebs nuk do t\u00eb ket\u00eb drejtp\u00ebrdrejt pages\u00eb t\u00eb menj\u00ebhershme prej 65 milion\u00eb eurosh n\u00eb FMN duke theksuar se Kosova mund t\u00eb t\u00ebrheq kredi t\u00eb buta nga FMN-ja.<\/p>\n<p>Po ashtu ministri Shala ka deklaruar q\u00eb Kosova q\u00eb nga momenti i konfirmimit do t\u00eb jet\u00eb an\u00ebtare e barabart\u00eb me t\u00eb gjitha shtetet tjera n\u00eb FMN. Shala vler\u00ebsoi se an\u00ebtar\u00ebsimi i Kosov\u00ebs n\u00eb FMN \u00ebsht\u00eb parakusht p\u00ebr an\u00ebtar\u00ebsim n\u00eb \u00e7do institucion tjet\u00ebr financiar nd\u00ebrkomb\u00ebtar. Sipas tij an\u00ebtar\u00ebsimi n\u00eb fond hap dyert p\u00ebr an\u00ebtar\u00ebsim edhe n\u00eb Bank\u00ebn Bot\u00ebrore.<\/p>\n<p><strong>RTK<\/strong><\/p>\n<p><strong><!--YouTube Error: bad URL entered--><br \/>\n<\/strong><\/p>\n","protected":false},"excerpt":{"rendered":"<p>Kosova ka fituar vota t\u00eb mjaftueshme p\u00ebr an\u00ebtar\u00ebsim n\u00eb Fondin Monetar Nd\u00ebrkomb\u00ebtar. Nga 185 vende an\u00ebtare, afro 100 vende kan\u00eb votuar p\u00ebr pranimin e Kosov\u00ebs. Rezultatet e votimit do t\u2019i paraqiten sot Bordit t\u00eb Drejtor\u00ebve Ekzekutiv\u00eb, nd\u00ebrsa zyrtarisht do t\u00eb b\u00ebhet i ditur t\u00eb premten. N\u00eb nj\u00eb konferenc\u00eb p\u00ebr media, Ministri i Ekonomis\u00eb Ahmet Shala [&hellip;]<\/p>\n","protected":false},"author":1,"featured_media":0,"comment_status":"open","ping_status":"closed","sticky":false,"template":"","format":"standard","meta":{"spay_email":"","jetpack_publicize_message":"","jetpack_is_tweetstorm":false,"jetpack_publicize_feature_enabled":true},"categories":[14],"tags":[10010,49],"jetpack_publicize_connections":[],"yoast_head":"<!-- This site is optimized with the Yoast SEO plugin v19.1 - https:\/\/yoast.com\/wordpress\/plugins\/seo\/ -->\n<title>Kosova- an\u00ebtare e Fondit Monetar Nd\u00ebrkomb\u00ebtar - Lajme nga Ulqini<\/title>\n<meta name=\"description\" content=\"Kosova ka fituar vota t\u00eb mjaftueshme p\u00ebr an\u00ebtar\u00ebsim n\u00eb Fondin Monetar Nd\u00ebrkomb\u00ebtar. Nga 185 vende an\u00ebtare, afro 100 vende kan\u00eb votuar p\u00ebr pranimin e\" \/>\n<meta name=\"robots\" content=\"index, follow, max-snippet:-1, max-image-preview:large, max-video-preview:-1\" \/>\n<link rel=\"canonical\" href=\"https:\/\/www.visit-ulcinj.com\/blog\/2009\/05\/06\/kosova-anetare-e-fondit-monetar-nderkombetar\/\" \/>\n<meta property=\"og:locale\" content=\"en_US\" \/>\n<meta property=\"og:type\" content=\"article\" \/>\n<meta property=\"og:title\" content=\"Kosova- an\u00ebtare e Fondit Monetar Nd\u00ebrkomb\u00ebtar - Lajme nga Ulqini\" \/>\n<meta property=\"og:description\" content=\"Kosova ka fituar vota t\u00eb mjaftueshme p\u00ebr an\u00ebtar\u00ebsim n\u00eb Fondin Monetar Nd\u00ebrkomb\u00ebtar. Nga 185 vende an\u00ebtare, afro 100 vende kan\u00eb votuar p\u00ebr pranimin e\" \/>\n<meta property=\"og:url\" content=\"https:\/\/www.visit-ulcinj.com\/blog\/2009\/05\/06\/kosova-anetare-e-fondit-monetar-nderkombetar\/\" \/>\n<meta property=\"og:site_name\" content=\"Lajme nga Ulqini\" \/>\n<meta property=\"article:published_time\" content=\"2009-05-06T19:37:39+00:00\" \/>\n<meta property=\"article:modified_time\" content=\"2009-05-08T15:56:33+00:00\" \/>\n<meta property=\"og:image\" content=\"http:\/\/www.visit-ulcinj.com\/blog\/wp-content\/uploads\/2009\/05\/fondit-monetar-nderkombetar.jpg\" \/>\n<meta name=\"twitter:label1\" content=\"Written by\" \/>\n\t<meta name=\"twitter:data1\" content=\"ulqini\" \/>\n\t<meta name=\"twitter:label2\" content=\"Est. reading time\" \/>\n\t<meta name=\"twitter:data2\" content=\"1 minute\" \/>\n<script type=\"application\/ld+json\" class=\"yoast-schema-graph\">{\"@context\":\"https:\/\/schema.org\",\"@graph\":[{\"@type\":\"WebSite\",\"@id\":\"https:\/\/www.visit-ulcinj.com\/blog\/#website\",\"url\":\"https:\/\/www.visit-ulcinj.com\/blog\/\",\"name\":\"Lajme nga Ulqini\",\"description\":\"Lajme,Vijesti,Ulqini,Ulqin,Crna Gora,Mali i Zi\",\"potentialAction\":[{\"@type\":\"SearchAction\",\"target\":{\"@type\":\"EntryPoint\",\"urlTemplate\":\"https:\/\/www.visit-ulcinj.com\/blog\/?s={search_term_string}\"},\"query-input\":\"required name=search_term_string\"}],\"inLanguage\":\"en-US\"},{\"@type\":\"ImageObject\",\"inLanguage\":\"en-US\",\"@id\":\"https:\/\/www.visit-ulcinj.com\/blog\/2009\/05\/06\/kosova-anetare-e-fondit-monetar-nderkombetar\/#primaryimage\",\"url\":\"http:\/\/www.visit-ulcinj.com\/blog\/wp-content\/uploads\/2009\/05\/fondit-monetar-nderkombetar.jpg\",\"contentUrl\":\"http:\/\/www.visit-ulcinj.com\/blog\/wp-content\/uploads\/2009\/05\/fondit-monetar-nderkombetar.jpg\"},{\"@type\":\"WebPage\",\"@id\":\"https:\/\/www.visit-ulcinj.com\/blog\/2009\/05\/06\/kosova-anetare-e-fondit-monetar-nderkombetar\/#webpage\",\"url\":\"https:\/\/www.visit-ulcinj.com\/blog\/2009\/05\/06\/kosova-anetare-e-fondit-monetar-nderkombetar\/\",\"name\":\"Kosova- an\u00ebtare e Fondit Monetar Nd\u00ebrkomb\u00ebtar - Lajme nga Ulqini\",\"isPartOf\":{\"@id\":\"https:\/\/www.visit-ulcinj.com\/blog\/#website\"},\"primaryImageOfPage\":{\"@id\":\"https:\/\/www.visit-ulcinj.com\/blog\/2009\/05\/06\/kosova-anetare-e-fondit-monetar-nderkombetar\/#primaryimage\"},\"datePublished\":\"2009-05-06T19:37:39+00:00\",\"dateModified\":\"2009-05-08T15:56:33+00:00\",\"author\":{\"@id\":\"https:\/\/www.visit-ulcinj.com\/blog\/#\/schema\/person\/dcab619c614d3038751c63bc2aadc06d\"},\"description\":\"Kosova ka fituar vota t\u00eb mjaftueshme p\u00ebr an\u00ebtar\u00ebsim n\u00eb Fondin Monetar Nd\u00ebrkomb\u00ebtar. Nga 185 vende an\u00ebtare, afro 100 vende kan\u00eb votuar p\u00ebr pranimin e\",\"breadcrumb\":{\"@id\":\"https:\/\/www.visit-ulcinj.com\/blog\/2009\/05\/06\/kosova-anetare-e-fondit-monetar-nderkombetar\/#breadcrumb\"},\"inLanguage\":\"en-US\",\"potentialAction\":[{\"@type\":\"ReadAction\",\"target\":[\"https:\/\/www.visit-ulcinj.com\/blog\/2009\/05\/06\/kosova-anetare-e-fondit-monetar-nderkombetar\/\"]}]},{\"@type\":\"BreadcrumbList\",\"@id\":\"https:\/\/www.visit-ulcinj.com\/blog\/2009\/05\/06\/kosova-anetare-e-fondit-monetar-nderkombetar\/#breadcrumb\",\"itemListElement\":[{\"@type\":\"ListItem\",\"position\":1,\"name\":\"Kosova- an\u00ebtare e Fondit Monetar Nd\u00ebrkomb\u00ebtar\"}]},{\"@type\":\"Person\",\"@id\":\"https:\/\/www.visit-ulcinj.com\/blog\/#\/schema\/person\/dcab619c614d3038751c63bc2aadc06d\",\"name\":\"ulqini\",\"sameAs\":[\"http:\/\/www.visit-ulcinj.com\"],\"url\":\"https:\/\/www.visit-ulcinj.com\/blog\/author\/admin\/\"}]}<\/script>\n<!-- \/ Yoast SEO plugin. -->","yoast_head_json":{"title":"Kosova- an\u00ebtare e Fondit Monetar Nd\u00ebrkomb\u00ebtar - Lajme nga Ulqini","description":"Kosova ka fituar vota t\u00eb mjaftueshme p\u00ebr an\u00ebtar\u00ebsim n\u00eb Fondin Monetar Nd\u00ebrkomb\u00ebtar. Nga 185 vende an\u00ebtare, afro 100 vende kan\u00eb votuar p\u00ebr pranimin e","robots":{"index":"index","follow":"follow","max-snippet":"max-snippet:-1","max-image-preview":"max-image-preview:large","max-video-preview":"max-video-preview:-1"},"canonical":"https:\/\/www.visit-ulcinj.com\/blog\/2009\/05\/06\/kosova-anetare-e-fondit-monetar-nderkombetar\/","og_locale":"en_US","og_type":"article","og_title":"Kosova- an\u00ebtare e Fondit Monetar Nd\u00ebrkomb\u00ebtar - Lajme nga Ulqini","og_description":"Kosova ka fituar vota t\u00eb mjaftueshme p\u00ebr an\u00ebtar\u00ebsim n\u00eb Fondin Monetar Nd\u00ebrkomb\u00ebtar. Nga 185 vende an\u00ebtare, afro 100 vende kan\u00eb votuar p\u00ebr pranimin e","og_url":"https:\/\/www.visit-ulcinj.com\/blog\/2009\/05\/06\/kosova-anetare-e-fondit-monetar-nderkombetar\/","og_site_name":"Lajme nga Ulqini","article_published_time":"2009-05-06T19:37:39+00:00","article_modified_time":"2009-05-08T15:56:33+00:00","og_image":[{"url":"http:\/\/www.visit-ulcinj.com\/blog\/wp-content\/uploads\/2009\/05\/fondit-monetar-nderkombetar.jpg"}],"twitter_misc":{"Written by":"ulqini","Est. reading time":"1 minute"},"schema":{"@context":"https:\/\/schema.org","@graph":[{"@type":"WebSite","@id":"https:\/\/www.visit-ulcinj.com\/blog\/#website","url":"https:\/\/www.visit-ulcinj.com\/blog\/","name":"Lajme nga Ulqini","description":"Lajme,Vijesti,Ulqini,Ulqin,Crna Gora,Mali i Zi","potentialAction":[{"@type":"SearchAction","target":{"@type":"EntryPoint","urlTemplate":"https:\/\/www.visit-ulcinj.com\/blog\/?s={search_term_string}"},"query-input":"required name=search_term_string"}],"inLanguage":"en-US"},{"@type":"ImageObject","inLanguage":"en-US","@id":"https:\/\/www.visit-ulcinj.com\/blog\/2009\/05\/06\/kosova-anetare-e-fondit-monetar-nderkombetar\/#primaryimage","url":"http:\/\/www.visit-ulcinj.com\/blog\/wp-content\/uploads\/2009\/05\/fondit-monetar-nderkombetar.jpg","contentUrl":"http:\/\/www.visit-ulcinj.com\/blog\/wp-content\/uploads\/2009\/05\/fondit-monetar-nderkombetar.jpg"},{"@type":"WebPage","@id":"https:\/\/www.visit-ulcinj.com\/blog\/2009\/05\/06\/kosova-anetare-e-fondit-monetar-nderkombetar\/#webpage","url":"https:\/\/www.visit-ulcinj.com\/blog\/2009\/05\/06\/kosova-anetare-e-fondit-monetar-nderkombetar\/","name":"Kosova- an\u00ebtare e Fondit Monetar Nd\u00ebrkomb\u00ebtar - Lajme nga Ulqini","isPartOf":{"@id":"https:\/\/www.visit-ulcinj.com\/blog\/#website"},"primaryImageOfPage":{"@id":"https:\/\/www.visit-ulcinj.com\/blog\/2009\/05\/06\/kosova-anetare-e-fondit-monetar-nderkombetar\/#primaryimage"},"datePublished":"2009-05-06T19:37:39+00:00","dateModified":"2009-05-08T15:56:33+00:00","author":{"@id":"https:\/\/www.visit-ulcinj.com\/blog\/#\/schema\/person\/dcab619c614d3038751c63bc2aadc06d"},"description":"Kosova ka fituar vota t\u00eb mjaftueshme p\u00ebr an\u00ebtar\u00ebsim n\u00eb Fondin Monetar Nd\u00ebrkomb\u00ebtar. Nga 185 vende an\u00ebtare, afro 100 vende kan\u00eb votuar p\u00ebr pranimin e","breadcrumb":{"@id":"https:\/\/www.visit-ulcinj.com\/blog\/2009\/05\/06\/kosova-anetare-e-fondit-monetar-nderkombetar\/#breadcrumb"},"inLanguage":"en-US","potentialAction":[{"@type":"ReadAction","target":["https:\/\/www.visit-ulcinj.com\/blog\/2009\/05\/06\/kosova-anetare-e-fondit-monetar-nderkombetar\/"]}]},{"@type":"BreadcrumbList","@id":"https:\/\/www.visit-ulcinj.com\/blog\/2009\/05\/06\/kosova-anetare-e-fondit-monetar-nderkombetar\/#breadcrumb","itemListElement":[{"@type":"ListItem","position":1,"name":"Kosova- an\u00ebtare e Fondit Monetar Nd\u00ebrkomb\u00ebtar"}]},{"@type":"Person","@id":"https:\/\/www.visit-ulcinj.com\/blog\/#\/schema\/person\/dcab619c614d3038751c63bc2aadc06d","name":"ulqini","sameAs":["http:\/\/www.visit-ulcinj.com"],"url":"https:\/\/www.visit-ulcinj.com\/blog\/author\/admin\/"}]}},"jetpack_featured_media_url":"","jetpack_sharing_enabled":true,"jetpack_shortlink":"https:\/\/wp.me\/pe6lTn-5i3","_links":{"self":[{"href":"https:\/\/www.visit-ulcinj.com\/blog\/wp-json\/wp\/v2\/posts\/20339"}],"collection":[{"href":"https:\/\/www.visit-ulcinj.com\/blog\/wp-json\/wp\/v2\/posts"}],"about":[{"href":"https:\/\/www.visit-ulcinj.com\/blog\/wp-json\/wp\/v2\/types\/post"}],"author":[{"embeddable":true,"href":"https:\/\/www.visit-ulcinj.com\/blog\/wp-json\/wp\/v2\/users\/1"}],"replies":[{"embeddable":true,"href":"https:\/\/www.visit-ulcinj.com\/blog\/wp-json\/wp\/v2\/comments?post=20339"}],"version-history":[{"count":0,"href":"https:\/\/www.visit-ulcinj.com\/blog\/wp-json\/wp\/v2\/posts\/20339\/revisions"}],"wp:attachment":[{"href":"https:\/\/www.visit-ulcinj.com\/blog\/wp-json\/wp\/v2\/media?parent=20339"}],"wp:term":[{"taxonomy":"category","embeddable":true,"href":"https:\/\/www.visit-ulcinj.com\/blog\/wp-json\/wp\/v2\/categories?post=20339"},{"taxonomy":"post_tag","embeddable":true,"href":"https:\/\/www.visit-ulcinj.com\/blog\/wp-json\/wp\/v2\/tags?post=20339"}],"curies":[{"name":"wp","href":"https:\/\/api.w.org\/{rel}","templated":true}]}}