{"id":20344,"date":"2009-05-06T21:47:48","date_gmt":"2009-05-06T19:47:48","guid":{"rendered":"http:\/\/www.visit-ulcinj.com\/blog\/?p=20344"},"modified":"2009-05-06T22:00:24","modified_gmt":"2009-05-06T20:00:24","slug":"agim-ceku-vazhdon-te-qendroje-ne-nje-hotel-ne-kolumbi-%e2%80%93-serbia-kerkon-arrestimin-e-tij","status":"publish","type":"post","link":"https:\/\/www.visit-ulcinj.com\/blog\/2009\/05\/06\/agim-ceku-vazhdon-te-qendroje-ne-nje-hotel-ne-kolumbi-%e2%80%93-serbia-kerkon-arrestimin-e-tij\/","title":{"rendered":"Agim \u00c7eku, vazhdon t\u00eb q\u00ebndroj\u00eb n\u00eb nj\u00eb hotel n\u00eb Kolumbi \u2013 Serbia k\u00ebrkon arrestimin e tij"},"content":{"rendered":"<p><a rel=\"attachment wp-att-20347\" href=\"http:\/\/www.visit-ulcinj.com\/blog\/2009\/05\/06\/agim-ceku-vazhdon-te-qendroje-ne-nje-hotel-ne-kolumbi-%e2%80%93-serbia-kerkon-arrestimin-e-tij\/russia-kosovo-diplomacy-ceku\/\"><img loading=\"lazy\" class=\"alignnone size-full wp-image-20347\" title=\"RUSSIA-KOSOVO-DIPLOMACY-CEKU\" src=\"http:\/\/www.visit-ulcinj.com\/blog\/wp-content\/uploads\/2009\/05\/agim-ceku.jpg\" alt=\"SERBIA-RUSSIA-KOSOVO-DIPLOMACY-CEKU\" width=\"580\" height=\"375\" \/><\/a>Serbia vazhdon ta ndjek\u00eb ish-shefin e Shtabit t\u00eb P\u00ebrgjithsh\u00ebm t\u00eb U\u00c7K-s\u00eb, Agim \u00c7eku. N\u00eb p\u00ebrfundim t\u00eb q\u00ebndrimit t\u00eb tij n\u00eb Kartahena t\u00eb Kolumbis\u00eb, autoritetet e Beogradit kan\u00eb k\u00ebrkuar nga ato kolumbiane q\u00eb ta arrestojn\u00eb \u00c7ekun, n\u00eb baz\u00eb t\u00eb nj\u00eb fletarrestimi t\u00eb l\u00ebshuar nga ta n\u00eb 2002-\u00ebn. Burime diplomatike n\u00eb Kosov\u00eb i kan\u00eb th\u00ebn\u00eb Kohavisionit paradite se \u00c7eku \u00ebsht\u00eb ndaluar n\u00eb shtetin kolumbian dhe po q\u00ebndron n\u00eb hotel. Por, Partia Social Demokrate t\u00eb cil\u00ebn e udh\u00ebheq \u00c7eku thot\u00eb se Policia e Kolumbis\u00eb nuk e ka zbatuar k\u00ebrkes\u00ebn e shtetit serb, pasi ka kontaktuar me k\u00ebt\u00eb \u00e7\u00ebshtje me INTERPOL-in. Sipas Kasapollit, \u00c7eku vazhdon t\u00eb q\u00ebndroj\u00eb pa asnj\u00eb problem n\u00eb Kolumbi dhe do t\u00eb niset p\u00ebr n\u00eb Kosov\u00eb nes\u00ebr n\u00eb mesdit\u00eb, sipas koh\u00ebs son\u00eb. Policia e Kosov\u00ebs ka th\u00ebn\u00eb se nuk ka asnj\u00eb informacion nga autoritetet kolumbiane p\u00ebr k\u00ebt\u00eb \u00e7\u00ebshtje, dhe ka kontaktuar me Zyr\u00ebn nd\u00ebrlidh\u00ebse t\u00eb INTERPOL-it p\u00ebr t\u00eb v\u00ebrtetuar se \u00ebsht\u00eb suspenduar fletarrestimi p\u00ebr \u00c7ekun. Nd\u00ebrkoh\u00eb, Ministria e Jashtme e Kosov\u00ebs, sipas z\u00ebdh\u00ebn\u00ebses Albana Beqiri, nuk ka marr\u00eb asnj\u00eb informacion p\u00ebr k\u00ebt\u00eb as nga ministria p\u00ebrkat\u00ebse n\u00eb Bogota, dhe as nga PSD-ja. \u00c7eku ka marr\u00eb pjes\u00eb n\u00eb nj\u00eb konferenc\u00eb nd\u00ebrkomb\u00ebtare p\u00ebr armatimin, duke folur i pari n\u00eb t\u00eb. Gjat\u00eb vizit\u00ebs s\u00eb tij n\u00eb Kolumbi, \u00c7eku mes tjerash ka folur edhe p\u00ebr gazet\u00ebn \u201cEl Espectador\u201d, ku e ka mbrojtur luft\u00ebn p\u00ebr pavar\u00ebsi t\u00eb Kosov\u00ebs. \u201cIshte \u00e7\u00ebshtje nderi, sepse arrit\u00ebm q\u00ebllimin q\u00eb shum\u00eb gjenerata e kishin k\u00ebrkuar\u201d, ka th\u00ebn\u00eb \u00c7eku. Ai gjithashtu ka folur p\u00ebr integrimin e serb\u00ebve n\u00eb shoq\u00ebrin\u00eb kosovare, dhe ka p\u00ebrmendur mes tjerash se dy ministra serb\u00eb jan\u00eb pjes\u00eb e Qeveris\u00eb. Kjo nuk \u00ebsht\u00eb hera e par\u00eb q\u00eb \u00c7ekut i del problem me udh\u00ebtime nd\u00ebrkomb\u00ebtare. Para disa vjet\u00ebsh ai ishte ndaluar n\u00eb Slloveni dhe ishte liruar brenda pak or\u00ebsh.<\/p>\n<p><strong>KTV<\/strong><\/p>\n<p><strong>Video shikohet vetem me internet Explorer:<br \/>\n<\/strong><\/p>\n<p><strong><object classid=\"clsid:6bf52a52-394a-11d3-b153-00c04f79faa6\" width=\"400\" height=\"300\" codebase=\"http:\/\/activex.microsoft.com\/activex\/controls\/mplayer\/en\/nsmp2inf.cab#Version=5,1,52,701\"><param name=\"url\" value=\"ftp:\/\/82.114.77.27\/pub\/2009\/lajmet_maj\/lajmet060509.wmv\" \/><param name=\"url\" value=\"ftp:\/\/82.114.77.27\/pub\/2009\/lajmet_maj\/lajmet060509.wmv\" \/><\/object><br \/>\n<\/strong><\/p>\n","protected":false},"excerpt":{"rendered":"<p>Serbia vazhdon ta ndjek\u00eb ish-shefin e Shtabit t\u00eb P\u00ebrgjithsh\u00ebm t\u00eb U\u00c7K-s\u00eb, Agim \u00c7eku. N\u00eb p\u00ebrfundim t\u00eb q\u00ebndrimit t\u00eb tij n\u00eb Kartahena t\u00eb Kolumbis\u00eb, autoritetet e Beogradit kan\u00eb k\u00ebrkuar nga ato kolumbiane q\u00eb ta arrestojn\u00eb \u00c7ekun, n\u00eb baz\u00eb t\u00eb nj\u00eb fletarrestimi t\u00eb l\u00ebshuar nga ta n\u00eb 2002-\u00ebn. Burime diplomatike n\u00eb Kosov\u00eb i kan\u00eb th\u00ebn\u00eb Kohavisionit paradite [&hellip;]<\/p>\n","protected":false},"author":1,"featured_media":0,"comment_status":"open","ping_status":"closed","sticky":false,"template":"","format":"standard","meta":{"spay_email":"","jetpack_publicize_message":"","jetpack_is_tweetstorm":false,"jetpack_publicize_feature_enabled":true},"categories":[14],"tags":[931,4510,10017,10018,10015,10016,10014,10019],"jetpack_publicize_connections":[],"yoast_head":"<!-- This site is optimized with the Yoast SEO plugin v19.1 - https:\/\/yoast.com\/wordpress\/plugins\/seo\/ -->\n<title>Agim \u00c7eku, vazhdon t\u00eb q\u00ebndroj\u00eb n\u00eb nj\u00eb hotel n\u00eb Kolumbi \u2013 Serbia k\u00ebrkon arrestimin e tij - Lajme nga Ulqini<\/title>\n<meta name=\"description\" content=\"Serbia vazhdon ta ndjek\u00eb ish-shefin e Shtabit t\u00eb P\u00ebrgjithsh\u00ebm t\u00eb U\u00c7K-s\u00eb, Agim \u00c7eku. N\u00eb p\u00ebrfundim t\u00eb q\u00ebndrimit t\u00eb tij n\u00eb Kartahena t\u00eb Kolumbis\u00eb,\" \/>\n<meta name=\"robots\" content=\"index, follow, max-snippet:-1, max-image-preview:large, max-video-preview:-1\" \/>\n<link rel=\"canonical\" href=\"https:\/\/www.visit-ulcinj.com\/blog\/2009\/05\/06\/agim-ceku-vazhdon-te-qendroje-ne-nje-hotel-ne-kolumbi-\u2013-serbia-kerkon-arrestimin-e-tij\/\" \/>\n<meta property=\"og:locale\" content=\"en_US\" \/>\n<meta property=\"og:type\" content=\"article\" \/>\n<meta property=\"og:title\" content=\"Agim \u00c7eku, vazhdon t\u00eb q\u00ebndroj\u00eb n\u00eb nj\u00eb hotel n\u00eb Kolumbi \u2013 Serbia k\u00ebrkon arrestimin e tij - Lajme nga Ulqini\" \/>\n<meta property=\"og:description\" content=\"Serbia vazhdon ta ndjek\u00eb ish-shefin e Shtabit t\u00eb P\u00ebrgjithsh\u00ebm t\u00eb U\u00c7K-s\u00eb, Agim \u00c7eku. N\u00eb p\u00ebrfundim t\u00eb q\u00ebndrimit t\u00eb tij n\u00eb Kartahena t\u00eb Kolumbis\u00eb,\" \/>\n<meta property=\"og:url\" content=\"https:\/\/www.visit-ulcinj.com\/blog\/2009\/05\/06\/agim-ceku-vazhdon-te-qendroje-ne-nje-hotel-ne-kolumbi-\u2013-serbia-kerkon-arrestimin-e-tij\/\" \/>\n<meta property=\"og:site_name\" content=\"Lajme nga Ulqini\" \/>\n<meta property=\"article:published_time\" content=\"2009-05-06T19:47:48+00:00\" \/>\n<meta property=\"article:modified_time\" content=\"2009-05-06T20:00:24+00:00\" \/>\n<meta property=\"og:image\" content=\"http:\/\/www.visit-ulcinj.com\/blog\/wp-content\/uploads\/2009\/05\/agim-ceku.jpg\" \/>\n<meta name=\"twitter:label1\" content=\"Written by\" \/>\n\t<meta name=\"twitter:data1\" content=\"ulqini\" \/>\n\t<meta name=\"twitter:label2\" content=\"Est. reading time\" \/>\n\t<meta name=\"twitter:data2\" content=\"2 minutes\" \/>\n<script type=\"application\/ld+json\" class=\"yoast-schema-graph\">{\"@context\":\"https:\/\/schema.org\",\"@graph\":[{\"@type\":\"WebSite\",\"@id\":\"https:\/\/www.visit-ulcinj.com\/blog\/#website\",\"url\":\"https:\/\/www.visit-ulcinj.com\/blog\/\",\"name\":\"Lajme nga Ulqini\",\"description\":\"Lajme,Vijesti,Ulqini,Ulqin,Crna Gora,Mali i Zi\",\"potentialAction\":[{\"@type\":\"SearchAction\",\"target\":{\"@type\":\"EntryPoint\",\"urlTemplate\":\"https:\/\/www.visit-ulcinj.com\/blog\/?s={search_term_string}\"},\"query-input\":\"required name=search_term_string\"}],\"inLanguage\":\"en-US\"},{\"@type\":\"ImageObject\",\"inLanguage\":\"en-US\",\"@id\":\"https:\/\/www.visit-ulcinj.com\/blog\/2009\/05\/06\/agim-ceku-vazhdon-te-qendroje-ne-nje-hotel-ne-kolumbi-%e2%80%93-serbia-kerkon-arrestimin-e-tij\/#primaryimage\",\"url\":\"http:\/\/www.visit-ulcinj.com\/blog\/wp-content\/uploads\/2009\/05\/agim-ceku.jpg\",\"contentUrl\":\"http:\/\/www.visit-ulcinj.com\/blog\/wp-content\/uploads\/2009\/05\/agim-ceku.jpg\"},{\"@type\":\"WebPage\",\"@id\":\"https:\/\/www.visit-ulcinj.com\/blog\/2009\/05\/06\/agim-ceku-vazhdon-te-qendroje-ne-nje-hotel-ne-kolumbi-%e2%80%93-serbia-kerkon-arrestimin-e-tij\/#webpage\",\"url\":\"https:\/\/www.visit-ulcinj.com\/blog\/2009\/05\/06\/agim-ceku-vazhdon-te-qendroje-ne-nje-hotel-ne-kolumbi-%e2%80%93-serbia-kerkon-arrestimin-e-tij\/\",\"name\":\"Agim \u00c7eku, vazhdon t\u00eb q\u00ebndroj\u00eb n\u00eb nj\u00eb hotel n\u00eb Kolumbi \u2013 Serbia k\u00ebrkon arrestimin e tij - Lajme nga Ulqini\",\"isPartOf\":{\"@id\":\"https:\/\/www.visit-ulcinj.com\/blog\/#website\"},\"primaryImageOfPage\":{\"@id\":\"https:\/\/www.visit-ulcinj.com\/blog\/2009\/05\/06\/agim-ceku-vazhdon-te-qendroje-ne-nje-hotel-ne-kolumbi-%e2%80%93-serbia-kerkon-arrestimin-e-tij\/#primaryimage\"},\"datePublished\":\"2009-05-06T19:47:48+00:00\",\"dateModified\":\"2009-05-06T20:00:24+00:00\",\"author\":{\"@id\":\"https:\/\/www.visit-ulcinj.com\/blog\/#\/schema\/person\/dcab619c614d3038751c63bc2aadc06d\"},\"description\":\"Serbia vazhdon ta ndjek\u00eb ish-shefin e Shtabit t\u00eb P\u00ebrgjithsh\u00ebm t\u00eb U\u00c7K-s\u00eb, Agim \u00c7eku. N\u00eb p\u00ebrfundim t\u00eb q\u00ebndrimit t\u00eb tij n\u00eb Kartahena t\u00eb Kolumbis\u00eb,\",\"breadcrumb\":{\"@id\":\"https:\/\/www.visit-ulcinj.com\/blog\/2009\/05\/06\/agim-ceku-vazhdon-te-qendroje-ne-nje-hotel-ne-kolumbi-%e2%80%93-serbia-kerkon-arrestimin-e-tij\/#breadcrumb\"},\"inLanguage\":\"en-US\",\"potentialAction\":[{\"@type\":\"ReadAction\",\"target\":[\"https:\/\/www.visit-ulcinj.com\/blog\/2009\/05\/06\/agim-ceku-vazhdon-te-qendroje-ne-nje-hotel-ne-kolumbi-%e2%80%93-serbia-kerkon-arrestimin-e-tij\/\"]}]},{\"@type\":\"BreadcrumbList\",\"@id\":\"https:\/\/www.visit-ulcinj.com\/blog\/2009\/05\/06\/agim-ceku-vazhdon-te-qendroje-ne-nje-hotel-ne-kolumbi-%e2%80%93-serbia-kerkon-arrestimin-e-tij\/#breadcrumb\",\"itemListElement\":[{\"@type\":\"ListItem\",\"position\":1,\"name\":\"Agim \u00c7eku, vazhdon t\u00eb q\u00ebndroj\u00eb n\u00eb nj\u00eb hotel n\u00eb Kolumbi \u2013 Serbia k\u00ebrkon arrestimin e tij\"}]},{\"@type\":\"Person\",\"@id\":\"https:\/\/www.visit-ulcinj.com\/blog\/#\/schema\/person\/dcab619c614d3038751c63bc2aadc06d\",\"name\":\"ulqini\",\"sameAs\":[\"http:\/\/www.visit-ulcinj.com\"],\"url\":\"https:\/\/www.visit-ulcinj.com\/blog\/author\/admin\/\"}]}<\/script>\n<!-- \/ Yoast SEO plugin. -->","yoast_head_json":{"title":"Agim \u00c7eku, vazhdon t\u00eb q\u00ebndroj\u00eb n\u00eb nj\u00eb hotel n\u00eb Kolumbi \u2013 Serbia k\u00ebrkon arrestimin e tij - Lajme nga Ulqini","description":"Serbia vazhdon ta ndjek\u00eb ish-shefin e Shtabit t\u00eb P\u00ebrgjithsh\u00ebm t\u00eb U\u00c7K-s\u00eb, Agim \u00c7eku. N\u00eb p\u00ebrfundim t\u00eb q\u00ebndrimit t\u00eb tij n\u00eb Kartahena t\u00eb Kolumbis\u00eb,","robots":{"index":"index","follow":"follow","max-snippet":"max-snippet:-1","max-image-preview":"max-image-preview:large","max-video-preview":"max-video-preview:-1"},"canonical":"https:\/\/www.visit-ulcinj.com\/blog\/2009\/05\/06\/agim-ceku-vazhdon-te-qendroje-ne-nje-hotel-ne-kolumbi-\u2013-serbia-kerkon-arrestimin-e-tij\/","og_locale":"en_US","og_type":"article","og_title":"Agim \u00c7eku, vazhdon t\u00eb q\u00ebndroj\u00eb n\u00eb nj\u00eb hotel n\u00eb Kolumbi \u2013 Serbia k\u00ebrkon arrestimin e tij - Lajme nga Ulqini","og_description":"Serbia vazhdon ta ndjek\u00eb ish-shefin e Shtabit t\u00eb P\u00ebrgjithsh\u00ebm t\u00eb U\u00c7K-s\u00eb, Agim \u00c7eku. N\u00eb p\u00ebrfundim t\u00eb q\u00ebndrimit t\u00eb tij n\u00eb Kartahena t\u00eb Kolumbis\u00eb,","og_url":"https:\/\/www.visit-ulcinj.com\/blog\/2009\/05\/06\/agim-ceku-vazhdon-te-qendroje-ne-nje-hotel-ne-kolumbi-\u2013-serbia-kerkon-arrestimin-e-tij\/","og_site_name":"Lajme nga Ulqini","article_published_time":"2009-05-06T19:47:48+00:00","article_modified_time":"2009-05-06T20:00:24+00:00","og_image":[{"url":"http:\/\/www.visit-ulcinj.com\/blog\/wp-content\/uploads\/2009\/05\/agim-ceku.jpg"}],"twitter_misc":{"Written by":"ulqini","Est. reading time":"2 minutes"},"schema":{"@context":"https:\/\/schema.org","@graph":[{"@type":"WebSite","@id":"https:\/\/www.visit-ulcinj.com\/blog\/#website","url":"https:\/\/www.visit-ulcinj.com\/blog\/","name":"Lajme nga Ulqini","description":"Lajme,Vijesti,Ulqini,Ulqin,Crna Gora,Mali i Zi","potentialAction":[{"@type":"SearchAction","target":{"@type":"EntryPoint","urlTemplate":"https:\/\/www.visit-ulcinj.com\/blog\/?s={search_term_string}"},"query-input":"required name=search_term_string"}],"inLanguage":"en-US"},{"@type":"ImageObject","inLanguage":"en-US","@id":"https:\/\/www.visit-ulcinj.com\/blog\/2009\/05\/06\/agim-ceku-vazhdon-te-qendroje-ne-nje-hotel-ne-kolumbi-%e2%80%93-serbia-kerkon-arrestimin-e-tij\/#primaryimage","url":"http:\/\/www.visit-ulcinj.com\/blog\/wp-content\/uploads\/2009\/05\/agim-ceku.jpg","contentUrl":"http:\/\/www.visit-ulcinj.com\/blog\/wp-content\/uploads\/2009\/05\/agim-ceku.jpg"},{"@type":"WebPage","@id":"https:\/\/www.visit-ulcinj.com\/blog\/2009\/05\/06\/agim-ceku-vazhdon-te-qendroje-ne-nje-hotel-ne-kolumbi-%e2%80%93-serbia-kerkon-arrestimin-e-tij\/#webpage","url":"https:\/\/www.visit-ulcinj.com\/blog\/2009\/05\/06\/agim-ceku-vazhdon-te-qendroje-ne-nje-hotel-ne-kolumbi-%e2%80%93-serbia-kerkon-arrestimin-e-tij\/","name":"Agim \u00c7eku, vazhdon t\u00eb q\u00ebndroj\u00eb n\u00eb nj\u00eb hotel n\u00eb Kolumbi \u2013 Serbia k\u00ebrkon arrestimin e tij - Lajme nga Ulqini","isPartOf":{"@id":"https:\/\/www.visit-ulcinj.com\/blog\/#website"},"primaryImageOfPage":{"@id":"https:\/\/www.visit-ulcinj.com\/blog\/2009\/05\/06\/agim-ceku-vazhdon-te-qendroje-ne-nje-hotel-ne-kolumbi-%e2%80%93-serbia-kerkon-arrestimin-e-tij\/#primaryimage"},"datePublished":"2009-05-06T19:47:48+00:00","dateModified":"2009-05-06T20:00:24+00:00","author":{"@id":"https:\/\/www.visit-ulcinj.com\/blog\/#\/schema\/person\/dcab619c614d3038751c63bc2aadc06d"},"description":"Serbia vazhdon ta ndjek\u00eb ish-shefin e Shtabit t\u00eb P\u00ebrgjithsh\u00ebm t\u00eb U\u00c7K-s\u00eb, Agim \u00c7eku. N\u00eb p\u00ebrfundim t\u00eb q\u00ebndrimit t\u00eb tij n\u00eb Kartahena t\u00eb Kolumbis\u00eb,","breadcrumb":{"@id":"https:\/\/www.visit-ulcinj.com\/blog\/2009\/05\/06\/agim-ceku-vazhdon-te-qendroje-ne-nje-hotel-ne-kolumbi-%e2%80%93-serbia-kerkon-arrestimin-e-tij\/#breadcrumb"},"inLanguage":"en-US","potentialAction":[{"@type":"ReadAction","target":["https:\/\/www.visit-ulcinj.com\/blog\/2009\/05\/06\/agim-ceku-vazhdon-te-qendroje-ne-nje-hotel-ne-kolumbi-%e2%80%93-serbia-kerkon-arrestimin-e-tij\/"]}]},{"@type":"BreadcrumbList","@id":"https:\/\/www.visit-ulcinj.com\/blog\/2009\/05\/06\/agim-ceku-vazhdon-te-qendroje-ne-nje-hotel-ne-kolumbi-%e2%80%93-serbia-kerkon-arrestimin-e-tij\/#breadcrumb","itemListElement":[{"@type":"ListItem","position":1,"name":"Agim \u00c7eku, vazhdon t\u00eb q\u00ebndroj\u00eb n\u00eb nj\u00eb hotel n\u00eb Kolumbi \u2013 Serbia k\u00ebrkon arrestimin e tij"}]},{"@type":"Person","@id":"https:\/\/www.visit-ulcinj.com\/blog\/#\/schema\/person\/dcab619c614d3038751c63bc2aadc06d","name":"ulqini","sameAs":["http:\/\/www.visit-ulcinj.com"],"url":"https:\/\/www.visit-ulcinj.com\/blog\/author\/admin\/"}]}},"jetpack_featured_media_url":"","jetpack_sharing_enabled":true,"jetpack_shortlink":"https:\/\/wp.me\/pe6lTn-5i8","_links":{"self":[{"href":"https:\/\/www.visit-ulcinj.com\/blog\/wp-json\/wp\/v2\/posts\/20344"}],"collection":[{"href":"https:\/\/www.visit-ulcinj.com\/blog\/wp-json\/wp\/v2\/posts"}],"about":[{"href":"https:\/\/www.visit-ulcinj.com\/blog\/wp-json\/wp\/v2\/types\/post"}],"author":[{"embeddable":true,"href":"https:\/\/www.visit-ulcinj.com\/blog\/wp-json\/wp\/v2\/users\/1"}],"replies":[{"embeddable":true,"href":"https:\/\/www.visit-ulcinj.com\/blog\/wp-json\/wp\/v2\/comments?post=20344"}],"version-history":[{"count":0,"href":"https:\/\/www.visit-ulcinj.com\/blog\/wp-json\/wp\/v2\/posts\/20344\/revisions"}],"wp:attachment":[{"href":"https:\/\/www.visit-ulcinj.com\/blog\/wp-json\/wp\/v2\/media?parent=20344"}],"wp:term":[{"taxonomy":"category","embeddable":true,"href":"https:\/\/www.visit-ulcinj.com\/blog\/wp-json\/wp\/v2\/categories?post=20344"},{"taxonomy":"post_tag","embeddable":true,"href":"https:\/\/www.visit-ulcinj.com\/blog\/wp-json\/wp\/v2\/tags?post=20344"}],"curies":[{"name":"wp","href":"https:\/\/api.w.org\/{rel}","templated":true}]}}