{"id":20345,"date":"2009-05-07T14:00:20","date_gmt":"2009-05-07T12:00:20","guid":{"rendered":"http:\/\/www.visit-ulcinj.com\/blog\/?p=20345"},"modified":"2009-05-06T21:44:10","modified_gmt":"2009-05-06T19:44:10","slug":"per-bjordin-te-tjeret-punojne-ti-rri-shtrire","status":"publish","type":"post","link":"https:\/\/www.visit-ulcinj.com\/blog\/2009\/05\/07\/per-bjordin-te-tjeret-punojne-ti-rri-shtrire\/","title":{"rendered":"Per Bjordin : T\u00eb tjer\u00ebt punojn\u00eb , ti rri shtrir\u00eb"},"content":{"rendered":"<p><em><span class=\"newsdate\"><a href=\"http:\/\/www.visit-ulcinj.com\/blog\/wp-content\/uploads\/2009\/05\/adelabjord-punet04.jpg\"><img loading=\"lazy\" class=\"alignleft size-full wp-image-20346\" title=\"adelabjord-punet04-big-brother-albania-2\" src=\"http:\/\/www.visit-ulcinj.com\/blog\/wp-content\/uploads\/2009\/05\/adelabjord-punet04.jpg\" alt=\"adelabjord-punet04-big-brother-albania-2\" width=\"300\" height=\"205\" \/><\/a>04\/05\/09 14:58<\/span><\/em><\/p>\n<p>Adi dhe Adelajda marrin iniciativ\u00ebn p\u00ebr t\u00eb b\u00ebr\u00eb pun\u00ebt e sht\u00ebpis\u00eb dhe p\u00ebr k\u00ebt\u00eb duan t\u00eb angazhojn\u00eb dhe banor\u00ebt e tjer\u00eb. Adi i k\u00ebrkon Arjanit q\u00eb ta ndihmoj\u00eb , por ai nuk pranon duke u shtrir\u00eb n\u00eb kop\u00ebsht. Adi thot\u00eb:-\u201cK\u00ebshtu \u00ebsht\u00eb kur nuk e nominoni!\u201d Fakti q\u00eb jan\u00eb pak veta k\u00ebrkon q\u00eb t\u00eb angazhohen t\u00eb gjith\u00eb n\u00eb pun\u00ebt e sht\u00ebpis\u00eb mendon Adelajda. Mimoza q\u00eb \u00ebsht\u00eb ulur n\u00eb kop\u00ebsht i thot\u00eb q\u00eb t`i l\u00ebn\u00eb p\u00ebr nes\u00ebr n\u00eb m\u00ebngjes , pasi ajo \u00ebsht\u00eb rregulluar dhe nuk pranon t\u00eb b\u00ebj pun\u00eb. Adelajda mendon q\u00eb nuk kan\u00eb ndonj\u00eb gj\u00eb m\u00eb t\u00eb mir\u00eb p\u00ebr t\u00eb b\u00ebr\u00eb. Bjordi preferon q\u00eb t\u00eb shtrihet dhe mos t\u00eb b\u00ebj pun\u00eb. Adelajda p\u00ebrpiqet ta ngrej\u00eb dhe i thot\u00eb:-\u201cT\u00eb tjer\u00ebt b\u00ebjn\u00eb pun\u00eb, ti rri shtrir\u00eb!\u201d<\/p>\n","protected":false},"excerpt":{"rendered":"<p>04\/05\/09 14:58 Adi dhe Adelajda marrin iniciativ\u00ebn p\u00ebr t\u00eb b\u00ebr\u00eb pun\u00ebt e sht\u00ebpis\u00eb dhe p\u00ebr k\u00ebt\u00eb duan t\u00eb angazhojn\u00eb dhe banor\u00ebt e tjer\u00eb. Adi i k\u00ebrkon Arjanit q\u00eb ta ndihmoj\u00eb , por ai nuk pranon duke u shtrir\u00eb n\u00eb kop\u00ebsht. Adi thot\u00eb:-\u201cK\u00ebshtu \u00ebsht\u00eb kur nuk e nominoni!\u201d Fakti q\u00eb jan\u00eb pak veta k\u00ebrkon q\u00eb t\u00eb [&hellip;]<\/p>\n","protected":false},"author":1,"featured_media":0,"comment_status":"open","ping_status":"closed","sticky":false,"template":"","format":"standard","meta":{"spay_email":"","jetpack_publicize_message":"","jetpack_is_tweetstorm":false,"jetpack_publicize_feature_enabled":true},"categories":[6502],"tags":[6529,1414,6520,9121,6522,10012,6544,10011,9751],"jetpack_publicize_connections":[],"yoast_head":"<!-- This site is optimized with the Yoast SEO plugin v19.1 - https:\/\/yoast.com\/wordpress\/plugins\/seo\/ -->\n<title>Per Bjordin : T\u00c3\u00ab tjer\u00c3\u00abt punojn\u00c3\u00ab , ti rri shtrir\u00c3\u00ab | Big Brother Albania 2<\/title>\n<meta name=\"description\" content=\"Big Brother Albania 2 - Adi dhe Adelajda marrin iniciativ\u00c3\u00abn p\u00c3\u00abr t\u00c3\u00ab b\u00c3\u00abr\u00c3\u00ab pun\u00c3\u00abt e sht\u00c3\u00abpis\u00c3\u00ab dhe p\u00c3\u00abr k\u00c3\u00abt\u00c3\u00ab duan t\u00c3\u00ab angazhojn\u00c3\u00ab dhe banor\u00c3\u00abt e tjer\u00c3\u00ab. Adi i k\u00c3\u00abrkon Arjanit q\u00c3\u00ab ta ndihmoj\u00c3\u00ab\" \/>\n<meta name=\"robots\" content=\"index, follow, max-snippet:-1, max-image-preview:large, max-video-preview:-1\" \/>\n<link rel=\"canonical\" href=\"https:\/\/www.visit-ulcinj.com\/blog\/2009\/05\/07\/per-bjordin-te-tjeret-punojne-ti-rri-shtrire\/\" \/>\n<meta property=\"og:locale\" content=\"en_US\" \/>\n<meta property=\"og:type\" content=\"article\" \/>\n<meta property=\"og:title\" content=\"Per Bjordin : T\u00c3\u00ab tjer\u00c3\u00abt punojn\u00c3\u00ab , ti rri shtrir\u00c3\u00ab | Big Brother Albania 2\" \/>\n<meta property=\"og:description\" content=\"Big Brother Albania 2 - Adi dhe Adelajda marrin iniciativ\u00c3\u00abn p\u00c3\u00abr t\u00c3\u00ab b\u00c3\u00abr\u00c3\u00ab pun\u00c3\u00abt e sht\u00c3\u00abpis\u00c3\u00ab dhe p\u00c3\u00abr k\u00c3\u00abt\u00c3\u00ab duan t\u00c3\u00ab angazhojn\u00c3\u00ab dhe banor\u00c3\u00abt e tjer\u00c3\u00ab. Adi i k\u00c3\u00abrkon Arjanit q\u00c3\u00ab ta ndihmoj\u00c3\u00ab\" \/>\n<meta property=\"og:url\" content=\"https:\/\/www.visit-ulcinj.com\/blog\/2009\/05\/07\/per-bjordin-te-tjeret-punojne-ti-rri-shtrire\/\" \/>\n<meta property=\"og:site_name\" content=\"Lajme nga Ulqini\" \/>\n<meta property=\"article:published_time\" content=\"2009-05-07T12:00:20+00:00\" \/>\n<meta property=\"article:modified_time\" content=\"2009-05-06T19:44:10+00:00\" \/>\n<meta property=\"og:image\" content=\"http:\/\/www.visit-ulcinj.com\/blog\/wp-content\/uploads\/2009\/05\/adelabjord-punet04.jpg\" \/>\n<meta name=\"twitter:label1\" content=\"Written by\" \/>\n\t<meta name=\"twitter:data1\" content=\"ulqini\" \/>\n\t<meta name=\"twitter:label2\" content=\"Est. reading time\" \/>\n\t<meta name=\"twitter:data2\" content=\"1 minute\" \/>\n<script type=\"application\/ld+json\" class=\"yoast-schema-graph\">{\"@context\":\"https:\/\/schema.org\",\"@graph\":[{\"@type\":\"WebSite\",\"@id\":\"https:\/\/www.visit-ulcinj.com\/blog\/#website\",\"url\":\"https:\/\/www.visit-ulcinj.com\/blog\/\",\"name\":\"Lajme nga Ulqini\",\"description\":\"Lajme,Vijesti,Ulqini,Ulqin,Crna Gora,Mali i Zi\",\"potentialAction\":[{\"@type\":\"SearchAction\",\"target\":{\"@type\":\"EntryPoint\",\"urlTemplate\":\"https:\/\/www.visit-ulcinj.com\/blog\/?s={search_term_string}\"},\"query-input\":\"required name=search_term_string\"}],\"inLanguage\":\"en-US\"},{\"@type\":\"ImageObject\",\"inLanguage\":\"en-US\",\"@id\":\"https:\/\/www.visit-ulcinj.com\/blog\/2009\/05\/07\/per-bjordin-te-tjeret-punojne-ti-rri-shtrire\/#primaryimage\",\"url\":\"http:\/\/www.visit-ulcinj.com\/blog\/wp-content\/uploads\/2009\/05\/adelabjord-punet04.jpg\",\"contentUrl\":\"http:\/\/www.visit-ulcinj.com\/blog\/wp-content\/uploads\/2009\/05\/adelabjord-punet04.jpg\"},{\"@type\":\"WebPage\",\"@id\":\"https:\/\/www.visit-ulcinj.com\/blog\/2009\/05\/07\/per-bjordin-te-tjeret-punojne-ti-rri-shtrire\/#webpage\",\"url\":\"https:\/\/www.visit-ulcinj.com\/blog\/2009\/05\/07\/per-bjordin-te-tjeret-punojne-ti-rri-shtrire\/\",\"name\":\"Per Bjordin : T\u00c3\u00ab tjer\u00c3\u00abt punojn\u00c3\u00ab , ti rri shtrir\u00c3\u00ab | Big Brother Albania 2\",\"isPartOf\":{\"@id\":\"https:\/\/www.visit-ulcinj.com\/blog\/#website\"},\"primaryImageOfPage\":{\"@id\":\"https:\/\/www.visit-ulcinj.com\/blog\/2009\/05\/07\/per-bjordin-te-tjeret-punojne-ti-rri-shtrire\/#primaryimage\"},\"datePublished\":\"2009-05-07T12:00:20+00:00\",\"dateModified\":\"2009-05-06T19:44:10+00:00\",\"author\":{\"@id\":\"https:\/\/www.visit-ulcinj.com\/blog\/#\/schema\/person\/dcab619c614d3038751c63bc2aadc06d\"},\"description\":\"Big Brother Albania 2 - Adi dhe Adelajda marrin iniciativ\u00c3\u00abn p\u00c3\u00abr t\u00c3\u00ab b\u00c3\u00abr\u00c3\u00ab pun\u00c3\u00abt e sht\u00c3\u00abpis\u00c3\u00ab dhe p\u00c3\u00abr k\u00c3\u00abt\u00c3\u00ab duan t\u00c3\u00ab angazhojn\u00c3\u00ab dhe banor\u00c3\u00abt e tjer\u00c3\u00ab. Adi i k\u00c3\u00abrkon Arjanit q\u00c3\u00ab ta ndihmoj\u00c3\u00ab\",\"breadcrumb\":{\"@id\":\"https:\/\/www.visit-ulcinj.com\/blog\/2009\/05\/07\/per-bjordin-te-tjeret-punojne-ti-rri-shtrire\/#breadcrumb\"},\"inLanguage\":\"en-US\",\"potentialAction\":[{\"@type\":\"ReadAction\",\"target\":[\"https:\/\/www.visit-ulcinj.com\/blog\/2009\/05\/07\/per-bjordin-te-tjeret-punojne-ti-rri-shtrire\/\"]}]},{\"@type\":\"BreadcrumbList\",\"@id\":\"https:\/\/www.visit-ulcinj.com\/blog\/2009\/05\/07\/per-bjordin-te-tjeret-punojne-ti-rri-shtrire\/#breadcrumb\",\"itemListElement\":[{\"@type\":\"ListItem\",\"position\":1,\"name\":\"Per Bjordin : T\u00eb tjer\u00ebt punojn\u00eb , ti rri shtrir\u00eb\"}]},{\"@type\":\"Person\",\"@id\":\"https:\/\/www.visit-ulcinj.com\/blog\/#\/schema\/person\/dcab619c614d3038751c63bc2aadc06d\",\"name\":\"ulqini\",\"sameAs\":[\"http:\/\/www.visit-ulcinj.com\"],\"url\":\"https:\/\/www.visit-ulcinj.com\/blog\/author\/admin\/\"}]}<\/script>\n<!-- \/ Yoast SEO plugin. -->","yoast_head_json":{"title":"Per Bjordin : T\u00c3\u00ab tjer\u00c3\u00abt punojn\u00c3\u00ab , ti rri shtrir\u00c3\u00ab | Big Brother Albania 2","description":"Big Brother Albania 2 - Adi dhe Adelajda marrin iniciativ\u00c3\u00abn p\u00c3\u00abr t\u00c3\u00ab b\u00c3\u00abr\u00c3\u00ab pun\u00c3\u00abt e sht\u00c3\u00abpis\u00c3\u00ab dhe p\u00c3\u00abr k\u00c3\u00abt\u00c3\u00ab duan t\u00c3\u00ab angazhojn\u00c3\u00ab dhe banor\u00c3\u00abt e tjer\u00c3\u00ab. Adi i k\u00c3\u00abrkon Arjanit q\u00c3\u00ab ta ndihmoj\u00c3\u00ab","robots":{"index":"index","follow":"follow","max-snippet":"max-snippet:-1","max-image-preview":"max-image-preview:large","max-video-preview":"max-video-preview:-1"},"canonical":"https:\/\/www.visit-ulcinj.com\/blog\/2009\/05\/07\/per-bjordin-te-tjeret-punojne-ti-rri-shtrire\/","og_locale":"en_US","og_type":"article","og_title":"Per Bjordin : T\u00c3\u00ab tjer\u00c3\u00abt punojn\u00c3\u00ab , ti rri shtrir\u00c3\u00ab | Big Brother Albania 2","og_description":"Big Brother Albania 2 - Adi dhe Adelajda marrin iniciativ\u00c3\u00abn p\u00c3\u00abr t\u00c3\u00ab b\u00c3\u00abr\u00c3\u00ab pun\u00c3\u00abt e sht\u00c3\u00abpis\u00c3\u00ab dhe p\u00c3\u00abr k\u00c3\u00abt\u00c3\u00ab duan t\u00c3\u00ab angazhojn\u00c3\u00ab dhe banor\u00c3\u00abt e tjer\u00c3\u00ab. Adi i k\u00c3\u00abrkon Arjanit q\u00c3\u00ab ta ndihmoj\u00c3\u00ab","og_url":"https:\/\/www.visit-ulcinj.com\/blog\/2009\/05\/07\/per-bjordin-te-tjeret-punojne-ti-rri-shtrire\/","og_site_name":"Lajme nga Ulqini","article_published_time":"2009-05-07T12:00:20+00:00","article_modified_time":"2009-05-06T19:44:10+00:00","og_image":[{"url":"http:\/\/www.visit-ulcinj.com\/blog\/wp-content\/uploads\/2009\/05\/adelabjord-punet04.jpg"}],"twitter_misc":{"Written by":"ulqini","Est. reading time":"1 minute"},"schema":{"@context":"https:\/\/schema.org","@graph":[{"@type":"WebSite","@id":"https:\/\/www.visit-ulcinj.com\/blog\/#website","url":"https:\/\/www.visit-ulcinj.com\/blog\/","name":"Lajme nga Ulqini","description":"Lajme,Vijesti,Ulqini,Ulqin,Crna Gora,Mali i Zi","potentialAction":[{"@type":"SearchAction","target":{"@type":"EntryPoint","urlTemplate":"https:\/\/www.visit-ulcinj.com\/blog\/?s={search_term_string}"},"query-input":"required name=search_term_string"}],"inLanguage":"en-US"},{"@type":"ImageObject","inLanguage":"en-US","@id":"https:\/\/www.visit-ulcinj.com\/blog\/2009\/05\/07\/per-bjordin-te-tjeret-punojne-ti-rri-shtrire\/#primaryimage","url":"http:\/\/www.visit-ulcinj.com\/blog\/wp-content\/uploads\/2009\/05\/adelabjord-punet04.jpg","contentUrl":"http:\/\/www.visit-ulcinj.com\/blog\/wp-content\/uploads\/2009\/05\/adelabjord-punet04.jpg"},{"@type":"WebPage","@id":"https:\/\/www.visit-ulcinj.com\/blog\/2009\/05\/07\/per-bjordin-te-tjeret-punojne-ti-rri-shtrire\/#webpage","url":"https:\/\/www.visit-ulcinj.com\/blog\/2009\/05\/07\/per-bjordin-te-tjeret-punojne-ti-rri-shtrire\/","name":"Per Bjordin : T\u00c3\u00ab tjer\u00c3\u00abt punojn\u00c3\u00ab , ti rri shtrir\u00c3\u00ab | Big Brother Albania 2","isPartOf":{"@id":"https:\/\/www.visit-ulcinj.com\/blog\/#website"},"primaryImageOfPage":{"@id":"https:\/\/www.visit-ulcinj.com\/blog\/2009\/05\/07\/per-bjordin-te-tjeret-punojne-ti-rri-shtrire\/#primaryimage"},"datePublished":"2009-05-07T12:00:20+00:00","dateModified":"2009-05-06T19:44:10+00:00","author":{"@id":"https:\/\/www.visit-ulcinj.com\/blog\/#\/schema\/person\/dcab619c614d3038751c63bc2aadc06d"},"description":"Big Brother Albania 2 - Adi dhe Adelajda marrin iniciativ\u00c3\u00abn p\u00c3\u00abr t\u00c3\u00ab b\u00c3\u00abr\u00c3\u00ab pun\u00c3\u00abt e sht\u00c3\u00abpis\u00c3\u00ab dhe p\u00c3\u00abr k\u00c3\u00abt\u00c3\u00ab duan t\u00c3\u00ab angazhojn\u00c3\u00ab dhe banor\u00c3\u00abt e tjer\u00c3\u00ab. Adi i k\u00c3\u00abrkon Arjanit q\u00c3\u00ab ta ndihmoj\u00c3\u00ab","breadcrumb":{"@id":"https:\/\/www.visit-ulcinj.com\/blog\/2009\/05\/07\/per-bjordin-te-tjeret-punojne-ti-rri-shtrire\/#breadcrumb"},"inLanguage":"en-US","potentialAction":[{"@type":"ReadAction","target":["https:\/\/www.visit-ulcinj.com\/blog\/2009\/05\/07\/per-bjordin-te-tjeret-punojne-ti-rri-shtrire\/"]}]},{"@type":"BreadcrumbList","@id":"https:\/\/www.visit-ulcinj.com\/blog\/2009\/05\/07\/per-bjordin-te-tjeret-punojne-ti-rri-shtrire\/#breadcrumb","itemListElement":[{"@type":"ListItem","position":1,"name":"Per Bjordin : T\u00eb tjer\u00ebt punojn\u00eb , ti rri shtrir\u00eb"}]},{"@type":"Person","@id":"https:\/\/www.visit-ulcinj.com\/blog\/#\/schema\/person\/dcab619c614d3038751c63bc2aadc06d","name":"ulqini","sameAs":["http:\/\/www.visit-ulcinj.com"],"url":"https:\/\/www.visit-ulcinj.com\/blog\/author\/admin\/"}]}},"jetpack_featured_media_url":"","jetpack_sharing_enabled":true,"jetpack_shortlink":"https:\/\/wp.me\/pe6lTn-5i9","_links":{"self":[{"href":"https:\/\/www.visit-ulcinj.com\/blog\/wp-json\/wp\/v2\/posts\/20345"}],"collection":[{"href":"https:\/\/www.visit-ulcinj.com\/blog\/wp-json\/wp\/v2\/posts"}],"about":[{"href":"https:\/\/www.visit-ulcinj.com\/blog\/wp-json\/wp\/v2\/types\/post"}],"author":[{"embeddable":true,"href":"https:\/\/www.visit-ulcinj.com\/blog\/wp-json\/wp\/v2\/users\/1"}],"replies":[{"embeddable":true,"href":"https:\/\/www.visit-ulcinj.com\/blog\/wp-json\/wp\/v2\/comments?post=20345"}],"version-history":[{"count":0,"href":"https:\/\/www.visit-ulcinj.com\/blog\/wp-json\/wp\/v2\/posts\/20345\/revisions"}],"wp:attachment":[{"href":"https:\/\/www.visit-ulcinj.com\/blog\/wp-json\/wp\/v2\/media?parent=20345"}],"wp:term":[{"taxonomy":"category","embeddable":true,"href":"https:\/\/www.visit-ulcinj.com\/blog\/wp-json\/wp\/v2\/categories?post=20345"},{"taxonomy":"post_tag","embeddable":true,"href":"https:\/\/www.visit-ulcinj.com\/blog\/wp-json\/wp\/v2\/tags?post=20345"}],"curies":[{"name":"wp","href":"https:\/\/api.w.org\/{rel}","templated":true}]}}