{"id":20349,"date":"2009-05-07T08:00:19","date_gmt":"2009-05-07T06:00:19","guid":{"rendered":"http:\/\/www.visit-ulcinj.com\/blog\/?p=20349"},"modified":"2009-05-06T21:46:35","modified_gmt":"2009-05-06T19:46:35","slug":"kompozitori-i-big-brother-albania-2","status":"publish","type":"post","link":"https:\/\/www.visit-ulcinj.com\/blog\/2009\/05\/07\/kompozitori-i-big-brother-albania-2\/","title":{"rendered":"Kompozitori i Big Brother Albania 2"},"content":{"rendered":"<p><em><span class=\"newsdate\"><a href=\"http:\/\/www.visit-ulcinj.com\/blog\/wp-content\/uploads\/2009\/05\/kompozitor-04.jpg\"><img loading=\"lazy\" class=\"alignleft size-full wp-image-20350\" title=\"kompozitor-big-brother-albania-2\" src=\"http:\/\/www.visit-ulcinj.com\/blog\/wp-content\/uploads\/2009\/05\/kompozitor-04.jpg\" alt=\"kompozitor-big-brother-albania-2\" width=\"300\" height=\"205\" \/><\/a>04\/05\/09 15:54<\/span><\/em><\/p>\n<p>Adi ulet pran\u00eb pianos dhe pasi v\u00eb nj\u00eb muzik\u00eb n\u00eb sfond, b\u00ebn sikur i bie duke imituar pianist\u00ebt. Pas cdo pjese duartroket sikur t\u00eb kishte publik. Qetsori e shikon dhe i thot\u00eb:-\u201cMu duk sikur ishte Junida!\u201d Pran\u00eb tij shkon Bjordi i cili qesh duke par\u00eb Adin duke i r\u00ebn\u00eb pianos. Ai ulet duke i r\u00ebn\u00eb pjes\u00ebs s\u00eb kompozuar nga vet ai, nd\u00ebrsa Adi komenton nd\u00ebrkoh\u00eb q\u00eb ai luan. M\u00eb pas b\u00ebn nj\u00eb intervist\u00eb t\u00eb shkurt\u00ebr me kompozitor Bjordin duke e pyetur se ku kishte gjetur frym\u00ebzimin p\u00ebr muzik\u00ebn. Bjordi tregon q\u00eb muzika \u00ebsht\u00eb inspiruar nga nj\u00eb periudh\u00eb jete e shokut t\u00eb tij Ardjan. Ai vazhdon duke th\u00ebn\u00eb q\u00eb ai trasformoi vuajtjet n\u00eb nota muzikore dhe n\u00eb melodi. Intervista nd\u00ebrpritet nga nd\u00ebrhyrja e Arjanit i cili i ngacmon me batuta.<\/p>\n","protected":false},"excerpt":{"rendered":"<p>04\/05\/09 15:54 Adi ulet pran\u00eb pianos dhe pasi v\u00eb nj\u00eb muzik\u00eb n\u00eb sfond, b\u00ebn sikur i bie duke imituar pianist\u00ebt. Pas cdo pjese duartroket sikur t\u00eb kishte publik. Qetsori e shikon dhe i thot\u00eb:-\u201cMu duk sikur ishte Junida!\u201d Pran\u00eb tij shkon Bjordi i cili qesh duke par\u00eb Adin duke i r\u00ebn\u00eb pianos. Ai ulet duke [&hellip;]<\/p>\n","protected":false},"author":1,"featured_media":0,"comment_status":"open","ping_status":"closed","sticky":false,"template":"","format":"standard","meta":{"spay_email":"","jetpack_publicize_message":"","jetpack_is_tweetstorm":false,"jetpack_publicize_feature_enabled":true},"categories":[6502],"tags":[6520,9121,6522,10013,9751],"jetpack_publicize_connections":[],"yoast_head":"<!-- This site is optimized with the Yoast SEO plugin v19.1 - https:\/\/yoast.com\/wordpress\/plugins\/seo\/ -->\n<title>Kompozitori i Big Brother Albania 2 | Big Brother Albania 2<\/title>\n<meta name=\"description\" content=\"Big Brother Albania 2 - Adi ulet pran\u00c3\u00ab pianos dhe pasi v\u00c3\u00ab nj\u00c3\u00ab muzik\u00c3\u00ab n\u00c3\u00ab sfond, b\u00c3\u00abn sikur i bie duke imituar pianist\u00c3\u00abt. Pas cdo pjese duartroket sikur t\u00c3\u00ab kishte publik.\" \/>\n<meta name=\"robots\" content=\"index, follow, max-snippet:-1, max-image-preview:large, max-video-preview:-1\" \/>\n<link rel=\"canonical\" href=\"https:\/\/www.visit-ulcinj.com\/blog\/2009\/05\/07\/kompozitori-i-big-brother-albania-2\/\" \/>\n<meta property=\"og:locale\" content=\"en_US\" \/>\n<meta property=\"og:type\" content=\"article\" \/>\n<meta property=\"og:title\" content=\"Kompozitori i Big Brother Albania 2 | Big Brother Albania 2\" \/>\n<meta property=\"og:description\" content=\"Big Brother Albania 2 - Adi ulet pran\u00c3\u00ab pianos dhe pasi v\u00c3\u00ab nj\u00c3\u00ab muzik\u00c3\u00ab n\u00c3\u00ab sfond, b\u00c3\u00abn sikur i bie duke imituar pianist\u00c3\u00abt. Pas cdo pjese duartroket sikur t\u00c3\u00ab kishte publik.\" \/>\n<meta property=\"og:url\" content=\"https:\/\/www.visit-ulcinj.com\/blog\/2009\/05\/07\/kompozitori-i-big-brother-albania-2\/\" \/>\n<meta property=\"og:site_name\" content=\"Lajme nga Ulqini\" \/>\n<meta property=\"article:published_time\" content=\"2009-05-07T06:00:19+00:00\" \/>\n<meta property=\"article:modified_time\" content=\"2009-05-06T19:46:35+00:00\" \/>\n<meta property=\"og:image\" content=\"http:\/\/www.visit-ulcinj.com\/blog\/wp-content\/uploads\/2009\/05\/kompozitor-04.jpg\" \/>\n<meta name=\"twitter:label1\" content=\"Written by\" \/>\n\t<meta name=\"twitter:data1\" content=\"ulqini\" \/>\n\t<meta name=\"twitter:label2\" content=\"Est. reading time\" \/>\n\t<meta name=\"twitter:data2\" content=\"1 minute\" \/>\n<script type=\"application\/ld+json\" class=\"yoast-schema-graph\">{\"@context\":\"https:\/\/schema.org\",\"@graph\":[{\"@type\":\"WebSite\",\"@id\":\"https:\/\/www.visit-ulcinj.com\/blog\/#website\",\"url\":\"https:\/\/www.visit-ulcinj.com\/blog\/\",\"name\":\"Lajme nga Ulqini\",\"description\":\"Lajme,Vijesti,Ulqini,Ulqin,Crna Gora,Mali i Zi\",\"potentialAction\":[{\"@type\":\"SearchAction\",\"target\":{\"@type\":\"EntryPoint\",\"urlTemplate\":\"https:\/\/www.visit-ulcinj.com\/blog\/?s={search_term_string}\"},\"query-input\":\"required name=search_term_string\"}],\"inLanguage\":\"en-US\"},{\"@type\":\"ImageObject\",\"inLanguage\":\"en-US\",\"@id\":\"https:\/\/www.visit-ulcinj.com\/blog\/2009\/05\/07\/kompozitori-i-big-brother-albania-2\/#primaryimage\",\"url\":\"http:\/\/www.visit-ulcinj.com\/blog\/wp-content\/uploads\/2009\/05\/kompozitor-04.jpg\",\"contentUrl\":\"http:\/\/www.visit-ulcinj.com\/blog\/wp-content\/uploads\/2009\/05\/kompozitor-04.jpg\"},{\"@type\":\"WebPage\",\"@id\":\"https:\/\/www.visit-ulcinj.com\/blog\/2009\/05\/07\/kompozitori-i-big-brother-albania-2\/#webpage\",\"url\":\"https:\/\/www.visit-ulcinj.com\/blog\/2009\/05\/07\/kompozitori-i-big-brother-albania-2\/\",\"name\":\"Kompozitori i Big Brother Albania 2 | Big Brother Albania 2\",\"isPartOf\":{\"@id\":\"https:\/\/www.visit-ulcinj.com\/blog\/#website\"},\"primaryImageOfPage\":{\"@id\":\"https:\/\/www.visit-ulcinj.com\/blog\/2009\/05\/07\/kompozitori-i-big-brother-albania-2\/#primaryimage\"},\"datePublished\":\"2009-05-07T06:00:19+00:00\",\"dateModified\":\"2009-05-06T19:46:35+00:00\",\"author\":{\"@id\":\"https:\/\/www.visit-ulcinj.com\/blog\/#\/schema\/person\/dcab619c614d3038751c63bc2aadc06d\"},\"description\":\"Big Brother Albania 2 - Adi ulet pran\u00c3\u00ab pianos dhe pasi v\u00c3\u00ab nj\u00c3\u00ab muzik\u00c3\u00ab n\u00c3\u00ab sfond, b\u00c3\u00abn sikur i bie duke imituar pianist\u00c3\u00abt. Pas cdo pjese duartroket sikur t\u00c3\u00ab kishte publik.\",\"breadcrumb\":{\"@id\":\"https:\/\/www.visit-ulcinj.com\/blog\/2009\/05\/07\/kompozitori-i-big-brother-albania-2\/#breadcrumb\"},\"inLanguage\":\"en-US\",\"potentialAction\":[{\"@type\":\"ReadAction\",\"target\":[\"https:\/\/www.visit-ulcinj.com\/blog\/2009\/05\/07\/kompozitori-i-big-brother-albania-2\/\"]}]},{\"@type\":\"BreadcrumbList\",\"@id\":\"https:\/\/www.visit-ulcinj.com\/blog\/2009\/05\/07\/kompozitori-i-big-brother-albania-2\/#breadcrumb\",\"itemListElement\":[{\"@type\":\"ListItem\",\"position\":1,\"name\":\"Kompozitori i Big Brother Albania 2\"}]},{\"@type\":\"Person\",\"@id\":\"https:\/\/www.visit-ulcinj.com\/blog\/#\/schema\/person\/dcab619c614d3038751c63bc2aadc06d\",\"name\":\"ulqini\",\"sameAs\":[\"http:\/\/www.visit-ulcinj.com\"],\"url\":\"https:\/\/www.visit-ulcinj.com\/blog\/author\/admin\/\"}]}<\/script>\n<!-- \/ Yoast SEO plugin. -->","yoast_head_json":{"title":"Kompozitori i Big Brother Albania 2 | Big Brother Albania 2","description":"Big Brother Albania 2 - Adi ulet pran\u00c3\u00ab pianos dhe pasi v\u00c3\u00ab nj\u00c3\u00ab muzik\u00c3\u00ab n\u00c3\u00ab sfond, b\u00c3\u00abn sikur i bie duke imituar pianist\u00c3\u00abt. Pas cdo pjese duartroket sikur t\u00c3\u00ab kishte publik.","robots":{"index":"index","follow":"follow","max-snippet":"max-snippet:-1","max-image-preview":"max-image-preview:large","max-video-preview":"max-video-preview:-1"},"canonical":"https:\/\/www.visit-ulcinj.com\/blog\/2009\/05\/07\/kompozitori-i-big-brother-albania-2\/","og_locale":"en_US","og_type":"article","og_title":"Kompozitori i Big Brother Albania 2 | Big Brother Albania 2","og_description":"Big Brother Albania 2 - Adi ulet pran\u00c3\u00ab pianos dhe pasi v\u00c3\u00ab nj\u00c3\u00ab muzik\u00c3\u00ab n\u00c3\u00ab sfond, b\u00c3\u00abn sikur i bie duke imituar pianist\u00c3\u00abt. Pas cdo pjese duartroket sikur t\u00c3\u00ab kishte publik.","og_url":"https:\/\/www.visit-ulcinj.com\/blog\/2009\/05\/07\/kompozitori-i-big-brother-albania-2\/","og_site_name":"Lajme nga Ulqini","article_published_time":"2009-05-07T06:00:19+00:00","article_modified_time":"2009-05-06T19:46:35+00:00","og_image":[{"url":"http:\/\/www.visit-ulcinj.com\/blog\/wp-content\/uploads\/2009\/05\/kompozitor-04.jpg"}],"twitter_misc":{"Written by":"ulqini","Est. reading time":"1 minute"},"schema":{"@context":"https:\/\/schema.org","@graph":[{"@type":"WebSite","@id":"https:\/\/www.visit-ulcinj.com\/blog\/#website","url":"https:\/\/www.visit-ulcinj.com\/blog\/","name":"Lajme nga Ulqini","description":"Lajme,Vijesti,Ulqini,Ulqin,Crna Gora,Mali i Zi","potentialAction":[{"@type":"SearchAction","target":{"@type":"EntryPoint","urlTemplate":"https:\/\/www.visit-ulcinj.com\/blog\/?s={search_term_string}"},"query-input":"required name=search_term_string"}],"inLanguage":"en-US"},{"@type":"ImageObject","inLanguage":"en-US","@id":"https:\/\/www.visit-ulcinj.com\/blog\/2009\/05\/07\/kompozitori-i-big-brother-albania-2\/#primaryimage","url":"http:\/\/www.visit-ulcinj.com\/blog\/wp-content\/uploads\/2009\/05\/kompozitor-04.jpg","contentUrl":"http:\/\/www.visit-ulcinj.com\/blog\/wp-content\/uploads\/2009\/05\/kompozitor-04.jpg"},{"@type":"WebPage","@id":"https:\/\/www.visit-ulcinj.com\/blog\/2009\/05\/07\/kompozitori-i-big-brother-albania-2\/#webpage","url":"https:\/\/www.visit-ulcinj.com\/blog\/2009\/05\/07\/kompozitori-i-big-brother-albania-2\/","name":"Kompozitori i Big Brother Albania 2 | Big Brother Albania 2","isPartOf":{"@id":"https:\/\/www.visit-ulcinj.com\/blog\/#website"},"primaryImageOfPage":{"@id":"https:\/\/www.visit-ulcinj.com\/blog\/2009\/05\/07\/kompozitori-i-big-brother-albania-2\/#primaryimage"},"datePublished":"2009-05-07T06:00:19+00:00","dateModified":"2009-05-06T19:46:35+00:00","author":{"@id":"https:\/\/www.visit-ulcinj.com\/blog\/#\/schema\/person\/dcab619c614d3038751c63bc2aadc06d"},"description":"Big Brother Albania 2 - Adi ulet pran\u00c3\u00ab pianos dhe pasi v\u00c3\u00ab nj\u00c3\u00ab muzik\u00c3\u00ab n\u00c3\u00ab sfond, b\u00c3\u00abn sikur i bie duke imituar pianist\u00c3\u00abt. Pas cdo pjese duartroket sikur t\u00c3\u00ab kishte publik.","breadcrumb":{"@id":"https:\/\/www.visit-ulcinj.com\/blog\/2009\/05\/07\/kompozitori-i-big-brother-albania-2\/#breadcrumb"},"inLanguage":"en-US","potentialAction":[{"@type":"ReadAction","target":["https:\/\/www.visit-ulcinj.com\/blog\/2009\/05\/07\/kompozitori-i-big-brother-albania-2\/"]}]},{"@type":"BreadcrumbList","@id":"https:\/\/www.visit-ulcinj.com\/blog\/2009\/05\/07\/kompozitori-i-big-brother-albania-2\/#breadcrumb","itemListElement":[{"@type":"ListItem","position":1,"name":"Kompozitori i Big Brother Albania 2"}]},{"@type":"Person","@id":"https:\/\/www.visit-ulcinj.com\/blog\/#\/schema\/person\/dcab619c614d3038751c63bc2aadc06d","name":"ulqini","sameAs":["http:\/\/www.visit-ulcinj.com"],"url":"https:\/\/www.visit-ulcinj.com\/blog\/author\/admin\/"}]}},"jetpack_featured_media_url":"","jetpack_sharing_enabled":true,"jetpack_shortlink":"https:\/\/wp.me\/pe6lTn-5id","_links":{"self":[{"href":"https:\/\/www.visit-ulcinj.com\/blog\/wp-json\/wp\/v2\/posts\/20349"}],"collection":[{"href":"https:\/\/www.visit-ulcinj.com\/blog\/wp-json\/wp\/v2\/posts"}],"about":[{"href":"https:\/\/www.visit-ulcinj.com\/blog\/wp-json\/wp\/v2\/types\/post"}],"author":[{"embeddable":true,"href":"https:\/\/www.visit-ulcinj.com\/blog\/wp-json\/wp\/v2\/users\/1"}],"replies":[{"embeddable":true,"href":"https:\/\/www.visit-ulcinj.com\/blog\/wp-json\/wp\/v2\/comments?post=20349"}],"version-history":[{"count":0,"href":"https:\/\/www.visit-ulcinj.com\/blog\/wp-json\/wp\/v2\/posts\/20349\/revisions"}],"wp:attachment":[{"href":"https:\/\/www.visit-ulcinj.com\/blog\/wp-json\/wp\/v2\/media?parent=20349"}],"wp:term":[{"taxonomy":"category","embeddable":true,"href":"https:\/\/www.visit-ulcinj.com\/blog\/wp-json\/wp\/v2\/categories?post=20349"},{"taxonomy":"post_tag","embeddable":true,"href":"https:\/\/www.visit-ulcinj.com\/blog\/wp-json\/wp\/v2\/tags?post=20349"}],"curies":[{"name":"wp","href":"https:\/\/api.w.org\/{rel}","templated":true}]}}