{"id":20375,"date":"2009-05-07T11:00:26","date_gmt":"2009-05-07T09:00:26","guid":{"rendered":"http:\/\/www.visit-ulcinj.com\/blog\/?p=20375"},"modified":"2009-05-06T22:08:18","modified_gmt":"2009-05-06T20:08:18","slug":"ngacmime-mes-banoreve","status":"publish","type":"post","link":"https:\/\/www.visit-ulcinj.com\/blog\/2009\/05\/07\/ngacmime-mes-banoreve\/","title":{"rendered":"Ngacmime mes banor\u00ebve"},"content":{"rendered":"<p><em><span class=\"newsdate\"><a href=\"http:\/\/www.visit-ulcinj.com\/blog\/wp-content\/uploads\/2009\/05\/nagcmime-mes-banoreve04.jpg\"><img loading=\"lazy\" class=\"alignleft size-full wp-image-20376\" title=\"nagcmime-mes-banoreve-big-brother-albania-2\" src=\"http:\/\/www.visit-ulcinj.com\/blog\/wp-content\/uploads\/2009\/05\/nagcmime-mes-banoreve04.jpg\" alt=\"nagcmime-mes-banoreve-big-brother-albania-2\" width=\"300\" height=\"205\" \/><\/a>04\/05\/09 20:00<\/span><\/em><\/p>\n<p>Ngacmimet mes banor\u00ebve kan\u00eb filluar n\u00eb momentin ku Ari me shaka i kap dor\u00ebn Qetsorit. N\u00eb at\u00eb moment kan\u00eb reaguar Mimoza dhe Adelajde duke i thene se shkojn\u00eb shum\u00eb si cift t\u00eb dy dhe n\u00ebse i kane ndar\u00eb rolet. Kurse Ari ja kthen duke i th\u00ebn\u00eb se Adela me Bjordin n\u00eb t\u00eb kundert\u00ebn e tij me Qetsorin nuk shkojn\u00eb fare, por Adela me ironi i thot\u00eb q\u00eb deri n\u00eb Gusht do shkojn\u00eb. Ari ngacmon Adelen s\u00ebrish duke e pyetur se p\u00ebrse nuk flet p\u00ebr fen\u00eb, duke q\u00ebn\u00eb se nj\u00eb bised\u00eb e till\u00eb \u00ebsht\u00eb hapur mes banor\u00ebve, por ajo i p\u00ebrgjigjet qet\u00eb se feja p\u00ebr t\u00eb \u00ebsht\u00eb dicka e r\u00ebnd\u00ebsishme dhe di shum\u00eb p\u00ebr t\u00eb, duke q\u00ebn\u00eb se i jep nj\u00eb r\u00ebnd\u00ebsi t\u00eb vecant\u00eb nuk do q\u00eb ta diskutoj\u00eb.<\/p>\n","protected":false},"excerpt":{"rendered":"<p>04\/05\/09 20:00 Ngacmimet mes banor\u00ebve kan\u00eb filluar n\u00eb momentin ku Ari me shaka i kap dor\u00ebn Qetsorit. N\u00eb at\u00eb moment kan\u00eb reaguar Mimoza dhe Adelajde duke i thene se shkojn\u00eb shum\u00eb si cift t\u00eb dy dhe n\u00ebse i kane ndar\u00eb rolet. Kurse Ari ja kthen duke i th\u00ebn\u00eb se Adela me Bjordin n\u00eb t\u00eb kundert\u00ebn [&hellip;]<\/p>\n","protected":false},"author":1,"featured_media":0,"comment_status":"open","ping_status":"closed","sticky":false,"template":"","format":"standard","meta":{"spay_email":"","jetpack_publicize_message":"","jetpack_is_tweetstorm":false,"jetpack_publicize_feature_enabled":true},"categories":[6502],"tags":[6529,8289,8934,9121,10025,8276,9751],"jetpack_publicize_connections":[],"yoast_head":"<!-- This site is optimized with the Yoast SEO plugin v19.1 - https:\/\/yoast.com\/wordpress\/plugins\/seo\/ -->\n<title>Ngacmime mes banor\u00c3\u00abve | Big Brother Albania 2<\/title>\n<meta name=\"description\" content=\"Big Brother Albania 2 - Ngacmimet mes banor\u00c3\u00abve kan\u00c3\u00ab filluar n\u00c3\u00ab momentin ku Ari me shaka i kap dor\u00c3\u00abn Qetsorit.\" \/>\n<meta name=\"robots\" content=\"index, follow, max-snippet:-1, max-image-preview:large, max-video-preview:-1\" \/>\n<link rel=\"canonical\" href=\"https:\/\/www.visit-ulcinj.com\/blog\/2009\/05\/07\/ngacmime-mes-banoreve\/\" \/>\n<meta property=\"og:locale\" content=\"en_US\" \/>\n<meta property=\"og:type\" content=\"article\" \/>\n<meta property=\"og:title\" content=\"Ngacmime mes banor\u00c3\u00abve | Big Brother Albania 2\" \/>\n<meta property=\"og:description\" content=\"Big Brother Albania 2 - Ngacmimet mes banor\u00c3\u00abve kan\u00c3\u00ab filluar n\u00c3\u00ab momentin ku Ari me shaka i kap dor\u00c3\u00abn Qetsorit.\" \/>\n<meta property=\"og:url\" content=\"https:\/\/www.visit-ulcinj.com\/blog\/2009\/05\/07\/ngacmime-mes-banoreve\/\" \/>\n<meta property=\"og:site_name\" content=\"Lajme nga Ulqini\" \/>\n<meta property=\"article:published_time\" content=\"2009-05-07T09:00:26+00:00\" \/>\n<meta property=\"article:modified_time\" content=\"2009-05-06T20:08:18+00:00\" \/>\n<meta property=\"og:image\" content=\"http:\/\/www.visit-ulcinj.com\/blog\/wp-content\/uploads\/2009\/05\/nagcmime-mes-banoreve04.jpg\" \/>\n<meta name=\"twitter:label1\" content=\"Written by\" \/>\n\t<meta name=\"twitter:data1\" content=\"ulqini\" \/>\n\t<meta name=\"twitter:label2\" content=\"Est. reading time\" \/>\n\t<meta name=\"twitter:data2\" content=\"1 minute\" \/>\n<script type=\"application\/ld+json\" class=\"yoast-schema-graph\">{\"@context\":\"https:\/\/schema.org\",\"@graph\":[{\"@type\":\"WebSite\",\"@id\":\"https:\/\/www.visit-ulcinj.com\/blog\/#website\",\"url\":\"https:\/\/www.visit-ulcinj.com\/blog\/\",\"name\":\"Lajme nga Ulqini\",\"description\":\"Lajme,Vijesti,Ulqini,Ulqin,Crna Gora,Mali i Zi\",\"potentialAction\":[{\"@type\":\"SearchAction\",\"target\":{\"@type\":\"EntryPoint\",\"urlTemplate\":\"https:\/\/www.visit-ulcinj.com\/blog\/?s={search_term_string}\"},\"query-input\":\"required name=search_term_string\"}],\"inLanguage\":\"en-US\"},{\"@type\":\"ImageObject\",\"inLanguage\":\"en-US\",\"@id\":\"https:\/\/www.visit-ulcinj.com\/blog\/2009\/05\/07\/ngacmime-mes-banoreve\/#primaryimage\",\"url\":\"http:\/\/www.visit-ulcinj.com\/blog\/wp-content\/uploads\/2009\/05\/nagcmime-mes-banoreve04.jpg\",\"contentUrl\":\"http:\/\/www.visit-ulcinj.com\/blog\/wp-content\/uploads\/2009\/05\/nagcmime-mes-banoreve04.jpg\"},{\"@type\":\"WebPage\",\"@id\":\"https:\/\/www.visit-ulcinj.com\/blog\/2009\/05\/07\/ngacmime-mes-banoreve\/#webpage\",\"url\":\"https:\/\/www.visit-ulcinj.com\/blog\/2009\/05\/07\/ngacmime-mes-banoreve\/\",\"name\":\"Ngacmime mes banor\u00c3\u00abve | Big Brother Albania 2\",\"isPartOf\":{\"@id\":\"https:\/\/www.visit-ulcinj.com\/blog\/#website\"},\"primaryImageOfPage\":{\"@id\":\"https:\/\/www.visit-ulcinj.com\/blog\/2009\/05\/07\/ngacmime-mes-banoreve\/#primaryimage\"},\"datePublished\":\"2009-05-07T09:00:26+00:00\",\"dateModified\":\"2009-05-06T20:08:18+00:00\",\"author\":{\"@id\":\"https:\/\/www.visit-ulcinj.com\/blog\/#\/schema\/person\/dcab619c614d3038751c63bc2aadc06d\"},\"description\":\"Big Brother Albania 2 - Ngacmimet mes banor\u00c3\u00abve kan\u00c3\u00ab filluar n\u00c3\u00ab momentin ku Ari me shaka i kap dor\u00c3\u00abn Qetsorit.\",\"breadcrumb\":{\"@id\":\"https:\/\/www.visit-ulcinj.com\/blog\/2009\/05\/07\/ngacmime-mes-banoreve\/#breadcrumb\"},\"inLanguage\":\"en-US\",\"potentialAction\":[{\"@type\":\"ReadAction\",\"target\":[\"https:\/\/www.visit-ulcinj.com\/blog\/2009\/05\/07\/ngacmime-mes-banoreve\/\"]}]},{\"@type\":\"BreadcrumbList\",\"@id\":\"https:\/\/www.visit-ulcinj.com\/blog\/2009\/05\/07\/ngacmime-mes-banoreve\/#breadcrumb\",\"itemListElement\":[{\"@type\":\"ListItem\",\"position\":1,\"name\":\"Ngacmime mes banor\u00ebve\"}]},{\"@type\":\"Person\",\"@id\":\"https:\/\/www.visit-ulcinj.com\/blog\/#\/schema\/person\/dcab619c614d3038751c63bc2aadc06d\",\"name\":\"ulqini\",\"sameAs\":[\"http:\/\/www.visit-ulcinj.com\"],\"url\":\"https:\/\/www.visit-ulcinj.com\/blog\/author\/admin\/\"}]}<\/script>\n<!-- \/ Yoast SEO plugin. -->","yoast_head_json":{"title":"Ngacmime mes banor\u00c3\u00abve | Big Brother Albania 2","description":"Big Brother Albania 2 - Ngacmimet mes banor\u00c3\u00abve kan\u00c3\u00ab filluar n\u00c3\u00ab momentin ku Ari me shaka i kap dor\u00c3\u00abn Qetsorit.","robots":{"index":"index","follow":"follow","max-snippet":"max-snippet:-1","max-image-preview":"max-image-preview:large","max-video-preview":"max-video-preview:-1"},"canonical":"https:\/\/www.visit-ulcinj.com\/blog\/2009\/05\/07\/ngacmime-mes-banoreve\/","og_locale":"en_US","og_type":"article","og_title":"Ngacmime mes banor\u00c3\u00abve | Big Brother Albania 2","og_description":"Big Brother Albania 2 - Ngacmimet mes banor\u00c3\u00abve kan\u00c3\u00ab filluar n\u00c3\u00ab momentin ku Ari me shaka i kap dor\u00c3\u00abn Qetsorit.","og_url":"https:\/\/www.visit-ulcinj.com\/blog\/2009\/05\/07\/ngacmime-mes-banoreve\/","og_site_name":"Lajme nga Ulqini","article_published_time":"2009-05-07T09:00:26+00:00","article_modified_time":"2009-05-06T20:08:18+00:00","og_image":[{"url":"http:\/\/www.visit-ulcinj.com\/blog\/wp-content\/uploads\/2009\/05\/nagcmime-mes-banoreve04.jpg"}],"twitter_misc":{"Written by":"ulqini","Est. reading time":"1 minute"},"schema":{"@context":"https:\/\/schema.org","@graph":[{"@type":"WebSite","@id":"https:\/\/www.visit-ulcinj.com\/blog\/#website","url":"https:\/\/www.visit-ulcinj.com\/blog\/","name":"Lajme nga Ulqini","description":"Lajme,Vijesti,Ulqini,Ulqin,Crna Gora,Mali i Zi","potentialAction":[{"@type":"SearchAction","target":{"@type":"EntryPoint","urlTemplate":"https:\/\/www.visit-ulcinj.com\/blog\/?s={search_term_string}"},"query-input":"required name=search_term_string"}],"inLanguage":"en-US"},{"@type":"ImageObject","inLanguage":"en-US","@id":"https:\/\/www.visit-ulcinj.com\/blog\/2009\/05\/07\/ngacmime-mes-banoreve\/#primaryimage","url":"http:\/\/www.visit-ulcinj.com\/blog\/wp-content\/uploads\/2009\/05\/nagcmime-mes-banoreve04.jpg","contentUrl":"http:\/\/www.visit-ulcinj.com\/blog\/wp-content\/uploads\/2009\/05\/nagcmime-mes-banoreve04.jpg"},{"@type":"WebPage","@id":"https:\/\/www.visit-ulcinj.com\/blog\/2009\/05\/07\/ngacmime-mes-banoreve\/#webpage","url":"https:\/\/www.visit-ulcinj.com\/blog\/2009\/05\/07\/ngacmime-mes-banoreve\/","name":"Ngacmime mes banor\u00c3\u00abve | Big Brother Albania 2","isPartOf":{"@id":"https:\/\/www.visit-ulcinj.com\/blog\/#website"},"primaryImageOfPage":{"@id":"https:\/\/www.visit-ulcinj.com\/blog\/2009\/05\/07\/ngacmime-mes-banoreve\/#primaryimage"},"datePublished":"2009-05-07T09:00:26+00:00","dateModified":"2009-05-06T20:08:18+00:00","author":{"@id":"https:\/\/www.visit-ulcinj.com\/blog\/#\/schema\/person\/dcab619c614d3038751c63bc2aadc06d"},"description":"Big Brother Albania 2 - Ngacmimet mes banor\u00c3\u00abve kan\u00c3\u00ab filluar n\u00c3\u00ab momentin ku Ari me shaka i kap dor\u00c3\u00abn Qetsorit.","breadcrumb":{"@id":"https:\/\/www.visit-ulcinj.com\/blog\/2009\/05\/07\/ngacmime-mes-banoreve\/#breadcrumb"},"inLanguage":"en-US","potentialAction":[{"@type":"ReadAction","target":["https:\/\/www.visit-ulcinj.com\/blog\/2009\/05\/07\/ngacmime-mes-banoreve\/"]}]},{"@type":"BreadcrumbList","@id":"https:\/\/www.visit-ulcinj.com\/blog\/2009\/05\/07\/ngacmime-mes-banoreve\/#breadcrumb","itemListElement":[{"@type":"ListItem","position":1,"name":"Ngacmime mes banor\u00ebve"}]},{"@type":"Person","@id":"https:\/\/www.visit-ulcinj.com\/blog\/#\/schema\/person\/dcab619c614d3038751c63bc2aadc06d","name":"ulqini","sameAs":["http:\/\/www.visit-ulcinj.com"],"url":"https:\/\/www.visit-ulcinj.com\/blog\/author\/admin\/"}]}},"jetpack_featured_media_url":"","jetpack_sharing_enabled":true,"jetpack_shortlink":"https:\/\/wp.me\/pe6lTn-5iD","_links":{"self":[{"href":"https:\/\/www.visit-ulcinj.com\/blog\/wp-json\/wp\/v2\/posts\/20375"}],"collection":[{"href":"https:\/\/www.visit-ulcinj.com\/blog\/wp-json\/wp\/v2\/posts"}],"about":[{"href":"https:\/\/www.visit-ulcinj.com\/blog\/wp-json\/wp\/v2\/types\/post"}],"author":[{"embeddable":true,"href":"https:\/\/www.visit-ulcinj.com\/blog\/wp-json\/wp\/v2\/users\/1"}],"replies":[{"embeddable":true,"href":"https:\/\/www.visit-ulcinj.com\/blog\/wp-json\/wp\/v2\/comments?post=20375"}],"version-history":[{"count":0,"href":"https:\/\/www.visit-ulcinj.com\/blog\/wp-json\/wp\/v2\/posts\/20375\/revisions"}],"wp:attachment":[{"href":"https:\/\/www.visit-ulcinj.com\/blog\/wp-json\/wp\/v2\/media?parent=20375"}],"wp:term":[{"taxonomy":"category","embeddable":true,"href":"https:\/\/www.visit-ulcinj.com\/blog\/wp-json\/wp\/v2\/categories?post=20375"},{"taxonomy":"post_tag","embeddable":true,"href":"https:\/\/www.visit-ulcinj.com\/blog\/wp-json\/wp\/v2\/tags?post=20375"}],"curies":[{"name":"wp","href":"https:\/\/api.w.org\/{rel}","templated":true}]}}