{"id":20378,"date":"2009-05-07T11:00:05","date_gmt":"2009-05-07T09:00:05","guid":{"rendered":"http:\/\/www.visit-ulcinj.com\/blog\/?p=20378"},"modified":"2009-05-06T22:16:42","modified_gmt":"2009-05-06T20:16:42","slug":"ari-per-pevojen-e-tij","status":"publish","type":"post","link":"https:\/\/www.visit-ulcinj.com\/blog\/2009\/05\/07\/ari-per-pevojen-e-tij\/","title":{"rendered":"Ari p\u00ebr p\u00ebvoj\u00ebn e tij"},"content":{"rendered":"<p><em><span class=\"newsdate\"><a href=\"http:\/\/www.visit-ulcinj.com\/blog\/wp-content\/uploads\/2009\/05\/arjani-per-pervoj04.jpg\"><img loading=\"lazy\" class=\"alignleft size-full wp-image-20380\" title=\"arjani-per-pervoj04\" src=\"http:\/\/www.visit-ulcinj.com\/blog\/wp-content\/uploads\/2009\/05\/arjani-per-pervoj04.jpg\" alt=\"arjani-per-pervoj04\" width=\"300\" height=\"205\" \/><\/a>04\/05\/09 21:07<\/span><\/em><\/p>\n<p>Adi pyet vajzat, se si mendojn\u00eb ato, cfar\u00eb e b\u00ebn Arin t\u00ebrheq\u00ebs ndaj femrave? Kjo pyetje me sa duket i v\u00eb n\u00eb v\u00ebshtir\u00ebsi p\u00ebr tu pergjigjur vajzat, por ngacmimet vazhdojn\u00eb edhe nga ana e Qetsorit i cili nxit bised\u00ebn. Adelajde hedh iden\u00eb p\u00ebr te v\u00ebn\u00eb nj\u00eb bast q\u00eb pa kaluar gushti Ari do martohet, nd\u00ebrsa Bjordi shton, se Ari do martohet me nj\u00eb mashkull. Ari me qet\u00ebsi mban loj\u00ebn dhe i pergjigjet q\u00eb edhe mund ta fitoj\u00eb bastin, por Adela duhet t\u00eb gjej\u00eb me k\u00eb? Megjithat\u00eb Ari shprehet se i ka kaluar homofobirat, duke q\u00ebn\u00eb se ka pasur edhe shok\u00eb homoseksual\u00eb dhe se m\u00ebnyra m\u00eb e mir\u00eb p\u00ebr ta p\u00ebrcaktuar \u00ebsht\u00eb njohja. Ai ka njohur dhe ka par\u00eb shum\u00eb dhe tani nuk ka m\u00eb asnj\u00eb kompleks dhe e di mir\u00eb se cilit grup i p\u00ebrket. Megjithat\u00eb ai i vler\u00ebson homoseksual\u00ebt p\u00ebr q\u00ebndrimin q\u00eb mbajn\u00eb. Ari tregon p\u00ebr veten e tij dhe eksperiencat e ndryshme, q\u00eb \u00ebsht\u00eb i prirur drejt lidhjeve serioze dhe shprehet q\u00eb i p\u00eblqejn\u00eb vet\u00ebm brunet.<\/p>\n","protected":false},"excerpt":{"rendered":"<p>04\/05\/09 21:07 Adi pyet vajzat, se si mendojn\u00eb ato, cfar\u00eb e b\u00ebn Arin t\u00ebrheq\u00ebs ndaj femrave? Kjo pyetje me sa duket i v\u00eb n\u00eb v\u00ebshtir\u00ebsi p\u00ebr tu pergjigjur vajzat, por ngacmimet vazhdojn\u00eb edhe nga ana e Qetsorit i cili nxit bised\u00ebn. Adelajde hedh iden\u00eb p\u00ebr te v\u00ebn\u00eb nj\u00eb bast q\u00eb pa kaluar gushti Ari do [&hellip;]<\/p>\n","protected":false},"author":1,"featured_media":0,"comment_status":"open","ping_status":"closed","sticky":false,"template":"","format":"standard","meta":{"spay_email":"","jetpack_publicize_message":"","jetpack_is_tweetstorm":false,"jetpack_publicize_feature_enabled":true},"categories":[6502],"tags":[8289,8934,9121,6522,9751],"jetpack_publicize_connections":[],"yoast_head":"<!-- This site is optimized with the Yoast SEO plugin v19.1 - https:\/\/yoast.com\/wordpress\/plugins\/seo\/ -->\n<title>Ari p\u00c3\u00abr p\u00c3\u00abvoj\u00c3\u00abn e tij | Big Brother Albania 2<\/title>\n<meta name=\"description\" content=\"Big Brother Albania 2 - Adi pyet vajzat, se si mendojn\u00c3\u00ab ato, cfar\u00c3\u00ab e b\u00c3\u00abn Arin t\u00c3\u00abrheq\u00c3\u00abs ndaj femrave? Kjo pyetje me sa duket i v\u00c3\u00ab n\u00c3\u00ab v\u00c3\u00abshtir\u00c3\u00absi p\u00c3\u00abr tu pergjigjur vajzat\" \/>\n<meta name=\"robots\" content=\"index, follow, max-snippet:-1, max-image-preview:large, max-video-preview:-1\" \/>\n<link rel=\"canonical\" href=\"https:\/\/www.visit-ulcinj.com\/blog\/2009\/05\/07\/ari-per-pevojen-e-tij\/\" \/>\n<meta property=\"og:locale\" content=\"en_US\" \/>\n<meta property=\"og:type\" content=\"article\" \/>\n<meta property=\"og:title\" content=\"Ari p\u00c3\u00abr p\u00c3\u00abvoj\u00c3\u00abn e tij | Big Brother Albania 2\" \/>\n<meta property=\"og:description\" content=\"Big Brother Albania 2 - Adi pyet vajzat, se si mendojn\u00c3\u00ab ato, cfar\u00c3\u00ab e b\u00c3\u00abn Arin t\u00c3\u00abrheq\u00c3\u00abs ndaj femrave? Kjo pyetje me sa duket i v\u00c3\u00ab n\u00c3\u00ab v\u00c3\u00abshtir\u00c3\u00absi p\u00c3\u00abr tu pergjigjur vajzat\" \/>\n<meta property=\"og:url\" content=\"https:\/\/www.visit-ulcinj.com\/blog\/2009\/05\/07\/ari-per-pevojen-e-tij\/\" \/>\n<meta property=\"og:site_name\" content=\"Lajme nga Ulqini\" \/>\n<meta property=\"article:published_time\" content=\"2009-05-07T09:00:05+00:00\" \/>\n<meta property=\"article:modified_time\" content=\"2009-05-06T20:16:42+00:00\" \/>\n<meta property=\"og:image\" content=\"http:\/\/www.visit-ulcinj.com\/blog\/wp-content\/uploads\/2009\/05\/arjani-per-pervoj04.jpg\" \/>\n<meta name=\"twitter:label1\" content=\"Written by\" \/>\n\t<meta name=\"twitter:data1\" content=\"ulqini\" \/>\n\t<meta name=\"twitter:label2\" content=\"Est. reading time\" \/>\n\t<meta name=\"twitter:data2\" content=\"1 minute\" \/>\n<script type=\"application\/ld+json\" class=\"yoast-schema-graph\">{\"@context\":\"https:\/\/schema.org\",\"@graph\":[{\"@type\":\"WebSite\",\"@id\":\"https:\/\/www.visit-ulcinj.com\/blog\/#website\",\"url\":\"https:\/\/www.visit-ulcinj.com\/blog\/\",\"name\":\"Lajme nga Ulqini\",\"description\":\"Lajme,Vijesti,Ulqini,Ulqin,Crna Gora,Mali i Zi\",\"potentialAction\":[{\"@type\":\"SearchAction\",\"target\":{\"@type\":\"EntryPoint\",\"urlTemplate\":\"https:\/\/www.visit-ulcinj.com\/blog\/?s={search_term_string}\"},\"query-input\":\"required name=search_term_string\"}],\"inLanguage\":\"en-US\"},{\"@type\":\"ImageObject\",\"inLanguage\":\"en-US\",\"@id\":\"https:\/\/www.visit-ulcinj.com\/blog\/2009\/05\/07\/ari-per-pevojen-e-tij\/#primaryimage\",\"url\":\"http:\/\/www.visit-ulcinj.com\/blog\/wp-content\/uploads\/2009\/05\/arjani-per-pervoj04.jpg\",\"contentUrl\":\"http:\/\/www.visit-ulcinj.com\/blog\/wp-content\/uploads\/2009\/05\/arjani-per-pervoj04.jpg\"},{\"@type\":\"WebPage\",\"@id\":\"https:\/\/www.visit-ulcinj.com\/blog\/2009\/05\/07\/ari-per-pevojen-e-tij\/#webpage\",\"url\":\"https:\/\/www.visit-ulcinj.com\/blog\/2009\/05\/07\/ari-per-pevojen-e-tij\/\",\"name\":\"Ari p\u00c3\u00abr p\u00c3\u00abvoj\u00c3\u00abn e tij | Big Brother Albania 2\",\"isPartOf\":{\"@id\":\"https:\/\/www.visit-ulcinj.com\/blog\/#website\"},\"primaryImageOfPage\":{\"@id\":\"https:\/\/www.visit-ulcinj.com\/blog\/2009\/05\/07\/ari-per-pevojen-e-tij\/#primaryimage\"},\"datePublished\":\"2009-05-07T09:00:05+00:00\",\"dateModified\":\"2009-05-06T20:16:42+00:00\",\"author\":{\"@id\":\"https:\/\/www.visit-ulcinj.com\/blog\/#\/schema\/person\/dcab619c614d3038751c63bc2aadc06d\"},\"description\":\"Big Brother Albania 2 - Adi pyet vajzat, se si mendojn\u00c3\u00ab ato, cfar\u00c3\u00ab e b\u00c3\u00abn Arin t\u00c3\u00abrheq\u00c3\u00abs ndaj femrave? Kjo pyetje me sa duket i v\u00c3\u00ab n\u00c3\u00ab v\u00c3\u00abshtir\u00c3\u00absi p\u00c3\u00abr tu pergjigjur vajzat\",\"breadcrumb\":{\"@id\":\"https:\/\/www.visit-ulcinj.com\/blog\/2009\/05\/07\/ari-per-pevojen-e-tij\/#breadcrumb\"},\"inLanguage\":\"en-US\",\"potentialAction\":[{\"@type\":\"ReadAction\",\"target\":[\"https:\/\/www.visit-ulcinj.com\/blog\/2009\/05\/07\/ari-per-pevojen-e-tij\/\"]}]},{\"@type\":\"BreadcrumbList\",\"@id\":\"https:\/\/www.visit-ulcinj.com\/blog\/2009\/05\/07\/ari-per-pevojen-e-tij\/#breadcrumb\",\"itemListElement\":[{\"@type\":\"ListItem\",\"position\":1,\"name\":\"Ari p\u00ebr p\u00ebvoj\u00ebn e tij\"}]},{\"@type\":\"Person\",\"@id\":\"https:\/\/www.visit-ulcinj.com\/blog\/#\/schema\/person\/dcab619c614d3038751c63bc2aadc06d\",\"name\":\"ulqini\",\"sameAs\":[\"http:\/\/www.visit-ulcinj.com\"],\"url\":\"https:\/\/www.visit-ulcinj.com\/blog\/author\/admin\/\"}]}<\/script>\n<!-- \/ Yoast SEO plugin. -->","yoast_head_json":{"title":"Ari p\u00c3\u00abr p\u00c3\u00abvoj\u00c3\u00abn e tij | Big Brother Albania 2","description":"Big Brother Albania 2 - Adi pyet vajzat, se si mendojn\u00c3\u00ab ato, cfar\u00c3\u00ab e b\u00c3\u00abn Arin t\u00c3\u00abrheq\u00c3\u00abs ndaj femrave? Kjo pyetje me sa duket i v\u00c3\u00ab n\u00c3\u00ab v\u00c3\u00abshtir\u00c3\u00absi p\u00c3\u00abr tu pergjigjur vajzat","robots":{"index":"index","follow":"follow","max-snippet":"max-snippet:-1","max-image-preview":"max-image-preview:large","max-video-preview":"max-video-preview:-1"},"canonical":"https:\/\/www.visit-ulcinj.com\/blog\/2009\/05\/07\/ari-per-pevojen-e-tij\/","og_locale":"en_US","og_type":"article","og_title":"Ari p\u00c3\u00abr p\u00c3\u00abvoj\u00c3\u00abn e tij | Big Brother Albania 2","og_description":"Big Brother Albania 2 - Adi pyet vajzat, se si mendojn\u00c3\u00ab ato, cfar\u00c3\u00ab e b\u00c3\u00abn Arin t\u00c3\u00abrheq\u00c3\u00abs ndaj femrave? Kjo pyetje me sa duket i v\u00c3\u00ab n\u00c3\u00ab v\u00c3\u00abshtir\u00c3\u00absi p\u00c3\u00abr tu pergjigjur vajzat","og_url":"https:\/\/www.visit-ulcinj.com\/blog\/2009\/05\/07\/ari-per-pevojen-e-tij\/","og_site_name":"Lajme nga Ulqini","article_published_time":"2009-05-07T09:00:05+00:00","article_modified_time":"2009-05-06T20:16:42+00:00","og_image":[{"url":"http:\/\/www.visit-ulcinj.com\/blog\/wp-content\/uploads\/2009\/05\/arjani-per-pervoj04.jpg"}],"twitter_misc":{"Written by":"ulqini","Est. reading time":"1 minute"},"schema":{"@context":"https:\/\/schema.org","@graph":[{"@type":"WebSite","@id":"https:\/\/www.visit-ulcinj.com\/blog\/#website","url":"https:\/\/www.visit-ulcinj.com\/blog\/","name":"Lajme nga Ulqini","description":"Lajme,Vijesti,Ulqini,Ulqin,Crna Gora,Mali i Zi","potentialAction":[{"@type":"SearchAction","target":{"@type":"EntryPoint","urlTemplate":"https:\/\/www.visit-ulcinj.com\/blog\/?s={search_term_string}"},"query-input":"required name=search_term_string"}],"inLanguage":"en-US"},{"@type":"ImageObject","inLanguage":"en-US","@id":"https:\/\/www.visit-ulcinj.com\/blog\/2009\/05\/07\/ari-per-pevojen-e-tij\/#primaryimage","url":"http:\/\/www.visit-ulcinj.com\/blog\/wp-content\/uploads\/2009\/05\/arjani-per-pervoj04.jpg","contentUrl":"http:\/\/www.visit-ulcinj.com\/blog\/wp-content\/uploads\/2009\/05\/arjani-per-pervoj04.jpg"},{"@type":"WebPage","@id":"https:\/\/www.visit-ulcinj.com\/blog\/2009\/05\/07\/ari-per-pevojen-e-tij\/#webpage","url":"https:\/\/www.visit-ulcinj.com\/blog\/2009\/05\/07\/ari-per-pevojen-e-tij\/","name":"Ari p\u00c3\u00abr p\u00c3\u00abvoj\u00c3\u00abn e tij | Big Brother Albania 2","isPartOf":{"@id":"https:\/\/www.visit-ulcinj.com\/blog\/#website"},"primaryImageOfPage":{"@id":"https:\/\/www.visit-ulcinj.com\/blog\/2009\/05\/07\/ari-per-pevojen-e-tij\/#primaryimage"},"datePublished":"2009-05-07T09:00:05+00:00","dateModified":"2009-05-06T20:16:42+00:00","author":{"@id":"https:\/\/www.visit-ulcinj.com\/blog\/#\/schema\/person\/dcab619c614d3038751c63bc2aadc06d"},"description":"Big Brother Albania 2 - Adi pyet vajzat, se si mendojn\u00c3\u00ab ato, cfar\u00c3\u00ab e b\u00c3\u00abn Arin t\u00c3\u00abrheq\u00c3\u00abs ndaj femrave? Kjo pyetje me sa duket i v\u00c3\u00ab n\u00c3\u00ab v\u00c3\u00abshtir\u00c3\u00absi p\u00c3\u00abr tu pergjigjur vajzat","breadcrumb":{"@id":"https:\/\/www.visit-ulcinj.com\/blog\/2009\/05\/07\/ari-per-pevojen-e-tij\/#breadcrumb"},"inLanguage":"en-US","potentialAction":[{"@type":"ReadAction","target":["https:\/\/www.visit-ulcinj.com\/blog\/2009\/05\/07\/ari-per-pevojen-e-tij\/"]}]},{"@type":"BreadcrumbList","@id":"https:\/\/www.visit-ulcinj.com\/blog\/2009\/05\/07\/ari-per-pevojen-e-tij\/#breadcrumb","itemListElement":[{"@type":"ListItem","position":1,"name":"Ari p\u00ebr p\u00ebvoj\u00ebn e tij"}]},{"@type":"Person","@id":"https:\/\/www.visit-ulcinj.com\/blog\/#\/schema\/person\/dcab619c614d3038751c63bc2aadc06d","name":"ulqini","sameAs":["http:\/\/www.visit-ulcinj.com"],"url":"https:\/\/www.visit-ulcinj.com\/blog\/author\/admin\/"}]}},"jetpack_featured_media_url":"","jetpack_sharing_enabled":true,"jetpack_shortlink":"https:\/\/wp.me\/pe6lTn-5iG","_links":{"self":[{"href":"https:\/\/www.visit-ulcinj.com\/blog\/wp-json\/wp\/v2\/posts\/20378"}],"collection":[{"href":"https:\/\/www.visit-ulcinj.com\/blog\/wp-json\/wp\/v2\/posts"}],"about":[{"href":"https:\/\/www.visit-ulcinj.com\/blog\/wp-json\/wp\/v2\/types\/post"}],"author":[{"embeddable":true,"href":"https:\/\/www.visit-ulcinj.com\/blog\/wp-json\/wp\/v2\/users\/1"}],"replies":[{"embeddable":true,"href":"https:\/\/www.visit-ulcinj.com\/blog\/wp-json\/wp\/v2\/comments?post=20378"}],"version-history":[{"count":0,"href":"https:\/\/www.visit-ulcinj.com\/blog\/wp-json\/wp\/v2\/posts\/20378\/revisions"}],"wp:attachment":[{"href":"https:\/\/www.visit-ulcinj.com\/blog\/wp-json\/wp\/v2\/media?parent=20378"}],"wp:term":[{"taxonomy":"category","embeddable":true,"href":"https:\/\/www.visit-ulcinj.com\/blog\/wp-json\/wp\/v2\/categories?post=20378"},{"taxonomy":"post_tag","embeddable":true,"href":"https:\/\/www.visit-ulcinj.com\/blog\/wp-json\/wp\/v2\/tags?post=20378"}],"curies":[{"name":"wp","href":"https:\/\/api.w.org\/{rel}","templated":true}]}}