{"id":20379,"date":"2009-05-06T22:20:31","date_gmt":"2009-05-06T20:20:31","guid":{"rendered":"http:\/\/www.visit-ulcinj.com\/blog\/?p=20379"},"modified":"2009-05-06T22:31:47","modified_gmt":"2009-05-06T20:31:47","slug":"dafina-me-bleron-kemi-pasur-nje-mosmarreveshje","status":"publish","type":"post","link":"https:\/\/www.visit-ulcinj.com\/blog\/2009\/05\/06\/dafina-me-bleron-kemi-pasur-nje-mosmarreveshje\/","title":{"rendered":"Dafina: Me Bleron kemi pasur nj\u00eb mosmarr\u00ebveshje"},"content":{"rendered":"<p><a rel=\"attachment wp-att-20382\" href=\"http:\/\/www.visit-ulcinj.com\/blog\/2009\/05\/06\/dafina-me-bleron-kemi-pasur-nje-mosmarreveshje\/dafina-zeqiri-_blero\/\"><img loading=\"lazy\" class=\"alignleft size-full wp-image-20382\" title=\"dafina-zeqiri-_blero\" src=\"http:\/\/www.visit-ulcinj.com\/blog\/wp-content\/uploads\/2009\/05\/dafina-zeqiri-_blero.jpg\" alt=\"dafina-zeqiri-_blero\" width=\"570\" height=\"325\" \/><\/a>K\u00ebng\u00ebtarja Dafina Zeqiri ka sqaruar thashethemet pse mungoi n\u00eb video-klipin remiksit t\u00eb k\u00ebng\u00ebs \u201cLa Vida Loca\u201d.<br \/>\nAjo tha se remiksi ka qen\u00eb p\u00ebr repera dhe mosmarr\u00ebveshja me Bleron nuk ka qen\u00eb shkaku i n\u00ebn\u00ebs, por mes k\u00ebtyre dyve.<br \/>\nDafina tha p\u00ebr Kosovapress se nuk ka marr\u00eb pjes\u00eb pasi q\u00eb remiksi ka qen\u00eb p\u00ebr repera, nd\u00ebrsa sa i p\u00ebrket nj\u00eb mosmarr\u00ebveshje t\u00eb saj me k\u00ebng\u00ebtarin Blero, p\u00ebr shkak se n\u00ebna e Dafin\u00ebs, sipas disa thashethemeve, ishte ankuar te k\u00ebng\u00ebtari p\u00ebr shkak se ishin ekspozuar pjes\u00eb nga ekstremitetet e k\u00ebng\u00ebtares, Dafina tha se mosmarr\u00ebveshje p\u00ebr shkak t\u00eb n\u00ebn\u00ebs s\u00eb saj nuk kan\u00eb pasur me Bleron, por e gjitha \u00e7ka ka qen\u00eb, thot\u00eb ajo, ka qen\u00eb mes saj dhe Bleros.<br \/>\n\u201cAjo ka qen\u00eb nj\u00eb mosmarr\u00ebveshje e vog\u00ebl dhe tash nuk ka kurrfar\u00eb problemi mes neve\u201d, tha Dafina, duke shtuar se kjo mosmarr\u00ebveshje q\u00eb ishte nuk ka t\u00eb b\u00ebj\u00eb me munges\u00ebn e saj n\u00eb remiksin dhe t\u00eb gjitha k\u00ebto thashetheme q\u00eb flasin q\u00eb krejt kjo ka lidhje me ankesat e n\u00ebn\u00ebs s\u00eb saj nuk jan\u00eb t\u00eb v\u00ebrteta.<br \/>\nN\u00eb pyetjen se a flisni me Bleron, Dafina tha p\u00ebrsh\u00ebndetemi normal si p\u00ebrpara.<br \/>\n<strong> \/L.Gashi\/<br \/>\nKosovapress<br \/>\n<\/p>\n<p><\/strong><\/p>\n<!--YouTube Error: bad URL entered-->\n","protected":false},"excerpt":{"rendered":"<p>K\u00ebng\u00ebtarja Dafina Zeqiri ka sqaruar thashethemet pse mungoi n\u00eb video-klipin remiksit t\u00eb k\u00ebng\u00ebs \u201cLa Vida Loca\u201d. Ajo tha se remiksi ka qen\u00eb p\u00ebr repera dhe mosmarr\u00ebveshja me Bleron nuk ka qen\u00eb shkaku i n\u00ebn\u00ebs, por mes k\u00ebtyre dyve. Dafina tha p\u00ebr Kosovapress se nuk ka marr\u00eb pjes\u00eb pasi q\u00eb remiksi ka qen\u00eb p\u00ebr repera, nd\u00ebrsa [&hellip;]<\/p>\n","protected":false},"author":1,"featured_media":0,"comment_status":"open","ping_status":"closed","sticky":false,"template":"","format":"standard","meta":{"spay_email":"","jetpack_publicize_message":"","jetpack_is_tweetstorm":false,"jetpack_publicize_feature_enabled":true},"categories":[1],"tags":[3978,4926,7654],"jetpack_publicize_connections":[],"yoast_head":"<!-- This site is optimized with the Yoast SEO plugin v19.1 - https:\/\/yoast.com\/wordpress\/plugins\/seo\/ -->\n<title>Dafina: Me Bleron kemi pasur nj\u00eb mosmarr\u00ebveshje - Lajme nga Ulqini<\/title>\n<meta name=\"description\" content=\"K\u00ebng\u00ebtarja Dafina Zeqiri ka sqaruar thashethemet pse mungoi n\u00eb video-klipin remiksit t\u00eb k\u00ebng\u00ebs \u201cLa Vida Loca\u201d. Ajo tha se remiksi ka qen\u00eb p\u00ebr repera dhe\" \/>\n<meta name=\"robots\" content=\"index, follow, max-snippet:-1, max-image-preview:large, max-video-preview:-1\" \/>\n<link rel=\"canonical\" href=\"https:\/\/www.visit-ulcinj.com\/blog\/2009\/05\/06\/dafina-me-bleron-kemi-pasur-nje-mosmarreveshje\/\" \/>\n<meta property=\"og:locale\" content=\"en_US\" \/>\n<meta property=\"og:type\" content=\"article\" \/>\n<meta property=\"og:title\" content=\"Dafina: Me Bleron kemi pasur nj\u00eb mosmarr\u00ebveshje - Lajme nga Ulqini\" \/>\n<meta property=\"og:description\" content=\"K\u00ebng\u00ebtarja Dafina Zeqiri ka sqaruar thashethemet pse mungoi n\u00eb video-klipin remiksit t\u00eb k\u00ebng\u00ebs \u201cLa Vida Loca\u201d. Ajo tha se remiksi ka qen\u00eb p\u00ebr repera dhe\" \/>\n<meta property=\"og:url\" content=\"https:\/\/www.visit-ulcinj.com\/blog\/2009\/05\/06\/dafina-me-bleron-kemi-pasur-nje-mosmarreveshje\/\" \/>\n<meta property=\"og:site_name\" content=\"Lajme nga Ulqini\" \/>\n<meta property=\"article:published_time\" content=\"2009-05-06T20:20:31+00:00\" \/>\n<meta property=\"article:modified_time\" content=\"2009-05-06T20:31:47+00:00\" \/>\n<meta property=\"og:image\" content=\"https:\/\/www.visit-ulcinj.com\/blog\/wp-content\/uploads\/2009\/05\/dafina-zeqiri-_blero-150x150.jpg\" \/>\n<meta name=\"twitter:label1\" content=\"Written by\" \/>\n\t<meta name=\"twitter:data1\" content=\"ulqini\" \/>\n\t<meta name=\"twitter:label2\" content=\"Est. reading time\" \/>\n\t<meta name=\"twitter:data2\" content=\"1 minute\" \/>\n<script type=\"application\/ld+json\" class=\"yoast-schema-graph\">{\"@context\":\"https:\/\/schema.org\",\"@graph\":[{\"@type\":\"WebSite\",\"@id\":\"https:\/\/www.visit-ulcinj.com\/blog\/#website\",\"url\":\"https:\/\/www.visit-ulcinj.com\/blog\/\",\"name\":\"Lajme nga Ulqini\",\"description\":\"Lajme,Vijesti,Ulqini,Ulqin,Crna Gora,Mali i Zi\",\"potentialAction\":[{\"@type\":\"SearchAction\",\"target\":{\"@type\":\"EntryPoint\",\"urlTemplate\":\"https:\/\/www.visit-ulcinj.com\/blog\/?s={search_term_string}\"},\"query-input\":\"required name=search_term_string\"}],\"inLanguage\":\"en-US\"},{\"@type\":\"ImageObject\",\"inLanguage\":\"en-US\",\"@id\":\"https:\/\/www.visit-ulcinj.com\/blog\/2009\/05\/06\/dafina-me-bleron-kemi-pasur-nje-mosmarreveshje\/#primaryimage\",\"url\":\"http:\/\/www.visit-ulcinj.com\/blog\/wp-content\/uploads\/2009\/05\/dafina-zeqiri-_blero.jpg\",\"contentUrl\":\"http:\/\/www.visit-ulcinj.com\/blog\/wp-content\/uploads\/2009\/05\/dafina-zeqiri-_blero.jpg\"},{\"@type\":\"WebPage\",\"@id\":\"https:\/\/www.visit-ulcinj.com\/blog\/2009\/05\/06\/dafina-me-bleron-kemi-pasur-nje-mosmarreveshje\/#webpage\",\"url\":\"https:\/\/www.visit-ulcinj.com\/blog\/2009\/05\/06\/dafina-me-bleron-kemi-pasur-nje-mosmarreveshje\/\",\"name\":\"Dafina: Me Bleron kemi pasur nj\u00eb mosmarr\u00ebveshje - Lajme nga Ulqini\",\"isPartOf\":{\"@id\":\"https:\/\/www.visit-ulcinj.com\/blog\/#website\"},\"primaryImageOfPage\":{\"@id\":\"https:\/\/www.visit-ulcinj.com\/blog\/2009\/05\/06\/dafina-me-bleron-kemi-pasur-nje-mosmarreveshje\/#primaryimage\"},\"datePublished\":\"2009-05-06T20:20:31+00:00\",\"dateModified\":\"2009-05-06T20:31:47+00:00\",\"author\":{\"@id\":\"https:\/\/www.visit-ulcinj.com\/blog\/#\/schema\/person\/dcab619c614d3038751c63bc2aadc06d\"},\"description\":\"K\u00ebng\u00ebtarja Dafina Zeqiri ka sqaruar thashethemet pse mungoi n\u00eb video-klipin remiksit t\u00eb k\u00ebng\u00ebs \u201cLa Vida Loca\u201d. Ajo tha se remiksi ka qen\u00eb p\u00ebr repera dhe\",\"breadcrumb\":{\"@id\":\"https:\/\/www.visit-ulcinj.com\/blog\/2009\/05\/06\/dafina-me-bleron-kemi-pasur-nje-mosmarreveshje\/#breadcrumb\"},\"inLanguage\":\"en-US\",\"potentialAction\":[{\"@type\":\"ReadAction\",\"target\":[\"https:\/\/www.visit-ulcinj.com\/blog\/2009\/05\/06\/dafina-me-bleron-kemi-pasur-nje-mosmarreveshje\/\"]}]},{\"@type\":\"BreadcrumbList\",\"@id\":\"https:\/\/www.visit-ulcinj.com\/blog\/2009\/05\/06\/dafina-me-bleron-kemi-pasur-nje-mosmarreveshje\/#breadcrumb\",\"itemListElement\":[{\"@type\":\"ListItem\",\"position\":1,\"name\":\"Dafina: Me Bleron kemi pasur nj\u00eb mosmarr\u00ebveshje\"}]},{\"@type\":\"Person\",\"@id\":\"https:\/\/www.visit-ulcinj.com\/blog\/#\/schema\/person\/dcab619c614d3038751c63bc2aadc06d\",\"name\":\"ulqini\",\"sameAs\":[\"http:\/\/www.visit-ulcinj.com\"],\"url\":\"https:\/\/www.visit-ulcinj.com\/blog\/author\/admin\/\"}]}<\/script>\n<!-- \/ Yoast SEO plugin. -->","yoast_head_json":{"title":"Dafina: Me Bleron kemi pasur nj\u00eb mosmarr\u00ebveshje - Lajme nga Ulqini","description":"K\u00ebng\u00ebtarja Dafina Zeqiri ka sqaruar thashethemet pse mungoi n\u00eb video-klipin remiksit t\u00eb k\u00ebng\u00ebs \u201cLa Vida Loca\u201d. Ajo tha se remiksi ka qen\u00eb p\u00ebr repera dhe","robots":{"index":"index","follow":"follow","max-snippet":"max-snippet:-1","max-image-preview":"max-image-preview:large","max-video-preview":"max-video-preview:-1"},"canonical":"https:\/\/www.visit-ulcinj.com\/blog\/2009\/05\/06\/dafina-me-bleron-kemi-pasur-nje-mosmarreveshje\/","og_locale":"en_US","og_type":"article","og_title":"Dafina: Me Bleron kemi pasur nj\u00eb mosmarr\u00ebveshje - Lajme nga Ulqini","og_description":"K\u00ebng\u00ebtarja Dafina Zeqiri ka sqaruar thashethemet pse mungoi n\u00eb video-klipin remiksit t\u00eb k\u00ebng\u00ebs \u201cLa Vida Loca\u201d. Ajo tha se remiksi ka qen\u00eb p\u00ebr repera dhe","og_url":"https:\/\/www.visit-ulcinj.com\/blog\/2009\/05\/06\/dafina-me-bleron-kemi-pasur-nje-mosmarreveshje\/","og_site_name":"Lajme nga Ulqini","article_published_time":"2009-05-06T20:20:31+00:00","article_modified_time":"2009-05-06T20:31:47+00:00","og_image":[{"url":"https:\/\/www.visit-ulcinj.com\/blog\/wp-content\/uploads\/2009\/05\/dafina-zeqiri-_blero-150x150.jpg"}],"twitter_misc":{"Written by":"ulqini","Est. reading time":"1 minute"},"schema":{"@context":"https:\/\/schema.org","@graph":[{"@type":"WebSite","@id":"https:\/\/www.visit-ulcinj.com\/blog\/#website","url":"https:\/\/www.visit-ulcinj.com\/blog\/","name":"Lajme nga Ulqini","description":"Lajme,Vijesti,Ulqini,Ulqin,Crna Gora,Mali i Zi","potentialAction":[{"@type":"SearchAction","target":{"@type":"EntryPoint","urlTemplate":"https:\/\/www.visit-ulcinj.com\/blog\/?s={search_term_string}"},"query-input":"required name=search_term_string"}],"inLanguage":"en-US"},{"@type":"ImageObject","inLanguage":"en-US","@id":"https:\/\/www.visit-ulcinj.com\/blog\/2009\/05\/06\/dafina-me-bleron-kemi-pasur-nje-mosmarreveshje\/#primaryimage","url":"http:\/\/www.visit-ulcinj.com\/blog\/wp-content\/uploads\/2009\/05\/dafina-zeqiri-_blero.jpg","contentUrl":"http:\/\/www.visit-ulcinj.com\/blog\/wp-content\/uploads\/2009\/05\/dafina-zeqiri-_blero.jpg"},{"@type":"WebPage","@id":"https:\/\/www.visit-ulcinj.com\/blog\/2009\/05\/06\/dafina-me-bleron-kemi-pasur-nje-mosmarreveshje\/#webpage","url":"https:\/\/www.visit-ulcinj.com\/blog\/2009\/05\/06\/dafina-me-bleron-kemi-pasur-nje-mosmarreveshje\/","name":"Dafina: Me Bleron kemi pasur nj\u00eb mosmarr\u00ebveshje - Lajme nga Ulqini","isPartOf":{"@id":"https:\/\/www.visit-ulcinj.com\/blog\/#website"},"primaryImageOfPage":{"@id":"https:\/\/www.visit-ulcinj.com\/blog\/2009\/05\/06\/dafina-me-bleron-kemi-pasur-nje-mosmarreveshje\/#primaryimage"},"datePublished":"2009-05-06T20:20:31+00:00","dateModified":"2009-05-06T20:31:47+00:00","author":{"@id":"https:\/\/www.visit-ulcinj.com\/blog\/#\/schema\/person\/dcab619c614d3038751c63bc2aadc06d"},"description":"K\u00ebng\u00ebtarja Dafina Zeqiri ka sqaruar thashethemet pse mungoi n\u00eb video-klipin remiksit t\u00eb k\u00ebng\u00ebs \u201cLa Vida Loca\u201d. Ajo tha se remiksi ka qen\u00eb p\u00ebr repera dhe","breadcrumb":{"@id":"https:\/\/www.visit-ulcinj.com\/blog\/2009\/05\/06\/dafina-me-bleron-kemi-pasur-nje-mosmarreveshje\/#breadcrumb"},"inLanguage":"en-US","potentialAction":[{"@type":"ReadAction","target":["https:\/\/www.visit-ulcinj.com\/blog\/2009\/05\/06\/dafina-me-bleron-kemi-pasur-nje-mosmarreveshje\/"]}]},{"@type":"BreadcrumbList","@id":"https:\/\/www.visit-ulcinj.com\/blog\/2009\/05\/06\/dafina-me-bleron-kemi-pasur-nje-mosmarreveshje\/#breadcrumb","itemListElement":[{"@type":"ListItem","position":1,"name":"Dafina: Me Bleron kemi pasur nj\u00eb mosmarr\u00ebveshje"}]},{"@type":"Person","@id":"https:\/\/www.visit-ulcinj.com\/blog\/#\/schema\/person\/dcab619c614d3038751c63bc2aadc06d","name":"ulqini","sameAs":["http:\/\/www.visit-ulcinj.com"],"url":"https:\/\/www.visit-ulcinj.com\/blog\/author\/admin\/"}]}},"jetpack_featured_media_url":"","jetpack_sharing_enabled":true,"jetpack_shortlink":"https:\/\/wp.me\/pe6lTn-5iH","_links":{"self":[{"href":"https:\/\/www.visit-ulcinj.com\/blog\/wp-json\/wp\/v2\/posts\/20379"}],"collection":[{"href":"https:\/\/www.visit-ulcinj.com\/blog\/wp-json\/wp\/v2\/posts"}],"about":[{"href":"https:\/\/www.visit-ulcinj.com\/blog\/wp-json\/wp\/v2\/types\/post"}],"author":[{"embeddable":true,"href":"https:\/\/www.visit-ulcinj.com\/blog\/wp-json\/wp\/v2\/users\/1"}],"replies":[{"embeddable":true,"href":"https:\/\/www.visit-ulcinj.com\/blog\/wp-json\/wp\/v2\/comments?post=20379"}],"version-history":[{"count":0,"href":"https:\/\/www.visit-ulcinj.com\/blog\/wp-json\/wp\/v2\/posts\/20379\/revisions"}],"wp:attachment":[{"href":"https:\/\/www.visit-ulcinj.com\/blog\/wp-json\/wp\/v2\/media?parent=20379"}],"wp:term":[{"taxonomy":"category","embeddable":true,"href":"https:\/\/www.visit-ulcinj.com\/blog\/wp-json\/wp\/v2\/categories?post=20379"},{"taxonomy":"post_tag","embeddable":true,"href":"https:\/\/www.visit-ulcinj.com\/blog\/wp-json\/wp\/v2\/tags?post=20379"}],"curies":[{"name":"wp","href":"https:\/\/api.w.org\/{rel}","templated":true}]}}