{"id":20387,"date":"2009-05-07T11:00:22","date_gmt":"2009-05-07T09:00:22","guid":{"rendered":"http:\/\/www.visit-ulcinj.com\/blog\/?p=20387"},"modified":"2009-05-06T22:25:27","modified_gmt":"2009-05-06T20:25:27","slug":"kush-e-meriton-fitoren","status":"publish","type":"post","link":"https:\/\/www.visit-ulcinj.com\/blog\/2009\/05\/07\/kush-e-meriton-fitoren\/","title":{"rendered":"Kush e meriton fitoren"},"content":{"rendered":"<p><em><span class=\"newsdate\"><a href=\"http:\/\/www.visit-ulcinj.com\/blog\/wp-content\/uploads\/2009\/05\/kush-meritn-fitoren04.jpg\"><img loading=\"lazy\" class=\"alignleft size-full wp-image-20388\" title=\"kush-meritn-fitoren04\" src=\"http:\/\/www.visit-ulcinj.com\/blog\/wp-content\/uploads\/2009\/05\/kush-meritn-fitoren04.jpg\" alt=\"kush-meritn-fitoren04\" width=\"300\" height=\"205\" \/><\/a>04\/05\/09 22:00<\/span><\/em><\/p>\n<p>T\u00eb gjith\u00eb banor\u00ebt t\u00eb mbledhur n\u00eb sallon, bisedojn\u00eb dhe hamend\u00ebsojn\u00eb se kush mund t\u00eb fitoj\u00eb cmimin e madh. Ari thot\u00eb q\u00eb p\u00ebr mendimin e tij duhet ta fitoj\u00eb m\u00eb i miri. Mimoza pyet t\u00eb tjetr\u00ebt n\u00ebse do t\u00eb jet\u00eb njeri prej djemve apo vajzave q\u00eb mund t\u00eb fitoj\u00eb. Ajo vet\u00eb mendon se mund ta fitoj\u00eb nj\u00ebri prej djemve, Anjez\u00ebs i shkon m\u00ebndja tek vetja e saj dhe Adi e mb\u00ebshtet. Ari thot\u00eb se i druhet Mimoz\u00ebs sepse sipas tij ajo ka mb\u00ebshtjen e popullit t\u00eb Kosov\u00ebs. K\u00ebtu Mimoza reagon e druajtur se p\u00ebr k\u00ebt\u00eb arsye t\u00eb tjer\u00ebt mund ta nxjerrin n\u00eb kandidim. Adi nxit bised\u00ebn dhe pyet se p\u00ebrse nuk mund ta fitoj\u00eb Adela? Por Ari thot\u00eb se nuk i druhet Adel\u00ebs, duke th\u00ebn\u00eb se ajo tashm\u00eb e ka ezauruar misionin e saj, ka bere m\u00eb shum\u00eb se c\u2019pritej dhe cmimi i madh do t\u00eb ishte i tep\u00ebrt. Ai i druhet edhe Bjordit, me arsyen se adoleshentet jan\u00eb ndjek\u00ebse t\u00eb rregullta t\u00eb spektaklit dhe Bjordi \u00ebsht\u00eb i preferuari i tyre. Vijon reagimi i Adel\u00ebs duke th\u00ebn\u00eb se Ari nuk mund ta dij\u00eb n\u00ebse ajo e ka p\u00ebrfunduar misionin e saj ose jo.<\/p>\n","protected":false},"excerpt":{"rendered":"<p>04\/05\/09 22:00 T\u00eb gjith\u00eb banor\u00ebt t\u00eb mbledhur n\u00eb sallon, bisedojn\u00eb dhe hamend\u00ebsojn\u00eb se kush mund t\u00eb fitoj\u00eb cmimin e madh. Ari thot\u00eb q\u00eb p\u00ebr mendimin e tij duhet ta fitoj\u00eb m\u00eb i miri. Mimoza pyet t\u00eb tjetr\u00ebt n\u00ebse do t\u00eb jet\u00eb njeri prej djemve apo vajzave q\u00eb mund t\u00eb fitoj\u00eb. Ajo vet\u00eb mendon se mund [&hellip;]<\/p>\n","protected":false},"author":1,"featured_media":0,"comment_status":"open","ping_status":"closed","sticky":false,"template":"","format":"standard","meta":{"spay_email":"","jetpack_publicize_message":"","jetpack_is_tweetstorm":false,"jetpack_publicize_feature_enabled":true},"categories":[6502],"tags":[9121,10026,9751],"jetpack_publicize_connections":[],"yoast_head":"<!-- This site is optimized with the Yoast SEO plugin v19.1 - https:\/\/yoast.com\/wordpress\/plugins\/seo\/ -->\n<title>Kush e meriton fitoren | Big Brother Albania 2<\/title>\n<meta name=\"description\" content=\"Big Brother Albania 2 - T\u00c3\u00ab gjith\u00c3\u00ab banor\u00c3\u00abt t\u00c3\u00ab mbledhur n\u00c3\u00ab sallon, bisedojn\u00c3\u00ab dhe hamend\u00c3\u00absojn\u00c3\u00ab se kush mund t\u00c3\u00ab fitoj\u00c3\u00ab cmimin e madh.\" \/>\n<meta name=\"robots\" content=\"index, follow, max-snippet:-1, max-image-preview:large, max-video-preview:-1\" \/>\n<link rel=\"canonical\" href=\"https:\/\/www.visit-ulcinj.com\/blog\/2009\/05\/07\/kush-e-meriton-fitoren\/\" \/>\n<meta property=\"og:locale\" content=\"en_US\" \/>\n<meta property=\"og:type\" content=\"article\" \/>\n<meta property=\"og:title\" content=\"Kush e meriton fitoren | Big Brother Albania 2\" \/>\n<meta property=\"og:description\" content=\"Big Brother Albania 2 - T\u00c3\u00ab gjith\u00c3\u00ab banor\u00c3\u00abt t\u00c3\u00ab mbledhur n\u00c3\u00ab sallon, bisedojn\u00c3\u00ab dhe hamend\u00c3\u00absojn\u00c3\u00ab se kush mund t\u00c3\u00ab fitoj\u00c3\u00ab cmimin e madh.\" \/>\n<meta property=\"og:url\" content=\"https:\/\/www.visit-ulcinj.com\/blog\/2009\/05\/07\/kush-e-meriton-fitoren\/\" \/>\n<meta property=\"og:site_name\" content=\"Lajme nga Ulqini\" \/>\n<meta property=\"article:published_time\" content=\"2009-05-07T09:00:22+00:00\" \/>\n<meta property=\"article:modified_time\" content=\"2009-05-06T20:25:27+00:00\" \/>\n<meta property=\"og:image\" content=\"http:\/\/www.visit-ulcinj.com\/blog\/wp-content\/uploads\/2009\/05\/kush-meritn-fitoren04.jpg\" \/>\n<meta name=\"twitter:label1\" content=\"Written by\" \/>\n\t<meta name=\"twitter:data1\" content=\"ulqini\" \/>\n\t<meta name=\"twitter:label2\" content=\"Est. reading time\" \/>\n\t<meta name=\"twitter:data2\" content=\"1 minute\" \/>\n<script type=\"application\/ld+json\" class=\"yoast-schema-graph\">{\"@context\":\"https:\/\/schema.org\",\"@graph\":[{\"@type\":\"WebSite\",\"@id\":\"https:\/\/www.visit-ulcinj.com\/blog\/#website\",\"url\":\"https:\/\/www.visit-ulcinj.com\/blog\/\",\"name\":\"Lajme nga Ulqini\",\"description\":\"Lajme,Vijesti,Ulqini,Ulqin,Crna Gora,Mali i Zi\",\"potentialAction\":[{\"@type\":\"SearchAction\",\"target\":{\"@type\":\"EntryPoint\",\"urlTemplate\":\"https:\/\/www.visit-ulcinj.com\/blog\/?s={search_term_string}\"},\"query-input\":\"required name=search_term_string\"}],\"inLanguage\":\"en-US\"},{\"@type\":\"ImageObject\",\"inLanguage\":\"en-US\",\"@id\":\"https:\/\/www.visit-ulcinj.com\/blog\/2009\/05\/07\/kush-e-meriton-fitoren\/#primaryimage\",\"url\":\"http:\/\/www.visit-ulcinj.com\/blog\/wp-content\/uploads\/2009\/05\/kush-meritn-fitoren04.jpg\",\"contentUrl\":\"http:\/\/www.visit-ulcinj.com\/blog\/wp-content\/uploads\/2009\/05\/kush-meritn-fitoren04.jpg\"},{\"@type\":\"WebPage\",\"@id\":\"https:\/\/www.visit-ulcinj.com\/blog\/2009\/05\/07\/kush-e-meriton-fitoren\/#webpage\",\"url\":\"https:\/\/www.visit-ulcinj.com\/blog\/2009\/05\/07\/kush-e-meriton-fitoren\/\",\"name\":\"Kush e meriton fitoren | Big Brother Albania 2\",\"isPartOf\":{\"@id\":\"https:\/\/www.visit-ulcinj.com\/blog\/#website\"},\"primaryImageOfPage\":{\"@id\":\"https:\/\/www.visit-ulcinj.com\/blog\/2009\/05\/07\/kush-e-meriton-fitoren\/#primaryimage\"},\"datePublished\":\"2009-05-07T09:00:22+00:00\",\"dateModified\":\"2009-05-06T20:25:27+00:00\",\"author\":{\"@id\":\"https:\/\/www.visit-ulcinj.com\/blog\/#\/schema\/person\/dcab619c614d3038751c63bc2aadc06d\"},\"description\":\"Big Brother Albania 2 - T\u00c3\u00ab gjith\u00c3\u00ab banor\u00c3\u00abt t\u00c3\u00ab mbledhur n\u00c3\u00ab sallon, bisedojn\u00c3\u00ab dhe hamend\u00c3\u00absojn\u00c3\u00ab se kush mund t\u00c3\u00ab fitoj\u00c3\u00ab cmimin e madh.\",\"breadcrumb\":{\"@id\":\"https:\/\/www.visit-ulcinj.com\/blog\/2009\/05\/07\/kush-e-meriton-fitoren\/#breadcrumb\"},\"inLanguage\":\"en-US\",\"potentialAction\":[{\"@type\":\"ReadAction\",\"target\":[\"https:\/\/www.visit-ulcinj.com\/blog\/2009\/05\/07\/kush-e-meriton-fitoren\/\"]}]},{\"@type\":\"BreadcrumbList\",\"@id\":\"https:\/\/www.visit-ulcinj.com\/blog\/2009\/05\/07\/kush-e-meriton-fitoren\/#breadcrumb\",\"itemListElement\":[{\"@type\":\"ListItem\",\"position\":1,\"name\":\"Kush e meriton fitoren\"}]},{\"@type\":\"Person\",\"@id\":\"https:\/\/www.visit-ulcinj.com\/blog\/#\/schema\/person\/dcab619c614d3038751c63bc2aadc06d\",\"name\":\"ulqini\",\"sameAs\":[\"http:\/\/www.visit-ulcinj.com\"],\"url\":\"https:\/\/www.visit-ulcinj.com\/blog\/author\/admin\/\"}]}<\/script>\n<!-- \/ Yoast SEO plugin. -->","yoast_head_json":{"title":"Kush e meriton fitoren | Big Brother Albania 2","description":"Big Brother Albania 2 - T\u00c3\u00ab gjith\u00c3\u00ab banor\u00c3\u00abt t\u00c3\u00ab mbledhur n\u00c3\u00ab sallon, bisedojn\u00c3\u00ab dhe hamend\u00c3\u00absojn\u00c3\u00ab se kush mund t\u00c3\u00ab fitoj\u00c3\u00ab cmimin e madh.","robots":{"index":"index","follow":"follow","max-snippet":"max-snippet:-1","max-image-preview":"max-image-preview:large","max-video-preview":"max-video-preview:-1"},"canonical":"https:\/\/www.visit-ulcinj.com\/blog\/2009\/05\/07\/kush-e-meriton-fitoren\/","og_locale":"en_US","og_type":"article","og_title":"Kush e meriton fitoren | Big Brother Albania 2","og_description":"Big Brother Albania 2 - T\u00c3\u00ab gjith\u00c3\u00ab banor\u00c3\u00abt t\u00c3\u00ab mbledhur n\u00c3\u00ab sallon, bisedojn\u00c3\u00ab dhe hamend\u00c3\u00absojn\u00c3\u00ab se kush mund t\u00c3\u00ab fitoj\u00c3\u00ab cmimin e madh.","og_url":"https:\/\/www.visit-ulcinj.com\/blog\/2009\/05\/07\/kush-e-meriton-fitoren\/","og_site_name":"Lajme nga Ulqini","article_published_time":"2009-05-07T09:00:22+00:00","article_modified_time":"2009-05-06T20:25:27+00:00","og_image":[{"url":"http:\/\/www.visit-ulcinj.com\/blog\/wp-content\/uploads\/2009\/05\/kush-meritn-fitoren04.jpg"}],"twitter_misc":{"Written by":"ulqini","Est. reading time":"1 minute"},"schema":{"@context":"https:\/\/schema.org","@graph":[{"@type":"WebSite","@id":"https:\/\/www.visit-ulcinj.com\/blog\/#website","url":"https:\/\/www.visit-ulcinj.com\/blog\/","name":"Lajme nga Ulqini","description":"Lajme,Vijesti,Ulqini,Ulqin,Crna Gora,Mali i Zi","potentialAction":[{"@type":"SearchAction","target":{"@type":"EntryPoint","urlTemplate":"https:\/\/www.visit-ulcinj.com\/blog\/?s={search_term_string}"},"query-input":"required name=search_term_string"}],"inLanguage":"en-US"},{"@type":"ImageObject","inLanguage":"en-US","@id":"https:\/\/www.visit-ulcinj.com\/blog\/2009\/05\/07\/kush-e-meriton-fitoren\/#primaryimage","url":"http:\/\/www.visit-ulcinj.com\/blog\/wp-content\/uploads\/2009\/05\/kush-meritn-fitoren04.jpg","contentUrl":"http:\/\/www.visit-ulcinj.com\/blog\/wp-content\/uploads\/2009\/05\/kush-meritn-fitoren04.jpg"},{"@type":"WebPage","@id":"https:\/\/www.visit-ulcinj.com\/blog\/2009\/05\/07\/kush-e-meriton-fitoren\/#webpage","url":"https:\/\/www.visit-ulcinj.com\/blog\/2009\/05\/07\/kush-e-meriton-fitoren\/","name":"Kush e meriton fitoren | Big Brother Albania 2","isPartOf":{"@id":"https:\/\/www.visit-ulcinj.com\/blog\/#website"},"primaryImageOfPage":{"@id":"https:\/\/www.visit-ulcinj.com\/blog\/2009\/05\/07\/kush-e-meriton-fitoren\/#primaryimage"},"datePublished":"2009-05-07T09:00:22+00:00","dateModified":"2009-05-06T20:25:27+00:00","author":{"@id":"https:\/\/www.visit-ulcinj.com\/blog\/#\/schema\/person\/dcab619c614d3038751c63bc2aadc06d"},"description":"Big Brother Albania 2 - T\u00c3\u00ab gjith\u00c3\u00ab banor\u00c3\u00abt t\u00c3\u00ab mbledhur n\u00c3\u00ab sallon, bisedojn\u00c3\u00ab dhe hamend\u00c3\u00absojn\u00c3\u00ab se kush mund t\u00c3\u00ab fitoj\u00c3\u00ab cmimin e madh.","breadcrumb":{"@id":"https:\/\/www.visit-ulcinj.com\/blog\/2009\/05\/07\/kush-e-meriton-fitoren\/#breadcrumb"},"inLanguage":"en-US","potentialAction":[{"@type":"ReadAction","target":["https:\/\/www.visit-ulcinj.com\/blog\/2009\/05\/07\/kush-e-meriton-fitoren\/"]}]},{"@type":"BreadcrumbList","@id":"https:\/\/www.visit-ulcinj.com\/blog\/2009\/05\/07\/kush-e-meriton-fitoren\/#breadcrumb","itemListElement":[{"@type":"ListItem","position":1,"name":"Kush e meriton fitoren"}]},{"@type":"Person","@id":"https:\/\/www.visit-ulcinj.com\/blog\/#\/schema\/person\/dcab619c614d3038751c63bc2aadc06d","name":"ulqini","sameAs":["http:\/\/www.visit-ulcinj.com"],"url":"https:\/\/www.visit-ulcinj.com\/blog\/author\/admin\/"}]}},"jetpack_featured_media_url":"","jetpack_sharing_enabled":true,"jetpack_shortlink":"https:\/\/wp.me\/pe6lTn-5iP","_links":{"self":[{"href":"https:\/\/www.visit-ulcinj.com\/blog\/wp-json\/wp\/v2\/posts\/20387"}],"collection":[{"href":"https:\/\/www.visit-ulcinj.com\/blog\/wp-json\/wp\/v2\/posts"}],"about":[{"href":"https:\/\/www.visit-ulcinj.com\/blog\/wp-json\/wp\/v2\/types\/post"}],"author":[{"embeddable":true,"href":"https:\/\/www.visit-ulcinj.com\/blog\/wp-json\/wp\/v2\/users\/1"}],"replies":[{"embeddable":true,"href":"https:\/\/www.visit-ulcinj.com\/blog\/wp-json\/wp\/v2\/comments?post=20387"}],"version-history":[{"count":0,"href":"https:\/\/www.visit-ulcinj.com\/blog\/wp-json\/wp\/v2\/posts\/20387\/revisions"}],"wp:attachment":[{"href":"https:\/\/www.visit-ulcinj.com\/blog\/wp-json\/wp\/v2\/media?parent=20387"}],"wp:term":[{"taxonomy":"category","embeddable":true,"href":"https:\/\/www.visit-ulcinj.com\/blog\/wp-json\/wp\/v2\/categories?post=20387"},{"taxonomy":"post_tag","embeddable":true,"href":"https:\/\/www.visit-ulcinj.com\/blog\/wp-json\/wp\/v2\/tags?post=20387"}],"curies":[{"name":"wp","href":"https:\/\/api.w.org\/{rel}","templated":true}]}}