{"id":20397,"date":"2009-05-07T17:00:36","date_gmt":"2009-05-07T15:00:36","guid":{"rendered":"http:\/\/www.visit-ulcinj.com\/blog\/?p=20397"},"modified":"2009-05-06T22:42:45","modified_gmt":"2009-05-06T20:42:45","slug":"adelajda-dhe-bjordi-biseda-2","status":"publish","type":"post","link":"https:\/\/www.visit-ulcinj.com\/blog\/2009\/05\/07\/adelajda-dhe-bjordi-biseda-2\/","title":{"rendered":"Adelajda dhe Bjordi &#8211; Biseda"},"content":{"rendered":"<p><em><span class=\"newsdate\">b<a href=\"http:\/\/www.visit-ulcinj.com\/blog\/wp-content\/uploads\/2009\/05\/bjordiadela-5maj.jpg\"><img loading=\"lazy\" class=\"alignleft size-full wp-image-20398\" title=\"bjordiadela-5maj-big-brother-albania-2\" src=\"http:\/\/www.visit-ulcinj.com\/blog\/wp-content\/uploads\/2009\/05\/bjordiadela-5maj.jpg\" alt=\"bjordiadela-5maj-big-brother-albania-2\" width=\"300\" height=\"205\" \/><\/a>05\/05\/09 00:12<\/span><\/em><\/p>\n<p>Adela \u00ebsht\u00eb e shqet\u00ebsuar se si do p\u00ebrfundoj\u00eb kjo jav\u00eb. Ajo analizon loj\u00ebn q\u00eb ka b\u00ebr\u00eb deri tani dhe se cfar\u00eb i ka dh\u00ebn\u00eb publikut, por nj\u00ebkoh\u00ebsisht edhe at\u00eb t\u00eb kund\u00ebrshtar\u00ebve t\u00eb k\u00ebsaj jave. Ajo mendon se cfar\u00eb kishte p\u00ebr t\u00eb dh\u00ebn\u00eb e ka dh\u00ebn\u00eb dhe se misioni i saj mund t\u00eb ket\u00eb mbaruar. P\u00ebr Moz\u00ebn ajo thot\u00eb se ka gjith\u00eb Kosov\u00ebn q\u00eb e mb\u00ebshtet dhe se koh\u00ebt e fundit ka filluar t\u00eb jap\u00eb m\u00eb shum\u00eb nga vetja. Bjordi, i cili p\u00ebrpiqet t\u2019i jap\u00eb kurajo, i thot\u00eb se t\u00eb pakt\u00ebn ajo ka dh\u00ebn\u00eb dicka, nd\u00ebrsa Moza nuk ka dh\u00ebn\u00eb asgj\u00eb p\u00ebrvecse ka qeshur e \u00ebsht\u00eb par\u00eb n\u00eb pasqyr\u00eb dhe duke i par\u00eb gj\u00ebrat n\u00ebn k\u00ebndv\u00ebshtrimin e nj\u00eb f\u00ebmije. Ai mendon se edhe njer\u00ebzit n\u00eb Kosov\u00eb nuk do jen\u00eb joobjektiv\u00eb q\u00eb t\u00eb p\u00ebrkrahin moz\u00ebn vet\u00ebm se ka lindur aty, por do p\u00ebrkrahin Adel\u00ebn p\u00ebr cfar\u00eb ka b\u00ebr\u00eb. \u201cTi ke vuajtur e po vuan n\u00eb k\u00ebt\u00eb sht\u00ebpi dhe lodhja jote do t\u00eb vler\u00ebsohet\u201d- i thot\u00eb ai. Adela i thot\u00eb se kur d\u00ebgjon Bjordin nga nj\u00ebra an\u00eb, ndjehet mir\u00eb, por kur d\u00ebgjon fjal\u00ebt e Arit q\u00eb i thot\u00eb se misioni i saj ka mbarur, i duket sikur asgj\u00eb nga ato q\u00eb donte t\u00eb b\u00ebnte nuk \u00ebsht\u00eb b\u00ebr\u00eb. Ajo shprehet se nuk ka ardhur vet\u00ebm p\u00ebr veten, por edhe p\u00ebr ata njer\u00ebz q\u00eb jan\u00eb si ajo. Sipas saj, q\u00ebllimi ishte q\u00eb t\u00eb ndryshonte dhe t\u2019ia p\u00ebrcillte k\u00ebt\u00eb mesazh edhe atyre njer\u00ebzve, por ka nevoj\u00eb p\u00ebr nj\u00eb konfirmim q\u00eb ia ka arritur q\u00ebllimit. Bjordi i thot\u00eb se asaj i duhet nj\u00eb konfirmim nga njer\u00ebzit q\u00eb i q\u00ebndrojn\u00eb af\u00ebr, gj\u00eb q\u00eb e ka marr\u00eb, nd\u00ebrsa p\u00ebr t\u00eb tjer\u00ebt nuk duhet t\u00eb presi sepse atyre nuk u intereson kjo gj\u00eb q\u00eb po b\u00ebn ajo, pasi mendojn\u00eb p\u00ebr loj\u00ebn e tyre; p\u00ebr t\u00eb tjer\u00ebt q\u00eb jan\u00eb jasht\u00eb sht\u00ebpis\u00eb, opinionin publik, cdo gj\u00eb do t\u00eb duket kur t\u00eb dalin nga loja.<\/p>\n<p><strong>Bjordi :\u00a0T\u00eb sulmojn\u00eb p\u00ebr t\u00eb ecur vet\u00eb<\/strong><\/p>\n<p><em><span class=\"newsdate\">05\/05\/09 00:37<\/span><\/em><\/p>\n<p>Bjordi mendon se Ari nuk ka interes q\u00eb ta mbaj\u00eb Adel\u00ebn brenda dhe ndaj shprehet ashtu tek ajo, por Adela nuk duhet t\u00eb ndikohet nga ai. Ai shton se Adela ka b\u00ebr\u00eb nj\u00eb luft\u00eb p\u00ebr t\u00eb ndryshuar ndikimin e t\u00eb tjer\u00ebve tek ajo dhe k\u00ebt\u00eb gj\u00eb duhet ta coj\u00eb deri n\u00eb fund e t\u00eb mos ndikohet nga fjal\u00ebt e Arit. Sipas tij, Ari ka zgjedhur t\u00eb luaj\u00eb kundra saj p\u00ebr t\u00eb arritur vet\u00eb sa m\u00eb lart, pasi Moz\u00ebn e mendon si nj\u00eb kund\u00ebrshtare t\u00eb leht\u00eb dhe nuk e ndjen veten t\u00eb rrezikuar prej saj. Bjordi i thot\u00eb se p\u00ebrse Ari nuk zgjodhi t\u2019i thoj\u00eb fjal\u00eb t\u00eb mira, por po e sulmon, pasi k\u00ebt\u00eb gj\u00eb e b\u00ebn p\u00ebr t\u00eb eleminuar nj\u00eb kund\u00ebrshtare sepse e di mir\u00eb q\u00eb Adela ndikohet nga fjal\u00ebt e k\u00ebqija. \u201cTi shiko luft\u00ebn t\u00ebnde\u201d- shprehet ai.<\/p>\n<p><strong><span class=\"newstitlec\">Adelajda : E vler\u00ebsoj Sorin p\u00ebr mb\u00ebshtetjen<\/span><\/strong><br \/>\n<em><span class=\"newsdate\">05\/05\/09 01:00<\/span><\/em><\/p>\n<p>Duke biseduar p\u00ebr mb\u00ebshtetjen q\u00eb i japin banor\u00ebt e tjer\u00eb Adel\u00ebs, Bjordi shprehet se ai dhe Adi e mb\u00ebshtesin v\u00ebrtet duke e sjell\u00eb Adel\u00ebn n\u00eb k\u00ebt\u00eb pozit\u00eb q\u00eb \u00ebsht\u00eb, nd\u00ebrsa Moza nuk e kupton luft\u00ebn e saj. P\u00ebr Sorin ai mendon se \u00ebsht\u00eb duke b\u00ebr\u00eb loj\u00ebn e tij dhe shikon interesat e veta. Adela e kund\u00ebrshton dhe thot\u00eb se Sori ishte nj\u00eb nd\u00ebr ata q\u00eb tha se fitoren do t\u2019ia jepte Adel\u00ebs. Ajo mendon se Sori nuk i thot\u00eb kot k\u00ebto gj\u00ebra, por i mendon v\u00ebrtet\u00eb mir\u00eb para se t\u2019i thoj\u00eb. Adela shton se edhe Moza e tha nj\u00eb gj\u00eb t\u00eb till\u00eb, por e thot\u00eb sepse e do at\u00eb. \u201cN\u00eb k\u00ebt\u00eb pk\u00eb ku jam, mua nuk m\u00eb intereson se cili m\u00eb do, por cili m\u00eb vler\u00ebson at\u00eb q\u00eb kam b\u00ebr\u00eb\u201d- shprehet Adela. Ajo mendn se kjo gj\u00eb \u00ebsht\u00eb shum\u00eb e r\u00ebnd\u00ebsishme p\u00ebr t\u00eb dhe e vler\u00ebson shum\u00eb Sorin p\u00ebr k\u00ebt\u00eb q\u00eb i ka th\u00ebn\u00eb pasi e konsideron nj\u00eb mb\u00ebsht\u00ebtje t\u00eb madhe. \u201cP\u00ebr mua, gj\u00ebja m\u00eb e r\u00ebnd\u00ebsishme \u00ebsht\u00eb q\u00eb n\u00eb k\u00ebto dit\u00eb q\u00eb p\u00ebrjetoj k\u00ebtu dhe kur t\u00eb dal, dua t\u00eb kem mb\u00ebshtetjen dhe vler\u00ebsimin p\u00ebr at\u00eb q\u00eb kam b\u00ebr\u00eb\u201d. Adela shton se tani nuk ka m\u00eb r\u00ebnd\u00ebsi jeta e saj, puna e saj, profesioni i saj, por kjo gj\u00eb dhe mesazhi q\u00eb p\u00ebrcolli gjat\u00eb q\u00ebndrimit t\u00eb saj n\u00eb sht\u00ebpi.<\/p>\n","protected":false},"excerpt":{"rendered":"<p>b05\/05\/09 00:12 Adela \u00ebsht\u00eb e shqet\u00ebsuar se si do p\u00ebrfundoj\u00eb kjo jav\u00eb. Ajo analizon loj\u00ebn q\u00eb ka b\u00ebr\u00eb deri tani dhe se cfar\u00eb i ka dh\u00ebn\u00eb publikut, por nj\u00ebkoh\u00ebsisht edhe at\u00eb t\u00eb kund\u00ebrshtar\u00ebve t\u00eb k\u00ebsaj jave. Ajo mendon se cfar\u00eb kishte p\u00ebr t\u00eb dh\u00ebn\u00eb e ka dh\u00ebn\u00eb dhe se misioni i saj mund t\u00eb ket\u00eb [&hellip;]<\/p>\n","protected":false},"author":1,"featured_media":0,"comment_status":"open","ping_status":"closed","sticky":false,"template":"","format":"standard","meta":{"spay_email":"","jetpack_publicize_message":"","jetpack_is_tweetstorm":false,"jetpack_publicize_feature_enabled":true},"categories":[6502],"tags":[6529,9121,8181,6522,9751],"jetpack_publicize_connections":[],"yoast_head":"<!-- This site is optimized with the Yoast SEO plugin v19.1 - https:\/\/yoast.com\/wordpress\/plugins\/seo\/ -->\n<title>Adelajda dhe Bjordi - Biseda | Big Brother Albania 2<\/title>\n<meta name=\"description\" content=\"Big Brother Albania 2 - Adela \u00c3\u00absht\u00c3\u00ab e shqet\u00c3\u00absuar se si do p\u00c3\u00abrfundoj\u00c3\u00ab kjo jav\u00c3\u00ab. Ajo analizon loj\u00c3\u00abn q\u00c3\u00ab ka b\u00c3\u00abr\u00c3\u00ab deri tani dhe se cfar\u00c3\u00ab i ka dh\u00c3\u00abn\u00c3\u00ab publikut\" \/>\n<meta name=\"robots\" content=\"index, follow, max-snippet:-1, max-image-preview:large, max-video-preview:-1\" \/>\n<link rel=\"canonical\" href=\"https:\/\/www.visit-ulcinj.com\/blog\/2009\/05\/07\/adelajda-dhe-bjordi-biseda-2\/\" \/>\n<meta property=\"og:locale\" content=\"en_US\" \/>\n<meta property=\"og:type\" content=\"article\" \/>\n<meta property=\"og:title\" content=\"Adelajda dhe Bjordi - Biseda | Big Brother Albania 2\" \/>\n<meta property=\"og:description\" content=\"Big Brother Albania 2 - Adela \u00c3\u00absht\u00c3\u00ab e shqet\u00c3\u00absuar se si do p\u00c3\u00abrfundoj\u00c3\u00ab kjo jav\u00c3\u00ab. Ajo analizon loj\u00c3\u00abn q\u00c3\u00ab ka b\u00c3\u00abr\u00c3\u00ab deri tani dhe se cfar\u00c3\u00ab i ka dh\u00c3\u00abn\u00c3\u00ab publikut\" \/>\n<meta property=\"og:url\" content=\"https:\/\/www.visit-ulcinj.com\/blog\/2009\/05\/07\/adelajda-dhe-bjordi-biseda-2\/\" \/>\n<meta property=\"og:site_name\" content=\"Lajme nga Ulqini\" \/>\n<meta property=\"article:published_time\" content=\"2009-05-07T15:00:36+00:00\" \/>\n<meta property=\"article:modified_time\" content=\"2009-05-06T20:42:45+00:00\" \/>\n<meta property=\"og:image\" content=\"http:\/\/www.visit-ulcinj.com\/blog\/wp-content\/uploads\/2009\/05\/bjordiadela-5maj.jpg\" \/>\n<meta name=\"twitter:label1\" content=\"Written by\" \/>\n\t<meta name=\"twitter:data1\" content=\"ulqini\" \/>\n\t<meta name=\"twitter:label2\" content=\"Est. reading time\" \/>\n\t<meta name=\"twitter:data2\" content=\"4 minutes\" \/>\n<script type=\"application\/ld+json\" class=\"yoast-schema-graph\">{\"@context\":\"https:\/\/schema.org\",\"@graph\":[{\"@type\":\"WebSite\",\"@id\":\"https:\/\/www.visit-ulcinj.com\/blog\/#website\",\"url\":\"https:\/\/www.visit-ulcinj.com\/blog\/\",\"name\":\"Lajme nga Ulqini\",\"description\":\"Lajme,Vijesti,Ulqini,Ulqin,Crna Gora,Mali i Zi\",\"potentialAction\":[{\"@type\":\"SearchAction\",\"target\":{\"@type\":\"EntryPoint\",\"urlTemplate\":\"https:\/\/www.visit-ulcinj.com\/blog\/?s={search_term_string}\"},\"query-input\":\"required name=search_term_string\"}],\"inLanguage\":\"en-US\"},{\"@type\":\"ImageObject\",\"inLanguage\":\"en-US\",\"@id\":\"https:\/\/www.visit-ulcinj.com\/blog\/2009\/05\/07\/adelajda-dhe-bjordi-biseda-2\/#primaryimage\",\"url\":\"http:\/\/www.visit-ulcinj.com\/blog\/wp-content\/uploads\/2009\/05\/bjordiadela-5maj.jpg\",\"contentUrl\":\"http:\/\/www.visit-ulcinj.com\/blog\/wp-content\/uploads\/2009\/05\/bjordiadela-5maj.jpg\"},{\"@type\":\"WebPage\",\"@id\":\"https:\/\/www.visit-ulcinj.com\/blog\/2009\/05\/07\/adelajda-dhe-bjordi-biseda-2\/#webpage\",\"url\":\"https:\/\/www.visit-ulcinj.com\/blog\/2009\/05\/07\/adelajda-dhe-bjordi-biseda-2\/\",\"name\":\"Adelajda dhe Bjordi - Biseda | Big Brother Albania 2\",\"isPartOf\":{\"@id\":\"https:\/\/www.visit-ulcinj.com\/blog\/#website\"},\"primaryImageOfPage\":{\"@id\":\"https:\/\/www.visit-ulcinj.com\/blog\/2009\/05\/07\/adelajda-dhe-bjordi-biseda-2\/#primaryimage\"},\"datePublished\":\"2009-05-07T15:00:36+00:00\",\"dateModified\":\"2009-05-06T20:42:45+00:00\",\"author\":{\"@id\":\"https:\/\/www.visit-ulcinj.com\/blog\/#\/schema\/person\/dcab619c614d3038751c63bc2aadc06d\"},\"description\":\"Big Brother Albania 2 - Adela \u00c3\u00absht\u00c3\u00ab e shqet\u00c3\u00absuar se si do p\u00c3\u00abrfundoj\u00c3\u00ab kjo jav\u00c3\u00ab. Ajo analizon loj\u00c3\u00abn q\u00c3\u00ab ka b\u00c3\u00abr\u00c3\u00ab deri tani dhe se cfar\u00c3\u00ab i ka dh\u00c3\u00abn\u00c3\u00ab publikut\",\"breadcrumb\":{\"@id\":\"https:\/\/www.visit-ulcinj.com\/blog\/2009\/05\/07\/adelajda-dhe-bjordi-biseda-2\/#breadcrumb\"},\"inLanguage\":\"en-US\",\"potentialAction\":[{\"@type\":\"ReadAction\",\"target\":[\"https:\/\/www.visit-ulcinj.com\/blog\/2009\/05\/07\/adelajda-dhe-bjordi-biseda-2\/\"]}]},{\"@type\":\"BreadcrumbList\",\"@id\":\"https:\/\/www.visit-ulcinj.com\/blog\/2009\/05\/07\/adelajda-dhe-bjordi-biseda-2\/#breadcrumb\",\"itemListElement\":[{\"@type\":\"ListItem\",\"position\":1,\"name\":\"Adelajda dhe Bjordi &#8211; Biseda\"}]},{\"@type\":\"Person\",\"@id\":\"https:\/\/www.visit-ulcinj.com\/blog\/#\/schema\/person\/dcab619c614d3038751c63bc2aadc06d\",\"name\":\"ulqini\",\"sameAs\":[\"http:\/\/www.visit-ulcinj.com\"],\"url\":\"https:\/\/www.visit-ulcinj.com\/blog\/author\/admin\/\"}]}<\/script>\n<!-- \/ Yoast SEO plugin. -->","yoast_head_json":{"title":"Adelajda dhe Bjordi - Biseda | Big Brother Albania 2","description":"Big Brother Albania 2 - Adela \u00c3\u00absht\u00c3\u00ab e shqet\u00c3\u00absuar se si do p\u00c3\u00abrfundoj\u00c3\u00ab kjo jav\u00c3\u00ab. Ajo analizon loj\u00c3\u00abn q\u00c3\u00ab ka b\u00c3\u00abr\u00c3\u00ab deri tani dhe se cfar\u00c3\u00ab i ka dh\u00c3\u00abn\u00c3\u00ab publikut","robots":{"index":"index","follow":"follow","max-snippet":"max-snippet:-1","max-image-preview":"max-image-preview:large","max-video-preview":"max-video-preview:-1"},"canonical":"https:\/\/www.visit-ulcinj.com\/blog\/2009\/05\/07\/adelajda-dhe-bjordi-biseda-2\/","og_locale":"en_US","og_type":"article","og_title":"Adelajda dhe Bjordi - Biseda | Big Brother Albania 2","og_description":"Big Brother Albania 2 - Adela \u00c3\u00absht\u00c3\u00ab e shqet\u00c3\u00absuar se si do p\u00c3\u00abrfundoj\u00c3\u00ab kjo jav\u00c3\u00ab. Ajo analizon loj\u00c3\u00abn q\u00c3\u00ab ka b\u00c3\u00abr\u00c3\u00ab deri tani dhe se cfar\u00c3\u00ab i ka dh\u00c3\u00abn\u00c3\u00ab publikut","og_url":"https:\/\/www.visit-ulcinj.com\/blog\/2009\/05\/07\/adelajda-dhe-bjordi-biseda-2\/","og_site_name":"Lajme nga Ulqini","article_published_time":"2009-05-07T15:00:36+00:00","article_modified_time":"2009-05-06T20:42:45+00:00","og_image":[{"url":"http:\/\/www.visit-ulcinj.com\/blog\/wp-content\/uploads\/2009\/05\/bjordiadela-5maj.jpg"}],"twitter_misc":{"Written by":"ulqini","Est. reading time":"4 minutes"},"schema":{"@context":"https:\/\/schema.org","@graph":[{"@type":"WebSite","@id":"https:\/\/www.visit-ulcinj.com\/blog\/#website","url":"https:\/\/www.visit-ulcinj.com\/blog\/","name":"Lajme nga Ulqini","description":"Lajme,Vijesti,Ulqini,Ulqin,Crna Gora,Mali i Zi","potentialAction":[{"@type":"SearchAction","target":{"@type":"EntryPoint","urlTemplate":"https:\/\/www.visit-ulcinj.com\/blog\/?s={search_term_string}"},"query-input":"required name=search_term_string"}],"inLanguage":"en-US"},{"@type":"ImageObject","inLanguage":"en-US","@id":"https:\/\/www.visit-ulcinj.com\/blog\/2009\/05\/07\/adelajda-dhe-bjordi-biseda-2\/#primaryimage","url":"http:\/\/www.visit-ulcinj.com\/blog\/wp-content\/uploads\/2009\/05\/bjordiadela-5maj.jpg","contentUrl":"http:\/\/www.visit-ulcinj.com\/blog\/wp-content\/uploads\/2009\/05\/bjordiadela-5maj.jpg"},{"@type":"WebPage","@id":"https:\/\/www.visit-ulcinj.com\/blog\/2009\/05\/07\/adelajda-dhe-bjordi-biseda-2\/#webpage","url":"https:\/\/www.visit-ulcinj.com\/blog\/2009\/05\/07\/adelajda-dhe-bjordi-biseda-2\/","name":"Adelajda dhe Bjordi - Biseda | Big Brother Albania 2","isPartOf":{"@id":"https:\/\/www.visit-ulcinj.com\/blog\/#website"},"primaryImageOfPage":{"@id":"https:\/\/www.visit-ulcinj.com\/blog\/2009\/05\/07\/adelajda-dhe-bjordi-biseda-2\/#primaryimage"},"datePublished":"2009-05-07T15:00:36+00:00","dateModified":"2009-05-06T20:42:45+00:00","author":{"@id":"https:\/\/www.visit-ulcinj.com\/blog\/#\/schema\/person\/dcab619c614d3038751c63bc2aadc06d"},"description":"Big Brother Albania 2 - Adela \u00c3\u00absht\u00c3\u00ab e shqet\u00c3\u00absuar se si do p\u00c3\u00abrfundoj\u00c3\u00ab kjo jav\u00c3\u00ab. Ajo analizon loj\u00c3\u00abn q\u00c3\u00ab ka b\u00c3\u00abr\u00c3\u00ab deri tani dhe se cfar\u00c3\u00ab i ka dh\u00c3\u00abn\u00c3\u00ab publikut","breadcrumb":{"@id":"https:\/\/www.visit-ulcinj.com\/blog\/2009\/05\/07\/adelajda-dhe-bjordi-biseda-2\/#breadcrumb"},"inLanguage":"en-US","potentialAction":[{"@type":"ReadAction","target":["https:\/\/www.visit-ulcinj.com\/blog\/2009\/05\/07\/adelajda-dhe-bjordi-biseda-2\/"]}]},{"@type":"BreadcrumbList","@id":"https:\/\/www.visit-ulcinj.com\/blog\/2009\/05\/07\/adelajda-dhe-bjordi-biseda-2\/#breadcrumb","itemListElement":[{"@type":"ListItem","position":1,"name":"Adelajda dhe Bjordi &#8211; Biseda"}]},{"@type":"Person","@id":"https:\/\/www.visit-ulcinj.com\/blog\/#\/schema\/person\/dcab619c614d3038751c63bc2aadc06d","name":"ulqini","sameAs":["http:\/\/www.visit-ulcinj.com"],"url":"https:\/\/www.visit-ulcinj.com\/blog\/author\/admin\/"}]}},"jetpack_featured_media_url":"","jetpack_sharing_enabled":true,"jetpack_shortlink":"https:\/\/wp.me\/pe6lTn-5iZ","_links":{"self":[{"href":"https:\/\/www.visit-ulcinj.com\/blog\/wp-json\/wp\/v2\/posts\/20397"}],"collection":[{"href":"https:\/\/www.visit-ulcinj.com\/blog\/wp-json\/wp\/v2\/posts"}],"about":[{"href":"https:\/\/www.visit-ulcinj.com\/blog\/wp-json\/wp\/v2\/types\/post"}],"author":[{"embeddable":true,"href":"https:\/\/www.visit-ulcinj.com\/blog\/wp-json\/wp\/v2\/users\/1"}],"replies":[{"embeddable":true,"href":"https:\/\/www.visit-ulcinj.com\/blog\/wp-json\/wp\/v2\/comments?post=20397"}],"version-history":[{"count":0,"href":"https:\/\/www.visit-ulcinj.com\/blog\/wp-json\/wp\/v2\/posts\/20397\/revisions"}],"wp:attachment":[{"href":"https:\/\/www.visit-ulcinj.com\/blog\/wp-json\/wp\/v2\/media?parent=20397"}],"wp:term":[{"taxonomy":"category","embeddable":true,"href":"https:\/\/www.visit-ulcinj.com\/blog\/wp-json\/wp\/v2\/categories?post=20397"},{"taxonomy":"post_tag","embeddable":true,"href":"https:\/\/www.visit-ulcinj.com\/blog\/wp-json\/wp\/v2\/tags?post=20397"}],"curies":[{"name":"wp","href":"https:\/\/api.w.org\/{rel}","templated":true}]}}