{"id":20407,"date":"2009-05-07T17:00:46","date_gmt":"2009-05-07T15:00:46","guid":{"rendered":"http:\/\/www.visit-ulcinj.com\/blog\/?p=20407"},"modified":"2009-05-06T22:53:11","modified_gmt":"2009-05-06T20:53:11","slug":"adela-e-forte-me-bjordin","status":"publish","type":"post","link":"https:\/\/www.visit-ulcinj.com\/blog\/2009\/05\/07\/adela-e-forte-me-bjordin\/","title":{"rendered":"Adela e fort\u00eb me Bjordin?"},"content":{"rendered":"<p><em><span class=\"newsdate\"><a href=\"http:\/\/www.visit-ulcinj.com\/blog\/wp-content\/uploads\/2009\/05\/adela-e-forte-me-bjordin04.jpg\"><img loading=\"lazy\" class=\"alignleft size-full wp-image-20405\" title=\"adela-e-forte-me-bjordin-big-brother-albania-2\" src=\"http:\/\/www.visit-ulcinj.com\/blog\/wp-content\/uploads\/2009\/05\/adela-e-forte-me-bjordin04.jpg\" alt=\"adela-e-forte-me-bjordin-big-brother-albania-2\" width=\"300\" height=\"205\" \/><\/a>04\/05\/09 23:54<\/span><\/em><\/p>\n<p>Anjeza ka nj\u00eb dileme p\u00ebr t\u00eb cil\u00ebn, pyet Qetsorin. N\u00ebse Adela do t\u00eb ishte vet\u00ebm, pa Bjordin do kishte mb\u00ebrritur deri k\u00ebtu ku \u00ebsht\u00eb tani? Qetsori i shpjegon q\u00eb Adela \u00ebsht\u00eb lidhur von\u00eb me Bjordin dhe ai e konsideruar at\u00eb lojtare t\u00eb fort\u00eb, deri n\u00eb nj\u00eb faz\u00eb t\u00eb loj\u00ebs ajo ka ardhur vet\u00ebm por pastaj \u00ebsht\u00eb bashkuar me Bjordin. Ai b\u00ebn nj\u00eb analiz\u00eb t\u00eb t\u00eb gjith\u00eb banor\u00ebve q\u00eb kan\u00eb q\u00ebn\u00eb n\u00eb sht\u00ebpi. Anjeza \u00ebsht\u00eb e mendimit se Adela ka ardhur deri n\u00eb k\u00ebt\u00eb pik\u00eb me ndihm\u00ebn e Bjordit. Por gjithsesi Qetsori shprehet se do t\u00eb kishte d\u00ebshir\u00eb ta shihte n\u00eb loj\u00eb vet\u00ebm, pa ndihm\u00ebn e Bjordit dhe \u00ebsht\u00eb i mendimit se do ta kishte m\u00eb t\u00eb v\u00ebshtir\u00eb p\u00ebr ta mundur n\u00ebse ajo do t\u00eb ishte vet\u00ebm.<\/p>\n","protected":false},"excerpt":{"rendered":"<p>04\/05\/09 23:54 Anjeza ka nj\u00eb dileme p\u00ebr t\u00eb cil\u00ebn, pyet Qetsorin. N\u00ebse Adela do t\u00eb ishte vet\u00ebm, pa Bjordin do kishte mb\u00ebrritur deri k\u00ebtu ku \u00ebsht\u00eb tani? Qetsori i shpjegon q\u00eb Adela \u00ebsht\u00eb lidhur von\u00eb me Bjordin dhe ai e konsideruar at\u00eb lojtare t\u00eb fort\u00eb, deri n\u00eb nj\u00eb faz\u00eb t\u00eb loj\u00ebs ajo ka ardhur vet\u00ebm [&hellip;]<\/p>\n","protected":false},"author":1,"featured_media":0,"comment_status":"open","ping_status":"closed","sticky":false,"template":"","format":"standard","meta":{"spay_email":"","jetpack_publicize_message":"","jetpack_is_tweetstorm":false,"jetpack_publicize_feature_enabled":true},"categories":[6502],"tags":[6529,9121,6522,6544,10027,9751],"jetpack_publicize_connections":[],"yoast_head":"<!-- This site is optimized with the Yoast SEO plugin v19.1 - https:\/\/yoast.com\/wordpress\/plugins\/seo\/ -->\n<title>Adela e fort\u00c3\u00ab me Bjordin? | Big Brother Albania 2<\/title>\n<meta name=\"description\" content=\"Big Brother Albania 2 - Anjeza ka nj\u00c3\u00ab dileme p\u00c3\u00abr t\u00c3\u00ab cil\u00c3\u00abn, pyet Qetsorin. N\u00c3\u00abse Adela do t\u00c3\u00ab ishte vet\u00c3\u00abm, pa Bjordin do kishte mb\u00c3\u00abrritur deri k\u00c3\u00abtu ku \u00c3\u00absht\u00c3\u00ab tani?\" \/>\n<meta name=\"robots\" content=\"index, follow, max-snippet:-1, max-image-preview:large, max-video-preview:-1\" \/>\n<link rel=\"canonical\" href=\"https:\/\/www.visit-ulcinj.com\/blog\/2009\/05\/07\/adela-e-forte-me-bjordin\/\" \/>\n<meta property=\"og:locale\" content=\"en_US\" \/>\n<meta property=\"og:type\" content=\"article\" \/>\n<meta property=\"og:title\" content=\"Adela e fort\u00c3\u00ab me Bjordin? | Big Brother Albania 2\" \/>\n<meta property=\"og:description\" content=\"Big Brother Albania 2 - Anjeza ka nj\u00c3\u00ab dileme p\u00c3\u00abr t\u00c3\u00ab cil\u00c3\u00abn, pyet Qetsorin. N\u00c3\u00abse Adela do t\u00c3\u00ab ishte vet\u00c3\u00abm, pa Bjordin do kishte mb\u00c3\u00abrritur deri k\u00c3\u00abtu ku \u00c3\u00absht\u00c3\u00ab tani?\" \/>\n<meta property=\"og:url\" content=\"https:\/\/www.visit-ulcinj.com\/blog\/2009\/05\/07\/adela-e-forte-me-bjordin\/\" \/>\n<meta property=\"og:site_name\" content=\"Lajme nga Ulqini\" \/>\n<meta property=\"article:published_time\" content=\"2009-05-07T15:00:46+00:00\" \/>\n<meta property=\"article:modified_time\" content=\"2009-05-06T20:53:11+00:00\" \/>\n<meta property=\"og:image\" content=\"http:\/\/www.visit-ulcinj.com\/blog\/wp-content\/uploads\/2009\/05\/adela-e-forte-me-bjordin04.jpg\" \/>\n<meta name=\"twitter:label1\" content=\"Written by\" \/>\n\t<meta name=\"twitter:data1\" content=\"ulqini\" \/>\n\t<meta name=\"twitter:label2\" content=\"Est. reading time\" \/>\n\t<meta name=\"twitter:data2\" content=\"1 minute\" \/>\n<script type=\"application\/ld+json\" class=\"yoast-schema-graph\">{\"@context\":\"https:\/\/schema.org\",\"@graph\":[{\"@type\":\"WebSite\",\"@id\":\"https:\/\/www.visit-ulcinj.com\/blog\/#website\",\"url\":\"https:\/\/www.visit-ulcinj.com\/blog\/\",\"name\":\"Lajme nga Ulqini\",\"description\":\"Lajme,Vijesti,Ulqini,Ulqin,Crna Gora,Mali i Zi\",\"potentialAction\":[{\"@type\":\"SearchAction\",\"target\":{\"@type\":\"EntryPoint\",\"urlTemplate\":\"https:\/\/www.visit-ulcinj.com\/blog\/?s={search_term_string}\"},\"query-input\":\"required name=search_term_string\"}],\"inLanguage\":\"en-US\"},{\"@type\":\"ImageObject\",\"inLanguage\":\"en-US\",\"@id\":\"https:\/\/www.visit-ulcinj.com\/blog\/2009\/05\/07\/adela-e-forte-me-bjordin\/#primaryimage\",\"url\":\"http:\/\/www.visit-ulcinj.com\/blog\/wp-content\/uploads\/2009\/05\/adela-e-forte-me-bjordin04.jpg\",\"contentUrl\":\"http:\/\/www.visit-ulcinj.com\/blog\/wp-content\/uploads\/2009\/05\/adela-e-forte-me-bjordin04.jpg\"},{\"@type\":\"WebPage\",\"@id\":\"https:\/\/www.visit-ulcinj.com\/blog\/2009\/05\/07\/adela-e-forte-me-bjordin\/#webpage\",\"url\":\"https:\/\/www.visit-ulcinj.com\/blog\/2009\/05\/07\/adela-e-forte-me-bjordin\/\",\"name\":\"Adela e fort\u00c3\u00ab me Bjordin? | Big Brother Albania 2\",\"isPartOf\":{\"@id\":\"https:\/\/www.visit-ulcinj.com\/blog\/#website\"},\"primaryImageOfPage\":{\"@id\":\"https:\/\/www.visit-ulcinj.com\/blog\/2009\/05\/07\/adela-e-forte-me-bjordin\/#primaryimage\"},\"datePublished\":\"2009-05-07T15:00:46+00:00\",\"dateModified\":\"2009-05-06T20:53:11+00:00\",\"author\":{\"@id\":\"https:\/\/www.visit-ulcinj.com\/blog\/#\/schema\/person\/dcab619c614d3038751c63bc2aadc06d\"},\"description\":\"Big Brother Albania 2 - Anjeza ka nj\u00c3\u00ab dileme p\u00c3\u00abr t\u00c3\u00ab cil\u00c3\u00abn, pyet Qetsorin. N\u00c3\u00abse Adela do t\u00c3\u00ab ishte vet\u00c3\u00abm, pa Bjordin do kishte mb\u00c3\u00abrritur deri k\u00c3\u00abtu ku \u00c3\u00absht\u00c3\u00ab tani?\",\"breadcrumb\":{\"@id\":\"https:\/\/www.visit-ulcinj.com\/blog\/2009\/05\/07\/adela-e-forte-me-bjordin\/#breadcrumb\"},\"inLanguage\":\"en-US\",\"potentialAction\":[{\"@type\":\"ReadAction\",\"target\":[\"https:\/\/www.visit-ulcinj.com\/blog\/2009\/05\/07\/adela-e-forte-me-bjordin\/\"]}]},{\"@type\":\"BreadcrumbList\",\"@id\":\"https:\/\/www.visit-ulcinj.com\/blog\/2009\/05\/07\/adela-e-forte-me-bjordin\/#breadcrumb\",\"itemListElement\":[{\"@type\":\"ListItem\",\"position\":1,\"name\":\"Adela e fort\u00eb me Bjordin?\"}]},{\"@type\":\"Person\",\"@id\":\"https:\/\/www.visit-ulcinj.com\/blog\/#\/schema\/person\/dcab619c614d3038751c63bc2aadc06d\",\"name\":\"ulqini\",\"sameAs\":[\"http:\/\/www.visit-ulcinj.com\"],\"url\":\"https:\/\/www.visit-ulcinj.com\/blog\/author\/admin\/\"}]}<\/script>\n<!-- \/ Yoast SEO plugin. -->","yoast_head_json":{"title":"Adela e fort\u00c3\u00ab me Bjordin? | Big Brother Albania 2","description":"Big Brother Albania 2 - Anjeza ka nj\u00c3\u00ab dileme p\u00c3\u00abr t\u00c3\u00ab cil\u00c3\u00abn, pyet Qetsorin. N\u00c3\u00abse Adela do t\u00c3\u00ab ishte vet\u00c3\u00abm, pa Bjordin do kishte mb\u00c3\u00abrritur deri k\u00c3\u00abtu ku \u00c3\u00absht\u00c3\u00ab tani?","robots":{"index":"index","follow":"follow","max-snippet":"max-snippet:-1","max-image-preview":"max-image-preview:large","max-video-preview":"max-video-preview:-1"},"canonical":"https:\/\/www.visit-ulcinj.com\/blog\/2009\/05\/07\/adela-e-forte-me-bjordin\/","og_locale":"en_US","og_type":"article","og_title":"Adela e fort\u00c3\u00ab me Bjordin? | Big Brother Albania 2","og_description":"Big Brother Albania 2 - Anjeza ka nj\u00c3\u00ab dileme p\u00c3\u00abr t\u00c3\u00ab cil\u00c3\u00abn, pyet Qetsorin. N\u00c3\u00abse Adela do t\u00c3\u00ab ishte vet\u00c3\u00abm, pa Bjordin do kishte mb\u00c3\u00abrritur deri k\u00c3\u00abtu ku \u00c3\u00absht\u00c3\u00ab tani?","og_url":"https:\/\/www.visit-ulcinj.com\/blog\/2009\/05\/07\/adela-e-forte-me-bjordin\/","og_site_name":"Lajme nga Ulqini","article_published_time":"2009-05-07T15:00:46+00:00","article_modified_time":"2009-05-06T20:53:11+00:00","og_image":[{"url":"http:\/\/www.visit-ulcinj.com\/blog\/wp-content\/uploads\/2009\/05\/adela-e-forte-me-bjordin04.jpg"}],"twitter_misc":{"Written by":"ulqini","Est. reading time":"1 minute"},"schema":{"@context":"https:\/\/schema.org","@graph":[{"@type":"WebSite","@id":"https:\/\/www.visit-ulcinj.com\/blog\/#website","url":"https:\/\/www.visit-ulcinj.com\/blog\/","name":"Lajme nga Ulqini","description":"Lajme,Vijesti,Ulqini,Ulqin,Crna Gora,Mali i Zi","potentialAction":[{"@type":"SearchAction","target":{"@type":"EntryPoint","urlTemplate":"https:\/\/www.visit-ulcinj.com\/blog\/?s={search_term_string}"},"query-input":"required name=search_term_string"}],"inLanguage":"en-US"},{"@type":"ImageObject","inLanguage":"en-US","@id":"https:\/\/www.visit-ulcinj.com\/blog\/2009\/05\/07\/adela-e-forte-me-bjordin\/#primaryimage","url":"http:\/\/www.visit-ulcinj.com\/blog\/wp-content\/uploads\/2009\/05\/adela-e-forte-me-bjordin04.jpg","contentUrl":"http:\/\/www.visit-ulcinj.com\/blog\/wp-content\/uploads\/2009\/05\/adela-e-forte-me-bjordin04.jpg"},{"@type":"WebPage","@id":"https:\/\/www.visit-ulcinj.com\/blog\/2009\/05\/07\/adela-e-forte-me-bjordin\/#webpage","url":"https:\/\/www.visit-ulcinj.com\/blog\/2009\/05\/07\/adela-e-forte-me-bjordin\/","name":"Adela e fort\u00c3\u00ab me Bjordin? | Big Brother Albania 2","isPartOf":{"@id":"https:\/\/www.visit-ulcinj.com\/blog\/#website"},"primaryImageOfPage":{"@id":"https:\/\/www.visit-ulcinj.com\/blog\/2009\/05\/07\/adela-e-forte-me-bjordin\/#primaryimage"},"datePublished":"2009-05-07T15:00:46+00:00","dateModified":"2009-05-06T20:53:11+00:00","author":{"@id":"https:\/\/www.visit-ulcinj.com\/blog\/#\/schema\/person\/dcab619c614d3038751c63bc2aadc06d"},"description":"Big Brother Albania 2 - Anjeza ka nj\u00c3\u00ab dileme p\u00c3\u00abr t\u00c3\u00ab cil\u00c3\u00abn, pyet Qetsorin. N\u00c3\u00abse Adela do t\u00c3\u00ab ishte vet\u00c3\u00abm, pa Bjordin do kishte mb\u00c3\u00abrritur deri k\u00c3\u00abtu ku \u00c3\u00absht\u00c3\u00ab tani?","breadcrumb":{"@id":"https:\/\/www.visit-ulcinj.com\/blog\/2009\/05\/07\/adela-e-forte-me-bjordin\/#breadcrumb"},"inLanguage":"en-US","potentialAction":[{"@type":"ReadAction","target":["https:\/\/www.visit-ulcinj.com\/blog\/2009\/05\/07\/adela-e-forte-me-bjordin\/"]}]},{"@type":"BreadcrumbList","@id":"https:\/\/www.visit-ulcinj.com\/blog\/2009\/05\/07\/adela-e-forte-me-bjordin\/#breadcrumb","itemListElement":[{"@type":"ListItem","position":1,"name":"Adela e fort\u00eb me Bjordin?"}]},{"@type":"Person","@id":"https:\/\/www.visit-ulcinj.com\/blog\/#\/schema\/person\/dcab619c614d3038751c63bc2aadc06d","name":"ulqini","sameAs":["http:\/\/www.visit-ulcinj.com"],"url":"https:\/\/www.visit-ulcinj.com\/blog\/author\/admin\/"}]}},"jetpack_featured_media_url":"","jetpack_sharing_enabled":true,"jetpack_shortlink":"https:\/\/wp.me\/pe6lTn-5j9","_links":{"self":[{"href":"https:\/\/www.visit-ulcinj.com\/blog\/wp-json\/wp\/v2\/posts\/20407"}],"collection":[{"href":"https:\/\/www.visit-ulcinj.com\/blog\/wp-json\/wp\/v2\/posts"}],"about":[{"href":"https:\/\/www.visit-ulcinj.com\/blog\/wp-json\/wp\/v2\/types\/post"}],"author":[{"embeddable":true,"href":"https:\/\/www.visit-ulcinj.com\/blog\/wp-json\/wp\/v2\/users\/1"}],"replies":[{"embeddable":true,"href":"https:\/\/www.visit-ulcinj.com\/blog\/wp-json\/wp\/v2\/comments?post=20407"}],"version-history":[{"count":0,"href":"https:\/\/www.visit-ulcinj.com\/blog\/wp-json\/wp\/v2\/posts\/20407\/revisions"}],"wp:attachment":[{"href":"https:\/\/www.visit-ulcinj.com\/blog\/wp-json\/wp\/v2\/media?parent=20407"}],"wp:term":[{"taxonomy":"category","embeddable":true,"href":"https:\/\/www.visit-ulcinj.com\/blog\/wp-json\/wp\/v2\/categories?post=20407"},{"taxonomy":"post_tag","embeddable":true,"href":"https:\/\/www.visit-ulcinj.com\/blog\/wp-json\/wp\/v2\/tags?post=20407"}],"curies":[{"name":"wp","href":"https:\/\/api.w.org\/{rel}","templated":true}]}}