{"id":20414,"date":"2009-05-07T16:00:06","date_gmt":"2009-05-07T14:00:06","guid":{"rendered":"http:\/\/www.visit-ulcinj.com\/blog\/?p=20414"},"modified":"2009-05-06T23:07:37","modified_gmt":"2009-05-06T21:07:37","slug":"moza-dhe-anjeza-mund-te-jete-java-e-fundit","status":"publish","type":"post","link":"https:\/\/www.visit-ulcinj.com\/blog\/2009\/05\/07\/moza-dhe-anjeza-mund-te-jete-java-e-fundit\/","title":{"rendered":"Moza dhe Anjeza : Mund t\u00eb jet\u00eb java e fundit"},"content":{"rendered":"<p>\u00a0<\/p>\n<div id=\"content\"><em><span class=\"newsdate\"><a href=\"http:\/\/www.visit-ulcinj.com\/blog\/wp-content\/uploads\/2009\/05\/anjezamoza-5maj.jpg\"><img loading=\"lazy\" class=\"alignleft size-full wp-image-20418\" title=\"anjezamoza-5maj-big-brother-albania-2\" src=\"http:\/\/www.visit-ulcinj.com\/blog\/wp-content\/uploads\/2009\/05\/anjezamoza-5maj.jpg\" alt=\"anjezamoza-5maj-big-brother-albania-2\" width=\"300\" height=\"205\" \/><\/a>05\/05\/09 01:39<\/span><\/em><\/p>\n<p>Moza dhe Anjeza diskutojn\u00eb p\u00ebr koh\u00ebn q\u00eb kan\u00eb kaluar n\u00eb sht\u00ebpi. P\u00ebr Moz\u00ebn, nuk mund t\u00eb llogaritet koh\u00ebzgjatja e q\u00ebndrimit t\u00eb saj sepse mund t\u00eb p\u00ebrfundoj\u00eb k\u00ebt\u00eb t\u00eb shtun\u00eb apo mund t\u00eb q\u00ebndroj\u00eb dhe jav\u00ebn tjet\u00ebr. \u201cDua t\u00eb k\u00ebnqem n\u00eb maksimum k\u00ebt\u00eb jav\u00eb\u201d- mendon ajo. Anjeza tregon se vet\u00ebm kur ka menduar p\u00ebr familjen dhe e ka ndjer\u00eb munges\u00ebn e tyre, kan\u00eb q\u00ebn\u00eb momentet kur \u00ebsht\u00eb m\u00ebrzitur n\u00eb sht\u00ebpi, nd\u00ebrsa gjat\u00eb gjith\u00eb pjes\u00ebs tjet\u00ebr t\u00eb koh\u00ebs ia ka kaluar shum\u00eb mir\u00eb. Ajo shton p\u00ebr Moz\u00ebn se n\u00eb momentin q\u00eb i ka hyr\u00eb letra nga Poli, e ka par\u00eb at\u00eb si Moz\u00ebn e v\u00ebrtet\u00eb, pasi ajo nuk kishte treguar p\u00ebr lidhjen me t\u00eb m\u00eb par\u00eb dhe e ndjente r\u00ebndes\u00ebn e mostregimit, e q\u00eb m\u00eb pas u ndje m\u00eb e leht\u00ebsuar. Moza mendon se njeriu e l\u00ebshon veten q\u00eb ta kap\u00eb m\u00ebrzia, ashtu sic i ndodhi dhe asaj para dy jav\u00ebsh, por q\u00eb e mori veten shum\u00eb shpejt, sidomos pas dedikimit t\u00eb atyre fjal\u00ebve nga Poli, q\u00eb i dhan\u00eb shum\u00eb zem\u00ebr.<\/p><\/div>\n<div><\/div>\n","protected":false},"excerpt":{"rendered":"<p>\u00a0 05\/05\/09 01:39 Moza dhe Anjeza diskutojn\u00eb p\u00ebr koh\u00ebn q\u00eb kan\u00eb kaluar n\u00eb sht\u00ebpi. P\u00ebr Moz\u00ebn, nuk mund t\u00eb llogaritet koh\u00ebzgjatja e q\u00ebndrimit t\u00eb saj sepse mund t\u00eb p\u00ebrfundoj\u00eb k\u00ebt\u00eb t\u00eb shtun\u00eb apo mund t\u00eb q\u00ebndroj\u00eb dhe jav\u00ebn tjet\u00ebr. \u201cDua t\u00eb k\u00ebnqem n\u00eb maksimum k\u00ebt\u00eb jav\u00eb\u201d- mendon ajo. Anjeza tregon se vet\u00ebm kur ka menduar [&hellip;]<\/p>\n","protected":false},"author":1,"featured_media":0,"comment_status":"open","ping_status":"closed","sticky":false,"template":"","format":"standard","meta":{"spay_email":"","jetpack_publicize_message":"","jetpack_is_tweetstorm":false,"jetpack_publicize_feature_enabled":true},"categories":[6502],"tags":[9121,10029,6544,9751],"jetpack_publicize_connections":[],"yoast_head":"<!-- This site is optimized with the Yoast SEO plugin v19.1 - https:\/\/yoast.com\/wordpress\/plugins\/seo\/ -->\n<title>Moza dhe Anjeza : Mund t\u00c3\u00ab jet\u00c3\u00ab java e fundit | Big Brother Albania 2<\/title>\n<meta name=\"description\" content=\"Big Brother Albania 2 - Moza dhe Anjeza diskutojn\u00c3\u00ab p\u00c3\u00abr koh\u00c3\u00abn q\u00c3\u00ab kan\u00c3\u00ab kaluar n\u00c3\u00ab sht\u00c3\u00abpi. P\u00c3\u00abr Moz\u00c3\u00abn, nuk mund t\u00c3\u00ab llogaritet koh\u00c3\u00abzgjatja e q\u00c3\u00abndrimit t\u00c3\u00ab saj sepse mund t\u00c3\u00ab p\u00c3\u00abrfundoj\u00c3\u00ab k\u00c3\u00abt\u00c3\u00ab t\u00c3\u00ab shtun\u00c3\u00ab apo mund t\u00c3\u00ab q\u00c3\u00abndroj\u00c3\u00ab dhe jav\u00c3\u00abn tjet\u00c3\u00abr.\" \/>\n<meta name=\"robots\" content=\"index, follow, max-snippet:-1, max-image-preview:large, max-video-preview:-1\" \/>\n<link rel=\"canonical\" href=\"https:\/\/www.visit-ulcinj.com\/blog\/2009\/05\/07\/moza-dhe-anjeza-mund-te-jete-java-e-fundit\/\" \/>\n<meta property=\"og:locale\" content=\"en_US\" \/>\n<meta property=\"og:type\" content=\"article\" \/>\n<meta property=\"og:title\" content=\"Moza dhe Anjeza : Mund t\u00c3\u00ab jet\u00c3\u00ab java e fundit | Big Brother Albania 2\" \/>\n<meta property=\"og:description\" content=\"Big Brother Albania 2 - Moza dhe Anjeza diskutojn\u00c3\u00ab p\u00c3\u00abr koh\u00c3\u00abn q\u00c3\u00ab kan\u00c3\u00ab kaluar n\u00c3\u00ab sht\u00c3\u00abpi. P\u00c3\u00abr Moz\u00c3\u00abn, nuk mund t\u00c3\u00ab llogaritet koh\u00c3\u00abzgjatja e q\u00c3\u00abndrimit t\u00c3\u00ab saj sepse mund t\u00c3\u00ab p\u00c3\u00abrfundoj\u00c3\u00ab k\u00c3\u00abt\u00c3\u00ab t\u00c3\u00ab shtun\u00c3\u00ab apo mund t\u00c3\u00ab q\u00c3\u00abndroj\u00c3\u00ab dhe jav\u00c3\u00abn tjet\u00c3\u00abr.\" \/>\n<meta property=\"og:url\" content=\"https:\/\/www.visit-ulcinj.com\/blog\/2009\/05\/07\/moza-dhe-anjeza-mund-te-jete-java-e-fundit\/\" \/>\n<meta property=\"og:site_name\" content=\"Lajme nga Ulqini\" \/>\n<meta property=\"article:published_time\" content=\"2009-05-07T14:00:06+00:00\" \/>\n<meta property=\"article:modified_time\" content=\"2009-05-06T21:07:37+00:00\" \/>\n<meta property=\"og:image\" content=\"http:\/\/www.visit-ulcinj.com\/blog\/wp-content\/uploads\/2009\/05\/anjezamoza-5maj.jpg\" \/>\n<meta name=\"twitter:label1\" content=\"Written by\" \/>\n\t<meta name=\"twitter:data1\" content=\"ulqini\" \/>\n\t<meta name=\"twitter:label2\" content=\"Est. reading time\" \/>\n\t<meta name=\"twitter:data2\" content=\"1 minute\" \/>\n<script type=\"application\/ld+json\" class=\"yoast-schema-graph\">{\"@context\":\"https:\/\/schema.org\",\"@graph\":[{\"@type\":\"WebSite\",\"@id\":\"https:\/\/www.visit-ulcinj.com\/blog\/#website\",\"url\":\"https:\/\/www.visit-ulcinj.com\/blog\/\",\"name\":\"Lajme nga Ulqini\",\"description\":\"Lajme,Vijesti,Ulqini,Ulqin,Crna Gora,Mali i Zi\",\"potentialAction\":[{\"@type\":\"SearchAction\",\"target\":{\"@type\":\"EntryPoint\",\"urlTemplate\":\"https:\/\/www.visit-ulcinj.com\/blog\/?s={search_term_string}\"},\"query-input\":\"required name=search_term_string\"}],\"inLanguage\":\"en-US\"},{\"@type\":\"ImageObject\",\"inLanguage\":\"en-US\",\"@id\":\"https:\/\/www.visit-ulcinj.com\/blog\/2009\/05\/07\/moza-dhe-anjeza-mund-te-jete-java-e-fundit\/#primaryimage\",\"url\":\"http:\/\/www.visit-ulcinj.com\/blog\/wp-content\/uploads\/2009\/05\/anjezamoza-5maj.jpg\",\"contentUrl\":\"http:\/\/www.visit-ulcinj.com\/blog\/wp-content\/uploads\/2009\/05\/anjezamoza-5maj.jpg\"},{\"@type\":\"WebPage\",\"@id\":\"https:\/\/www.visit-ulcinj.com\/blog\/2009\/05\/07\/moza-dhe-anjeza-mund-te-jete-java-e-fundit\/#webpage\",\"url\":\"https:\/\/www.visit-ulcinj.com\/blog\/2009\/05\/07\/moza-dhe-anjeza-mund-te-jete-java-e-fundit\/\",\"name\":\"Moza dhe Anjeza : Mund t\u00c3\u00ab jet\u00c3\u00ab java e fundit | Big Brother Albania 2\",\"isPartOf\":{\"@id\":\"https:\/\/www.visit-ulcinj.com\/blog\/#website\"},\"primaryImageOfPage\":{\"@id\":\"https:\/\/www.visit-ulcinj.com\/blog\/2009\/05\/07\/moza-dhe-anjeza-mund-te-jete-java-e-fundit\/#primaryimage\"},\"datePublished\":\"2009-05-07T14:00:06+00:00\",\"dateModified\":\"2009-05-06T21:07:37+00:00\",\"author\":{\"@id\":\"https:\/\/www.visit-ulcinj.com\/blog\/#\/schema\/person\/dcab619c614d3038751c63bc2aadc06d\"},\"description\":\"Big Brother Albania 2 - Moza dhe Anjeza diskutojn\u00c3\u00ab p\u00c3\u00abr koh\u00c3\u00abn q\u00c3\u00ab kan\u00c3\u00ab kaluar n\u00c3\u00ab sht\u00c3\u00abpi. P\u00c3\u00abr Moz\u00c3\u00abn, nuk mund t\u00c3\u00ab llogaritet koh\u00c3\u00abzgjatja e q\u00c3\u00abndrimit t\u00c3\u00ab saj sepse mund t\u00c3\u00ab p\u00c3\u00abrfundoj\u00c3\u00ab k\u00c3\u00abt\u00c3\u00ab t\u00c3\u00ab shtun\u00c3\u00ab apo mund t\u00c3\u00ab q\u00c3\u00abndroj\u00c3\u00ab dhe jav\u00c3\u00abn tjet\u00c3\u00abr.\",\"breadcrumb\":{\"@id\":\"https:\/\/www.visit-ulcinj.com\/blog\/2009\/05\/07\/moza-dhe-anjeza-mund-te-jete-java-e-fundit\/#breadcrumb\"},\"inLanguage\":\"en-US\",\"potentialAction\":[{\"@type\":\"ReadAction\",\"target\":[\"https:\/\/www.visit-ulcinj.com\/blog\/2009\/05\/07\/moza-dhe-anjeza-mund-te-jete-java-e-fundit\/\"]}]},{\"@type\":\"BreadcrumbList\",\"@id\":\"https:\/\/www.visit-ulcinj.com\/blog\/2009\/05\/07\/moza-dhe-anjeza-mund-te-jete-java-e-fundit\/#breadcrumb\",\"itemListElement\":[{\"@type\":\"ListItem\",\"position\":1,\"name\":\"Moza dhe Anjeza : Mund t\u00eb jet\u00eb java e fundit\"}]},{\"@type\":\"Person\",\"@id\":\"https:\/\/www.visit-ulcinj.com\/blog\/#\/schema\/person\/dcab619c614d3038751c63bc2aadc06d\",\"name\":\"ulqini\",\"sameAs\":[\"http:\/\/www.visit-ulcinj.com\"],\"url\":\"https:\/\/www.visit-ulcinj.com\/blog\/author\/admin\/\"}]}<\/script>\n<!-- \/ Yoast SEO plugin. -->","yoast_head_json":{"title":"Moza dhe Anjeza : Mund t\u00c3\u00ab jet\u00c3\u00ab java e fundit | Big Brother Albania 2","description":"Big Brother Albania 2 - Moza dhe Anjeza diskutojn\u00c3\u00ab p\u00c3\u00abr koh\u00c3\u00abn q\u00c3\u00ab kan\u00c3\u00ab kaluar n\u00c3\u00ab sht\u00c3\u00abpi. P\u00c3\u00abr Moz\u00c3\u00abn, nuk mund t\u00c3\u00ab llogaritet koh\u00c3\u00abzgjatja e q\u00c3\u00abndrimit t\u00c3\u00ab saj sepse mund t\u00c3\u00ab p\u00c3\u00abrfundoj\u00c3\u00ab k\u00c3\u00abt\u00c3\u00ab t\u00c3\u00ab shtun\u00c3\u00ab apo mund t\u00c3\u00ab q\u00c3\u00abndroj\u00c3\u00ab dhe jav\u00c3\u00abn tjet\u00c3\u00abr.","robots":{"index":"index","follow":"follow","max-snippet":"max-snippet:-1","max-image-preview":"max-image-preview:large","max-video-preview":"max-video-preview:-1"},"canonical":"https:\/\/www.visit-ulcinj.com\/blog\/2009\/05\/07\/moza-dhe-anjeza-mund-te-jete-java-e-fundit\/","og_locale":"en_US","og_type":"article","og_title":"Moza dhe Anjeza : Mund t\u00c3\u00ab jet\u00c3\u00ab java e fundit | Big Brother Albania 2","og_description":"Big Brother Albania 2 - Moza dhe Anjeza diskutojn\u00c3\u00ab p\u00c3\u00abr koh\u00c3\u00abn q\u00c3\u00ab kan\u00c3\u00ab kaluar n\u00c3\u00ab sht\u00c3\u00abpi. P\u00c3\u00abr Moz\u00c3\u00abn, nuk mund t\u00c3\u00ab llogaritet koh\u00c3\u00abzgjatja e q\u00c3\u00abndrimit t\u00c3\u00ab saj sepse mund t\u00c3\u00ab p\u00c3\u00abrfundoj\u00c3\u00ab k\u00c3\u00abt\u00c3\u00ab t\u00c3\u00ab shtun\u00c3\u00ab apo mund t\u00c3\u00ab q\u00c3\u00abndroj\u00c3\u00ab dhe jav\u00c3\u00abn tjet\u00c3\u00abr.","og_url":"https:\/\/www.visit-ulcinj.com\/blog\/2009\/05\/07\/moza-dhe-anjeza-mund-te-jete-java-e-fundit\/","og_site_name":"Lajme nga Ulqini","article_published_time":"2009-05-07T14:00:06+00:00","article_modified_time":"2009-05-06T21:07:37+00:00","og_image":[{"url":"http:\/\/www.visit-ulcinj.com\/blog\/wp-content\/uploads\/2009\/05\/anjezamoza-5maj.jpg"}],"twitter_misc":{"Written by":"ulqini","Est. reading time":"1 minute"},"schema":{"@context":"https:\/\/schema.org","@graph":[{"@type":"WebSite","@id":"https:\/\/www.visit-ulcinj.com\/blog\/#website","url":"https:\/\/www.visit-ulcinj.com\/blog\/","name":"Lajme nga Ulqini","description":"Lajme,Vijesti,Ulqini,Ulqin,Crna Gora,Mali i Zi","potentialAction":[{"@type":"SearchAction","target":{"@type":"EntryPoint","urlTemplate":"https:\/\/www.visit-ulcinj.com\/blog\/?s={search_term_string}"},"query-input":"required name=search_term_string"}],"inLanguage":"en-US"},{"@type":"ImageObject","inLanguage":"en-US","@id":"https:\/\/www.visit-ulcinj.com\/blog\/2009\/05\/07\/moza-dhe-anjeza-mund-te-jete-java-e-fundit\/#primaryimage","url":"http:\/\/www.visit-ulcinj.com\/blog\/wp-content\/uploads\/2009\/05\/anjezamoza-5maj.jpg","contentUrl":"http:\/\/www.visit-ulcinj.com\/blog\/wp-content\/uploads\/2009\/05\/anjezamoza-5maj.jpg"},{"@type":"WebPage","@id":"https:\/\/www.visit-ulcinj.com\/blog\/2009\/05\/07\/moza-dhe-anjeza-mund-te-jete-java-e-fundit\/#webpage","url":"https:\/\/www.visit-ulcinj.com\/blog\/2009\/05\/07\/moza-dhe-anjeza-mund-te-jete-java-e-fundit\/","name":"Moza dhe Anjeza : Mund t\u00c3\u00ab jet\u00c3\u00ab java e fundit | Big Brother Albania 2","isPartOf":{"@id":"https:\/\/www.visit-ulcinj.com\/blog\/#website"},"primaryImageOfPage":{"@id":"https:\/\/www.visit-ulcinj.com\/blog\/2009\/05\/07\/moza-dhe-anjeza-mund-te-jete-java-e-fundit\/#primaryimage"},"datePublished":"2009-05-07T14:00:06+00:00","dateModified":"2009-05-06T21:07:37+00:00","author":{"@id":"https:\/\/www.visit-ulcinj.com\/blog\/#\/schema\/person\/dcab619c614d3038751c63bc2aadc06d"},"description":"Big Brother Albania 2 - Moza dhe Anjeza diskutojn\u00c3\u00ab p\u00c3\u00abr koh\u00c3\u00abn q\u00c3\u00ab kan\u00c3\u00ab kaluar n\u00c3\u00ab sht\u00c3\u00abpi. P\u00c3\u00abr Moz\u00c3\u00abn, nuk mund t\u00c3\u00ab llogaritet koh\u00c3\u00abzgjatja e q\u00c3\u00abndrimit t\u00c3\u00ab saj sepse mund t\u00c3\u00ab p\u00c3\u00abrfundoj\u00c3\u00ab k\u00c3\u00abt\u00c3\u00ab t\u00c3\u00ab shtun\u00c3\u00ab apo mund t\u00c3\u00ab q\u00c3\u00abndroj\u00c3\u00ab dhe jav\u00c3\u00abn tjet\u00c3\u00abr.","breadcrumb":{"@id":"https:\/\/www.visit-ulcinj.com\/blog\/2009\/05\/07\/moza-dhe-anjeza-mund-te-jete-java-e-fundit\/#breadcrumb"},"inLanguage":"en-US","potentialAction":[{"@type":"ReadAction","target":["https:\/\/www.visit-ulcinj.com\/blog\/2009\/05\/07\/moza-dhe-anjeza-mund-te-jete-java-e-fundit\/"]}]},{"@type":"BreadcrumbList","@id":"https:\/\/www.visit-ulcinj.com\/blog\/2009\/05\/07\/moza-dhe-anjeza-mund-te-jete-java-e-fundit\/#breadcrumb","itemListElement":[{"@type":"ListItem","position":1,"name":"Moza dhe Anjeza : Mund t\u00eb jet\u00eb java e fundit"}]},{"@type":"Person","@id":"https:\/\/www.visit-ulcinj.com\/blog\/#\/schema\/person\/dcab619c614d3038751c63bc2aadc06d","name":"ulqini","sameAs":["http:\/\/www.visit-ulcinj.com"],"url":"https:\/\/www.visit-ulcinj.com\/blog\/author\/admin\/"}]}},"jetpack_featured_media_url":"","jetpack_sharing_enabled":true,"jetpack_shortlink":"https:\/\/wp.me\/pe6lTn-5jg","_links":{"self":[{"href":"https:\/\/www.visit-ulcinj.com\/blog\/wp-json\/wp\/v2\/posts\/20414"}],"collection":[{"href":"https:\/\/www.visit-ulcinj.com\/blog\/wp-json\/wp\/v2\/posts"}],"about":[{"href":"https:\/\/www.visit-ulcinj.com\/blog\/wp-json\/wp\/v2\/types\/post"}],"author":[{"embeddable":true,"href":"https:\/\/www.visit-ulcinj.com\/blog\/wp-json\/wp\/v2\/users\/1"}],"replies":[{"embeddable":true,"href":"https:\/\/www.visit-ulcinj.com\/blog\/wp-json\/wp\/v2\/comments?post=20414"}],"version-history":[{"count":0,"href":"https:\/\/www.visit-ulcinj.com\/blog\/wp-json\/wp\/v2\/posts\/20414\/revisions"}],"wp:attachment":[{"href":"https:\/\/www.visit-ulcinj.com\/blog\/wp-json\/wp\/v2\/media?parent=20414"}],"wp:term":[{"taxonomy":"category","embeddable":true,"href":"https:\/\/www.visit-ulcinj.com\/blog\/wp-json\/wp\/v2\/categories?post=20414"},{"taxonomy":"post_tag","embeddable":true,"href":"https:\/\/www.visit-ulcinj.com\/blog\/wp-json\/wp\/v2\/tags?post=20414"}],"curies":[{"name":"wp","href":"https:\/\/api.w.org\/{rel}","templated":true}]}}