{"id":20425,"date":"2009-05-07T15:00:48","date_gmt":"2009-05-07T13:00:48","guid":{"rendered":"http:\/\/www.visit-ulcinj.com\/blog\/?p=20425"},"modified":"2009-05-07T00:00:08","modified_gmt":"2009-05-06T22:00:08","slug":"adelajda-une-jam-kjo-qe-jam-ketu","status":"publish","type":"post","link":"https:\/\/www.visit-ulcinj.com\/blog\/2009\/05\/07\/adelajda-une-jam-kjo-qe-jam-ketu\/","title":{"rendered":"Adelajda : Un\u00eb jam kjo q\u00eb jam k\u00ebtu"},"content":{"rendered":"<p><em><span class=\"newsdate\"><a href=\"http:\/\/www.visit-ulcinj.com\/blog\/wp-content\/uploads\/2009\/05\/bjordiadela-5maj-3.jpg\"><img loading=\"lazy\" class=\"alignleft size-full wp-image-20426\" title=\"bjordiadela-5maj-3-big-brother-albania-2\" src=\"http:\/\/www.visit-ulcinj.com\/blog\/wp-content\/uploads\/2009\/05\/bjordiadela-5maj-3.jpg\" alt=\"bjordiadela-5maj-3-big-brother-albania-2\" width=\"300\" height=\"205\" \/><\/a>05\/05\/09 02:10<\/span><\/em><\/p>\n<p>\u201cMezi e kam pritur dit\u00ebn q\u00eb t\u00eb them gj\u00ebrat e mia pa u fshehur n\u00eb ndonj\u00eb cep e pa u shtirur\u201d- thot\u00eb Adela p\u00ebr veten. Ajo thot\u00eb se i p\u00eblqen sinqeriteti i Bjordit dhe e vler\u00ebson t\u00eb v\u00ebrtet\u00ebn kur thuhet, sado e keqe t\u00eb jet\u00eb ajo. Adela tregon p\u00ebr veten se \u00ebsht\u00eb detyruar nga situatat t\u00eb sillet n\u00eb nj\u00eb m\u00ebnyr\u00eb, duke fshehur shum\u00eb an\u00eb t\u00eb vetes. \u201cUn\u00eb jam si kjo q\u00eb jam k\u00ebtu, por t\u00eb tjer\u00ebt nuk e din\u00eb sepse nuk i kam treguar ndonj\u00ebher\u00eb k\u00ebto an\u00eb t\u00eb miat\u201d- thot\u00eb ajo. Adela mendon se as prind\u00ebrit e saj nuk e njohin se si \u00ebsht\u00eb sepse nuk e kan\u00eb par\u00eb ndonj\u00ebher\u00eb 24 or\u00eb dhe n\u00eb situata t\u00eb ndryshme, nuk e kan\u00eb ditur se cfar\u00eb mendonte apo ndjente ajo, por kan\u00eb njohur vet\u00ebm nj\u00eb pjes\u00eb t\u00eb saj. \u201cM\u00eb par\u00eb nuk i ka interesuar njeriu se si i mendoja un\u00eb gj\u00ebrat dhe kur p\u00ebrpiqesha t\u00eb thoja dicka, m\u00eb thoshin se un\u00eb s\u2019merrja vesh nga asgj\u00eb\u201d. Adela thot\u00eb se tjetri duhet d\u00ebgjuar, cfar\u00ebdolloj gj\u00ebrash q\u00eb t\u00eb thot\u00eb sepse n\u00eb t\u00eb kund\u00ebrt humbet vet\u00ebvler\u00ebsimin d\u00ebshir\u00ebn p\u00ebr t\u00eb jetuar. Ajo shton se nga kjo gj\u00eb \u00ebsht\u00eb m\u00ebsuar q\u00eb t\u2019u thot\u00eb banor\u00ebve t\u00eb tjer\u00eb q\u00eb ta d\u00ebgjojn\u00eb kur ajo flet, se n\u00eb t\u00eb kund\u00ebrt nuk merr pjes\u00eb n\u00ebp\u00ebr debate.<\/p>\n","protected":false},"excerpt":{"rendered":"<p>05\/05\/09 02:10 \u201cMezi e kam pritur dit\u00ebn q\u00eb t\u00eb them gj\u00ebrat e mia pa u fshehur n\u00eb ndonj\u00eb cep e pa u shtirur\u201d- thot\u00eb Adela p\u00ebr veten. Ajo thot\u00eb se i p\u00eblqen sinqeriteti i Bjordit dhe e vler\u00ebson t\u00eb v\u00ebrtet\u00ebn kur thuhet, sado e keqe t\u00eb jet\u00eb ajo. Adela tregon p\u00ebr veten se \u00ebsht\u00eb detyruar [&hellip;]<\/p>\n","protected":false},"author":1,"featured_media":0,"comment_status":"open","ping_status":"closed","sticky":false,"template":"","format":"standard","meta":{"spay_email":"","jetpack_publicize_message":"","jetpack_is_tweetstorm":false,"jetpack_publicize_feature_enabled":true},"categories":[6502],"tags":[6529,9121,6522,9751],"jetpack_publicize_connections":[],"yoast_head":"<!-- This site is optimized with the Yoast SEO plugin v19.1 - https:\/\/yoast.com\/wordpress\/plugins\/seo\/ -->\n<title>Adelajda : Un\u00c3\u00ab jam kjo q\u00c3\u00ab jam k\u00c3\u00abtu | Big Brother Albania 2<\/title>\n<meta name=\"description\" content=\"Big Brother Albania 2 - \u00e2\u20ac\u0153Mezi e kam pritur dit\u00c3\u00abn q\u00c3\u00ab t\u00c3\u00ab them gj\u00c3\u00abrat e mia pa u fshehur n\u00c3\u00ab ndonj\u00c3\u00ab cep e pa u shtirur\u00e2\u20ac\u009d- thot\u00c3\u00ab Adela p\u00c3\u00abr veten.\" \/>\n<meta name=\"robots\" content=\"index, follow, max-snippet:-1, max-image-preview:large, max-video-preview:-1\" \/>\n<link rel=\"canonical\" href=\"https:\/\/www.visit-ulcinj.com\/blog\/2009\/05\/07\/adelajda-une-jam-kjo-qe-jam-ketu\/\" \/>\n<meta property=\"og:locale\" content=\"en_US\" \/>\n<meta property=\"og:type\" content=\"article\" \/>\n<meta property=\"og:title\" content=\"Adelajda : Un\u00c3\u00ab jam kjo q\u00c3\u00ab jam k\u00c3\u00abtu | Big Brother Albania 2\" \/>\n<meta property=\"og:description\" content=\"Big Brother Albania 2 - \u00e2\u20ac\u0153Mezi e kam pritur dit\u00c3\u00abn q\u00c3\u00ab t\u00c3\u00ab them gj\u00c3\u00abrat e mia pa u fshehur n\u00c3\u00ab ndonj\u00c3\u00ab cep e pa u shtirur\u00e2\u20ac\u009d- thot\u00c3\u00ab Adela p\u00c3\u00abr veten.\" \/>\n<meta property=\"og:url\" content=\"https:\/\/www.visit-ulcinj.com\/blog\/2009\/05\/07\/adelajda-une-jam-kjo-qe-jam-ketu\/\" \/>\n<meta property=\"og:site_name\" content=\"Lajme nga Ulqini\" \/>\n<meta property=\"article:published_time\" content=\"2009-05-07T13:00:48+00:00\" \/>\n<meta property=\"article:modified_time\" content=\"2009-05-06T22:00:08+00:00\" \/>\n<meta property=\"og:image\" content=\"http:\/\/www.visit-ulcinj.com\/blog\/wp-content\/uploads\/2009\/05\/bjordiadela-5maj-3.jpg\" \/>\n<meta name=\"twitter:label1\" content=\"Written by\" \/>\n\t<meta name=\"twitter:data1\" content=\"ulqini\" \/>\n\t<meta name=\"twitter:label2\" content=\"Est. reading time\" \/>\n\t<meta name=\"twitter:data2\" content=\"1 minute\" \/>\n<script type=\"application\/ld+json\" class=\"yoast-schema-graph\">{\"@context\":\"https:\/\/schema.org\",\"@graph\":[{\"@type\":\"WebSite\",\"@id\":\"https:\/\/www.visit-ulcinj.com\/blog\/#website\",\"url\":\"https:\/\/www.visit-ulcinj.com\/blog\/\",\"name\":\"Lajme nga Ulqini\",\"description\":\"Lajme,Vijesti,Ulqini,Ulqin,Crna Gora,Mali i Zi\",\"potentialAction\":[{\"@type\":\"SearchAction\",\"target\":{\"@type\":\"EntryPoint\",\"urlTemplate\":\"https:\/\/www.visit-ulcinj.com\/blog\/?s={search_term_string}\"},\"query-input\":\"required name=search_term_string\"}],\"inLanguage\":\"en-US\"},{\"@type\":\"ImageObject\",\"inLanguage\":\"en-US\",\"@id\":\"https:\/\/www.visit-ulcinj.com\/blog\/2009\/05\/07\/adelajda-une-jam-kjo-qe-jam-ketu\/#primaryimage\",\"url\":\"http:\/\/www.visit-ulcinj.com\/blog\/wp-content\/uploads\/2009\/05\/bjordiadela-5maj-3.jpg\",\"contentUrl\":\"http:\/\/www.visit-ulcinj.com\/blog\/wp-content\/uploads\/2009\/05\/bjordiadela-5maj-3.jpg\"},{\"@type\":\"WebPage\",\"@id\":\"https:\/\/www.visit-ulcinj.com\/blog\/2009\/05\/07\/adelajda-une-jam-kjo-qe-jam-ketu\/#webpage\",\"url\":\"https:\/\/www.visit-ulcinj.com\/blog\/2009\/05\/07\/adelajda-une-jam-kjo-qe-jam-ketu\/\",\"name\":\"Adelajda : Un\u00c3\u00ab jam kjo q\u00c3\u00ab jam k\u00c3\u00abtu | Big Brother Albania 2\",\"isPartOf\":{\"@id\":\"https:\/\/www.visit-ulcinj.com\/blog\/#website\"},\"primaryImageOfPage\":{\"@id\":\"https:\/\/www.visit-ulcinj.com\/blog\/2009\/05\/07\/adelajda-une-jam-kjo-qe-jam-ketu\/#primaryimage\"},\"datePublished\":\"2009-05-07T13:00:48+00:00\",\"dateModified\":\"2009-05-06T22:00:08+00:00\",\"author\":{\"@id\":\"https:\/\/www.visit-ulcinj.com\/blog\/#\/schema\/person\/dcab619c614d3038751c63bc2aadc06d\"},\"description\":\"Big Brother Albania 2 - \u00e2\u20ac\u0153Mezi e kam pritur dit\u00c3\u00abn q\u00c3\u00ab t\u00c3\u00ab them gj\u00c3\u00abrat e mia pa u fshehur n\u00c3\u00ab ndonj\u00c3\u00ab cep e pa u shtirur\u00e2\u20ac\u009d- thot\u00c3\u00ab Adela p\u00c3\u00abr veten.\",\"breadcrumb\":{\"@id\":\"https:\/\/www.visit-ulcinj.com\/blog\/2009\/05\/07\/adelajda-une-jam-kjo-qe-jam-ketu\/#breadcrumb\"},\"inLanguage\":\"en-US\",\"potentialAction\":[{\"@type\":\"ReadAction\",\"target\":[\"https:\/\/www.visit-ulcinj.com\/blog\/2009\/05\/07\/adelajda-une-jam-kjo-qe-jam-ketu\/\"]}]},{\"@type\":\"BreadcrumbList\",\"@id\":\"https:\/\/www.visit-ulcinj.com\/blog\/2009\/05\/07\/adelajda-une-jam-kjo-qe-jam-ketu\/#breadcrumb\",\"itemListElement\":[{\"@type\":\"ListItem\",\"position\":1,\"name\":\"Adelajda : Un\u00eb jam kjo q\u00eb jam k\u00ebtu\"}]},{\"@type\":\"Person\",\"@id\":\"https:\/\/www.visit-ulcinj.com\/blog\/#\/schema\/person\/dcab619c614d3038751c63bc2aadc06d\",\"name\":\"ulqini\",\"sameAs\":[\"http:\/\/www.visit-ulcinj.com\"],\"url\":\"https:\/\/www.visit-ulcinj.com\/blog\/author\/admin\/\"}]}<\/script>\n<!-- \/ Yoast SEO plugin. -->","yoast_head_json":{"title":"Adelajda : Un\u00c3\u00ab jam kjo q\u00c3\u00ab jam k\u00c3\u00abtu | Big Brother Albania 2","description":"Big Brother Albania 2 - \u00e2\u20ac\u0153Mezi e kam pritur dit\u00c3\u00abn q\u00c3\u00ab t\u00c3\u00ab them gj\u00c3\u00abrat e mia pa u fshehur n\u00c3\u00ab ndonj\u00c3\u00ab cep e pa u shtirur\u00e2\u20ac\u009d- thot\u00c3\u00ab Adela p\u00c3\u00abr veten.","robots":{"index":"index","follow":"follow","max-snippet":"max-snippet:-1","max-image-preview":"max-image-preview:large","max-video-preview":"max-video-preview:-1"},"canonical":"https:\/\/www.visit-ulcinj.com\/blog\/2009\/05\/07\/adelajda-une-jam-kjo-qe-jam-ketu\/","og_locale":"en_US","og_type":"article","og_title":"Adelajda : Un\u00c3\u00ab jam kjo q\u00c3\u00ab jam k\u00c3\u00abtu | Big Brother Albania 2","og_description":"Big Brother Albania 2 - \u00e2\u20ac\u0153Mezi e kam pritur dit\u00c3\u00abn q\u00c3\u00ab t\u00c3\u00ab them gj\u00c3\u00abrat e mia pa u fshehur n\u00c3\u00ab ndonj\u00c3\u00ab cep e pa u shtirur\u00e2\u20ac\u009d- thot\u00c3\u00ab Adela p\u00c3\u00abr veten.","og_url":"https:\/\/www.visit-ulcinj.com\/blog\/2009\/05\/07\/adelajda-une-jam-kjo-qe-jam-ketu\/","og_site_name":"Lajme nga Ulqini","article_published_time":"2009-05-07T13:00:48+00:00","article_modified_time":"2009-05-06T22:00:08+00:00","og_image":[{"url":"http:\/\/www.visit-ulcinj.com\/blog\/wp-content\/uploads\/2009\/05\/bjordiadela-5maj-3.jpg"}],"twitter_misc":{"Written by":"ulqini","Est. reading time":"1 minute"},"schema":{"@context":"https:\/\/schema.org","@graph":[{"@type":"WebSite","@id":"https:\/\/www.visit-ulcinj.com\/blog\/#website","url":"https:\/\/www.visit-ulcinj.com\/blog\/","name":"Lajme nga Ulqini","description":"Lajme,Vijesti,Ulqini,Ulqin,Crna Gora,Mali i Zi","potentialAction":[{"@type":"SearchAction","target":{"@type":"EntryPoint","urlTemplate":"https:\/\/www.visit-ulcinj.com\/blog\/?s={search_term_string}"},"query-input":"required name=search_term_string"}],"inLanguage":"en-US"},{"@type":"ImageObject","inLanguage":"en-US","@id":"https:\/\/www.visit-ulcinj.com\/blog\/2009\/05\/07\/adelajda-une-jam-kjo-qe-jam-ketu\/#primaryimage","url":"http:\/\/www.visit-ulcinj.com\/blog\/wp-content\/uploads\/2009\/05\/bjordiadela-5maj-3.jpg","contentUrl":"http:\/\/www.visit-ulcinj.com\/blog\/wp-content\/uploads\/2009\/05\/bjordiadela-5maj-3.jpg"},{"@type":"WebPage","@id":"https:\/\/www.visit-ulcinj.com\/blog\/2009\/05\/07\/adelajda-une-jam-kjo-qe-jam-ketu\/#webpage","url":"https:\/\/www.visit-ulcinj.com\/blog\/2009\/05\/07\/adelajda-une-jam-kjo-qe-jam-ketu\/","name":"Adelajda : Un\u00c3\u00ab jam kjo q\u00c3\u00ab jam k\u00c3\u00abtu | Big Brother Albania 2","isPartOf":{"@id":"https:\/\/www.visit-ulcinj.com\/blog\/#website"},"primaryImageOfPage":{"@id":"https:\/\/www.visit-ulcinj.com\/blog\/2009\/05\/07\/adelajda-une-jam-kjo-qe-jam-ketu\/#primaryimage"},"datePublished":"2009-05-07T13:00:48+00:00","dateModified":"2009-05-06T22:00:08+00:00","author":{"@id":"https:\/\/www.visit-ulcinj.com\/blog\/#\/schema\/person\/dcab619c614d3038751c63bc2aadc06d"},"description":"Big Brother Albania 2 - \u00e2\u20ac\u0153Mezi e kam pritur dit\u00c3\u00abn q\u00c3\u00ab t\u00c3\u00ab them gj\u00c3\u00abrat e mia pa u fshehur n\u00c3\u00ab ndonj\u00c3\u00ab cep e pa u shtirur\u00e2\u20ac\u009d- thot\u00c3\u00ab Adela p\u00c3\u00abr veten.","breadcrumb":{"@id":"https:\/\/www.visit-ulcinj.com\/blog\/2009\/05\/07\/adelajda-une-jam-kjo-qe-jam-ketu\/#breadcrumb"},"inLanguage":"en-US","potentialAction":[{"@type":"ReadAction","target":["https:\/\/www.visit-ulcinj.com\/blog\/2009\/05\/07\/adelajda-une-jam-kjo-qe-jam-ketu\/"]}]},{"@type":"BreadcrumbList","@id":"https:\/\/www.visit-ulcinj.com\/blog\/2009\/05\/07\/adelajda-une-jam-kjo-qe-jam-ketu\/#breadcrumb","itemListElement":[{"@type":"ListItem","position":1,"name":"Adelajda : Un\u00eb jam kjo q\u00eb jam k\u00ebtu"}]},{"@type":"Person","@id":"https:\/\/www.visit-ulcinj.com\/blog\/#\/schema\/person\/dcab619c614d3038751c63bc2aadc06d","name":"ulqini","sameAs":["http:\/\/www.visit-ulcinj.com"],"url":"https:\/\/www.visit-ulcinj.com\/blog\/author\/admin\/"}]}},"jetpack_featured_media_url":"","jetpack_sharing_enabled":true,"jetpack_shortlink":"https:\/\/wp.me\/pe6lTn-5jr","_links":{"self":[{"href":"https:\/\/www.visit-ulcinj.com\/blog\/wp-json\/wp\/v2\/posts\/20425"}],"collection":[{"href":"https:\/\/www.visit-ulcinj.com\/blog\/wp-json\/wp\/v2\/posts"}],"about":[{"href":"https:\/\/www.visit-ulcinj.com\/blog\/wp-json\/wp\/v2\/types\/post"}],"author":[{"embeddable":true,"href":"https:\/\/www.visit-ulcinj.com\/blog\/wp-json\/wp\/v2\/users\/1"}],"replies":[{"embeddable":true,"href":"https:\/\/www.visit-ulcinj.com\/blog\/wp-json\/wp\/v2\/comments?post=20425"}],"version-history":[{"count":0,"href":"https:\/\/www.visit-ulcinj.com\/blog\/wp-json\/wp\/v2\/posts\/20425\/revisions"}],"wp:attachment":[{"href":"https:\/\/www.visit-ulcinj.com\/blog\/wp-json\/wp\/v2\/media?parent=20425"}],"wp:term":[{"taxonomy":"category","embeddable":true,"href":"https:\/\/www.visit-ulcinj.com\/blog\/wp-json\/wp\/v2\/categories?post=20425"},{"taxonomy":"post_tag","embeddable":true,"href":"https:\/\/www.visit-ulcinj.com\/blog\/wp-json\/wp\/v2\/tags?post=20425"}],"curies":[{"name":"wp","href":"https:\/\/api.w.org\/{rel}","templated":true}]}}