{"id":20428,"date":"2009-05-07T15:00:22","date_gmt":"2009-05-07T13:00:22","guid":{"rendered":"http:\/\/www.visit-ulcinj.com\/blog\/?p=20428"},"modified":"2009-05-07T00:25:00","modified_gmt":"2009-05-06T22:25:00","slug":"adela-dhe-bjordi-ide-per-ditelindjen","status":"publish","type":"post","link":"https:\/\/www.visit-ulcinj.com\/blog\/2009\/05\/07\/adela-dhe-bjordi-ide-per-ditelindjen\/","title":{"rendered":"Adela dhe Bjordi : Ide p\u00ebr dit\u00eblindjen"},"content":{"rendered":"<p><em><span class=\"newsdate\"><a href=\"http:\/\/www.visit-ulcinj.com\/blog\/wp-content\/uploads\/2009\/05\/bjordiadela-5maj-4.jpg\"><img loading=\"lazy\" class=\"alignleft size-full wp-image-20429\" title=\"bjordiadela-5maj-4-big-brother-albania-2\" src=\"http:\/\/www.visit-ulcinj.com\/blog\/wp-content\/uploads\/2009\/05\/bjordiadela-5maj-4.jpg\" alt=\"bjordiadela-5maj-4-big-brother-albania-2\" width=\"300\" height=\"205\" \/><\/a>05\/05\/09 03:00<\/span><\/em><\/p>\n<p>Adela dhe Bjordi bisedojn\u00eb p\u00ebr dit\u00eblindjen e Moz\u00ebs. Ata mendojn\u00eb t\u00eb p\u00ebrgatitin dicka speciale p\u00ebr t\u00eb. Bjordi mendon q\u00eb t\u2019i b\u00ebjn\u00eb nj\u00eb drek\u00eb t\u00eb vecant\u00eb dhe t\u2019ia gatuajn\u00eb ai, Adela dhe Adi. Bjordi shton se si dhurat\u00eb mund t\u2019i k\u00ebrkojn\u00eb V\u00ebllait t\u00eb Madh q\u00eb t\u2019u jap\u00eb nj\u00eb foto q\u00eb i kan\u00eb b\u00ebr\u00eb Moz\u00ebs. Adela e komplimenton Bjordin se i ka shkuar mendja mir\u00eb p\u00ebr nj\u00eb dhurat\u00eb t\u00eb till\u00eb sepse edhe Moza \u00ebsht\u00eb shum\u00eb e dh\u00ebn\u00eb pas k\u00ebtyre gj\u00ebrave.<\/p>\n","protected":false},"excerpt":{"rendered":"<p>05\/05\/09 03:00 Adela dhe Bjordi bisedojn\u00eb p\u00ebr dit\u00eblindjen e Moz\u00ebs. Ata mendojn\u00eb t\u00eb p\u00ebrgatitin dicka speciale p\u00ebr t\u00eb. Bjordi mendon q\u00eb t\u2019i b\u00ebjn\u00eb nj\u00eb drek\u00eb t\u00eb vecant\u00eb dhe t\u2019ia gatuajn\u00eb ai, Adela dhe Adi. Bjordi shton se si dhurat\u00eb mund t\u2019i k\u00ebrkojn\u00eb V\u00ebllait t\u00eb Madh q\u00eb t\u2019u jap\u00eb nj\u00eb foto q\u00eb i kan\u00eb b\u00ebr\u00eb Moz\u00ebs. [&hellip;]<\/p>\n","protected":false},"author":1,"featured_media":0,"comment_status":"open","ping_status":"closed","sticky":false,"template":"","format":"standard","meta":{"spay_email":"","jetpack_publicize_message":"","jetpack_is_tweetstorm":false,"jetpack_publicize_feature_enabled":true},"categories":[6502],"tags":[6529,9121,6522,9751],"jetpack_publicize_connections":[],"yoast_head":"<!-- This site is optimized with the Yoast SEO plugin v19.1 - https:\/\/yoast.com\/wordpress\/plugins\/seo\/ -->\n<title>Adela dhe Bjordi : Ide p\u00c3\u00abr dit\u00c3\u00ablindjen | Big Brother Albania 2<\/title>\n<meta name=\"description\" content=\"Big Brother Albania 2 - Adela dhe Bjordi bisedojn\u00c3\u00ab p\u00c3\u00abr dit\u00c3\u00ablindjen e Moz\u00c3\u00abs. Ata mendojn\u00c3\u00ab t\u00c3\u00ab p\u00c3\u00abrgatitin dicka speciale p\u00c3\u00abr t\u00c3\u00ab.\" \/>\n<meta name=\"robots\" content=\"index, follow, max-snippet:-1, max-image-preview:large, max-video-preview:-1\" \/>\n<link rel=\"canonical\" href=\"https:\/\/www.visit-ulcinj.com\/blog\/2009\/05\/07\/adela-dhe-bjordi-ide-per-ditelindjen\/\" \/>\n<meta property=\"og:locale\" content=\"en_US\" \/>\n<meta property=\"og:type\" content=\"article\" \/>\n<meta property=\"og:title\" content=\"Adela dhe Bjordi : Ide p\u00c3\u00abr dit\u00c3\u00ablindjen | Big Brother Albania 2\" \/>\n<meta property=\"og:description\" content=\"Big Brother Albania 2 - Adela dhe Bjordi bisedojn\u00c3\u00ab p\u00c3\u00abr dit\u00c3\u00ablindjen e Moz\u00c3\u00abs. Ata mendojn\u00c3\u00ab t\u00c3\u00ab p\u00c3\u00abrgatitin dicka speciale p\u00c3\u00abr t\u00c3\u00ab.\" \/>\n<meta property=\"og:url\" content=\"https:\/\/www.visit-ulcinj.com\/blog\/2009\/05\/07\/adela-dhe-bjordi-ide-per-ditelindjen\/\" \/>\n<meta property=\"og:site_name\" content=\"Lajme nga Ulqini\" \/>\n<meta property=\"article:published_time\" content=\"2009-05-07T13:00:22+00:00\" \/>\n<meta property=\"article:modified_time\" content=\"2009-05-06T22:25:00+00:00\" \/>\n<meta property=\"og:image\" content=\"http:\/\/www.visit-ulcinj.com\/blog\/wp-content\/uploads\/2009\/05\/bjordiadela-5maj-4.jpg\" \/>\n<meta name=\"twitter:label1\" content=\"Written by\" \/>\n\t<meta name=\"twitter:data1\" content=\"ulqini\" \/>\n<script type=\"application\/ld+json\" class=\"yoast-schema-graph\">{\"@context\":\"https:\/\/schema.org\",\"@graph\":[{\"@type\":\"WebSite\",\"@id\":\"https:\/\/www.visit-ulcinj.com\/blog\/#website\",\"url\":\"https:\/\/www.visit-ulcinj.com\/blog\/\",\"name\":\"Lajme nga Ulqini\",\"description\":\"Lajme,Vijesti,Ulqini,Ulqin,Crna Gora,Mali i Zi\",\"potentialAction\":[{\"@type\":\"SearchAction\",\"target\":{\"@type\":\"EntryPoint\",\"urlTemplate\":\"https:\/\/www.visit-ulcinj.com\/blog\/?s={search_term_string}\"},\"query-input\":\"required name=search_term_string\"}],\"inLanguage\":\"en-US\"},{\"@type\":\"ImageObject\",\"inLanguage\":\"en-US\",\"@id\":\"https:\/\/www.visit-ulcinj.com\/blog\/2009\/05\/07\/adela-dhe-bjordi-ide-per-ditelindjen\/#primaryimage\",\"url\":\"http:\/\/www.visit-ulcinj.com\/blog\/wp-content\/uploads\/2009\/05\/bjordiadela-5maj-4.jpg\",\"contentUrl\":\"http:\/\/www.visit-ulcinj.com\/blog\/wp-content\/uploads\/2009\/05\/bjordiadela-5maj-4.jpg\"},{\"@type\":\"WebPage\",\"@id\":\"https:\/\/www.visit-ulcinj.com\/blog\/2009\/05\/07\/adela-dhe-bjordi-ide-per-ditelindjen\/#webpage\",\"url\":\"https:\/\/www.visit-ulcinj.com\/blog\/2009\/05\/07\/adela-dhe-bjordi-ide-per-ditelindjen\/\",\"name\":\"Adela dhe Bjordi : Ide p\u00c3\u00abr dit\u00c3\u00ablindjen | Big Brother Albania 2\",\"isPartOf\":{\"@id\":\"https:\/\/www.visit-ulcinj.com\/blog\/#website\"},\"primaryImageOfPage\":{\"@id\":\"https:\/\/www.visit-ulcinj.com\/blog\/2009\/05\/07\/adela-dhe-bjordi-ide-per-ditelindjen\/#primaryimage\"},\"datePublished\":\"2009-05-07T13:00:22+00:00\",\"dateModified\":\"2009-05-06T22:25:00+00:00\",\"author\":{\"@id\":\"https:\/\/www.visit-ulcinj.com\/blog\/#\/schema\/person\/dcab619c614d3038751c63bc2aadc06d\"},\"description\":\"Big Brother Albania 2 - Adela dhe Bjordi bisedojn\u00c3\u00ab p\u00c3\u00abr dit\u00c3\u00ablindjen e Moz\u00c3\u00abs. Ata mendojn\u00c3\u00ab t\u00c3\u00ab p\u00c3\u00abrgatitin dicka speciale p\u00c3\u00abr t\u00c3\u00ab.\",\"breadcrumb\":{\"@id\":\"https:\/\/www.visit-ulcinj.com\/blog\/2009\/05\/07\/adela-dhe-bjordi-ide-per-ditelindjen\/#breadcrumb\"},\"inLanguage\":\"en-US\",\"potentialAction\":[{\"@type\":\"ReadAction\",\"target\":[\"https:\/\/www.visit-ulcinj.com\/blog\/2009\/05\/07\/adela-dhe-bjordi-ide-per-ditelindjen\/\"]}]},{\"@type\":\"BreadcrumbList\",\"@id\":\"https:\/\/www.visit-ulcinj.com\/blog\/2009\/05\/07\/adela-dhe-bjordi-ide-per-ditelindjen\/#breadcrumb\",\"itemListElement\":[{\"@type\":\"ListItem\",\"position\":1,\"name\":\"Adela dhe Bjordi : Ide p\u00ebr dit\u00eblindjen\"}]},{\"@type\":\"Person\",\"@id\":\"https:\/\/www.visit-ulcinj.com\/blog\/#\/schema\/person\/dcab619c614d3038751c63bc2aadc06d\",\"name\":\"ulqini\",\"sameAs\":[\"http:\/\/www.visit-ulcinj.com\"],\"url\":\"https:\/\/www.visit-ulcinj.com\/blog\/author\/admin\/\"}]}<\/script>\n<!-- \/ Yoast SEO plugin. -->","yoast_head_json":{"title":"Adela dhe Bjordi : Ide p\u00c3\u00abr dit\u00c3\u00ablindjen | Big Brother Albania 2","description":"Big Brother Albania 2 - Adela dhe Bjordi bisedojn\u00c3\u00ab p\u00c3\u00abr dit\u00c3\u00ablindjen e Moz\u00c3\u00abs. Ata mendojn\u00c3\u00ab t\u00c3\u00ab p\u00c3\u00abrgatitin dicka speciale p\u00c3\u00abr t\u00c3\u00ab.","robots":{"index":"index","follow":"follow","max-snippet":"max-snippet:-1","max-image-preview":"max-image-preview:large","max-video-preview":"max-video-preview:-1"},"canonical":"https:\/\/www.visit-ulcinj.com\/blog\/2009\/05\/07\/adela-dhe-bjordi-ide-per-ditelindjen\/","og_locale":"en_US","og_type":"article","og_title":"Adela dhe Bjordi : Ide p\u00c3\u00abr dit\u00c3\u00ablindjen | Big Brother Albania 2","og_description":"Big Brother Albania 2 - Adela dhe Bjordi bisedojn\u00c3\u00ab p\u00c3\u00abr dit\u00c3\u00ablindjen e Moz\u00c3\u00abs. Ata mendojn\u00c3\u00ab t\u00c3\u00ab p\u00c3\u00abrgatitin dicka speciale p\u00c3\u00abr t\u00c3\u00ab.","og_url":"https:\/\/www.visit-ulcinj.com\/blog\/2009\/05\/07\/adela-dhe-bjordi-ide-per-ditelindjen\/","og_site_name":"Lajme nga Ulqini","article_published_time":"2009-05-07T13:00:22+00:00","article_modified_time":"2009-05-06T22:25:00+00:00","og_image":[{"url":"http:\/\/www.visit-ulcinj.com\/blog\/wp-content\/uploads\/2009\/05\/bjordiadela-5maj-4.jpg"}],"twitter_misc":{"Written by":"ulqini"},"schema":{"@context":"https:\/\/schema.org","@graph":[{"@type":"WebSite","@id":"https:\/\/www.visit-ulcinj.com\/blog\/#website","url":"https:\/\/www.visit-ulcinj.com\/blog\/","name":"Lajme nga Ulqini","description":"Lajme,Vijesti,Ulqini,Ulqin,Crna Gora,Mali i Zi","potentialAction":[{"@type":"SearchAction","target":{"@type":"EntryPoint","urlTemplate":"https:\/\/www.visit-ulcinj.com\/blog\/?s={search_term_string}"},"query-input":"required name=search_term_string"}],"inLanguage":"en-US"},{"@type":"ImageObject","inLanguage":"en-US","@id":"https:\/\/www.visit-ulcinj.com\/blog\/2009\/05\/07\/adela-dhe-bjordi-ide-per-ditelindjen\/#primaryimage","url":"http:\/\/www.visit-ulcinj.com\/blog\/wp-content\/uploads\/2009\/05\/bjordiadela-5maj-4.jpg","contentUrl":"http:\/\/www.visit-ulcinj.com\/blog\/wp-content\/uploads\/2009\/05\/bjordiadela-5maj-4.jpg"},{"@type":"WebPage","@id":"https:\/\/www.visit-ulcinj.com\/blog\/2009\/05\/07\/adela-dhe-bjordi-ide-per-ditelindjen\/#webpage","url":"https:\/\/www.visit-ulcinj.com\/blog\/2009\/05\/07\/adela-dhe-bjordi-ide-per-ditelindjen\/","name":"Adela dhe Bjordi : Ide p\u00c3\u00abr dit\u00c3\u00ablindjen | Big Brother Albania 2","isPartOf":{"@id":"https:\/\/www.visit-ulcinj.com\/blog\/#website"},"primaryImageOfPage":{"@id":"https:\/\/www.visit-ulcinj.com\/blog\/2009\/05\/07\/adela-dhe-bjordi-ide-per-ditelindjen\/#primaryimage"},"datePublished":"2009-05-07T13:00:22+00:00","dateModified":"2009-05-06T22:25:00+00:00","author":{"@id":"https:\/\/www.visit-ulcinj.com\/blog\/#\/schema\/person\/dcab619c614d3038751c63bc2aadc06d"},"description":"Big Brother Albania 2 - Adela dhe Bjordi bisedojn\u00c3\u00ab p\u00c3\u00abr dit\u00c3\u00ablindjen e Moz\u00c3\u00abs. Ata mendojn\u00c3\u00ab t\u00c3\u00ab p\u00c3\u00abrgatitin dicka speciale p\u00c3\u00abr t\u00c3\u00ab.","breadcrumb":{"@id":"https:\/\/www.visit-ulcinj.com\/blog\/2009\/05\/07\/adela-dhe-bjordi-ide-per-ditelindjen\/#breadcrumb"},"inLanguage":"en-US","potentialAction":[{"@type":"ReadAction","target":["https:\/\/www.visit-ulcinj.com\/blog\/2009\/05\/07\/adela-dhe-bjordi-ide-per-ditelindjen\/"]}]},{"@type":"BreadcrumbList","@id":"https:\/\/www.visit-ulcinj.com\/blog\/2009\/05\/07\/adela-dhe-bjordi-ide-per-ditelindjen\/#breadcrumb","itemListElement":[{"@type":"ListItem","position":1,"name":"Adela dhe Bjordi : Ide p\u00ebr dit\u00eblindjen"}]},{"@type":"Person","@id":"https:\/\/www.visit-ulcinj.com\/blog\/#\/schema\/person\/dcab619c614d3038751c63bc2aadc06d","name":"ulqini","sameAs":["http:\/\/www.visit-ulcinj.com"],"url":"https:\/\/www.visit-ulcinj.com\/blog\/author\/admin\/"}]}},"jetpack_featured_media_url":"","jetpack_sharing_enabled":true,"jetpack_shortlink":"https:\/\/wp.me\/pe6lTn-5ju","_links":{"self":[{"href":"https:\/\/www.visit-ulcinj.com\/blog\/wp-json\/wp\/v2\/posts\/20428"}],"collection":[{"href":"https:\/\/www.visit-ulcinj.com\/blog\/wp-json\/wp\/v2\/posts"}],"about":[{"href":"https:\/\/www.visit-ulcinj.com\/blog\/wp-json\/wp\/v2\/types\/post"}],"author":[{"embeddable":true,"href":"https:\/\/www.visit-ulcinj.com\/blog\/wp-json\/wp\/v2\/users\/1"}],"replies":[{"embeddable":true,"href":"https:\/\/www.visit-ulcinj.com\/blog\/wp-json\/wp\/v2\/comments?post=20428"}],"version-history":[{"count":0,"href":"https:\/\/www.visit-ulcinj.com\/blog\/wp-json\/wp\/v2\/posts\/20428\/revisions"}],"wp:attachment":[{"href":"https:\/\/www.visit-ulcinj.com\/blog\/wp-json\/wp\/v2\/media?parent=20428"}],"wp:term":[{"taxonomy":"category","embeddable":true,"href":"https:\/\/www.visit-ulcinj.com\/blog\/wp-json\/wp\/v2\/categories?post=20428"},{"taxonomy":"post_tag","embeddable":true,"href":"https:\/\/www.visit-ulcinj.com\/blog\/wp-json\/wp\/v2\/tags?post=20428"}],"curies":[{"name":"wp","href":"https:\/\/api.w.org\/{rel}","templated":true}]}}