{"id":20431,"date":"2009-05-07T19:00:15","date_gmt":"2009-05-07T17:00:15","guid":{"rendered":"http:\/\/www.visit-ulcinj.com\/blog\/?p=20431"},"modified":"2009-05-08T08:48:33","modified_gmt":"2009-05-08T06:48:33","slug":"anjeza-kam-qene-ndryshe-nga-zhuljeta","status":"publish","type":"post","link":"https:\/\/www.visit-ulcinj.com\/blog\/2009\/05\/07\/anjeza-kam-qene-ndryshe-nga-zhuljeta\/","title":{"rendered":"Anjeza : Kam q\u00ebn\u00eb ndryshe nga Zhuljeta"},"content":{"rendered":"<p><em><span class=\"newsdate\"><a href=\"http:\/\/www.visit-ulcinj.com\/blog\/wp-content\/uploads\/2009\/05\/anjeza-per-zhuljet04.jpg\"><img loading=\"lazy\" class=\"alignleft size-full wp-image-20432\" title=\"anjeza-per-zhuljet04-big-brother-albania-2\" src=\"http:\/\/www.visit-ulcinj.com\/blog\/wp-content\/uploads\/2009\/05\/anjeza-per-zhuljet04.jpg\" alt=\"anjeza-per-zhuljet04-big-brother-albania-2\" width=\"300\" height=\"205\" \/><\/a>04\/05\/09 17:55<\/span><\/em><\/p>\n<p>Gjat\u00eb koh\u00ebs q\u00eb banor\u00ebt jan\u00eb duke ngr\u00ebn\u00eb Arjani tregon q\u00eb kishte par\u00eb nj\u00eb \u00ebnd\u00ebrr me Zhuljet\u00ebn. Ai vazhdon duke th\u00ebn\u00eb q\u00eb me aq sa e ka par\u00eb nga jasht\u00eb, i dukej nj\u00eb person negativ. Adi thot\u00eb q\u00eb Arjoni rrinte shum\u00eb me t\u00eb. Qetsori ia kthen:-\u201cDoli pak i trembur Arjoni nga ajo lidhje !\u201d Anjeza nd\u00ebrhyn duke e pyetur se p\u00ebr cfar\u00eb lidhjeje e kishte fjal\u00ebn ai. Qetsori e sqaron duke i th\u00ebn\u00eb q\u00eb n\u00ebnkuptonte lidhjen miq\u00ebsore q\u00eb kishte krijuar Arjoni me Zhuljet\u00ebn. Sipas tij fakti q\u00eb q\u00ebndronte gjith\u00eb koh\u00ebs me t\u00eb humbi shum\u00eb. Sipas Adelajd\u00ebs Arjoni e p\u00eblqente Zhuljet\u00ebn. Anjeza nd\u00ebrhyn duke th\u00ebn\u00eb q\u00eb ai e ka p\u00eblqyer si shoqe. Arjani mendon q\u00eb cdo mardh\u00ebnie lind nga shoq\u00ebria dhe evoluon dhe b\u00ebhet dashurore. Anjeza thot\u00eb:-\u201cPak r\u00ebnd\u00ebsi ka, pasi un\u00eb kam q\u00ebn\u00eb ndryshe nga Zhuljeta!\u201d Qetsori thot\u00eb q\u00eb sipas tij Arjoni nuk i jepte kofidenca , por Adelajda nd\u00ebrhyn duke th\u00ebn\u00eb q\u00eb ato q\u00ebndronin gjat\u00eb gjith\u00eb koh\u00ebs bashk\u00eb. Adi mendon q\u00eb e ka b\u00ebr\u00eb p\u00ebr efekt aleance. Sipas Adelajd\u00ebs Arjoni e kishte tepruar duke q\u00ebndruar me Zhuljet\u00ebn. Ajo thot\u00eb q\u00eb dhe ai vet\u00eb e kishte pranuar nj\u00eb gj\u00eb t\u00eb till\u00eb. Anjeza nd\u00ebrhyn gjat\u00eb gjith\u00eb koh\u00ebs duke mbrojtur Arjonin. Adi thot\u00eb q\u00eb n\u00eb fillim t\u00eb gjith\u00eb kishin menduar q\u00eb ato do kishin nj\u00eb lidhje , por me kalimin e koh\u00ebs ndryshuan mendim.<\/p>\n","protected":false},"excerpt":{"rendered":"<p>04\/05\/09 17:55 Gjat\u00eb koh\u00ebs q\u00eb banor\u00ebt jan\u00eb duke ngr\u00ebn\u00eb Arjani tregon q\u00eb kishte par\u00eb nj\u00eb \u00ebnd\u00ebrr me Zhuljet\u00ebn. Ai vazhdon duke th\u00ebn\u00eb q\u00eb me aq sa e ka par\u00eb nga jasht\u00eb, i dukej nj\u00eb person negativ. Adi thot\u00eb q\u00eb Arjoni rrinte shum\u00eb me t\u00eb. Qetsori ia kthen:-\u201cDoli pak i trembur Arjoni nga ajo lidhje !\u201d [&hellip;]<\/p>\n","protected":false},"author":1,"featured_media":0,"comment_status":"open","ping_status":"closed","sticky":false,"template":"","format":"standard","meta":{"spay_email":"","jetpack_publicize_message":"","jetpack_is_tweetstorm":false,"jetpack_publicize_feature_enabled":true},"categories":[6502],"tags":[8289,6525,9121,10031,8276,9751,6536],"jetpack_publicize_connections":[],"yoast_head":"<!-- This site is optimized with the Yoast SEO plugin v19.1 - https:\/\/yoast.com\/wordpress\/plugins\/seo\/ -->\n<title>Anjeza : Kam q\u00c3\u00abn\u00c3\u00ab ndryshe nga Zhuljeta| Big Brother Albania 2<\/title>\n<meta name=\"description\" content=\"Big Brother Albania 2 - Gjat\u00c3\u00ab koh\u00c3\u00abs q\u00c3\u00ab banor\u00c3\u00abt jan\u00c3\u00ab duke ngr\u00c3\u00abn\u00c3\u00ab Arjani tregon q\u00c3\u00ab kishte par\u00c3\u00ab nj\u00c3\u00ab \u00c3\u00abnd\u00c3\u00abrr me Zhuljet\u00c3\u00abn. Ai vazhdon duke th\u00c3\u00abn\u00c3\u00ab q\u00c3\u00ab me aq sa e ka par\u00c3\u00ab nga jasht\u00c3\u00ab, i dukej nj\u00c3\u00ab person negativ.\" \/>\n<meta name=\"robots\" content=\"index, follow, max-snippet:-1, max-image-preview:large, max-video-preview:-1\" \/>\n<link rel=\"canonical\" href=\"https:\/\/www.visit-ulcinj.com\/blog\/2009\/05\/07\/anjeza-kam-qene-ndryshe-nga-zhuljeta\/\" \/>\n<meta property=\"og:locale\" content=\"en_US\" \/>\n<meta property=\"og:type\" content=\"article\" \/>\n<meta property=\"og:title\" content=\"Anjeza : Kam q\u00c3\u00abn\u00c3\u00ab ndryshe nga Zhuljeta| Big Brother Albania 2\" \/>\n<meta property=\"og:description\" content=\"Big Brother Albania 2 - Gjat\u00c3\u00ab koh\u00c3\u00abs q\u00c3\u00ab banor\u00c3\u00abt jan\u00c3\u00ab duke ngr\u00c3\u00abn\u00c3\u00ab Arjani tregon q\u00c3\u00ab kishte par\u00c3\u00ab nj\u00c3\u00ab \u00c3\u00abnd\u00c3\u00abrr me Zhuljet\u00c3\u00abn. Ai vazhdon duke th\u00c3\u00abn\u00c3\u00ab q\u00c3\u00ab me aq sa e ka par\u00c3\u00ab nga jasht\u00c3\u00ab, i dukej nj\u00c3\u00ab person negativ.\" \/>\n<meta property=\"og:url\" content=\"https:\/\/www.visit-ulcinj.com\/blog\/2009\/05\/07\/anjeza-kam-qene-ndryshe-nga-zhuljeta\/\" \/>\n<meta property=\"og:site_name\" content=\"Lajme nga Ulqini\" \/>\n<meta property=\"article:published_time\" content=\"2009-05-07T17:00:15+00:00\" \/>\n<meta property=\"article:modified_time\" content=\"2009-05-08T06:48:33+00:00\" \/>\n<meta property=\"og:image\" content=\"http:\/\/www.visit-ulcinj.com\/blog\/wp-content\/uploads\/2009\/05\/anjeza-per-zhuljet04.jpg\" \/>\n<meta name=\"twitter:label1\" content=\"Written by\" \/>\n\t<meta name=\"twitter:data1\" content=\"ulqini\" \/>\n\t<meta name=\"twitter:label2\" content=\"Est. reading time\" \/>\n\t<meta name=\"twitter:data2\" content=\"1 minute\" \/>\n<script type=\"application\/ld+json\" class=\"yoast-schema-graph\">{\"@context\":\"https:\/\/schema.org\",\"@graph\":[{\"@type\":\"WebSite\",\"@id\":\"https:\/\/www.visit-ulcinj.com\/blog\/#website\",\"url\":\"https:\/\/www.visit-ulcinj.com\/blog\/\",\"name\":\"Lajme nga Ulqini\",\"description\":\"Lajme,Vijesti,Ulqini,Ulqin,Crna Gora,Mali i Zi\",\"potentialAction\":[{\"@type\":\"SearchAction\",\"target\":{\"@type\":\"EntryPoint\",\"urlTemplate\":\"https:\/\/www.visit-ulcinj.com\/blog\/?s={search_term_string}\"},\"query-input\":\"required name=search_term_string\"}],\"inLanguage\":\"en-US\"},{\"@type\":\"ImageObject\",\"inLanguage\":\"en-US\",\"@id\":\"https:\/\/www.visit-ulcinj.com\/blog\/2009\/05\/07\/anjeza-kam-qene-ndryshe-nga-zhuljeta\/#primaryimage\",\"url\":\"http:\/\/www.visit-ulcinj.com\/blog\/wp-content\/uploads\/2009\/05\/anjeza-per-zhuljet04.jpg\",\"contentUrl\":\"http:\/\/www.visit-ulcinj.com\/blog\/wp-content\/uploads\/2009\/05\/anjeza-per-zhuljet04.jpg\"},{\"@type\":\"WebPage\",\"@id\":\"https:\/\/www.visit-ulcinj.com\/blog\/2009\/05\/07\/anjeza-kam-qene-ndryshe-nga-zhuljeta\/#webpage\",\"url\":\"https:\/\/www.visit-ulcinj.com\/blog\/2009\/05\/07\/anjeza-kam-qene-ndryshe-nga-zhuljeta\/\",\"name\":\"Anjeza : Kam q\u00c3\u00abn\u00c3\u00ab ndryshe nga Zhuljeta| Big Brother Albania 2\",\"isPartOf\":{\"@id\":\"https:\/\/www.visit-ulcinj.com\/blog\/#website\"},\"primaryImageOfPage\":{\"@id\":\"https:\/\/www.visit-ulcinj.com\/blog\/2009\/05\/07\/anjeza-kam-qene-ndryshe-nga-zhuljeta\/#primaryimage\"},\"datePublished\":\"2009-05-07T17:00:15+00:00\",\"dateModified\":\"2009-05-08T06:48:33+00:00\",\"author\":{\"@id\":\"https:\/\/www.visit-ulcinj.com\/blog\/#\/schema\/person\/dcab619c614d3038751c63bc2aadc06d\"},\"description\":\"Big Brother Albania 2 - Gjat\u00c3\u00ab koh\u00c3\u00abs q\u00c3\u00ab banor\u00c3\u00abt jan\u00c3\u00ab duke ngr\u00c3\u00abn\u00c3\u00ab Arjani tregon q\u00c3\u00ab kishte par\u00c3\u00ab nj\u00c3\u00ab \u00c3\u00abnd\u00c3\u00abrr me Zhuljet\u00c3\u00abn. Ai vazhdon duke th\u00c3\u00abn\u00c3\u00ab q\u00c3\u00ab me aq sa e ka par\u00c3\u00ab nga jasht\u00c3\u00ab, i dukej nj\u00c3\u00ab person negativ.\",\"breadcrumb\":{\"@id\":\"https:\/\/www.visit-ulcinj.com\/blog\/2009\/05\/07\/anjeza-kam-qene-ndryshe-nga-zhuljeta\/#breadcrumb\"},\"inLanguage\":\"en-US\",\"potentialAction\":[{\"@type\":\"ReadAction\",\"target\":[\"https:\/\/www.visit-ulcinj.com\/blog\/2009\/05\/07\/anjeza-kam-qene-ndryshe-nga-zhuljeta\/\"]}]},{\"@type\":\"BreadcrumbList\",\"@id\":\"https:\/\/www.visit-ulcinj.com\/blog\/2009\/05\/07\/anjeza-kam-qene-ndryshe-nga-zhuljeta\/#breadcrumb\",\"itemListElement\":[{\"@type\":\"ListItem\",\"position\":1,\"name\":\"Anjeza : Kam q\u00ebn\u00eb ndryshe nga Zhuljeta\"}]},{\"@type\":\"Person\",\"@id\":\"https:\/\/www.visit-ulcinj.com\/blog\/#\/schema\/person\/dcab619c614d3038751c63bc2aadc06d\",\"name\":\"ulqini\",\"sameAs\":[\"http:\/\/www.visit-ulcinj.com\"],\"url\":\"https:\/\/www.visit-ulcinj.com\/blog\/author\/admin\/\"}]}<\/script>\n<!-- \/ Yoast SEO plugin. -->","yoast_head_json":{"title":"Anjeza : Kam q\u00c3\u00abn\u00c3\u00ab ndryshe nga Zhuljeta| Big Brother Albania 2","description":"Big Brother Albania 2 - Gjat\u00c3\u00ab koh\u00c3\u00abs q\u00c3\u00ab banor\u00c3\u00abt jan\u00c3\u00ab duke ngr\u00c3\u00abn\u00c3\u00ab Arjani tregon q\u00c3\u00ab kishte par\u00c3\u00ab nj\u00c3\u00ab \u00c3\u00abnd\u00c3\u00abrr me Zhuljet\u00c3\u00abn. Ai vazhdon duke th\u00c3\u00abn\u00c3\u00ab q\u00c3\u00ab me aq sa e ka par\u00c3\u00ab nga jasht\u00c3\u00ab, i dukej nj\u00c3\u00ab person negativ.","robots":{"index":"index","follow":"follow","max-snippet":"max-snippet:-1","max-image-preview":"max-image-preview:large","max-video-preview":"max-video-preview:-1"},"canonical":"https:\/\/www.visit-ulcinj.com\/blog\/2009\/05\/07\/anjeza-kam-qene-ndryshe-nga-zhuljeta\/","og_locale":"en_US","og_type":"article","og_title":"Anjeza : Kam q\u00c3\u00abn\u00c3\u00ab ndryshe nga Zhuljeta| Big Brother Albania 2","og_description":"Big Brother Albania 2 - Gjat\u00c3\u00ab koh\u00c3\u00abs q\u00c3\u00ab banor\u00c3\u00abt jan\u00c3\u00ab duke ngr\u00c3\u00abn\u00c3\u00ab Arjani tregon q\u00c3\u00ab kishte par\u00c3\u00ab nj\u00c3\u00ab \u00c3\u00abnd\u00c3\u00abrr me Zhuljet\u00c3\u00abn. Ai vazhdon duke th\u00c3\u00abn\u00c3\u00ab q\u00c3\u00ab me aq sa e ka par\u00c3\u00ab nga jasht\u00c3\u00ab, i dukej nj\u00c3\u00ab person negativ.","og_url":"https:\/\/www.visit-ulcinj.com\/blog\/2009\/05\/07\/anjeza-kam-qene-ndryshe-nga-zhuljeta\/","og_site_name":"Lajme nga Ulqini","article_published_time":"2009-05-07T17:00:15+00:00","article_modified_time":"2009-05-08T06:48:33+00:00","og_image":[{"url":"http:\/\/www.visit-ulcinj.com\/blog\/wp-content\/uploads\/2009\/05\/anjeza-per-zhuljet04.jpg"}],"twitter_misc":{"Written by":"ulqini","Est. reading time":"1 minute"},"schema":{"@context":"https:\/\/schema.org","@graph":[{"@type":"WebSite","@id":"https:\/\/www.visit-ulcinj.com\/blog\/#website","url":"https:\/\/www.visit-ulcinj.com\/blog\/","name":"Lajme nga Ulqini","description":"Lajme,Vijesti,Ulqini,Ulqin,Crna Gora,Mali i Zi","potentialAction":[{"@type":"SearchAction","target":{"@type":"EntryPoint","urlTemplate":"https:\/\/www.visit-ulcinj.com\/blog\/?s={search_term_string}"},"query-input":"required name=search_term_string"}],"inLanguage":"en-US"},{"@type":"ImageObject","inLanguage":"en-US","@id":"https:\/\/www.visit-ulcinj.com\/blog\/2009\/05\/07\/anjeza-kam-qene-ndryshe-nga-zhuljeta\/#primaryimage","url":"http:\/\/www.visit-ulcinj.com\/blog\/wp-content\/uploads\/2009\/05\/anjeza-per-zhuljet04.jpg","contentUrl":"http:\/\/www.visit-ulcinj.com\/blog\/wp-content\/uploads\/2009\/05\/anjeza-per-zhuljet04.jpg"},{"@type":"WebPage","@id":"https:\/\/www.visit-ulcinj.com\/blog\/2009\/05\/07\/anjeza-kam-qene-ndryshe-nga-zhuljeta\/#webpage","url":"https:\/\/www.visit-ulcinj.com\/blog\/2009\/05\/07\/anjeza-kam-qene-ndryshe-nga-zhuljeta\/","name":"Anjeza : Kam q\u00c3\u00abn\u00c3\u00ab ndryshe nga Zhuljeta| Big Brother Albania 2","isPartOf":{"@id":"https:\/\/www.visit-ulcinj.com\/blog\/#website"},"primaryImageOfPage":{"@id":"https:\/\/www.visit-ulcinj.com\/blog\/2009\/05\/07\/anjeza-kam-qene-ndryshe-nga-zhuljeta\/#primaryimage"},"datePublished":"2009-05-07T17:00:15+00:00","dateModified":"2009-05-08T06:48:33+00:00","author":{"@id":"https:\/\/www.visit-ulcinj.com\/blog\/#\/schema\/person\/dcab619c614d3038751c63bc2aadc06d"},"description":"Big Brother Albania 2 - Gjat\u00c3\u00ab koh\u00c3\u00abs q\u00c3\u00ab banor\u00c3\u00abt jan\u00c3\u00ab duke ngr\u00c3\u00abn\u00c3\u00ab Arjani tregon q\u00c3\u00ab kishte par\u00c3\u00ab nj\u00c3\u00ab \u00c3\u00abnd\u00c3\u00abrr me Zhuljet\u00c3\u00abn. Ai vazhdon duke th\u00c3\u00abn\u00c3\u00ab q\u00c3\u00ab me aq sa e ka par\u00c3\u00ab nga jasht\u00c3\u00ab, i dukej nj\u00c3\u00ab person negativ.","breadcrumb":{"@id":"https:\/\/www.visit-ulcinj.com\/blog\/2009\/05\/07\/anjeza-kam-qene-ndryshe-nga-zhuljeta\/#breadcrumb"},"inLanguage":"en-US","potentialAction":[{"@type":"ReadAction","target":["https:\/\/www.visit-ulcinj.com\/blog\/2009\/05\/07\/anjeza-kam-qene-ndryshe-nga-zhuljeta\/"]}]},{"@type":"BreadcrumbList","@id":"https:\/\/www.visit-ulcinj.com\/blog\/2009\/05\/07\/anjeza-kam-qene-ndryshe-nga-zhuljeta\/#breadcrumb","itemListElement":[{"@type":"ListItem","position":1,"name":"Anjeza : Kam q\u00ebn\u00eb ndryshe nga Zhuljeta"}]},{"@type":"Person","@id":"https:\/\/www.visit-ulcinj.com\/blog\/#\/schema\/person\/dcab619c614d3038751c63bc2aadc06d","name":"ulqini","sameAs":["http:\/\/www.visit-ulcinj.com"],"url":"https:\/\/www.visit-ulcinj.com\/blog\/author\/admin\/"}]}},"jetpack_featured_media_url":"","jetpack_sharing_enabled":true,"jetpack_shortlink":"https:\/\/wp.me\/pe6lTn-5jx","_links":{"self":[{"href":"https:\/\/www.visit-ulcinj.com\/blog\/wp-json\/wp\/v2\/posts\/20431"}],"collection":[{"href":"https:\/\/www.visit-ulcinj.com\/blog\/wp-json\/wp\/v2\/posts"}],"about":[{"href":"https:\/\/www.visit-ulcinj.com\/blog\/wp-json\/wp\/v2\/types\/post"}],"author":[{"embeddable":true,"href":"https:\/\/www.visit-ulcinj.com\/blog\/wp-json\/wp\/v2\/users\/1"}],"replies":[{"embeddable":true,"href":"https:\/\/www.visit-ulcinj.com\/blog\/wp-json\/wp\/v2\/comments?post=20431"}],"version-history":[{"count":0,"href":"https:\/\/www.visit-ulcinj.com\/blog\/wp-json\/wp\/v2\/posts\/20431\/revisions"}],"wp:attachment":[{"href":"https:\/\/www.visit-ulcinj.com\/blog\/wp-json\/wp\/v2\/media?parent=20431"}],"wp:term":[{"taxonomy":"category","embeddable":true,"href":"https:\/\/www.visit-ulcinj.com\/blog\/wp-json\/wp\/v2\/categories?post=20431"},{"taxonomy":"post_tag","embeddable":true,"href":"https:\/\/www.visit-ulcinj.com\/blog\/wp-json\/wp\/v2\/tags?post=20431"}],"curies":[{"name":"wp","href":"https:\/\/api.w.org\/{rel}","templated":true}]}}