{"id":20437,"date":"2009-05-07T13:00:00","date_gmt":"2009-05-07T11:00:00","guid":{"rendered":"http:\/\/www.visit-ulcinj.com\/blog\/?p=20437"},"modified":"2009-05-07T00:36:14","modified_gmt":"2009-05-06T22:36:14","slug":"arjani-nudo","status":"publish","type":"post","link":"https:\/\/www.visit-ulcinj.com\/blog\/2009\/05\/07\/arjani-nudo\/","title":{"rendered":"Arjani nudo"},"content":{"rendered":"<p><em><span class=\"newsdate\"><a href=\"http:\/\/www.visit-ulcinj.com\/blog\/wp-content\/uploads\/2009\/05\/arjani-nudo.jpg\"><img loading=\"lazy\" class=\"alignleft size-full wp-image-20438\" title=\"arjani-nudo-big-brother-albania-2\" src=\"http:\/\/www.visit-ulcinj.com\/blog\/wp-content\/uploads\/2009\/05\/arjani-nudo.jpg\" alt=\"arjani-nudo-big-brother-albania-2\" width=\"300\" height=\"205\" \/><\/a>05\/05\/09 13:04<\/span><\/em><\/p>\n<p>Arjani duke b\u00ebr\u00eb dush shikon q\u00eb nuk ka xhelin e fytyr\u00ebs dhe nxehet. Adi kalon aty dhe p\u00ebr shaka i merr peshqir\u00ebt. Arjani pasi shikon q\u00eb nuk i ka peshqir\u00ebt thot\u00eb me shaka:-\u201cM\u00eb sill xhelin se dola nudo!\u201d N\u00eb banjo \u00ebsht\u00eb dhe Adeladja e cila fillon qesh me Adin. Adi ngacmon Arjanin pasi ka mbaruar dush. Ai thot\u00eb q\u00eb t\u00eb till\u00eb shaka do ia b\u00ebj dhe nj\u00eb vajze, q\u00eb ta l\u00eb nj\u00eb or\u00eb n\u00eb dush. Arjani ia ka treguar dhe banor\u00ebve t\u00eb tjer\u00eb shakan\u00eb e Adit. Anjeza b\u00ebn shaka duke i th\u00ebn\u00eb q\u00eb ai nuk e ka problem t\u00eb dal\u00eb nudo. Adelajda i thot\u00eb q\u00eb ajo mendoi q\u00eb ai do dilte v\u00ebrtet\u00eb. Arjani i thot\u00eb:-\u201cJam natyralist!\u201d M\u00eb pas ai ka diskutuar me faktin q\u00eb asnj\u00ebher\u00eb nuk i gjen sendet e tij n\u00eb vendin ku i ka l\u00ebn\u00eb dhe thot\u00eb:-\u201cE kam bezdi kur m\u00eb ngacmojn\u00eb gj\u00ebrat e mia!\u201d<\/p>\n","protected":false},"excerpt":{"rendered":"<p>05\/05\/09 13:04 Arjani duke b\u00ebr\u00eb dush shikon q\u00eb nuk ka xhelin e fytyr\u00ebs dhe nxehet. Adi kalon aty dhe p\u00ebr shaka i merr peshqir\u00ebt. Arjani pasi shikon q\u00eb nuk i ka peshqir\u00ebt thot\u00eb me shaka:-\u201cM\u00eb sill xhelin se dola nudo!\u201d N\u00eb banjo \u00ebsht\u00eb dhe Adeladja e cila fillon qesh me Adin. Adi ngacmon Arjanin pasi [&hellip;]<\/p>\n","protected":false},"author":1,"featured_media":0,"comment_status":"open","ping_status":"closed","sticky":false,"template":"","format":"standard","meta":{"spay_email":"","jetpack_publicize_message":"","jetpack_is_tweetstorm":false,"jetpack_publicize_feature_enabled":true},"categories":[6502],"tags":[8784,8934,10033,9121,9751],"jetpack_publicize_connections":[],"yoast_head":"<!-- This site is optimized with the Yoast SEO plugin v19.1 - https:\/\/yoast.com\/wordpress\/plugins\/seo\/ -->\n<title>Arjani : Jam natyralist | Big Brother Albania 2<\/title>\n<meta name=\"description\" content=\"Big Brother Albania 2 - Arjani duke b\u00c3\u00abr\u00c3\u00ab dush shikon q\u00c3\u00ab nuk ka xhelin e fytyr\u00c3\u00abs dhe nxehet. Adi kalon aty dhe p\u00c3\u00abr shaka i merr peshqir\u00c3\u00abt.\" \/>\n<meta name=\"robots\" content=\"index, follow, max-snippet:-1, max-image-preview:large, max-video-preview:-1\" \/>\n<link rel=\"canonical\" href=\"https:\/\/www.visit-ulcinj.com\/blog\/2009\/05\/07\/arjani-nudo\/\" \/>\n<meta property=\"og:locale\" content=\"en_US\" \/>\n<meta property=\"og:type\" content=\"article\" \/>\n<meta property=\"og:title\" content=\"Arjani : Jam natyralist | Big Brother Albania 2\" \/>\n<meta property=\"og:description\" content=\"Big Brother Albania 2 - Arjani duke b\u00c3\u00abr\u00c3\u00ab dush shikon q\u00c3\u00ab nuk ka xhelin e fytyr\u00c3\u00abs dhe nxehet. Adi kalon aty dhe p\u00c3\u00abr shaka i merr peshqir\u00c3\u00abt.\" \/>\n<meta property=\"og:url\" content=\"https:\/\/www.visit-ulcinj.com\/blog\/2009\/05\/07\/arjani-nudo\/\" \/>\n<meta property=\"og:site_name\" content=\"Lajme nga Ulqini\" \/>\n<meta property=\"article:published_time\" content=\"2009-05-07T11:00:00+00:00\" \/>\n<meta property=\"article:modified_time\" content=\"2009-05-06T22:36:14+00:00\" \/>\n<meta property=\"og:image\" content=\"http:\/\/www.visit-ulcinj.com\/blog\/wp-content\/uploads\/2009\/05\/arjani-nudo.jpg\" \/>\n<meta name=\"twitter:label1\" content=\"Written by\" \/>\n\t<meta name=\"twitter:data1\" content=\"ulqini\" \/>\n\t<meta name=\"twitter:label2\" content=\"Est. reading time\" \/>\n\t<meta name=\"twitter:data2\" content=\"1 minute\" \/>\n<script type=\"application\/ld+json\" class=\"yoast-schema-graph\">{\"@context\":\"https:\/\/schema.org\",\"@graph\":[{\"@type\":\"WebSite\",\"@id\":\"https:\/\/www.visit-ulcinj.com\/blog\/#website\",\"url\":\"https:\/\/www.visit-ulcinj.com\/blog\/\",\"name\":\"Lajme nga Ulqini\",\"description\":\"Lajme,Vijesti,Ulqini,Ulqin,Crna Gora,Mali i Zi\",\"potentialAction\":[{\"@type\":\"SearchAction\",\"target\":{\"@type\":\"EntryPoint\",\"urlTemplate\":\"https:\/\/www.visit-ulcinj.com\/blog\/?s={search_term_string}\"},\"query-input\":\"required name=search_term_string\"}],\"inLanguage\":\"en-US\"},{\"@type\":\"ImageObject\",\"inLanguage\":\"en-US\",\"@id\":\"https:\/\/www.visit-ulcinj.com\/blog\/2009\/05\/07\/arjani-nudo\/#primaryimage\",\"url\":\"http:\/\/www.visit-ulcinj.com\/blog\/wp-content\/uploads\/2009\/05\/arjani-nudo.jpg\",\"contentUrl\":\"http:\/\/www.visit-ulcinj.com\/blog\/wp-content\/uploads\/2009\/05\/arjani-nudo.jpg\"},{\"@type\":\"WebPage\",\"@id\":\"https:\/\/www.visit-ulcinj.com\/blog\/2009\/05\/07\/arjani-nudo\/#webpage\",\"url\":\"https:\/\/www.visit-ulcinj.com\/blog\/2009\/05\/07\/arjani-nudo\/\",\"name\":\"Arjani : Jam natyralist | Big Brother Albania 2\",\"isPartOf\":{\"@id\":\"https:\/\/www.visit-ulcinj.com\/blog\/#website\"},\"primaryImageOfPage\":{\"@id\":\"https:\/\/www.visit-ulcinj.com\/blog\/2009\/05\/07\/arjani-nudo\/#primaryimage\"},\"datePublished\":\"2009-05-07T11:00:00+00:00\",\"dateModified\":\"2009-05-06T22:36:14+00:00\",\"author\":{\"@id\":\"https:\/\/www.visit-ulcinj.com\/blog\/#\/schema\/person\/dcab619c614d3038751c63bc2aadc06d\"},\"description\":\"Big Brother Albania 2 - Arjani duke b\u00c3\u00abr\u00c3\u00ab dush shikon q\u00c3\u00ab nuk ka xhelin e fytyr\u00c3\u00abs dhe nxehet. Adi kalon aty dhe p\u00c3\u00abr shaka i merr peshqir\u00c3\u00abt.\",\"breadcrumb\":{\"@id\":\"https:\/\/www.visit-ulcinj.com\/blog\/2009\/05\/07\/arjani-nudo\/#breadcrumb\"},\"inLanguage\":\"en-US\",\"potentialAction\":[{\"@type\":\"ReadAction\",\"target\":[\"https:\/\/www.visit-ulcinj.com\/blog\/2009\/05\/07\/arjani-nudo\/\"]}]},{\"@type\":\"BreadcrumbList\",\"@id\":\"https:\/\/www.visit-ulcinj.com\/blog\/2009\/05\/07\/arjani-nudo\/#breadcrumb\",\"itemListElement\":[{\"@type\":\"ListItem\",\"position\":1,\"name\":\"Arjani nudo\"}]},{\"@type\":\"Person\",\"@id\":\"https:\/\/www.visit-ulcinj.com\/blog\/#\/schema\/person\/dcab619c614d3038751c63bc2aadc06d\",\"name\":\"ulqini\",\"sameAs\":[\"http:\/\/www.visit-ulcinj.com\"],\"url\":\"https:\/\/www.visit-ulcinj.com\/blog\/author\/admin\/\"}]}<\/script>\n<!-- \/ Yoast SEO plugin. -->","yoast_head_json":{"title":"Arjani : Jam natyralist | Big Brother Albania 2","description":"Big Brother Albania 2 - Arjani duke b\u00c3\u00abr\u00c3\u00ab dush shikon q\u00c3\u00ab nuk ka xhelin e fytyr\u00c3\u00abs dhe nxehet. Adi kalon aty dhe p\u00c3\u00abr shaka i merr peshqir\u00c3\u00abt.","robots":{"index":"index","follow":"follow","max-snippet":"max-snippet:-1","max-image-preview":"max-image-preview:large","max-video-preview":"max-video-preview:-1"},"canonical":"https:\/\/www.visit-ulcinj.com\/blog\/2009\/05\/07\/arjani-nudo\/","og_locale":"en_US","og_type":"article","og_title":"Arjani : Jam natyralist | Big Brother Albania 2","og_description":"Big Brother Albania 2 - Arjani duke b\u00c3\u00abr\u00c3\u00ab dush shikon q\u00c3\u00ab nuk ka xhelin e fytyr\u00c3\u00abs dhe nxehet. Adi kalon aty dhe p\u00c3\u00abr shaka i merr peshqir\u00c3\u00abt.","og_url":"https:\/\/www.visit-ulcinj.com\/blog\/2009\/05\/07\/arjani-nudo\/","og_site_name":"Lajme nga Ulqini","article_published_time":"2009-05-07T11:00:00+00:00","article_modified_time":"2009-05-06T22:36:14+00:00","og_image":[{"url":"http:\/\/www.visit-ulcinj.com\/blog\/wp-content\/uploads\/2009\/05\/arjani-nudo.jpg"}],"twitter_misc":{"Written by":"ulqini","Est. reading time":"1 minute"},"schema":{"@context":"https:\/\/schema.org","@graph":[{"@type":"WebSite","@id":"https:\/\/www.visit-ulcinj.com\/blog\/#website","url":"https:\/\/www.visit-ulcinj.com\/blog\/","name":"Lajme nga Ulqini","description":"Lajme,Vijesti,Ulqini,Ulqin,Crna Gora,Mali i Zi","potentialAction":[{"@type":"SearchAction","target":{"@type":"EntryPoint","urlTemplate":"https:\/\/www.visit-ulcinj.com\/blog\/?s={search_term_string}"},"query-input":"required name=search_term_string"}],"inLanguage":"en-US"},{"@type":"ImageObject","inLanguage":"en-US","@id":"https:\/\/www.visit-ulcinj.com\/blog\/2009\/05\/07\/arjani-nudo\/#primaryimage","url":"http:\/\/www.visit-ulcinj.com\/blog\/wp-content\/uploads\/2009\/05\/arjani-nudo.jpg","contentUrl":"http:\/\/www.visit-ulcinj.com\/blog\/wp-content\/uploads\/2009\/05\/arjani-nudo.jpg"},{"@type":"WebPage","@id":"https:\/\/www.visit-ulcinj.com\/blog\/2009\/05\/07\/arjani-nudo\/#webpage","url":"https:\/\/www.visit-ulcinj.com\/blog\/2009\/05\/07\/arjani-nudo\/","name":"Arjani : Jam natyralist | Big Brother Albania 2","isPartOf":{"@id":"https:\/\/www.visit-ulcinj.com\/blog\/#website"},"primaryImageOfPage":{"@id":"https:\/\/www.visit-ulcinj.com\/blog\/2009\/05\/07\/arjani-nudo\/#primaryimage"},"datePublished":"2009-05-07T11:00:00+00:00","dateModified":"2009-05-06T22:36:14+00:00","author":{"@id":"https:\/\/www.visit-ulcinj.com\/blog\/#\/schema\/person\/dcab619c614d3038751c63bc2aadc06d"},"description":"Big Brother Albania 2 - Arjani duke b\u00c3\u00abr\u00c3\u00ab dush shikon q\u00c3\u00ab nuk ka xhelin e fytyr\u00c3\u00abs dhe nxehet. Adi kalon aty dhe p\u00c3\u00abr shaka i merr peshqir\u00c3\u00abt.","breadcrumb":{"@id":"https:\/\/www.visit-ulcinj.com\/blog\/2009\/05\/07\/arjani-nudo\/#breadcrumb"},"inLanguage":"en-US","potentialAction":[{"@type":"ReadAction","target":["https:\/\/www.visit-ulcinj.com\/blog\/2009\/05\/07\/arjani-nudo\/"]}]},{"@type":"BreadcrumbList","@id":"https:\/\/www.visit-ulcinj.com\/blog\/2009\/05\/07\/arjani-nudo\/#breadcrumb","itemListElement":[{"@type":"ListItem","position":1,"name":"Arjani nudo"}]},{"@type":"Person","@id":"https:\/\/www.visit-ulcinj.com\/blog\/#\/schema\/person\/dcab619c614d3038751c63bc2aadc06d","name":"ulqini","sameAs":["http:\/\/www.visit-ulcinj.com"],"url":"https:\/\/www.visit-ulcinj.com\/blog\/author\/admin\/"}]}},"jetpack_featured_media_url":"","jetpack_sharing_enabled":true,"jetpack_shortlink":"https:\/\/wp.me\/pe6lTn-5jD","_links":{"self":[{"href":"https:\/\/www.visit-ulcinj.com\/blog\/wp-json\/wp\/v2\/posts\/20437"}],"collection":[{"href":"https:\/\/www.visit-ulcinj.com\/blog\/wp-json\/wp\/v2\/posts"}],"about":[{"href":"https:\/\/www.visit-ulcinj.com\/blog\/wp-json\/wp\/v2\/types\/post"}],"author":[{"embeddable":true,"href":"https:\/\/www.visit-ulcinj.com\/blog\/wp-json\/wp\/v2\/users\/1"}],"replies":[{"embeddable":true,"href":"https:\/\/www.visit-ulcinj.com\/blog\/wp-json\/wp\/v2\/comments?post=20437"}],"version-history":[{"count":0,"href":"https:\/\/www.visit-ulcinj.com\/blog\/wp-json\/wp\/v2\/posts\/20437\/revisions"}],"wp:attachment":[{"href":"https:\/\/www.visit-ulcinj.com\/blog\/wp-json\/wp\/v2\/media?parent=20437"}],"wp:term":[{"taxonomy":"category","embeddable":true,"href":"https:\/\/www.visit-ulcinj.com\/blog\/wp-json\/wp\/v2\/categories?post=20437"},{"taxonomy":"post_tag","embeddable":true,"href":"https:\/\/www.visit-ulcinj.com\/blog\/wp-json\/wp\/v2\/tags?post=20437"}],"curies":[{"name":"wp","href":"https:\/\/api.w.org\/{rel}","templated":true}]}}