{"id":20440,"date":"2009-05-07T14:00:33","date_gmt":"2009-05-07T12:00:33","guid":{"rendered":"http:\/\/www.visit-ulcinj.com\/blog\/?p=20440"},"modified":"2009-05-07T00:38:27","modified_gmt":"2009-05-06T22:38:27","slug":"mimoza-krasniqi-cdo-gje-eshte-e-mundur","status":"publish","type":"post","link":"https:\/\/www.visit-ulcinj.com\/blog\/2009\/05\/07\/mimoza-krasniqi-cdo-gje-eshte-e-mundur\/","title":{"rendered":"Mimoza Krasniqi : Cdo gj\u00eb \u00ebsht\u00eb e mundur"},"content":{"rendered":"<p><em><span class=\"newsdate\"><a href=\"http:\/\/www.visit-ulcinj.com\/blog\/wp-content\/uploads\/2009\/05\/moza-per-veten05.jpg\"><img loading=\"lazy\" class=\"alignleft size-full wp-image-20441\" title=\"moza-per-veten-big-brother-albania-2\" src=\"http:\/\/www.visit-ulcinj.com\/blog\/wp-content\/uploads\/2009\/05\/moza-per-veten05.jpg\" alt=\"moza-per-veten-big-brother-albania-2\" width=\"300\" height=\"205\" \/><\/a>05\/05\/09 14:54<\/span><\/em><\/p>\n<p>Mimoza duke q\u00ebndruar n\u00eb kop\u00ebsht me Anjez\u00ebn i thot\u00eb q\u00eb n\u00eb momentin q\u00eb ka hyr\u00eb ka th\u00ebn\u00eb me veten q\u00eb d\u00ebshironte q\u00eb t\u00eb festonte dit\u00eblindjen me banor\u00ebt dhe e arriti . Ajo i thot\u00eb q\u00eb cdo gj\u00eb q\u00eb thot\u00eb, i realizohet dhe i duket interesante. Ajo i tregon p\u00ebr k\u00ebshillat q\u00eb i ka dh\u00ebn\u00eb mami i saj. Ajo gjithmon\u00eb i ka th\u00ebn\u00eb q\u00eb duhet t\u00eb mendoj\u00eb pozitiv dhe q\u00eb cdo gj\u00eb \u00ebsht\u00eb e mundur. Sipas saj t\u00eb gjith\u00eb n\u00eb jet\u00eb duhet t\u00eb ecin mbi k\u00ebt\u00eb parim dhe shton:-\u201cUn\u00eb jam tip q\u00eb them gjithmon\u00eb po!\u201d<\/p>\n","protected":false},"excerpt":{"rendered":"<p>05\/05\/09 14:54 Mimoza duke q\u00ebndruar n\u00eb kop\u00ebsht me Anjez\u00ebn i thot\u00eb q\u00eb n\u00eb momentin q\u00eb ka hyr\u00eb ka th\u00ebn\u00eb me veten q\u00eb d\u00ebshironte q\u00eb t\u00eb festonte dit\u00eblindjen me banor\u00ebt dhe e arriti . Ajo i thot\u00eb q\u00eb cdo gj\u00eb q\u00eb thot\u00eb, i realizohet dhe i duket interesante. Ajo i tregon p\u00ebr k\u00ebshillat q\u00eb i ka [&hellip;]<\/p>\n","protected":false},"author":1,"featured_media":0,"comment_status":"open","ping_status":"closed","sticky":false,"template":"","format":"standard","meta":{"spay_email":"","jetpack_publicize_message":"","jetpack_is_tweetstorm":false,"jetpack_publicize_feature_enabled":true},"categories":[6502],"tags":[8289,9121,6544,10034,9751],"jetpack_publicize_connections":[],"yoast_head":"<!-- This site is optimized with the Yoast SEO plugin v19.1 - https:\/\/yoast.com\/wordpress\/plugins\/seo\/ -->\n<title>Mimoza Krasniqi : Cdo gj\u00c3\u00ab \u00c3\u00absht\u00c3\u00ab e mundur | Big Brother Albania 2<\/title>\n<meta name=\"description\" content=\"Big Brother Albania 2 - Mimoza duke q\u00c3\u00abndruar n\u00c3\u00ab kop\u00c3\u00absht me Anjez\u00c3\u00abn i thot\u00c3\u00ab q\u00c3\u00ab n\u00c3\u00ab momentin q\u00c3\u00ab ka hyr\u00c3\u00ab ka th\u00c3\u00abn\u00c3\u00ab me veten q\u00c3\u00ab d\u00c3\u00abshironte q\u00c3\u00ab t\u00c3\u00ab festonte dit\u00c3\u00ablindjen me banor\u00c3\u00abt dhe e arriti .\" \/>\n<meta name=\"robots\" content=\"index, follow, max-snippet:-1, max-image-preview:large, max-video-preview:-1\" \/>\n<link rel=\"canonical\" href=\"https:\/\/www.visit-ulcinj.com\/blog\/2009\/05\/07\/mimoza-krasniqi-cdo-gje-eshte-e-mundur\/\" \/>\n<meta property=\"og:locale\" content=\"en_US\" \/>\n<meta property=\"og:type\" content=\"article\" \/>\n<meta property=\"og:title\" content=\"Mimoza Krasniqi : Cdo gj\u00c3\u00ab \u00c3\u00absht\u00c3\u00ab e mundur | Big Brother Albania 2\" \/>\n<meta property=\"og:description\" content=\"Big Brother Albania 2 - Mimoza duke q\u00c3\u00abndruar n\u00c3\u00ab kop\u00c3\u00absht me Anjez\u00c3\u00abn i thot\u00c3\u00ab q\u00c3\u00ab n\u00c3\u00ab momentin q\u00c3\u00ab ka hyr\u00c3\u00ab ka th\u00c3\u00abn\u00c3\u00ab me veten q\u00c3\u00ab d\u00c3\u00abshironte q\u00c3\u00ab t\u00c3\u00ab festonte dit\u00c3\u00ablindjen me banor\u00c3\u00abt dhe e arriti .\" \/>\n<meta property=\"og:url\" content=\"https:\/\/www.visit-ulcinj.com\/blog\/2009\/05\/07\/mimoza-krasniqi-cdo-gje-eshte-e-mundur\/\" \/>\n<meta property=\"og:site_name\" content=\"Lajme nga Ulqini\" \/>\n<meta property=\"article:published_time\" content=\"2009-05-07T12:00:33+00:00\" \/>\n<meta property=\"article:modified_time\" content=\"2009-05-06T22:38:27+00:00\" \/>\n<meta property=\"og:image\" content=\"http:\/\/www.visit-ulcinj.com\/blog\/wp-content\/uploads\/2009\/05\/moza-per-veten05.jpg\" \/>\n<meta name=\"twitter:label1\" content=\"Written by\" \/>\n\t<meta name=\"twitter:data1\" content=\"ulqini\" \/>\n\t<meta name=\"twitter:label2\" content=\"Est. reading time\" \/>\n\t<meta name=\"twitter:data2\" content=\"1 minute\" \/>\n<script type=\"application\/ld+json\" class=\"yoast-schema-graph\">{\"@context\":\"https:\/\/schema.org\",\"@graph\":[{\"@type\":\"WebSite\",\"@id\":\"https:\/\/www.visit-ulcinj.com\/blog\/#website\",\"url\":\"https:\/\/www.visit-ulcinj.com\/blog\/\",\"name\":\"Lajme nga Ulqini\",\"description\":\"Lajme,Vijesti,Ulqini,Ulqin,Crna Gora,Mali i Zi\",\"potentialAction\":[{\"@type\":\"SearchAction\",\"target\":{\"@type\":\"EntryPoint\",\"urlTemplate\":\"https:\/\/www.visit-ulcinj.com\/blog\/?s={search_term_string}\"},\"query-input\":\"required name=search_term_string\"}],\"inLanguage\":\"en-US\"},{\"@type\":\"ImageObject\",\"inLanguage\":\"en-US\",\"@id\":\"https:\/\/www.visit-ulcinj.com\/blog\/2009\/05\/07\/mimoza-krasniqi-cdo-gje-eshte-e-mundur\/#primaryimage\",\"url\":\"http:\/\/www.visit-ulcinj.com\/blog\/wp-content\/uploads\/2009\/05\/moza-per-veten05.jpg\",\"contentUrl\":\"http:\/\/www.visit-ulcinj.com\/blog\/wp-content\/uploads\/2009\/05\/moza-per-veten05.jpg\"},{\"@type\":\"WebPage\",\"@id\":\"https:\/\/www.visit-ulcinj.com\/blog\/2009\/05\/07\/mimoza-krasniqi-cdo-gje-eshte-e-mundur\/#webpage\",\"url\":\"https:\/\/www.visit-ulcinj.com\/blog\/2009\/05\/07\/mimoza-krasniqi-cdo-gje-eshte-e-mundur\/\",\"name\":\"Mimoza Krasniqi : Cdo gj\u00c3\u00ab \u00c3\u00absht\u00c3\u00ab e mundur | Big Brother Albania 2\",\"isPartOf\":{\"@id\":\"https:\/\/www.visit-ulcinj.com\/blog\/#website\"},\"primaryImageOfPage\":{\"@id\":\"https:\/\/www.visit-ulcinj.com\/blog\/2009\/05\/07\/mimoza-krasniqi-cdo-gje-eshte-e-mundur\/#primaryimage\"},\"datePublished\":\"2009-05-07T12:00:33+00:00\",\"dateModified\":\"2009-05-06T22:38:27+00:00\",\"author\":{\"@id\":\"https:\/\/www.visit-ulcinj.com\/blog\/#\/schema\/person\/dcab619c614d3038751c63bc2aadc06d\"},\"description\":\"Big Brother Albania 2 - Mimoza duke q\u00c3\u00abndruar n\u00c3\u00ab kop\u00c3\u00absht me Anjez\u00c3\u00abn i thot\u00c3\u00ab q\u00c3\u00ab n\u00c3\u00ab momentin q\u00c3\u00ab ka hyr\u00c3\u00ab ka th\u00c3\u00abn\u00c3\u00ab me veten q\u00c3\u00ab d\u00c3\u00abshironte q\u00c3\u00ab t\u00c3\u00ab festonte dit\u00c3\u00ablindjen me banor\u00c3\u00abt dhe e arriti .\",\"breadcrumb\":{\"@id\":\"https:\/\/www.visit-ulcinj.com\/blog\/2009\/05\/07\/mimoza-krasniqi-cdo-gje-eshte-e-mundur\/#breadcrumb\"},\"inLanguage\":\"en-US\",\"potentialAction\":[{\"@type\":\"ReadAction\",\"target\":[\"https:\/\/www.visit-ulcinj.com\/blog\/2009\/05\/07\/mimoza-krasniqi-cdo-gje-eshte-e-mundur\/\"]}]},{\"@type\":\"BreadcrumbList\",\"@id\":\"https:\/\/www.visit-ulcinj.com\/blog\/2009\/05\/07\/mimoza-krasniqi-cdo-gje-eshte-e-mundur\/#breadcrumb\",\"itemListElement\":[{\"@type\":\"ListItem\",\"position\":1,\"name\":\"Mimoza Krasniqi : Cdo gj\u00eb \u00ebsht\u00eb e mundur\"}]},{\"@type\":\"Person\",\"@id\":\"https:\/\/www.visit-ulcinj.com\/blog\/#\/schema\/person\/dcab619c614d3038751c63bc2aadc06d\",\"name\":\"ulqini\",\"sameAs\":[\"http:\/\/www.visit-ulcinj.com\"],\"url\":\"https:\/\/www.visit-ulcinj.com\/blog\/author\/admin\/\"}]}<\/script>\n<!-- \/ Yoast SEO plugin. -->","yoast_head_json":{"title":"Mimoza Krasniqi : Cdo gj\u00c3\u00ab \u00c3\u00absht\u00c3\u00ab e mundur | Big Brother Albania 2","description":"Big Brother Albania 2 - Mimoza duke q\u00c3\u00abndruar n\u00c3\u00ab kop\u00c3\u00absht me Anjez\u00c3\u00abn i thot\u00c3\u00ab q\u00c3\u00ab n\u00c3\u00ab momentin q\u00c3\u00ab ka hyr\u00c3\u00ab ka th\u00c3\u00abn\u00c3\u00ab me veten q\u00c3\u00ab d\u00c3\u00abshironte q\u00c3\u00ab t\u00c3\u00ab festonte dit\u00c3\u00ablindjen me banor\u00c3\u00abt dhe e arriti .","robots":{"index":"index","follow":"follow","max-snippet":"max-snippet:-1","max-image-preview":"max-image-preview:large","max-video-preview":"max-video-preview:-1"},"canonical":"https:\/\/www.visit-ulcinj.com\/blog\/2009\/05\/07\/mimoza-krasniqi-cdo-gje-eshte-e-mundur\/","og_locale":"en_US","og_type":"article","og_title":"Mimoza Krasniqi : Cdo gj\u00c3\u00ab \u00c3\u00absht\u00c3\u00ab e mundur | Big Brother Albania 2","og_description":"Big Brother Albania 2 - Mimoza duke q\u00c3\u00abndruar n\u00c3\u00ab kop\u00c3\u00absht me Anjez\u00c3\u00abn i thot\u00c3\u00ab q\u00c3\u00ab n\u00c3\u00ab momentin q\u00c3\u00ab ka hyr\u00c3\u00ab ka th\u00c3\u00abn\u00c3\u00ab me veten q\u00c3\u00ab d\u00c3\u00abshironte q\u00c3\u00ab t\u00c3\u00ab festonte dit\u00c3\u00ablindjen me banor\u00c3\u00abt dhe e arriti .","og_url":"https:\/\/www.visit-ulcinj.com\/blog\/2009\/05\/07\/mimoza-krasniqi-cdo-gje-eshte-e-mundur\/","og_site_name":"Lajme nga Ulqini","article_published_time":"2009-05-07T12:00:33+00:00","article_modified_time":"2009-05-06T22:38:27+00:00","og_image":[{"url":"http:\/\/www.visit-ulcinj.com\/blog\/wp-content\/uploads\/2009\/05\/moza-per-veten05.jpg"}],"twitter_misc":{"Written by":"ulqini","Est. reading time":"1 minute"},"schema":{"@context":"https:\/\/schema.org","@graph":[{"@type":"WebSite","@id":"https:\/\/www.visit-ulcinj.com\/blog\/#website","url":"https:\/\/www.visit-ulcinj.com\/blog\/","name":"Lajme nga Ulqini","description":"Lajme,Vijesti,Ulqini,Ulqin,Crna Gora,Mali i Zi","potentialAction":[{"@type":"SearchAction","target":{"@type":"EntryPoint","urlTemplate":"https:\/\/www.visit-ulcinj.com\/blog\/?s={search_term_string}"},"query-input":"required name=search_term_string"}],"inLanguage":"en-US"},{"@type":"ImageObject","inLanguage":"en-US","@id":"https:\/\/www.visit-ulcinj.com\/blog\/2009\/05\/07\/mimoza-krasniqi-cdo-gje-eshte-e-mundur\/#primaryimage","url":"http:\/\/www.visit-ulcinj.com\/blog\/wp-content\/uploads\/2009\/05\/moza-per-veten05.jpg","contentUrl":"http:\/\/www.visit-ulcinj.com\/blog\/wp-content\/uploads\/2009\/05\/moza-per-veten05.jpg"},{"@type":"WebPage","@id":"https:\/\/www.visit-ulcinj.com\/blog\/2009\/05\/07\/mimoza-krasniqi-cdo-gje-eshte-e-mundur\/#webpage","url":"https:\/\/www.visit-ulcinj.com\/blog\/2009\/05\/07\/mimoza-krasniqi-cdo-gje-eshte-e-mundur\/","name":"Mimoza Krasniqi : Cdo gj\u00c3\u00ab \u00c3\u00absht\u00c3\u00ab e mundur | Big Brother Albania 2","isPartOf":{"@id":"https:\/\/www.visit-ulcinj.com\/blog\/#website"},"primaryImageOfPage":{"@id":"https:\/\/www.visit-ulcinj.com\/blog\/2009\/05\/07\/mimoza-krasniqi-cdo-gje-eshte-e-mundur\/#primaryimage"},"datePublished":"2009-05-07T12:00:33+00:00","dateModified":"2009-05-06T22:38:27+00:00","author":{"@id":"https:\/\/www.visit-ulcinj.com\/blog\/#\/schema\/person\/dcab619c614d3038751c63bc2aadc06d"},"description":"Big Brother Albania 2 - Mimoza duke q\u00c3\u00abndruar n\u00c3\u00ab kop\u00c3\u00absht me Anjez\u00c3\u00abn i thot\u00c3\u00ab q\u00c3\u00ab n\u00c3\u00ab momentin q\u00c3\u00ab ka hyr\u00c3\u00ab ka th\u00c3\u00abn\u00c3\u00ab me veten q\u00c3\u00ab d\u00c3\u00abshironte q\u00c3\u00ab t\u00c3\u00ab festonte dit\u00c3\u00ablindjen me banor\u00c3\u00abt dhe e arriti .","breadcrumb":{"@id":"https:\/\/www.visit-ulcinj.com\/blog\/2009\/05\/07\/mimoza-krasniqi-cdo-gje-eshte-e-mundur\/#breadcrumb"},"inLanguage":"en-US","potentialAction":[{"@type":"ReadAction","target":["https:\/\/www.visit-ulcinj.com\/blog\/2009\/05\/07\/mimoza-krasniqi-cdo-gje-eshte-e-mundur\/"]}]},{"@type":"BreadcrumbList","@id":"https:\/\/www.visit-ulcinj.com\/blog\/2009\/05\/07\/mimoza-krasniqi-cdo-gje-eshte-e-mundur\/#breadcrumb","itemListElement":[{"@type":"ListItem","position":1,"name":"Mimoza Krasniqi : Cdo gj\u00eb \u00ebsht\u00eb e mundur"}]},{"@type":"Person","@id":"https:\/\/www.visit-ulcinj.com\/blog\/#\/schema\/person\/dcab619c614d3038751c63bc2aadc06d","name":"ulqini","sameAs":["http:\/\/www.visit-ulcinj.com"],"url":"https:\/\/www.visit-ulcinj.com\/blog\/author\/admin\/"}]}},"jetpack_featured_media_url":"","jetpack_sharing_enabled":true,"jetpack_shortlink":"https:\/\/wp.me\/pe6lTn-5jG","_links":{"self":[{"href":"https:\/\/www.visit-ulcinj.com\/blog\/wp-json\/wp\/v2\/posts\/20440"}],"collection":[{"href":"https:\/\/www.visit-ulcinj.com\/blog\/wp-json\/wp\/v2\/posts"}],"about":[{"href":"https:\/\/www.visit-ulcinj.com\/blog\/wp-json\/wp\/v2\/types\/post"}],"author":[{"embeddable":true,"href":"https:\/\/www.visit-ulcinj.com\/blog\/wp-json\/wp\/v2\/users\/1"}],"replies":[{"embeddable":true,"href":"https:\/\/www.visit-ulcinj.com\/blog\/wp-json\/wp\/v2\/comments?post=20440"}],"version-history":[{"count":0,"href":"https:\/\/www.visit-ulcinj.com\/blog\/wp-json\/wp\/v2\/posts\/20440\/revisions"}],"wp:attachment":[{"href":"https:\/\/www.visit-ulcinj.com\/blog\/wp-json\/wp\/v2\/media?parent=20440"}],"wp:term":[{"taxonomy":"category","embeddable":true,"href":"https:\/\/www.visit-ulcinj.com\/blog\/wp-json\/wp\/v2\/categories?post=20440"},{"taxonomy":"post_tag","embeddable":true,"href":"https:\/\/www.visit-ulcinj.com\/blog\/wp-json\/wp\/v2\/tags?post=20440"}],"curies":[{"name":"wp","href":"https:\/\/api.w.org\/{rel}","templated":true}]}}