{"id":20443,"date":"2009-05-07T19:00:49","date_gmt":"2009-05-07T17:00:49","guid":{"rendered":"http:\/\/www.visit-ulcinj.com\/blog\/?p=20443"},"modified":"2009-05-07T00:41:10","modified_gmt":"2009-05-06T22:41:10","slug":"adelajda-dhe-mimoza-nje-jete-kemi-duhet-te-luftojme","status":"publish","type":"post","link":"https:\/\/www.visit-ulcinj.com\/blog\/2009\/05\/07\/adelajda-dhe-mimoza-nje-jete-kemi-duhet-te-luftojme\/","title":{"rendered":"Adelajda dhe Mimoza : Nj\u00eb jet\u00eb kemi duhet t\u00eb luftojm\u00eb"},"content":{"rendered":"<p><em><span class=\"newsdate\"><a href=\"http:\/\/www.visit-ulcinj.com\/blog\/wp-content\/uploads\/2009\/05\/per-virgjerine05.jpg\"><img loading=\"lazy\" class=\"alignleft size-full wp-image-20444\" title=\"per-virgjerine05-big-brother-albania-2\" src=\"http:\/\/www.visit-ulcinj.com\/blog\/wp-content\/uploads\/2009\/05\/per-virgjerine05.jpg\" alt=\"per-virgjerine05-big-brother-albania-2\" width=\"300\" height=\"205\" \/><\/a>05\/05\/09 16:48<\/span><\/em><\/p>\n<p>Adelajda dhe Mimoza kan\u00eb diskutuar p\u00ebr operacionet plastike. Mimoza shprehet pro tyre. Ato kan\u00eb filluar t\u00eb diskutojn\u00eb p\u00ebr femrat q\u00eb b\u00ebjn\u00eb operacione p\u00ebr virgj\u00ebrin\u00eb. Adelajda \u00ebsht\u00eb kund\u00ebr k\u00ebtyre operacioneve, pasi cdo fem\u00ebr duhet t`i p\u00ebrballoj\u00eb situat\u00ebn se sa t\u00eb arrij\u00eb n\u00eb t\u00eb tilla veprime. Mimoza thot\u00eb q\u00eb jan\u00eb t\u00eb detyruara nga mentaliteti dhe nuk kan\u00eb zgjidhje tjet\u00ebr. Adelajda e paralelizon k\u00ebt\u00eb gj\u00eb me jet\u00ebn e saj. Ajo thot\u00eb q\u00eb cdo person duhet t\u00eb gjej forc\u00ebn p\u00ebr t`i p\u00ebrballuar cdo situat\u00eb sic ka vepruar ajo dhe shton:-\u201cNuk nd\u00ebrtohet nj\u00eb marr\u00ebdh\u00ebnie mbi g\u00ebnjeshtr\u00ebn!\u201d Mimoza mendon q\u00eb k\u00ebto gj\u00ebra varen nga vendi dhe familja q\u00eb kan\u00eb. Bised\u00ebs i bashkohet dhe Anjeza e cila dhe ajo shprehet kund\u00ebr tyre. Ato vazhdojn\u00eb t\u00eb diskutojn\u00eb p\u00ebr humbjen e virgj\u00ebris\u00eb. Adelajda mendon q\u00eb cdo person duhet t\u00eb k\u00ebmb\u00ebngulin p\u00ebr d\u00ebshirat e tyre. Mimoza thot\u00eb:-\u201cNj\u00eb jet\u00eb kemi duhet t\u00eb luftojm\u00eb!\u201d Anjeza tregon p\u00ebr jet\u00ebn e saj duke th\u00ebn\u00eb q\u00eb ajo dhe familja e saj gjithmon\u00eb kan\u00eb luftuar .<\/p>\n","protected":false},"excerpt":{"rendered":"<p>05\/05\/09 16:48 Adelajda dhe Mimoza kan\u00eb diskutuar p\u00ebr operacionet plastike. Mimoza shprehet pro tyre. Ato kan\u00eb filluar t\u00eb diskutojn\u00eb p\u00ebr femrat q\u00eb b\u00ebjn\u00eb operacione p\u00ebr virgj\u00ebrin\u00eb. Adelajda \u00ebsht\u00eb kund\u00ebr k\u00ebtyre operacioneve, pasi cdo fem\u00ebr duhet t`i p\u00ebrballoj\u00eb situat\u00ebn se sa t\u00eb arrij\u00eb n\u00eb t\u00eb tilla veprime. Mimoza thot\u00eb q\u00eb jan\u00eb t\u00eb detyruara nga mentaliteti dhe [&hellip;]<\/p>\n","protected":false},"author":1,"featured_media":0,"comment_status":"open","ping_status":"closed","sticky":false,"template":"","format":"standard","meta":{"spay_email":"","jetpack_publicize_message":"","jetpack_is_tweetstorm":false,"jetpack_publicize_feature_enabled":true},"categories":[6502],"tags":[6529,9121,6522,6544,8276,8355,4815,9751,10035],"jetpack_publicize_connections":[],"yoast_head":"<!-- This site is optimized with the Yoast SEO plugin v19.1 - https:\/\/yoast.com\/wordpress\/plugins\/seo\/ -->\n<title>Adelajda dhe Mimoza : Nj\u00c3\u00ab jet\u00c3\u00ab kemi duhet t\u00c3\u00ab luftojm\u00c3\u00ab | Big Brother Albania 2<\/title>\n<meta name=\"description\" content=\"Big Brother Albania 2 - Adelajda dhe Mimoza kan\u00c3\u00ab diskutuar p\u00c3\u00abr operacionet plastike. Mimoza shprehet pro tyre. Ato kan\u00c3\u00ab filluar t\u00c3\u00ab diskutojn\u00c3\u00ab p\u00c3\u00abr femrat q\u00c3\u00ab b\u00c3\u00abjn\u00c3\u00ab operacione p\u00c3\u00abr virgj\u00c3\u00abrin\u00c3\u00ab.\" \/>\n<meta name=\"robots\" content=\"index, follow, max-snippet:-1, max-image-preview:large, max-video-preview:-1\" \/>\n<link rel=\"canonical\" href=\"https:\/\/www.visit-ulcinj.com\/blog\/2009\/05\/07\/adelajda-dhe-mimoza-nje-jete-kemi-duhet-te-luftojme\/\" \/>\n<meta property=\"og:locale\" content=\"en_US\" \/>\n<meta property=\"og:type\" content=\"article\" \/>\n<meta property=\"og:title\" content=\"Adelajda dhe Mimoza : Nj\u00c3\u00ab jet\u00c3\u00ab kemi duhet t\u00c3\u00ab luftojm\u00c3\u00ab | Big Brother Albania 2\" \/>\n<meta property=\"og:description\" content=\"Big Brother Albania 2 - Adelajda dhe Mimoza kan\u00c3\u00ab diskutuar p\u00c3\u00abr operacionet plastike. Mimoza shprehet pro tyre. Ato kan\u00c3\u00ab filluar t\u00c3\u00ab diskutojn\u00c3\u00ab p\u00c3\u00abr femrat q\u00c3\u00ab b\u00c3\u00abjn\u00c3\u00ab operacione p\u00c3\u00abr virgj\u00c3\u00abrin\u00c3\u00ab.\" \/>\n<meta property=\"og:url\" content=\"https:\/\/www.visit-ulcinj.com\/blog\/2009\/05\/07\/adelajda-dhe-mimoza-nje-jete-kemi-duhet-te-luftojme\/\" \/>\n<meta property=\"og:site_name\" content=\"Lajme nga Ulqini\" \/>\n<meta property=\"article:published_time\" content=\"2009-05-07T17:00:49+00:00\" \/>\n<meta property=\"article:modified_time\" content=\"2009-05-06T22:41:10+00:00\" \/>\n<meta property=\"og:image\" content=\"http:\/\/www.visit-ulcinj.com\/blog\/wp-content\/uploads\/2009\/05\/per-virgjerine05.jpg\" \/>\n<meta name=\"twitter:label1\" content=\"Written by\" \/>\n\t<meta name=\"twitter:data1\" content=\"ulqini\" \/>\n\t<meta name=\"twitter:label2\" content=\"Est. reading time\" \/>\n\t<meta name=\"twitter:data2\" content=\"1 minute\" \/>\n<script type=\"application\/ld+json\" class=\"yoast-schema-graph\">{\"@context\":\"https:\/\/schema.org\",\"@graph\":[{\"@type\":\"WebSite\",\"@id\":\"https:\/\/www.visit-ulcinj.com\/blog\/#website\",\"url\":\"https:\/\/www.visit-ulcinj.com\/blog\/\",\"name\":\"Lajme nga Ulqini\",\"description\":\"Lajme,Vijesti,Ulqini,Ulqin,Crna Gora,Mali i Zi\",\"potentialAction\":[{\"@type\":\"SearchAction\",\"target\":{\"@type\":\"EntryPoint\",\"urlTemplate\":\"https:\/\/www.visit-ulcinj.com\/blog\/?s={search_term_string}\"},\"query-input\":\"required name=search_term_string\"}],\"inLanguage\":\"en-US\"},{\"@type\":\"ImageObject\",\"inLanguage\":\"en-US\",\"@id\":\"https:\/\/www.visit-ulcinj.com\/blog\/2009\/05\/07\/adelajda-dhe-mimoza-nje-jete-kemi-duhet-te-luftojme\/#primaryimage\",\"url\":\"http:\/\/www.visit-ulcinj.com\/blog\/wp-content\/uploads\/2009\/05\/per-virgjerine05.jpg\",\"contentUrl\":\"http:\/\/www.visit-ulcinj.com\/blog\/wp-content\/uploads\/2009\/05\/per-virgjerine05.jpg\"},{\"@type\":\"WebPage\",\"@id\":\"https:\/\/www.visit-ulcinj.com\/blog\/2009\/05\/07\/adelajda-dhe-mimoza-nje-jete-kemi-duhet-te-luftojme\/#webpage\",\"url\":\"https:\/\/www.visit-ulcinj.com\/blog\/2009\/05\/07\/adelajda-dhe-mimoza-nje-jete-kemi-duhet-te-luftojme\/\",\"name\":\"Adelajda dhe Mimoza : Nj\u00c3\u00ab jet\u00c3\u00ab kemi duhet t\u00c3\u00ab luftojm\u00c3\u00ab | Big Brother Albania 2\",\"isPartOf\":{\"@id\":\"https:\/\/www.visit-ulcinj.com\/blog\/#website\"},\"primaryImageOfPage\":{\"@id\":\"https:\/\/www.visit-ulcinj.com\/blog\/2009\/05\/07\/adelajda-dhe-mimoza-nje-jete-kemi-duhet-te-luftojme\/#primaryimage\"},\"datePublished\":\"2009-05-07T17:00:49+00:00\",\"dateModified\":\"2009-05-06T22:41:10+00:00\",\"author\":{\"@id\":\"https:\/\/www.visit-ulcinj.com\/blog\/#\/schema\/person\/dcab619c614d3038751c63bc2aadc06d\"},\"description\":\"Big Brother Albania 2 - Adelajda dhe Mimoza kan\u00c3\u00ab diskutuar p\u00c3\u00abr operacionet plastike. Mimoza shprehet pro tyre. Ato kan\u00c3\u00ab filluar t\u00c3\u00ab diskutojn\u00c3\u00ab p\u00c3\u00abr femrat q\u00c3\u00ab b\u00c3\u00abjn\u00c3\u00ab operacione p\u00c3\u00abr virgj\u00c3\u00abrin\u00c3\u00ab.\",\"breadcrumb\":{\"@id\":\"https:\/\/www.visit-ulcinj.com\/blog\/2009\/05\/07\/adelajda-dhe-mimoza-nje-jete-kemi-duhet-te-luftojme\/#breadcrumb\"},\"inLanguage\":\"en-US\",\"potentialAction\":[{\"@type\":\"ReadAction\",\"target\":[\"https:\/\/www.visit-ulcinj.com\/blog\/2009\/05\/07\/adelajda-dhe-mimoza-nje-jete-kemi-duhet-te-luftojme\/\"]}]},{\"@type\":\"BreadcrumbList\",\"@id\":\"https:\/\/www.visit-ulcinj.com\/blog\/2009\/05\/07\/adelajda-dhe-mimoza-nje-jete-kemi-duhet-te-luftojme\/#breadcrumb\",\"itemListElement\":[{\"@type\":\"ListItem\",\"position\":1,\"name\":\"Adelajda dhe Mimoza : Nj\u00eb jet\u00eb kemi duhet t\u00eb luftojm\u00eb\"}]},{\"@type\":\"Person\",\"@id\":\"https:\/\/www.visit-ulcinj.com\/blog\/#\/schema\/person\/dcab619c614d3038751c63bc2aadc06d\",\"name\":\"ulqini\",\"sameAs\":[\"http:\/\/www.visit-ulcinj.com\"],\"url\":\"https:\/\/www.visit-ulcinj.com\/blog\/author\/admin\/\"}]}<\/script>\n<!-- \/ Yoast SEO plugin. -->","yoast_head_json":{"title":"Adelajda dhe Mimoza : Nj\u00c3\u00ab jet\u00c3\u00ab kemi duhet t\u00c3\u00ab luftojm\u00c3\u00ab | Big Brother Albania 2","description":"Big Brother Albania 2 - Adelajda dhe Mimoza kan\u00c3\u00ab diskutuar p\u00c3\u00abr operacionet plastike. Mimoza shprehet pro tyre. Ato kan\u00c3\u00ab filluar t\u00c3\u00ab diskutojn\u00c3\u00ab p\u00c3\u00abr femrat q\u00c3\u00ab b\u00c3\u00abjn\u00c3\u00ab operacione p\u00c3\u00abr virgj\u00c3\u00abrin\u00c3\u00ab.","robots":{"index":"index","follow":"follow","max-snippet":"max-snippet:-1","max-image-preview":"max-image-preview:large","max-video-preview":"max-video-preview:-1"},"canonical":"https:\/\/www.visit-ulcinj.com\/blog\/2009\/05\/07\/adelajda-dhe-mimoza-nje-jete-kemi-duhet-te-luftojme\/","og_locale":"en_US","og_type":"article","og_title":"Adelajda dhe Mimoza : Nj\u00c3\u00ab jet\u00c3\u00ab kemi duhet t\u00c3\u00ab luftojm\u00c3\u00ab | Big Brother Albania 2","og_description":"Big Brother Albania 2 - Adelajda dhe Mimoza kan\u00c3\u00ab diskutuar p\u00c3\u00abr operacionet plastike. Mimoza shprehet pro tyre. Ato kan\u00c3\u00ab filluar t\u00c3\u00ab diskutojn\u00c3\u00ab p\u00c3\u00abr femrat q\u00c3\u00ab b\u00c3\u00abjn\u00c3\u00ab operacione p\u00c3\u00abr virgj\u00c3\u00abrin\u00c3\u00ab.","og_url":"https:\/\/www.visit-ulcinj.com\/blog\/2009\/05\/07\/adelajda-dhe-mimoza-nje-jete-kemi-duhet-te-luftojme\/","og_site_name":"Lajme nga Ulqini","article_published_time":"2009-05-07T17:00:49+00:00","article_modified_time":"2009-05-06T22:41:10+00:00","og_image":[{"url":"http:\/\/www.visit-ulcinj.com\/blog\/wp-content\/uploads\/2009\/05\/per-virgjerine05.jpg"}],"twitter_misc":{"Written by":"ulqini","Est. reading time":"1 minute"},"schema":{"@context":"https:\/\/schema.org","@graph":[{"@type":"WebSite","@id":"https:\/\/www.visit-ulcinj.com\/blog\/#website","url":"https:\/\/www.visit-ulcinj.com\/blog\/","name":"Lajme nga Ulqini","description":"Lajme,Vijesti,Ulqini,Ulqin,Crna Gora,Mali i Zi","potentialAction":[{"@type":"SearchAction","target":{"@type":"EntryPoint","urlTemplate":"https:\/\/www.visit-ulcinj.com\/blog\/?s={search_term_string}"},"query-input":"required name=search_term_string"}],"inLanguage":"en-US"},{"@type":"ImageObject","inLanguage":"en-US","@id":"https:\/\/www.visit-ulcinj.com\/blog\/2009\/05\/07\/adelajda-dhe-mimoza-nje-jete-kemi-duhet-te-luftojme\/#primaryimage","url":"http:\/\/www.visit-ulcinj.com\/blog\/wp-content\/uploads\/2009\/05\/per-virgjerine05.jpg","contentUrl":"http:\/\/www.visit-ulcinj.com\/blog\/wp-content\/uploads\/2009\/05\/per-virgjerine05.jpg"},{"@type":"WebPage","@id":"https:\/\/www.visit-ulcinj.com\/blog\/2009\/05\/07\/adelajda-dhe-mimoza-nje-jete-kemi-duhet-te-luftojme\/#webpage","url":"https:\/\/www.visit-ulcinj.com\/blog\/2009\/05\/07\/adelajda-dhe-mimoza-nje-jete-kemi-duhet-te-luftojme\/","name":"Adelajda dhe Mimoza : Nj\u00c3\u00ab jet\u00c3\u00ab kemi duhet t\u00c3\u00ab luftojm\u00c3\u00ab | Big Brother Albania 2","isPartOf":{"@id":"https:\/\/www.visit-ulcinj.com\/blog\/#website"},"primaryImageOfPage":{"@id":"https:\/\/www.visit-ulcinj.com\/blog\/2009\/05\/07\/adelajda-dhe-mimoza-nje-jete-kemi-duhet-te-luftojme\/#primaryimage"},"datePublished":"2009-05-07T17:00:49+00:00","dateModified":"2009-05-06T22:41:10+00:00","author":{"@id":"https:\/\/www.visit-ulcinj.com\/blog\/#\/schema\/person\/dcab619c614d3038751c63bc2aadc06d"},"description":"Big Brother Albania 2 - Adelajda dhe Mimoza kan\u00c3\u00ab diskutuar p\u00c3\u00abr operacionet plastike. Mimoza shprehet pro tyre. Ato kan\u00c3\u00ab filluar t\u00c3\u00ab diskutojn\u00c3\u00ab p\u00c3\u00abr femrat q\u00c3\u00ab b\u00c3\u00abjn\u00c3\u00ab operacione p\u00c3\u00abr virgj\u00c3\u00abrin\u00c3\u00ab.","breadcrumb":{"@id":"https:\/\/www.visit-ulcinj.com\/blog\/2009\/05\/07\/adelajda-dhe-mimoza-nje-jete-kemi-duhet-te-luftojme\/#breadcrumb"},"inLanguage":"en-US","potentialAction":[{"@type":"ReadAction","target":["https:\/\/www.visit-ulcinj.com\/blog\/2009\/05\/07\/adelajda-dhe-mimoza-nje-jete-kemi-duhet-te-luftojme\/"]}]},{"@type":"BreadcrumbList","@id":"https:\/\/www.visit-ulcinj.com\/blog\/2009\/05\/07\/adelajda-dhe-mimoza-nje-jete-kemi-duhet-te-luftojme\/#breadcrumb","itemListElement":[{"@type":"ListItem","position":1,"name":"Adelajda dhe Mimoza : Nj\u00eb jet\u00eb kemi duhet t\u00eb luftojm\u00eb"}]},{"@type":"Person","@id":"https:\/\/www.visit-ulcinj.com\/blog\/#\/schema\/person\/dcab619c614d3038751c63bc2aadc06d","name":"ulqini","sameAs":["http:\/\/www.visit-ulcinj.com"],"url":"https:\/\/www.visit-ulcinj.com\/blog\/author\/admin\/"}]}},"jetpack_featured_media_url":"","jetpack_sharing_enabled":true,"jetpack_shortlink":"https:\/\/wp.me\/pe6lTn-5jJ","_links":{"self":[{"href":"https:\/\/www.visit-ulcinj.com\/blog\/wp-json\/wp\/v2\/posts\/20443"}],"collection":[{"href":"https:\/\/www.visit-ulcinj.com\/blog\/wp-json\/wp\/v2\/posts"}],"about":[{"href":"https:\/\/www.visit-ulcinj.com\/blog\/wp-json\/wp\/v2\/types\/post"}],"author":[{"embeddable":true,"href":"https:\/\/www.visit-ulcinj.com\/blog\/wp-json\/wp\/v2\/users\/1"}],"replies":[{"embeddable":true,"href":"https:\/\/www.visit-ulcinj.com\/blog\/wp-json\/wp\/v2\/comments?post=20443"}],"version-history":[{"count":0,"href":"https:\/\/www.visit-ulcinj.com\/blog\/wp-json\/wp\/v2\/posts\/20443\/revisions"}],"wp:attachment":[{"href":"https:\/\/www.visit-ulcinj.com\/blog\/wp-json\/wp\/v2\/media?parent=20443"}],"wp:term":[{"taxonomy":"category","embeddable":true,"href":"https:\/\/www.visit-ulcinj.com\/blog\/wp-json\/wp\/v2\/categories?post=20443"},{"taxonomy":"post_tag","embeddable":true,"href":"https:\/\/www.visit-ulcinj.com\/blog\/wp-json\/wp\/v2\/tags?post=20443"}],"curies":[{"name":"wp","href":"https:\/\/api.w.org\/{rel}","templated":true}]}}