{"id":20446,"date":"2009-05-07T09:00:19","date_gmt":"2009-05-07T07:00:19","guid":{"rendered":"http:\/\/www.visit-ulcinj.com\/blog\/?p=20446"},"modified":"2009-05-07T00:53:28","modified_gmt":"2009-05-06T22:53:28","slug":"per-mimozen-sot-u-zgjove-20-vjec","status":"publish","type":"post","link":"https:\/\/www.visit-ulcinj.com\/blog\/2009\/05\/07\/per-mimozen-sot-u-zgjove-20-vjec\/","title":{"rendered":"Per Mimoz\u00ebn : Sot u zgjove 20 vjec"},"content":{"rendered":"<p><em><span class=\"newsdate\"><a href=\"http:\/\/www.visit-ulcinj.com\/blog\/wp-content\/uploads\/2009\/05\/per-surprizen-05.jpg\"><img loading=\"lazy\" class=\"alignleft size-full wp-image-20447\" title=\"per-surprizen-05-big-brother-albania-2\" src=\"http:\/\/www.visit-ulcinj.com\/blog\/wp-content\/uploads\/2009\/05\/per-surprizen-05.jpg\" alt=\"per-surprizen-05-big-brother-albania-2\" width=\"300\" height=\"205\" \/><\/a>05\/05\/09 17:45<\/span><\/em><\/p>\n<p>Banor\u00ebt kan\u00eb diskutuar p\u00ebr surpriz\u00ebn e dit\u00eblindjes s\u00eb Mimoz\u00ebs. Adelajda duke q\u00ebndruar me Adin n\u00eb kop\u00ebsht i ka treguar p\u00ebr iden\u00eb e saj dhe t\u00eb Bjordit. Ajo i thot\u00eb q\u00eb t`i thon\u00eb V\u00ebllait t\u00eb Madh kur t\u00eb shkoj\u00eb ora 12 p\u00ebr ta uruar. Me ta bashkohet dhe Anjeza . Adi mendon q\u00eb t`i b\u00ebjn\u00eb ndonj\u00eb surpriz\u00eb p\u00ebr t\u00eb qeshur. Ai shton:-\u201cT`i b\u00ebjm\u00eb ndonj\u00eb gj\u00eb q\u00eb ka lidhje me Polin!\u201d Anjeza mendon q\u00eb n\u00eb dark\u00eb t\u00eb vishen t\u00eb gjith\u00eb me rrobdishan\u00eb dhe t`i shkojn\u00eb me tullumbaca n\u00ebp\u00ebr duar duke i k\u00ebnduar k\u00ebng\u00ebn e urimit. Adi thot\u00eb q\u00eb n\u00eb dark\u00eb thjesht ta urojn\u00eb dhe t`i mbushin dhom\u00ebn me tullumbaca nd\u00ebrkoh\u00eb q\u00eb ajo \u00ebsht\u00eb n\u00eb gjum\u00eb, q\u00eb kur t\u00eb zgjohet t\u00eb gjej surpriz\u00ebn. Ai mendon q\u00eb n\u00eb nj\u00eb pankart\u00eb t\u00eb shkruajn\u00eb \u201cE dashur, sot u zgjove 20 vjec\u201d. Vajzat e p\u00eblqejn\u00eb iden\u00eb e tij dhe shtojn\u00eb q\u00eb cdo banor t\u00eb l\u00eb nj\u00eb urim p\u00ebr Mimoz\u00ebn.<\/p>\n","protected":false},"excerpt":{"rendered":"<p>05\/05\/09 17:45 Banor\u00ebt kan\u00eb diskutuar p\u00ebr surpriz\u00ebn e dit\u00eblindjes s\u00eb Mimoz\u00ebs. Adelajda duke q\u00ebndruar me Adin n\u00eb kop\u00ebsht i ka treguar p\u00ebr iden\u00eb e saj dhe t\u00eb Bjordit. Ajo i thot\u00eb q\u00eb t`i thon\u00eb V\u00ebllait t\u00eb Madh kur t\u00eb shkoj\u00eb ora 12 p\u00ebr ta uruar. Me ta bashkohet dhe Anjeza . Adi mendon q\u00eb t`i [&hellip;]<\/p>\n","protected":false},"author":1,"featured_media":0,"comment_status":"open","ping_status":"closed","sticky":false,"template":"","format":"standard","meta":{"spay_email":"","jetpack_publicize_message":"","jetpack_is_tweetstorm":false,"jetpack_publicize_feature_enabled":true},"categories":[6502],"tags":[6529,8289,6520,8934,9121,6522,10037,9795],"jetpack_publicize_connections":[],"yoast_head":"<!-- This site is optimized with the Yoast SEO plugin v19.1 - https:\/\/yoast.com\/wordpress\/plugins\/seo\/ -->\n<title>Per Mimoz\u00c3\u00abn : Sot u zgjove 20 vjec | Big Brother Albania 2<\/title>\n<meta name=\"description\" content=\"Big Brother Albania 2 - Banor\u00c3\u00abt kan\u00c3\u00ab diskutuar p\u00c3\u00abr surpriz\u00c3\u00abn e dit\u00c3\u00ablindjes s\u00c3\u00ab Mimoz\u00c3\u00abs. Adelajda duke q\u00c3\u00abndruar me Adin n\u00c3\u00ab kop\u00c3\u00absht i ka treguar p\u00c3\u00abr iden\u00c3\u00ab e saj dhe t\u00c3\u00ab Bjordit.\" \/>\n<meta name=\"robots\" content=\"index, follow, max-snippet:-1, max-image-preview:large, max-video-preview:-1\" \/>\n<link rel=\"canonical\" href=\"https:\/\/www.visit-ulcinj.com\/blog\/2009\/05\/07\/per-mimozen-sot-u-zgjove-20-vjec\/\" \/>\n<meta property=\"og:locale\" content=\"en_US\" \/>\n<meta property=\"og:type\" content=\"article\" \/>\n<meta property=\"og:title\" content=\"Per Mimoz\u00c3\u00abn : Sot u zgjove 20 vjec | Big Brother Albania 2\" \/>\n<meta property=\"og:description\" content=\"Big Brother Albania 2 - Banor\u00c3\u00abt kan\u00c3\u00ab diskutuar p\u00c3\u00abr surpriz\u00c3\u00abn e dit\u00c3\u00ablindjes s\u00c3\u00ab Mimoz\u00c3\u00abs. Adelajda duke q\u00c3\u00abndruar me Adin n\u00c3\u00ab kop\u00c3\u00absht i ka treguar p\u00c3\u00abr iden\u00c3\u00ab e saj dhe t\u00c3\u00ab Bjordit.\" \/>\n<meta property=\"og:url\" content=\"https:\/\/www.visit-ulcinj.com\/blog\/2009\/05\/07\/per-mimozen-sot-u-zgjove-20-vjec\/\" \/>\n<meta property=\"og:site_name\" content=\"Lajme nga Ulqini\" \/>\n<meta property=\"article:published_time\" content=\"2009-05-07T07:00:19+00:00\" \/>\n<meta property=\"article:modified_time\" content=\"2009-05-06T22:53:28+00:00\" \/>\n<meta property=\"og:image\" content=\"http:\/\/www.visit-ulcinj.com\/blog\/wp-content\/uploads\/2009\/05\/per-surprizen-05.jpg\" \/>\n<meta name=\"twitter:label1\" content=\"Written by\" \/>\n\t<meta name=\"twitter:data1\" content=\"ulqini\" \/>\n\t<meta name=\"twitter:label2\" content=\"Est. reading time\" \/>\n\t<meta name=\"twitter:data2\" content=\"1 minute\" \/>\n<script type=\"application\/ld+json\" class=\"yoast-schema-graph\">{\"@context\":\"https:\/\/schema.org\",\"@graph\":[{\"@type\":\"WebSite\",\"@id\":\"https:\/\/www.visit-ulcinj.com\/blog\/#website\",\"url\":\"https:\/\/www.visit-ulcinj.com\/blog\/\",\"name\":\"Lajme nga Ulqini\",\"description\":\"Lajme,Vijesti,Ulqini,Ulqin,Crna Gora,Mali i Zi\",\"potentialAction\":[{\"@type\":\"SearchAction\",\"target\":{\"@type\":\"EntryPoint\",\"urlTemplate\":\"https:\/\/www.visit-ulcinj.com\/blog\/?s={search_term_string}\"},\"query-input\":\"required name=search_term_string\"}],\"inLanguage\":\"en-US\"},{\"@type\":\"ImageObject\",\"inLanguage\":\"en-US\",\"@id\":\"https:\/\/www.visit-ulcinj.com\/blog\/2009\/05\/07\/per-mimozen-sot-u-zgjove-20-vjec\/#primaryimage\",\"url\":\"http:\/\/www.visit-ulcinj.com\/blog\/wp-content\/uploads\/2009\/05\/per-surprizen-05.jpg\",\"contentUrl\":\"http:\/\/www.visit-ulcinj.com\/blog\/wp-content\/uploads\/2009\/05\/per-surprizen-05.jpg\"},{\"@type\":\"WebPage\",\"@id\":\"https:\/\/www.visit-ulcinj.com\/blog\/2009\/05\/07\/per-mimozen-sot-u-zgjove-20-vjec\/#webpage\",\"url\":\"https:\/\/www.visit-ulcinj.com\/blog\/2009\/05\/07\/per-mimozen-sot-u-zgjove-20-vjec\/\",\"name\":\"Per Mimoz\u00c3\u00abn : Sot u zgjove 20 vjec | Big Brother Albania 2\",\"isPartOf\":{\"@id\":\"https:\/\/www.visit-ulcinj.com\/blog\/#website\"},\"primaryImageOfPage\":{\"@id\":\"https:\/\/www.visit-ulcinj.com\/blog\/2009\/05\/07\/per-mimozen-sot-u-zgjove-20-vjec\/#primaryimage\"},\"datePublished\":\"2009-05-07T07:00:19+00:00\",\"dateModified\":\"2009-05-06T22:53:28+00:00\",\"author\":{\"@id\":\"https:\/\/www.visit-ulcinj.com\/blog\/#\/schema\/person\/dcab619c614d3038751c63bc2aadc06d\"},\"description\":\"Big Brother Albania 2 - Banor\u00c3\u00abt kan\u00c3\u00ab diskutuar p\u00c3\u00abr surpriz\u00c3\u00abn e dit\u00c3\u00ablindjes s\u00c3\u00ab Mimoz\u00c3\u00abs. Adelajda duke q\u00c3\u00abndruar me Adin n\u00c3\u00ab kop\u00c3\u00absht i ka treguar p\u00c3\u00abr iden\u00c3\u00ab e saj dhe t\u00c3\u00ab Bjordit.\",\"breadcrumb\":{\"@id\":\"https:\/\/www.visit-ulcinj.com\/blog\/2009\/05\/07\/per-mimozen-sot-u-zgjove-20-vjec\/#breadcrumb\"},\"inLanguage\":\"en-US\",\"potentialAction\":[{\"@type\":\"ReadAction\",\"target\":[\"https:\/\/www.visit-ulcinj.com\/blog\/2009\/05\/07\/per-mimozen-sot-u-zgjove-20-vjec\/\"]}]},{\"@type\":\"BreadcrumbList\",\"@id\":\"https:\/\/www.visit-ulcinj.com\/blog\/2009\/05\/07\/per-mimozen-sot-u-zgjove-20-vjec\/#breadcrumb\",\"itemListElement\":[{\"@type\":\"ListItem\",\"position\":1,\"name\":\"Per Mimoz\u00ebn : Sot u zgjove 20 vjec\"}]},{\"@type\":\"Person\",\"@id\":\"https:\/\/www.visit-ulcinj.com\/blog\/#\/schema\/person\/dcab619c614d3038751c63bc2aadc06d\",\"name\":\"ulqini\",\"sameAs\":[\"http:\/\/www.visit-ulcinj.com\"],\"url\":\"https:\/\/www.visit-ulcinj.com\/blog\/author\/admin\/\"}]}<\/script>\n<!-- \/ Yoast SEO plugin. -->","yoast_head_json":{"title":"Per Mimoz\u00c3\u00abn : Sot u zgjove 20 vjec | Big Brother Albania 2","description":"Big Brother Albania 2 - Banor\u00c3\u00abt kan\u00c3\u00ab diskutuar p\u00c3\u00abr surpriz\u00c3\u00abn e dit\u00c3\u00ablindjes s\u00c3\u00ab Mimoz\u00c3\u00abs. Adelajda duke q\u00c3\u00abndruar me Adin n\u00c3\u00ab kop\u00c3\u00absht i ka treguar p\u00c3\u00abr iden\u00c3\u00ab e saj dhe t\u00c3\u00ab Bjordit.","robots":{"index":"index","follow":"follow","max-snippet":"max-snippet:-1","max-image-preview":"max-image-preview:large","max-video-preview":"max-video-preview:-1"},"canonical":"https:\/\/www.visit-ulcinj.com\/blog\/2009\/05\/07\/per-mimozen-sot-u-zgjove-20-vjec\/","og_locale":"en_US","og_type":"article","og_title":"Per Mimoz\u00c3\u00abn : Sot u zgjove 20 vjec | Big Brother Albania 2","og_description":"Big Brother Albania 2 - Banor\u00c3\u00abt kan\u00c3\u00ab diskutuar p\u00c3\u00abr surpriz\u00c3\u00abn e dit\u00c3\u00ablindjes s\u00c3\u00ab Mimoz\u00c3\u00abs. Adelajda duke q\u00c3\u00abndruar me Adin n\u00c3\u00ab kop\u00c3\u00absht i ka treguar p\u00c3\u00abr iden\u00c3\u00ab e saj dhe t\u00c3\u00ab Bjordit.","og_url":"https:\/\/www.visit-ulcinj.com\/blog\/2009\/05\/07\/per-mimozen-sot-u-zgjove-20-vjec\/","og_site_name":"Lajme nga Ulqini","article_published_time":"2009-05-07T07:00:19+00:00","article_modified_time":"2009-05-06T22:53:28+00:00","og_image":[{"url":"http:\/\/www.visit-ulcinj.com\/blog\/wp-content\/uploads\/2009\/05\/per-surprizen-05.jpg"}],"twitter_misc":{"Written by":"ulqini","Est. reading time":"1 minute"},"schema":{"@context":"https:\/\/schema.org","@graph":[{"@type":"WebSite","@id":"https:\/\/www.visit-ulcinj.com\/blog\/#website","url":"https:\/\/www.visit-ulcinj.com\/blog\/","name":"Lajme nga Ulqini","description":"Lajme,Vijesti,Ulqini,Ulqin,Crna Gora,Mali i Zi","potentialAction":[{"@type":"SearchAction","target":{"@type":"EntryPoint","urlTemplate":"https:\/\/www.visit-ulcinj.com\/blog\/?s={search_term_string}"},"query-input":"required name=search_term_string"}],"inLanguage":"en-US"},{"@type":"ImageObject","inLanguage":"en-US","@id":"https:\/\/www.visit-ulcinj.com\/blog\/2009\/05\/07\/per-mimozen-sot-u-zgjove-20-vjec\/#primaryimage","url":"http:\/\/www.visit-ulcinj.com\/blog\/wp-content\/uploads\/2009\/05\/per-surprizen-05.jpg","contentUrl":"http:\/\/www.visit-ulcinj.com\/blog\/wp-content\/uploads\/2009\/05\/per-surprizen-05.jpg"},{"@type":"WebPage","@id":"https:\/\/www.visit-ulcinj.com\/blog\/2009\/05\/07\/per-mimozen-sot-u-zgjove-20-vjec\/#webpage","url":"https:\/\/www.visit-ulcinj.com\/blog\/2009\/05\/07\/per-mimozen-sot-u-zgjove-20-vjec\/","name":"Per Mimoz\u00c3\u00abn : Sot u zgjove 20 vjec | Big Brother Albania 2","isPartOf":{"@id":"https:\/\/www.visit-ulcinj.com\/blog\/#website"},"primaryImageOfPage":{"@id":"https:\/\/www.visit-ulcinj.com\/blog\/2009\/05\/07\/per-mimozen-sot-u-zgjove-20-vjec\/#primaryimage"},"datePublished":"2009-05-07T07:00:19+00:00","dateModified":"2009-05-06T22:53:28+00:00","author":{"@id":"https:\/\/www.visit-ulcinj.com\/blog\/#\/schema\/person\/dcab619c614d3038751c63bc2aadc06d"},"description":"Big Brother Albania 2 - Banor\u00c3\u00abt kan\u00c3\u00ab diskutuar p\u00c3\u00abr surpriz\u00c3\u00abn e dit\u00c3\u00ablindjes s\u00c3\u00ab Mimoz\u00c3\u00abs. Adelajda duke q\u00c3\u00abndruar me Adin n\u00c3\u00ab kop\u00c3\u00absht i ka treguar p\u00c3\u00abr iden\u00c3\u00ab e saj dhe t\u00c3\u00ab Bjordit.","breadcrumb":{"@id":"https:\/\/www.visit-ulcinj.com\/blog\/2009\/05\/07\/per-mimozen-sot-u-zgjove-20-vjec\/#breadcrumb"},"inLanguage":"en-US","potentialAction":[{"@type":"ReadAction","target":["https:\/\/www.visit-ulcinj.com\/blog\/2009\/05\/07\/per-mimozen-sot-u-zgjove-20-vjec\/"]}]},{"@type":"BreadcrumbList","@id":"https:\/\/www.visit-ulcinj.com\/blog\/2009\/05\/07\/per-mimozen-sot-u-zgjove-20-vjec\/#breadcrumb","itemListElement":[{"@type":"ListItem","position":1,"name":"Per Mimoz\u00ebn : Sot u zgjove 20 vjec"}]},{"@type":"Person","@id":"https:\/\/www.visit-ulcinj.com\/blog\/#\/schema\/person\/dcab619c614d3038751c63bc2aadc06d","name":"ulqini","sameAs":["http:\/\/www.visit-ulcinj.com"],"url":"https:\/\/www.visit-ulcinj.com\/blog\/author\/admin\/"}]}},"jetpack_featured_media_url":"","jetpack_sharing_enabled":true,"jetpack_shortlink":"https:\/\/wp.me\/pe6lTn-5jM","_links":{"self":[{"href":"https:\/\/www.visit-ulcinj.com\/blog\/wp-json\/wp\/v2\/posts\/20446"}],"collection":[{"href":"https:\/\/www.visit-ulcinj.com\/blog\/wp-json\/wp\/v2\/posts"}],"about":[{"href":"https:\/\/www.visit-ulcinj.com\/blog\/wp-json\/wp\/v2\/types\/post"}],"author":[{"embeddable":true,"href":"https:\/\/www.visit-ulcinj.com\/blog\/wp-json\/wp\/v2\/users\/1"}],"replies":[{"embeddable":true,"href":"https:\/\/www.visit-ulcinj.com\/blog\/wp-json\/wp\/v2\/comments?post=20446"}],"version-history":[{"count":0,"href":"https:\/\/www.visit-ulcinj.com\/blog\/wp-json\/wp\/v2\/posts\/20446\/revisions"}],"wp:attachment":[{"href":"https:\/\/www.visit-ulcinj.com\/blog\/wp-json\/wp\/v2\/media?parent=20446"}],"wp:term":[{"taxonomy":"category","embeddable":true,"href":"https:\/\/www.visit-ulcinj.com\/blog\/wp-json\/wp\/v2\/categories?post=20446"},{"taxonomy":"post_tag","embeddable":true,"href":"https:\/\/www.visit-ulcinj.com\/blog\/wp-json\/wp\/v2\/tags?post=20446"}],"curies":[{"name":"wp","href":"https:\/\/api.w.org\/{rel}","templated":true}]}}