{"id":20451,"date":"2009-05-07T09:38:16","date_gmt":"2009-05-07T07:38:16","guid":{"rendered":"http:\/\/www.visit-ulcinj.com\/blog\/?p=20451"},"modified":"2009-05-07T09:39:05","modified_gmt":"2009-05-07T07:39:05","slug":"dinosa-zatrazio-mjesto-potpredsjednika-vlade","status":"publish","type":"post","link":"https:\/\/www.visit-ulcinj.com\/blog\/2009\/05\/07\/dinosa-zatrazio-mjesto-potpredsjednika-vlade\/","title":{"rendered":"Dino\u0161a zatra\u017eio mjesto potpredsjednika Vlade"},"content":{"rendered":"<p><strong><a href=\"http:\/\/www.visit-ulcinj.com\/blog\/wp-content\/uploads\/2009\/05\/ferhat-dinosa_vujanoviq.jpg\"><img loading=\"lazy\" class=\"alignleft size-full wp-image-20452\" title=\"ferhat-dinosa_vujanoviq\" src=\"http:\/\/www.visit-ulcinj.com\/blog\/wp-content\/uploads\/2009\/05\/ferhat-dinosa_vujanoviq.jpg\" alt=\"ferhat-dinosa_vujanoviq\" width=\"351\" height=\"213\" srcset=\"https:\/\/www.visit-ulcinj.com\/blog\/wp-content\/uploads\/2009\/05\/ferhat-dinosa_vujanoviq.jpg 351w, https:\/\/www.visit-ulcinj.com\/blog\/wp-content\/uploads\/2009\/05\/ferhat-dinosa_vujanoviq-300x182.jpg 300w\" sizes=\"(max-width: 351px) 100vw, 351px\" \/><\/a>Dino\u0161a zatra\u017eio mjesto potpredsjednika Vlade, a Bardhi uklanjanje crkve na Rumiji<\/strong><br \/>\nPredsjednik Crne Gore Filip Vujanovi? niti predstavnici parlamentarnih partija tokom ju?era\u0161njih konsultacija o imenovanju mandatara nijesu progovorili ni rije? o tome kome ?e biti povjereno sastavljanje nove Vlade, iako je ve? danima poznata odluka demokratske partije socijalista da to bude njihov strana?ki lider, aktuelni premijer Milo ?ukanovi?. Umjesto razgovora o mandataru, konsultacije kod \u0161efa dr\u017eave pretvorile su se u iskazivanje \u017eelja za u?e\u0161?e u novoj izvr\u0161noj vlasti, pri?u o crkvi, op\u0161tinama zastupljenosti u parlamentu&#8230;<br \/>\nDa o mandataru nije bilo rije?i, prvi je potvrdio potpredsjednik Pokreta za promjene Branko Radulovi?.<br \/>\n&#8211; Kada je u pitanju mandatar, PzP bi \u017eelio da postoji diskontinuitet politike ?ukanovi?a. Skeptik sam u odnosu na to, imaju?i u vidu neke odluke prema krupnim crnogorskim de\u0161avanjima i resursima koje je on ve? donio-istakao je Radulovi?.<br \/>\nOn je saop\u0161tio da je Vujanovi?u ponudio predizborni program PzP-a kako bi ga budu?i premijer implementirao u radu nove Vlade. Pozivu na konsultacije, pojasnio, je, PzP se odazvao pozivu \u0161efa dr\u017eave iz po\u0161tovanja prema instituciji i zbog specifi?ne situacije u Crnoj Gori.<br \/>\n&#8211; Dogovorili smo se da stru?no mi\u0161ljenje PZP-a, u odnosu na krupne probleme u Crnoj Gori, \u0161aljemo na tri adrese \u2013 predsjedniku dr\u017eave, premijeru i predsjedniku Skup\u0161tine, pa neka se oni odrede prema njima- naveo je on, podsje?aju?i da je i nakon izbora 2006. godine PzP u?estvovao u konsultacijama oko mandatara.<br \/>\nLider Demokratske unije Albanaca Ferhat Dino\u0161a kazao je da ta stranka o?ekuje ve?u zastupljenost u Vladi.<br \/>\nBio bi demokratski pomak da jedno mjesto potpredsjednika Vlade pripadne toj partiji &#8211; istakao je on, dodaju?i da DUA o?ekuje da ?e zadr\u017eati i mjesto ministra za ljudska i manjinska prava jer bi bilo dobro da isti ljudi zavr\u0161e neke zapo?ete projekte u tom resoru.<br \/>\n&#8211; Crna Gora je u procesu evropskih i evroatlanskih integracija i pragmati?ni Albanac, koji poznaje ta kretanja, tu bi mogao biti od velike koristi. Vrijeme iza nas je pokazalo da je dobro \u0161to je DUA bila u Vladi &#8211; ocijenio je Dino\u0161a, zaklju?uju?i da ako bi DUA dobila potpredsjedni?ko mjesto u izvr\u0161noj, ne bi o?ekivala istu poziciju u zakonodavnoj vlasti i potvr?uju?i da o mandataru nije bilo govora.<a href=\"http:\/\/www.visit-ulcinj.com\/blog\/wp-content\/uploads\/2009\/05\/mehmet-bardhi1.jpg\"><img loading=\"lazy\" class=\"alignright size-full wp-image-20453\" title=\"mehmet-bardhi1\" src=\"http:\/\/www.visit-ulcinj.com\/blog\/wp-content\/uploads\/2009\/05\/mehmet-bardhi1.jpg\" alt=\"mehmet-bardhi1\" width=\"160\" height=\"211\" \/><\/a><br \/>\nKako je saop\u0161tio lider Demokratskog saveza Mehmet Bardhi, Albanska lista u kojoj su zajedno sa Albanskom alternativom, ne o?ekuje u?e\u0161?e u vlasti. Najavio je da ?e ova koalicija imati nekoliko zahtjeva prema budu?oj Vladi.<br \/>\n&#8211; Ove konsultacije su prevazi?ene i predstavljaju puku formu. Susret sa Vujanovi?em iskoristio sam za pokretanje drugih pitanja koja se ti?u interesa Albanaca. Novoj Vladi dostavi?emo zahtjeve za decentralizaciju vlasti, \u0161to podrazumijeva formiranje punopravne op\u0161tine Tuzi, zahtjeve vezane za status i prava Albanaca. Jedan od zahtjeva bi?e i onaj za uklanjanje metalne crkve na vrhu Rumije-rekao je on, najavljuju?i da ?e uz zahtjev biti dostavljeni i potpisi gra?ana.<br \/>\nOdgovaraju?i je li bilo govora o mandataru, istakao je da im Vujanovi? nije ni\u0161ta saop\u0161tio &#8220;a po\u0161to ve? sve znamo nije bilo potrebe ni pitati&#8221;.<br \/>\n<a href=\"http:\/\/www.visit-ulcinj.com\/blog\/wp-content\/uploads\/2009\/05\/vaselj-sinistaj.jpg\"><img loading=\"lazy\" class=\"alignleft size-full wp-image-20454\" title=\"Politika\" src=\"http:\/\/www.visit-ulcinj.com\/blog\/wp-content\/uploads\/2009\/05\/vaselj-sinistaj.jpg\" alt=\"Politika\" width=\"290\" height=\"190\" \/><\/a>Predstavnik albanske koalicije Perspektiva Vaselj Sini\u0161taj nije isklju?io mogu?nost njihovog ulaska u izvr\u0161nu vlast pod uslovom da im vladaju?a ve?ina to ponudi. Precizirao je da su za perspektivu interesantni resori obrazovanja i kulture, dodaju?i da su, u slu?aju da kod vlasti bude spremnosti za partnerstvo, mogli ponuditi i imena ljudi koji bi bili u pomenutim ministtarstvima.<br \/>\n&#8211; O?ekujemo da nova Vlada realizuje ono \u0161to su Ustavom zajam?ena prava Albanaca. Mi ?emo se zalagati za dostizanje evropskih standarda kada su u pitanju prava manjina. Tu, prije svega, mislimo na novi zakon o teritorijalnoj organizaciji Crne Gore, druga?ije vi?enje lokalne samouprave i izbornog zakonodavstva, kao i regulisanje pitanja upotrebe jezika. To su pitanja koja budu?a Vlada mora da rije\u0161i-ka\u017ee Sini\u0161taj.<br \/>\nSocijalisti?ka narodna partija i Nova srpska demokratija nijesu se odazvale Vujanovi?evom pozivu na konsultacije.<br \/>\nVujanovi? ?e danas konsultacije nastaviti razgovorima sa predstavnicima Bo\u0161nja?ke stranke, Hrvatske gra?anske inicijative, Socijaldemokratske partije i Demokratske partije socijalista.<br \/>\nO?ekuje se da bi ve? sjutra mogao i zvani?no saop\u0161titi predlog mandatara za sastav nove Vlade.<br \/>\n<strong><br \/>\nV.RADENOVI?<\/strong><\/p>\n<p><strong>I Forca bi u Vladu<\/strong><\/p>\n<p><a href=\"http:\/\/www.visit-ulcinj.com\/blog\/wp-content\/uploads\/2009\/05\/nazif-cungu.jpg\"><img loading=\"lazy\" class=\"alignleft size-full wp-image-20455\" title=\"nazif-cungu\" src=\"http:\/\/www.visit-ulcinj.com\/blog\/wp-content\/uploads\/2009\/05\/nazif-cungu.jpg\" alt=\"nazif-cungu\" width=\"320\" height=\"240\" srcset=\"https:\/\/www.visit-ulcinj.com\/blog\/wp-content\/uploads\/2009\/05\/nazif-cungu.jpg 320w, https:\/\/www.visit-ulcinj.com\/blog\/wp-content\/uploads\/2009\/05\/nazif-cungu-300x225.jpg 300w\" sizes=\"(max-width: 320px) 100vw, 320px\" \/><\/a>Lider Nove demokratske snage FORCA Nazif Cungu poslije konsultacija sa predsjednikom Filipom Vujanovi?em novinarima je kazao da je ta stranka spremna da u?estvuje u izvr\u0161noj vlasti ukoliko se program nove Vlade poklopi sa njihovim programskim principima.<br \/>\n&#8211; Pitanje u?e\u0161?a FORCE u novoj Vladi bi?e izvjesnije nakon \u0161to zvani?no bude poznat mandatar. Imamo na\u0161 program i na?ela i, ukoliko se ona budu podudarala sa predlo\u017eenim programom budu?eg mandatara, bi?emo spremni da uzmemo u?e\u0161?e u novoj Vladi- naveo je Cungu.<br \/>\n<strong><br \/>\nBardhi ne?e pod crnogorsku zastavu<\/strong><\/p>\n<p>Lider Demokratskog saveza Mehmet Bardhi nije \u017eelio da pred kamerama stane na poziciju ispred crnogorske zastave, za razliku od ostalih u?esnika konsultacija.<br \/>\n&#8211; Ja ne?u tu, ho?u ovdje-bio je uporan Bardhi pomjeraju?i se u stranu kako se u pozadini, dok daje izjavu novinarima, ne bi vidjelo dr\u017eavno obilje\u017eje Crne Gore.<\/p>\n<p><strong> Izvor : <a href=\"http:\/\/www.dan.cg.yu\/index.php?nivo=3&amp;rubrika=Politika&amp;datum=2009-05-06&amp;clanak=186182\" target=\"_blank\">DAN<\/a><\/strong><\/p>\n","protected":false},"excerpt":{"rendered":"<p>Dino\u0161a zatra\u017eio mjesto potpredsjednika Vlade, a Bardhi uklanjanje crkve na Rumiji Predsjednik Crne Gore Filip Vujanovi? niti predstavnici parlamentarnih partija tokom ju?era\u0161njih konsultacija o imenovanju mandatara nijesu progovorili ni rije? o tome kome ?e biti povjereno sastavljanje nove Vlade, iako je ve? danima poznata odluka demokratske partije socijalista da to bude njihov strana?ki lider, aktuelni [&hellip;]<\/p>\n","protected":false},"author":1,"featured_media":0,"comment_status":"open","ping_status":"closed","sticky":false,"template":"","format":"standard","meta":{"spay_email":"","jetpack_publicize_message":"","jetpack_is_tweetstorm":false,"jetpack_publicize_feature_enabled":true},"categories":[8337],"tags":[10038,10039,10045,5720,8676,10042,10044,10043,10040,10041],"jetpack_publicize_connections":[],"yoast_head":"<!-- This site is optimized with the Yoast SEO plugin v19.1 - https:\/\/yoast.com\/wordpress\/plugins\/seo\/ -->\n<title>Dino\u0161a zatra\u017eio mjesto potpredsjednika Vlade - Lajme nga Ulqini<\/title>\n<meta name=\"description\" content=\"Dino\u0161a zatra\u017eio mjesto potpredsjednika Vlade, a Bardhi uklanjanje crkve na Rumiji Predsjednik Crne Gore Filip Vujanovi? niti predstavnici parlamentarnih\" \/>\n<meta name=\"robots\" content=\"index, follow, max-snippet:-1, max-image-preview:large, max-video-preview:-1\" \/>\n<link rel=\"canonical\" href=\"https:\/\/www.visit-ulcinj.com\/blog\/2009\/05\/07\/dinosa-zatrazio-mjesto-potpredsjednika-vlade\/\" \/>\n<meta property=\"og:locale\" content=\"en_US\" \/>\n<meta property=\"og:type\" content=\"article\" \/>\n<meta property=\"og:title\" content=\"Dino\u0161a zatra\u017eio mjesto potpredsjednika Vlade - Lajme nga Ulqini\" \/>\n<meta property=\"og:description\" content=\"Dino\u0161a zatra\u017eio mjesto potpredsjednika Vlade, a Bardhi uklanjanje crkve na Rumiji Predsjednik Crne Gore Filip Vujanovi? niti predstavnici parlamentarnih\" \/>\n<meta property=\"og:url\" content=\"https:\/\/www.visit-ulcinj.com\/blog\/2009\/05\/07\/dinosa-zatrazio-mjesto-potpredsjednika-vlade\/\" \/>\n<meta property=\"og:site_name\" content=\"Lajme nga Ulqini\" \/>\n<meta property=\"article:published_time\" content=\"2009-05-07T07:38:16+00:00\" \/>\n<meta property=\"article:modified_time\" content=\"2009-05-07T07:39:05+00:00\" \/>\n<meta property=\"og:image\" content=\"http:\/\/www.visit-ulcinj.com\/blog\/wp-content\/uploads\/2009\/05\/ferhat-dinosa_vujanoviq.jpg\" \/>\n<meta name=\"twitter:label1\" content=\"Written by\" \/>\n\t<meta name=\"twitter:data1\" content=\"ulqini\" \/>\n\t<meta name=\"twitter:label2\" content=\"Est. reading time\" \/>\n\t<meta name=\"twitter:data2\" content=\"5 minutes\" \/>\n<script type=\"application\/ld+json\" class=\"yoast-schema-graph\">{\"@context\":\"https:\/\/schema.org\",\"@graph\":[{\"@type\":\"WebSite\",\"@id\":\"https:\/\/www.visit-ulcinj.com\/blog\/#website\",\"url\":\"https:\/\/www.visit-ulcinj.com\/blog\/\",\"name\":\"Lajme nga Ulqini\",\"description\":\"Lajme,Vijesti,Ulqini,Ulqin,Crna Gora,Mali i Zi\",\"potentialAction\":[{\"@type\":\"SearchAction\",\"target\":{\"@type\":\"EntryPoint\",\"urlTemplate\":\"https:\/\/www.visit-ulcinj.com\/blog\/?s={search_term_string}\"},\"query-input\":\"required name=search_term_string\"}],\"inLanguage\":\"en-US\"},{\"@type\":\"ImageObject\",\"inLanguage\":\"en-US\",\"@id\":\"https:\/\/www.visit-ulcinj.com\/blog\/2009\/05\/07\/dinosa-zatrazio-mjesto-potpredsjednika-vlade\/#primaryimage\",\"url\":\"https:\/\/www.visit-ulcinj.com\/blog\/wp-content\/uploads\/2009\/05\/ferhat-dinosa_vujanoviq.jpg\",\"contentUrl\":\"https:\/\/www.visit-ulcinj.com\/blog\/wp-content\/uploads\/2009\/05\/ferhat-dinosa_vujanoviq.jpg\",\"width\":\"351\",\"height\":\"213\"},{\"@type\":\"WebPage\",\"@id\":\"https:\/\/www.visit-ulcinj.com\/blog\/2009\/05\/07\/dinosa-zatrazio-mjesto-potpredsjednika-vlade\/#webpage\",\"url\":\"https:\/\/www.visit-ulcinj.com\/blog\/2009\/05\/07\/dinosa-zatrazio-mjesto-potpredsjednika-vlade\/\",\"name\":\"Dino\u0161a zatra\u017eio mjesto potpredsjednika Vlade - Lajme nga Ulqini\",\"isPartOf\":{\"@id\":\"https:\/\/www.visit-ulcinj.com\/blog\/#website\"},\"primaryImageOfPage\":{\"@id\":\"https:\/\/www.visit-ulcinj.com\/blog\/2009\/05\/07\/dinosa-zatrazio-mjesto-potpredsjednika-vlade\/#primaryimage\"},\"datePublished\":\"2009-05-07T07:38:16+00:00\",\"dateModified\":\"2009-05-07T07:39:05+00:00\",\"author\":{\"@id\":\"https:\/\/www.visit-ulcinj.com\/blog\/#\/schema\/person\/dcab619c614d3038751c63bc2aadc06d\"},\"description\":\"Dino\u0161a zatra\u017eio mjesto potpredsjednika Vlade, a Bardhi uklanjanje crkve na Rumiji Predsjednik Crne Gore Filip Vujanovi? niti predstavnici parlamentarnih\",\"breadcrumb\":{\"@id\":\"https:\/\/www.visit-ulcinj.com\/blog\/2009\/05\/07\/dinosa-zatrazio-mjesto-potpredsjednika-vlade\/#breadcrumb\"},\"inLanguage\":\"en-US\",\"potentialAction\":[{\"@type\":\"ReadAction\",\"target\":[\"https:\/\/www.visit-ulcinj.com\/blog\/2009\/05\/07\/dinosa-zatrazio-mjesto-potpredsjednika-vlade\/\"]}]},{\"@type\":\"BreadcrumbList\",\"@id\":\"https:\/\/www.visit-ulcinj.com\/blog\/2009\/05\/07\/dinosa-zatrazio-mjesto-potpredsjednika-vlade\/#breadcrumb\",\"itemListElement\":[{\"@type\":\"ListItem\",\"position\":1,\"name\":\"Dino\u0161a zatra\u017eio mjesto potpredsjednika Vlade\"}]},{\"@type\":\"Person\",\"@id\":\"https:\/\/www.visit-ulcinj.com\/blog\/#\/schema\/person\/dcab619c614d3038751c63bc2aadc06d\",\"name\":\"ulqini\",\"sameAs\":[\"http:\/\/www.visit-ulcinj.com\"],\"url\":\"https:\/\/www.visit-ulcinj.com\/blog\/author\/admin\/\"}]}<\/script>\n<!-- \/ Yoast SEO plugin. -->","yoast_head_json":{"title":"Dino\u0161a zatra\u017eio mjesto potpredsjednika Vlade - Lajme nga Ulqini","description":"Dino\u0161a zatra\u017eio mjesto potpredsjednika Vlade, a Bardhi uklanjanje crkve na Rumiji Predsjednik Crne Gore Filip Vujanovi? niti predstavnici parlamentarnih","robots":{"index":"index","follow":"follow","max-snippet":"max-snippet:-1","max-image-preview":"max-image-preview:large","max-video-preview":"max-video-preview:-1"},"canonical":"https:\/\/www.visit-ulcinj.com\/blog\/2009\/05\/07\/dinosa-zatrazio-mjesto-potpredsjednika-vlade\/","og_locale":"en_US","og_type":"article","og_title":"Dino\u0161a zatra\u017eio mjesto potpredsjednika Vlade - Lajme nga Ulqini","og_description":"Dino\u0161a zatra\u017eio mjesto potpredsjednika Vlade, a Bardhi uklanjanje crkve na Rumiji Predsjednik Crne Gore Filip Vujanovi? niti predstavnici parlamentarnih","og_url":"https:\/\/www.visit-ulcinj.com\/blog\/2009\/05\/07\/dinosa-zatrazio-mjesto-potpredsjednika-vlade\/","og_site_name":"Lajme nga Ulqini","article_published_time":"2009-05-07T07:38:16+00:00","article_modified_time":"2009-05-07T07:39:05+00:00","og_image":[{"url":"http:\/\/www.visit-ulcinj.com\/blog\/wp-content\/uploads\/2009\/05\/ferhat-dinosa_vujanoviq.jpg"}],"twitter_misc":{"Written by":"ulqini","Est. reading time":"5 minutes"},"schema":{"@context":"https:\/\/schema.org","@graph":[{"@type":"WebSite","@id":"https:\/\/www.visit-ulcinj.com\/blog\/#website","url":"https:\/\/www.visit-ulcinj.com\/blog\/","name":"Lajme nga Ulqini","description":"Lajme,Vijesti,Ulqini,Ulqin,Crna Gora,Mali i Zi","potentialAction":[{"@type":"SearchAction","target":{"@type":"EntryPoint","urlTemplate":"https:\/\/www.visit-ulcinj.com\/blog\/?s={search_term_string}"},"query-input":"required name=search_term_string"}],"inLanguage":"en-US"},{"@type":"ImageObject","inLanguage":"en-US","@id":"https:\/\/www.visit-ulcinj.com\/blog\/2009\/05\/07\/dinosa-zatrazio-mjesto-potpredsjednika-vlade\/#primaryimage","url":"https:\/\/www.visit-ulcinj.com\/blog\/wp-content\/uploads\/2009\/05\/ferhat-dinosa_vujanoviq.jpg","contentUrl":"https:\/\/www.visit-ulcinj.com\/blog\/wp-content\/uploads\/2009\/05\/ferhat-dinosa_vujanoviq.jpg","width":"351","height":"213"},{"@type":"WebPage","@id":"https:\/\/www.visit-ulcinj.com\/blog\/2009\/05\/07\/dinosa-zatrazio-mjesto-potpredsjednika-vlade\/#webpage","url":"https:\/\/www.visit-ulcinj.com\/blog\/2009\/05\/07\/dinosa-zatrazio-mjesto-potpredsjednika-vlade\/","name":"Dino\u0161a zatra\u017eio mjesto potpredsjednika Vlade - Lajme nga Ulqini","isPartOf":{"@id":"https:\/\/www.visit-ulcinj.com\/blog\/#website"},"primaryImageOfPage":{"@id":"https:\/\/www.visit-ulcinj.com\/blog\/2009\/05\/07\/dinosa-zatrazio-mjesto-potpredsjednika-vlade\/#primaryimage"},"datePublished":"2009-05-07T07:38:16+00:00","dateModified":"2009-05-07T07:39:05+00:00","author":{"@id":"https:\/\/www.visit-ulcinj.com\/blog\/#\/schema\/person\/dcab619c614d3038751c63bc2aadc06d"},"description":"Dino\u0161a zatra\u017eio mjesto potpredsjednika Vlade, a Bardhi uklanjanje crkve na Rumiji Predsjednik Crne Gore Filip Vujanovi? niti predstavnici parlamentarnih","breadcrumb":{"@id":"https:\/\/www.visit-ulcinj.com\/blog\/2009\/05\/07\/dinosa-zatrazio-mjesto-potpredsjednika-vlade\/#breadcrumb"},"inLanguage":"en-US","potentialAction":[{"@type":"ReadAction","target":["https:\/\/www.visit-ulcinj.com\/blog\/2009\/05\/07\/dinosa-zatrazio-mjesto-potpredsjednika-vlade\/"]}]},{"@type":"BreadcrumbList","@id":"https:\/\/www.visit-ulcinj.com\/blog\/2009\/05\/07\/dinosa-zatrazio-mjesto-potpredsjednika-vlade\/#breadcrumb","itemListElement":[{"@type":"ListItem","position":1,"name":"Dino\u0161a zatra\u017eio mjesto potpredsjednika Vlade"}]},{"@type":"Person","@id":"https:\/\/www.visit-ulcinj.com\/blog\/#\/schema\/person\/dcab619c614d3038751c63bc2aadc06d","name":"ulqini","sameAs":["http:\/\/www.visit-ulcinj.com"],"url":"https:\/\/www.visit-ulcinj.com\/blog\/author\/admin\/"}]}},"jetpack_featured_media_url":"","jetpack_sharing_enabled":true,"jetpack_shortlink":"https:\/\/wp.me\/pe6lTn-5jR","_links":{"self":[{"href":"https:\/\/www.visit-ulcinj.com\/blog\/wp-json\/wp\/v2\/posts\/20451"}],"collection":[{"href":"https:\/\/www.visit-ulcinj.com\/blog\/wp-json\/wp\/v2\/posts"}],"about":[{"href":"https:\/\/www.visit-ulcinj.com\/blog\/wp-json\/wp\/v2\/types\/post"}],"author":[{"embeddable":true,"href":"https:\/\/www.visit-ulcinj.com\/blog\/wp-json\/wp\/v2\/users\/1"}],"replies":[{"embeddable":true,"href":"https:\/\/www.visit-ulcinj.com\/blog\/wp-json\/wp\/v2\/comments?post=20451"}],"version-history":[{"count":0,"href":"https:\/\/www.visit-ulcinj.com\/blog\/wp-json\/wp\/v2\/posts\/20451\/revisions"}],"wp:attachment":[{"href":"https:\/\/www.visit-ulcinj.com\/blog\/wp-json\/wp\/v2\/media?parent=20451"}],"wp:term":[{"taxonomy":"category","embeddable":true,"href":"https:\/\/www.visit-ulcinj.com\/blog\/wp-json\/wp\/v2\/categories?post=20451"},{"taxonomy":"post_tag","embeddable":true,"href":"https:\/\/www.visit-ulcinj.com\/blog\/wp-json\/wp\/v2\/tags?post=20451"}],"curies":[{"name":"wp","href":"https:\/\/api.w.org\/{rel}","templated":true}]}}