{"id":20459,"date":"2009-05-07T10:00:45","date_gmt":"2009-05-07T08:00:45","guid":{"rendered":"http:\/\/www.visit-ulcinj.com\/blog\/?p=20459"},"modified":"2009-05-07T10:13:38","modified_gmt":"2009-05-07T08:13:38","slug":"cungu-i-sinistaj-zele-u-vladu","status":"publish","type":"post","link":"https:\/\/www.visit-ulcinj.com\/blog\/2009\/05\/07\/cungu-i-sinistaj-zele-u-vladu\/","title":{"rendered":"Cungu i Sini\u0161taj \u017eele u vladu"},"content":{"rendered":"<p><a href=\"http:\/\/www.visit-ulcinj.com\/blog\/wp-content\/uploads\/2009\/05\/vujanovic_sinistaj_holaj.jpg\" mce_href=\"http:\/\/www.visit-ulcinj.com\/blog\/wp-content\/uploads\/2009\/05\/vujanovic_sinistaj_holaj.jpg\"><img loading=\"lazy\" class=\"alignleft size-full wp-image-20460\" title=\"Politika\" src=\"http:\/\/www.visit-ulcinj.com\/blog\/wp-content\/uploads\/2009\/05\/vujanovic_sinistaj_holaj.jpg\" mce_src=\"http:\/\/www.visit-ulcinj.com\/blog\/wp-content\/uploads\/2009\/05\/vujanovic_sinistaj_holaj.jpg\" alt=\"Politika\" height=\"226\" width=\"345\"><\/a><b>Vujanovi? i opozicionari ju?e pri?ali o svemu osim o mandataru<\/b><br \/>\nPodgorica &#8211; Predsjednik Filip Vujanovi? i predstavnici ?etiri parlamentarne partije ju?e nijesu ni minut potro\u0161ili na pri?u o predlogu za mandatara za sastav nove vlade, iako su se tim povodom okupili i pojedina?no razgovarali gotovo tri sata.<br \/>\nVujanovi? je formalnim razgovorima \u201esa predstavnicima parlamentarnih politi?kih partija\u201c, ipak, uva\u017eio ustavnu obavezu, prije nego Skup\u0161tini uputi zvani?an predlog o mandataru.<br \/>\nPredsjedni\u0161tvo DPS-a odlu?ilo je pro\u0161le sedmice da premijer Milo ?ukanovi? ponovo bude na ?elu vlade, pa niko u vili \u201eGorica\u201c ju?e nije krio da se radi o pukoj formalnosti.<\/p>\n<p>\u201eNe, naravno, nije nam saop\u0161tio (ime mandatara), mada je to sasvim jasno&#8230;Nije bilo potrebno ni pitati\u201c, kazao je novinarima predsjednik Demokratskog saveza u Crnoj Gori Mehmet Bardhi.<br \/>\nPotpredsjednik PzP-a Branko Radulovi? rekao je, tako?e, da ni on sa \u0161efom dr\u017eave nije pominjao mandatara, dodaju?i da njegova partija \u201enema nikakav komentar\u201c na ra?un budu?eg premijera.<br \/>\n\u201eNijesmo uop\u0161te pri?ali o mandataru\u201c, kazao je Radulovi?.<br \/>\n\u201eNe, o tome nismo, o tome ?e odlu?iti predsjednik Vujanovi?\u201c, kazao je predsjednik Force Nazif Cungu.<br \/>\nRadulovi? je objasnio da se njegova stranka odazvala pozivu na konsultacije zato \u0161to \u201eduboko uva\u017eavamo crnogorske institucije\u201c, te zbog toga \u0161to se Crna Gora nalazi u te\u0161koj situaciji.<\/p>\n<p>Lider DUA Ferhat Dino\u0161a je ponovio da bi bilo logi?no da predstavnici njegove partije na?u u vladi i dodao da bi, u tom slu?aju, DUA odustala od zahtjeva za mjesto potpredsjednika Skup\u0161tine.<br \/>\n\u201cNova demokratska snaga Forca spremna je da u?estvuje u izvr\u0161noj vlasti ukoliko se program nove vlade poklopi sa programskim principima te stranke\u201d, kazao je Cungu.<br \/>\nOn je rekao da ?e pitanje u?e\u0161?a Force u novoj vladi biti izvjesnije nakon \u0161to zvani?no bude poznat mandatar.<br \/>\n\u201cMi imamo na\u0161 program i na?ela i, ukoliko se ona budu podudarala sa predlo\u017eenim programom budu?eg mandatara, bi?emo spremni da uzmemo u?e\u0161?e u novoj vladi\u201d, naveo je Cungu.<br \/>\nPredstavnik koalicije Perspektiva Vaselj Sini\u0161taj je rekao da su i oni spremni da u?estvuje u izvr\u0161noj vlasti, ako kod vladaju?ih stranaka bude raspolo\u017eenja za partnerstvo. On je kao interesantne resore naveo oblasti obrazovanja i kulture, za koje imaju i \u201ckonkretna imena\u201d.<br \/>\nSNP i Nova odbili su Vujanovi?ev poziv.<\/p>\n<p><b>Radulovi? Milu nudi da radi po programu PzP-a<\/b><\/p>\n<p><b><\/b><br \/>\nRadulovi? je novinarima kazao da je Vujanovi?u ponudio \u201ccio\u201d izborni program PzP-a, kako bi ga budu?i premijer do kraja \u201cugradio\u201d u program rada vlade.<br \/>\nOn je rekao da rje\u0161enje krize u kojoj se dr\u017eava na\u0161la udru\u017eivanje struke i postizanje \u0161irokog konsenzusa za prevazila\u017eenje aktuelnih problema.<br \/>\n\u201eSve \u0161to ne bude jasno, mi smo spremni da pojasnimo i da preto?imo u \u017eivot. Tako?e, dogovorili smo se da ?emo, u odnosu na krupne crnogorske probleme, slati svoje stru?no, ekspertsko mi\u0161ljenje na tri adrese &#8211; predsjedniku dr\u017eave, premijeru i predsjedniku Skup\u0161tine, pa neka se oni odrede prema njima\u201c, objasnio je Radulovi?.<\/p>\n<p><b>D.M.<br \/>\nIzvor \/<a href=\"http:\/\/www.vijesti.cg.yu\/index.php?id=303710\" mce_href=\"http:\/\/www.vijesti.cg.yu\/index.php?id=303710\" target=\"_blank\"> Vijesti<\/a><\/b><\/p>\n<!--YouTube Error: bad URL entered-->\n","protected":false},"excerpt":{"rendered":"<p>Vujanovi? i opozicionari ju?e pri?ali o svemu osim o mandataru Podgorica &#8211; Predsjednik Filip Vujanovi? i predstavnici ?etiri parlamentarne partije ju?e nijesu ni minut potro\u0161ili na pri?u o predlogu za mandatara za sastav nove vlade, iako su se tim povodom okupili i pojedina?no razgovarali gotovo tri sata. Vujanovi? je formalnim razgovorima \u201esa predstavnicima parlamentarnih politi?kih [&hellip;]<\/p>\n","protected":false},"author":1,"featured_media":0,"comment_status":"open","ping_status":"closed","sticky":false,"template":"","format":"standard","meta":{"spay_email":"","jetpack_publicize_message":"","jetpack_is_tweetstorm":false,"jetpack_publicize_feature_enabled":true},"categories":[8337],"tags":[20,2608,10048,6367,347,924,10049,10046,10050,10047,10051,4512],"jetpack_publicize_connections":[],"yoast_head":"<!-- This site is optimized with the Yoast SEO plugin v19.1 - https:\/\/yoast.com\/wordpress\/plugins\/seo\/ -->\n<title>Cungu i Sini\u0161taj \u017eele u vladu - Lajme nga Ulqini<\/title>\n<meta name=\"description\" content=\"Vujanovi? i opozicionari ju?e pri?ali o svemu osim o mandataru Podgorica - Predsjednik Filip Vujanovi? i predstavnici ?etiri parlamentarne partije ju?e\" \/>\n<meta name=\"robots\" content=\"index, follow, max-snippet:-1, max-image-preview:large, max-video-preview:-1\" \/>\n<link rel=\"canonical\" href=\"https:\/\/www.visit-ulcinj.com\/blog\/2009\/05\/07\/cungu-i-sinistaj-zele-u-vladu\/\" \/>\n<meta property=\"og:locale\" content=\"en_US\" \/>\n<meta property=\"og:type\" content=\"article\" \/>\n<meta property=\"og:title\" content=\"Cungu i Sini\u0161taj \u017eele u vladu - Lajme nga Ulqini\" \/>\n<meta property=\"og:description\" content=\"Vujanovi? i opozicionari ju?e pri?ali o svemu osim o mandataru Podgorica - Predsjednik Filip Vujanovi? i predstavnici ?etiri parlamentarne partije ju?e\" \/>\n<meta property=\"og:url\" content=\"https:\/\/www.visit-ulcinj.com\/blog\/2009\/05\/07\/cungu-i-sinistaj-zele-u-vladu\/\" \/>\n<meta property=\"og:site_name\" content=\"Lajme nga Ulqini\" \/>\n<meta property=\"article:published_time\" content=\"2009-05-07T08:00:45+00:00\" \/>\n<meta property=\"article:modified_time\" content=\"2009-05-07T08:13:38+00:00\" \/>\n<meta property=\"og:image\" content=\"http:\/\/www.visit-ulcinj.com\/blog\/wp-content\/uploads\/2009\/05\/vujanovic_sinistaj_holaj.jpg\" \/>\n<meta name=\"twitter:label1\" content=\"Written by\" \/>\n\t<meta name=\"twitter:data1\" content=\"ulqini\" \/>\n\t<meta name=\"twitter:label2\" content=\"Est. reading time\" \/>\n\t<meta name=\"twitter:data2\" content=\"3 minutes\" \/>\n<script type=\"application\/ld+json\" class=\"yoast-schema-graph\">{\"@context\":\"https:\/\/schema.org\",\"@graph\":[{\"@type\":\"WebSite\",\"@id\":\"https:\/\/www.visit-ulcinj.com\/blog\/#website\",\"url\":\"https:\/\/www.visit-ulcinj.com\/blog\/\",\"name\":\"Lajme nga Ulqini\",\"description\":\"Lajme,Vijesti,Ulqini,Ulqin,Crna Gora,Mali i Zi\",\"potentialAction\":[{\"@type\":\"SearchAction\",\"target\":{\"@type\":\"EntryPoint\",\"urlTemplate\":\"https:\/\/www.visit-ulcinj.com\/blog\/?s={search_term_string}\"},\"query-input\":\"required name=search_term_string\"}],\"inLanguage\":\"en-US\"},{\"@type\":\"ImageObject\",\"inLanguage\":\"en-US\",\"@id\":\"https:\/\/www.visit-ulcinj.com\/blog\/2009\/05\/07\/cungu-i-sinistaj-zele-u-vladu\/#primaryimage\",\"url\":\"https:\/\/www.visit-ulcinj.com\/blog\/wp-content\/uploads\/2009\/05\/vujanovic_sinistaj_holaj.jpg\",\"contentUrl\":\"https:\/\/www.visit-ulcinj.com\/blog\/wp-content\/uploads\/2009\/05\/vujanovic_sinistaj_holaj.jpg\",\"width\":\"290\",\"height\":\"190\"},{\"@type\":\"WebPage\",\"@id\":\"https:\/\/www.visit-ulcinj.com\/blog\/2009\/05\/07\/cungu-i-sinistaj-zele-u-vladu\/#webpage\",\"url\":\"https:\/\/www.visit-ulcinj.com\/blog\/2009\/05\/07\/cungu-i-sinistaj-zele-u-vladu\/\",\"name\":\"Cungu i Sini\u0161taj \u017eele u vladu - Lajme nga Ulqini\",\"isPartOf\":{\"@id\":\"https:\/\/www.visit-ulcinj.com\/blog\/#website\"},\"primaryImageOfPage\":{\"@id\":\"https:\/\/www.visit-ulcinj.com\/blog\/2009\/05\/07\/cungu-i-sinistaj-zele-u-vladu\/#primaryimage\"},\"datePublished\":\"2009-05-07T08:00:45+00:00\",\"dateModified\":\"2009-05-07T08:13:38+00:00\",\"author\":{\"@id\":\"https:\/\/www.visit-ulcinj.com\/blog\/#\/schema\/person\/dcab619c614d3038751c63bc2aadc06d\"},\"description\":\"Vujanovi? i opozicionari ju?e pri?ali o svemu osim o mandataru Podgorica - Predsjednik Filip Vujanovi? i predstavnici ?etiri parlamentarne partije ju?e\",\"breadcrumb\":{\"@id\":\"https:\/\/www.visit-ulcinj.com\/blog\/2009\/05\/07\/cungu-i-sinistaj-zele-u-vladu\/#breadcrumb\"},\"inLanguage\":\"en-US\",\"potentialAction\":[{\"@type\":\"ReadAction\",\"target\":[\"https:\/\/www.visit-ulcinj.com\/blog\/2009\/05\/07\/cungu-i-sinistaj-zele-u-vladu\/\"]}]},{\"@type\":\"BreadcrumbList\",\"@id\":\"https:\/\/www.visit-ulcinj.com\/blog\/2009\/05\/07\/cungu-i-sinistaj-zele-u-vladu\/#breadcrumb\",\"itemListElement\":[{\"@type\":\"ListItem\",\"position\":1,\"name\":\"Cungu i Sini\u0161taj \u017eele u vladu\"}]},{\"@type\":\"Person\",\"@id\":\"https:\/\/www.visit-ulcinj.com\/blog\/#\/schema\/person\/dcab619c614d3038751c63bc2aadc06d\",\"name\":\"ulqini\",\"sameAs\":[\"http:\/\/www.visit-ulcinj.com\"],\"url\":\"https:\/\/www.visit-ulcinj.com\/blog\/author\/admin\/\"}]}<\/script>\n<!-- \/ Yoast SEO plugin. -->","yoast_head_json":{"title":"Cungu i Sini\u0161taj \u017eele u vladu - Lajme nga Ulqini","description":"Vujanovi? i opozicionari ju?e pri?ali o svemu osim o mandataru Podgorica - Predsjednik Filip Vujanovi? i predstavnici ?etiri parlamentarne partije ju?e","robots":{"index":"index","follow":"follow","max-snippet":"max-snippet:-1","max-image-preview":"max-image-preview:large","max-video-preview":"max-video-preview:-1"},"canonical":"https:\/\/www.visit-ulcinj.com\/blog\/2009\/05\/07\/cungu-i-sinistaj-zele-u-vladu\/","og_locale":"en_US","og_type":"article","og_title":"Cungu i Sini\u0161taj \u017eele u vladu - Lajme nga Ulqini","og_description":"Vujanovi? i opozicionari ju?e pri?ali o svemu osim o mandataru Podgorica - Predsjednik Filip Vujanovi? i predstavnici ?etiri parlamentarne partije ju?e","og_url":"https:\/\/www.visit-ulcinj.com\/blog\/2009\/05\/07\/cungu-i-sinistaj-zele-u-vladu\/","og_site_name":"Lajme nga Ulqini","article_published_time":"2009-05-07T08:00:45+00:00","article_modified_time":"2009-05-07T08:13:38+00:00","og_image":[{"url":"http:\/\/www.visit-ulcinj.com\/blog\/wp-content\/uploads\/2009\/05\/vujanovic_sinistaj_holaj.jpg"}],"twitter_misc":{"Written by":"ulqini","Est. reading time":"3 minutes"},"schema":{"@context":"https:\/\/schema.org","@graph":[{"@type":"WebSite","@id":"https:\/\/www.visit-ulcinj.com\/blog\/#website","url":"https:\/\/www.visit-ulcinj.com\/blog\/","name":"Lajme nga Ulqini","description":"Lajme,Vijesti,Ulqini,Ulqin,Crna Gora,Mali i Zi","potentialAction":[{"@type":"SearchAction","target":{"@type":"EntryPoint","urlTemplate":"https:\/\/www.visit-ulcinj.com\/blog\/?s={search_term_string}"},"query-input":"required name=search_term_string"}],"inLanguage":"en-US"},{"@type":"ImageObject","inLanguage":"en-US","@id":"https:\/\/www.visit-ulcinj.com\/blog\/2009\/05\/07\/cungu-i-sinistaj-zele-u-vladu\/#primaryimage","url":"https:\/\/www.visit-ulcinj.com\/blog\/wp-content\/uploads\/2009\/05\/vujanovic_sinistaj_holaj.jpg","contentUrl":"https:\/\/www.visit-ulcinj.com\/blog\/wp-content\/uploads\/2009\/05\/vujanovic_sinistaj_holaj.jpg","width":"290","height":"190"},{"@type":"WebPage","@id":"https:\/\/www.visit-ulcinj.com\/blog\/2009\/05\/07\/cungu-i-sinistaj-zele-u-vladu\/#webpage","url":"https:\/\/www.visit-ulcinj.com\/blog\/2009\/05\/07\/cungu-i-sinistaj-zele-u-vladu\/","name":"Cungu i Sini\u0161taj \u017eele u vladu - Lajme nga Ulqini","isPartOf":{"@id":"https:\/\/www.visit-ulcinj.com\/blog\/#website"},"primaryImageOfPage":{"@id":"https:\/\/www.visit-ulcinj.com\/blog\/2009\/05\/07\/cungu-i-sinistaj-zele-u-vladu\/#primaryimage"},"datePublished":"2009-05-07T08:00:45+00:00","dateModified":"2009-05-07T08:13:38+00:00","author":{"@id":"https:\/\/www.visit-ulcinj.com\/blog\/#\/schema\/person\/dcab619c614d3038751c63bc2aadc06d"},"description":"Vujanovi? i opozicionari ju?e pri?ali o svemu osim o mandataru Podgorica - Predsjednik Filip Vujanovi? i predstavnici ?etiri parlamentarne partije ju?e","breadcrumb":{"@id":"https:\/\/www.visit-ulcinj.com\/blog\/2009\/05\/07\/cungu-i-sinistaj-zele-u-vladu\/#breadcrumb"},"inLanguage":"en-US","potentialAction":[{"@type":"ReadAction","target":["https:\/\/www.visit-ulcinj.com\/blog\/2009\/05\/07\/cungu-i-sinistaj-zele-u-vladu\/"]}]},{"@type":"BreadcrumbList","@id":"https:\/\/www.visit-ulcinj.com\/blog\/2009\/05\/07\/cungu-i-sinistaj-zele-u-vladu\/#breadcrumb","itemListElement":[{"@type":"ListItem","position":1,"name":"Cungu i Sini\u0161taj \u017eele u vladu"}]},{"@type":"Person","@id":"https:\/\/www.visit-ulcinj.com\/blog\/#\/schema\/person\/dcab619c614d3038751c63bc2aadc06d","name":"ulqini","sameAs":["http:\/\/www.visit-ulcinj.com"],"url":"https:\/\/www.visit-ulcinj.com\/blog\/author\/admin\/"}]}},"jetpack_featured_media_url":"","jetpack_sharing_enabled":true,"jetpack_shortlink":"https:\/\/wp.me\/pe6lTn-5jZ","_links":{"self":[{"href":"https:\/\/www.visit-ulcinj.com\/blog\/wp-json\/wp\/v2\/posts\/20459"}],"collection":[{"href":"https:\/\/www.visit-ulcinj.com\/blog\/wp-json\/wp\/v2\/posts"}],"about":[{"href":"https:\/\/www.visit-ulcinj.com\/blog\/wp-json\/wp\/v2\/types\/post"}],"author":[{"embeddable":true,"href":"https:\/\/www.visit-ulcinj.com\/blog\/wp-json\/wp\/v2\/users\/1"}],"replies":[{"embeddable":true,"href":"https:\/\/www.visit-ulcinj.com\/blog\/wp-json\/wp\/v2\/comments?post=20459"}],"version-history":[{"count":0,"href":"https:\/\/www.visit-ulcinj.com\/blog\/wp-json\/wp\/v2\/posts\/20459\/revisions"}],"wp:attachment":[{"href":"https:\/\/www.visit-ulcinj.com\/blog\/wp-json\/wp\/v2\/media?parent=20459"}],"wp:term":[{"taxonomy":"category","embeddable":true,"href":"https:\/\/www.visit-ulcinj.com\/blog\/wp-json\/wp\/v2\/categories?post=20459"},{"taxonomy":"post_tag","embeddable":true,"href":"https:\/\/www.visit-ulcinj.com\/blog\/wp-json\/wp\/v2\/tags?post=20459"}],"curies":[{"name":"wp","href":"https:\/\/api.w.org\/{rel}","templated":true}]}}