{"id":20501,"date":"2009-05-08T12:50:42","date_gmt":"2009-05-08T10:50:42","guid":{"rendered":"http:\/\/www.visit-ulcinj.com\/blog\/?p=20501"},"modified":"2023-04-01T12:50:39","modified_gmt":"2023-04-01T11:50:39","slug":"pushimet-ne-ulqin-prej-8e-deri-10e-ne-plazhin-e-madhe","status":"publish","type":"post","link":"https:\/\/www.visit-ulcinj.com\/blog\/2009\/05\/08\/pushimet-ne-ulqin-prej-8e-deri-10e-ne-plazhin-e-madhe\/","title":{"rendered":"Pushimet n\u00eb Ulqin prej 7\u20ac deri 10\u20ac n\u00eb Plazhin e Madh\u00eb"},"content":{"rendered":"<p><a href=\"http:\/\/www.visit-ulcinj.com\/blog\/wp-content\/uploads\/2009\/05\/pushimet-ne-ulqin_mali-i-zi8.jpg\"><img loading=\"lazy\" class=\"alignleft size-full wp-image-20512\" title=\"pushimet-ne-ulqin_mali-i-zi8\" src=\"http:\/\/www.visit-ulcinj.com\/blog\/wp-content\/uploads\/2009\/05\/pushimet-ne-ulqin_mali-i-zi8.jpg\" alt=\"pushimet-ne-ulqin_mali-i-zi8\" width=\"580\" height=\"400\" \/><\/a><strong>Mobil: Viber + Whatsapp: +382 69 335 534\u00a0 : +382 69 335 512<\/strong><\/p>\n<p>Vera po afron!!!<\/p>\n<p><a href=\"http:\/\/www.visit-ulcinj.com\/sq\/apartamenti-ne-ulqin\/pushime-ne-ulqin-ne-holiday-house-prej-7e\/\" target=\"_blank\" rel=\"noopener\">Pushimet bashke me te.<\/a><\/p>\n<p><a href=\"http:\/\/www.visit-ulcinj.com\/sq\/apartamenti-ne-ulqin\/pushime-ne-ulqin-ne-holiday-house-prej-7e\/\" target=\"_blank\" rel=\"noopener\">Ku do i kaloni pushimet e veres???<\/a><\/p>\n<p><a href=\"http:\/\/www.visit-ulcinj.com\/sq\/apartamenti-ne-ulqin\/pushime-ne-ulqin-ne-holiday-house-prej-7e\/\" target=\"_blank\" rel=\"noopener\">Eshte vendi qe keni zgjedhur vendi ideal per ju, apo do kerkonit dicka me shume???<\/a><\/p>\n<p><a href=\"http:\/\/www.visit-ulcinj.com\/sq\/apartamenti-ne-ulqin\/pushime-ne-ulqin-ne-holiday-house-prej-7e\/\" target=\"_blank\" rel=\"noopener\">Sipas mendimit tuaj cili eshte vendi ideal per ju per te kaluar pushimet???<\/a><\/p>\n<p><a href=\"http:\/\/www.visit-ulcinj.com\/sq\/apartamenti-ne-ulqin\/pushime-ne-ulqin-ne-holiday-house-prej-7e\/\" target=\"_blank\" rel=\"noopener\">Ajo dihet Ulqini pra, urdhroni na viziton sa ma shpesh sepse edhe ju do te jeni te knaqur.<\/a><\/p>\n<p><a href=\"http:\/\/www.visit-ulcinj.com\/sq\/apartamenti-ne-ulqin\/pushime-ne-ulqin-ne-holiday-house-prej-7e\/\" target=\"_blank\" rel=\"noopener\">Ktu mundeni ti gjeni numrat e telefonit dhe te rezervoni banesen simbas deshires se juaj.<\/a><\/p>\n<p><a href=\"http:\/\/www.visit-ulcinj.com\/sq\/apartamenti-ne-ulqin\/pushime-ne-ulqin-ne-holiday-house-prej-7e\/\" target=\"_blank\" rel=\"noopener\">Dhomat gjinden n\u00eb plazhen m\u00eb atraktive me gjatsi prej 14 km,e mbuluar m\u00eb ran\u00eb sh\u00ebruese,unikate n\u00eb t\u00ebr\u00eb detin adriatik,buz\u00eb qytetit t\u00eb Ulqinit m\u00eb kultur dhe histori t\u00eb lasht\u00eb. Posedojm\u00a0 dhoma t\u00eb paisura me mini kuzhin,banjo,dhe terac\u00ebn.T\u00eb gjitha dhomat kan shtrat franqez,e disa 2+1.Ne af\u00ebrsi gjindet pllazhi nudistik Ada Bojana me uji t\u00eb njelm\u00ebt dhe t\u00eb \u00ebmbel si dhe me plazhet m\u00eb cilsore n\u00eb bregdetin malazias Copacabana,Tropikana,Safari dhe Bukurija e Ulqinit. gjendet 700 metra af\u00ebr Plazhit Bukuris t\u00eb Ulqinit,Safarit, Tropican\u00ebs,Mijamit dhe 1 km nga Plazhi Kopakabana , 2 km larg nga Ulqini dhe 3 km larg nga Plazhi i Vog\u00ebl. Dhomat posedojn parkingun vet\u00ebm p\u00ebr mysafir\u00ebt e saj. Kapaciteti i dhomave \u00ebsht\u00eb 10 Shtretrave. N\u00eb qoft s\u00eb d\u00ebshironi t\u00eb kaloni pushimet juaja ne nj\u00eb ambient t\u00eb qet, na vizitoni.<\/a><\/p>\n<p><a href=\"http:\/\/www.visit-ulcinj.com\/sq\/apartamenti-ne-ulqin\/pushime-ne-ulqin-ne-holiday-house-prej-7e\/\" target=\"_blank\" rel=\"noopener\">Dhomat jan 3 km larg stacionit t\u00eb autobus\u00ebve, 80 km larg aeroportit t\u00eb Podgoric\u00ebs dhe 90 km nga ai i Tivatit.<\/a><\/p>\n<p><a href=\"http:\/\/www.visit-ulcinj.com\/sq\/apartamenti-ne-ulqin\/pushime-ne-ulqin-ne-holiday-house-prej-7e\/\" target=\"_blank\" rel=\"noopener\">Ju mir\u00ebpresim.<\/a><\/p>\n<p><a href=\"http:\/\/www.visit-ulcinj.com\/sq\/apartamenti-ne-ulqin\/pushime-ne-ulqin-ne-holiday-house-prej-7e\/\" target=\"_blank\" rel=\"noopener\"><strong>\u00c7mimi 7 \u20ac &#8211; 10\u20ac\u00a0 p\u00ebr krevat<\/strong><\/a><\/p>\n<p><a href=\"http:\/\/www.visit-ulcinj.com\/sq\/apartamenti-ne-ulqin\/pushime-ne-ulqin-ne-holiday-house-prej-7e\/\" target=\"_blank\" rel=\"noopener\"><strong>Rezervimi i dhomave n\u00eb numrat e telefonit:<\/strong><\/a><\/p>\n<p><a href=\"http:\/\/www.visit-ulcinj.com\/sq\/apartamenti-ne-ulqin\/pushime-ne-ulqin-ne-holiday-house-prej-7e\/\" target=\"_blank\" rel=\"noopener\"><strong>ESKLUSIVE redukcioni i \u00e7mimeve p\u00ebr muajin e qershorit dhe shtatorit.<\/strong><\/a><\/p>\n<p><a href=\"http:\/\/www.visit-ulcinj.com\/sq\/apartamenti-ne-ulqin\/pushime-ne-ulqin-ne-holiday-house-prej-7e\/\" target=\"_blank\" rel=\"noopener\"><strong>Link:<\/strong> <strong>www.visit-ulcinj.com<\/strong><\/a><\/p>\n\n\t\t<style type=\"text\/css\">\n\t\t\t#gallery-1 {\n\t\t\t\tmargin: auto;\n\t\t\t}\n\t\t\t#gallery-1 .gallery-item {\n\t\t\t\tfloat: left;\n\t\t\t\tmargin-top: 10px;\n\t\t\t\ttext-align: center;\n\t\t\t\twidth: 33%;\n\t\t\t}\n\t\t\t#gallery-1 img {\n\t\t\t\tborder: 2px solid #cfcfcf;\n\t\t\t}\n\t\t\t#gallery-1 .gallery-caption {\n\t\t\t\tmargin-left: 0;\n\t\t\t}\n\t\t\t\/* see gallery_shortcode() in wp-includes\/media.php *\/\n\t\t<\/style>\n\t\t<div id='gallery-1' class='gallery galleryid-20501 gallery-columns-3 gallery-size-thumbnail'><dl class='gallery-item'>\n\t\t\t<dt class='gallery-icon landscape'>\n\t\t\t\t<a href='https:\/\/www.visit-ulcinj.com\/blog\/wp-content\/uploads\/2009\/05\/pushimet-ne-ulqin_mali-i-zi3.jpg'><img width=\"150\" height=\"150\" src=\"https:\/\/www.visit-ulcinj.com\/blog\/wp-content\/uploads\/2009\/05\/pushimet-ne-ulqin_mali-i-zi3-150x150.jpg\" class=\"attachment-thumbnail size-thumbnail\" alt=\"\" loading=\"lazy\" \/><\/a>\n\t\t\t<\/dt><\/dl><dl class='gallery-item'>\n\t\t\t<dt class='gallery-icon landscape'>\n\t\t\t\t<a href='https:\/\/www.visit-ulcinj.com\/blog\/wp-content\/uploads\/2009\/05\/Holiday-House-in-Ulcinj-Montenegro2.jpg'><img width=\"150\" height=\"150\" src=\"https:\/\/www.visit-ulcinj.com\/blog\/wp-content\/uploads\/2009\/05\/Holiday-House-in-Ulcinj-Montenegro2-150x150.jpg\" class=\"attachment-thumbnail size-thumbnail\" alt=\"\" loading=\"lazy\" \/><\/a>\n\t\t\t<\/dt><\/dl><dl class='gallery-item'>\n\t\t\t<dt class='gallery-icon landscape'>\n\t\t\t\t<a href='https:\/\/www.visit-ulcinj.com\/blog\/wp-content\/uploads\/2009\/05\/holiday-house-3.jpg'><img width=\"150\" height=\"150\" src=\"https:\/\/www.visit-ulcinj.com\/blog\/wp-content\/uploads\/2009\/05\/holiday-house-3-150x150.jpg\" class=\"attachment-thumbnail size-thumbnail\" alt=\"\" loading=\"lazy\" \/><\/a>\n\t\t\t<\/dt><\/dl><br style=\"clear: both\" \/>\n\t\t<\/div>\n\n<p><a title=\"Accommodation Holiday House in Ulcinj-Montenegro,from 7\u20ac pers\" href=\"http:\/\/www.visit-ulcinj.com\/ulcinj-ulqini-accommodation\/holiday-house-last-minute-ulcinj-ulqini-montenegro\/\" target=\"_blank\" rel=\"noopener\"><img loading=\"lazy\" class=\"alignleft size-full wp-image-22793\" title=\"2 km larg nga Ulqini dhe 3 km larg nga Plazhi i Vog\u00ebl., Copacabana, dhoma me qera ulqin, dhoma per pushime ulqin, dhoma te lira ulqin, Kosova, Mali i Zi, maqedoni, Mijamit dhe 1 km nga Plazhi Kopakabana, Pushime ne det te ulqinit, Pushime ne plazh, Pushime te kendshme, pushime te lira ulqin, Pushime Verore ulqin, Safari dhe Bukurija e Ulqinit. gjendet 700 metra af\u00ebr Plazhit Bukuris t\u00eb Ulqinit, Safarit, shqiperi, Tropican\u00ebs, Tropikana,Adelina Isamajli, Albaniku, Artana, Bujanoci, Burimi, Dardana, Dardan\u00eb, De\u00e7an, Dibra, Drenas, Drenasi, Ferizaj, Ferizaji, Fush\u00eb Kosova, Fush\u00eb Kosov\u00eb, Gjakova, Gjakov\u00eb, Gjilan, Gjilani, Gostivari, Istog, Istog\u2022, Ka\u00e7anik, Ka\u00e7aniku, Kastrioti, K\u00ebr\u00e7ova, Klina, Klin\u00eb, Kumanova, Leposaviq, Leskovci, Likova, Lipjan, Lipjani, Malisheva, Malishev\u00eb, Manastiri, Medvegja, Mitrovica, Mitrovic\u00eb, Novob\u00ebrd\u00eb, Obiliq\u2022 Rahovec, Ohri, Peja, Pej\u00eb, Podujeva, Podujev\u00eb, Presheva, Prishtina, Prishtin\u00eb, Prizren, Prizreni, Rahoveci, Sharri, Sharri (Kosov\u00eb), Shkupi, Sht\u00ebrpca, Sht\u00ebrpc\u00eb, Shtime, Sk\u00ebnderaj, Struga, Tetova, Theranda, Therand\u00eb, Triumf Riza, Veleshta, Viti, Vitia, Vushtrri, Vushtrria, Zubin Potok, Zubin Potoku, Zve\u00e7an, Zve\u00e7ani\" src=\"http:\/\/www.visit-ulcinj.com\/blog\/wp-content\/uploads\/2009\/06\/ulcinj-info_holiday-in-montenegro.png\" alt=\"ulcinj-info_holiday-in-montenegro,Simply, travel, Ulcinj,Ulqin,Long Beach,ada bojana, Holidays in montenegro, apartments, cottages, hotels, accommodation, information, maps, holiday, tour operators, car hire, winter,travel, holiday in ulcinj, book, flights in montenegro, booking ulcinj montenegro,holiday apartments in montenegro,beaches in montenegro,all inclusive montenegro,montenegro adriatic sea,Apartmani, Appartements, booking, buy, car, Cobi House, Estate, hire, holiday, Home, Hotel, House, Land, last minute, Montenegro, Plots, Properties, Property, Real, Realtor, rent, rental, room, Travel, Ulcinj, Ulqini, Vacation, \" width=\"580\" height=\"125\" \/><\/a><\/p>\n<div><object width=\"490\" height=\"405\" classid=\"clsid:d27cdb6e-ae6d-11cf-96b8-444553540000\" codebase=\"http:\/\/download.macromedia.com\/pub\/shockwave\/cabs\/flash\/swflash.cab#version=6,0,40,0\"><param name=\"allowFullScreen\" value=\"true\" \/><param name=\"allowScriptAccess\" value=\"always\" \/><param name=\"src\" value=\"http:\/\/www.dailymotion.com\/swf\/x1yc78_copacabana-ulqiniulcinj_ads&amp;autoPlay=1&amp;related=1\" \/><param name=\"allowfullscreen\" value=\"true\" \/><param name=\"allowscriptaccess\" value=\"always\" \/><\/object><\/div>\n","protected":false},"excerpt":{"rendered":"<p>Mobil: Viber + Whatsapp: +382 69 335 534\u00a0 : +382 69 335 512 Vera po afron!!! Pushimet bashke me te. Ku do i kaloni pushimet e veres??? Eshte vendi qe keni zgjedhur vendi ideal per ju, apo do kerkonit dicka me shume??? Sipas mendimit tuaj cili eshte vendi ideal per ju per te kaluar pushimet??? [&hellip;]<\/p>\n","protected":false},"author":1,"featured_media":0,"comment_status":"open","ping_status":"closed","sticky":false,"template":"","format":"standard","meta":{"spay_email":"","jetpack_publicize_message":"","jetpack_is_tweetstorm":false,"jetpack_publicize_feature_enabled":true},"categories":[7679],"tags":[7678,2364,2288,2289,2357,2290,2105,2291,2326,2319,7669,7668,11537,7670,2343,2322,2293,2338,2294,2295,2328,2296,2321,2323,2297,2344,2318,10069,2325,2299,2298,2346,2300,2327,49,2345,2329,2356,2347,2330,2301,95,2302,2331,2348,3945,51,2355,7677,2303,2332,2333,10070,2349,2304,2360,2305,2361,2354,2306,2334,2335,2307,7672,7666,11536,7667,7671,7665,2308,7674,7675,2320,2309,2350,3946,2311,2336,2310,2312,2351,2352,2313,2337,2363,7676,7673,2353,2339,2314,2340,2315,2341,2316,2342,2317],"jetpack_publicize_connections":[],"yoast_head":"<!-- This site is optimized with the Yoast SEO plugin v19.1 - https:\/\/yoast.com\/wordpress\/plugins\/seo\/ -->\n<title>Pushimet n\u00eb Ulqin prej 7\u20ac deri 10\u20ac n\u00eb Plazhin e Madh\u00eb - Lajme nga Ulqini<\/title>\n<meta name=\"description\" content=\"Mobil: Viber + Whatsapp: +382 69 335 534\u00a0 : +382 69 335 512 Vera po afron!!! Pushimet bashke me te. Ku do i kaloni pushimet e veres??? Eshte vendi qe keni\" \/>\n<meta name=\"robots\" content=\"index, follow, max-snippet:-1, max-image-preview:large, max-video-preview:-1\" \/>\n<link rel=\"canonical\" href=\"https:\/\/www.visit-ulcinj.com\/blog\/2009\/05\/08\/pushimet-ne-ulqin-prej-8e-deri-10e-ne-plazhin-e-madhe\/\" \/>\n<meta property=\"og:locale\" content=\"en_US\" \/>\n<meta property=\"og:type\" content=\"article\" \/>\n<meta property=\"og:title\" content=\"Pushimet n\u00eb Ulqin prej 7\u20ac deri 10\u20ac n\u00eb Plazhin e Madh\u00eb - Lajme nga Ulqini\" \/>\n<meta property=\"og:description\" content=\"Mobil: Viber + Whatsapp: +382 69 335 534\u00a0 : +382 69 335 512 Vera po afron!!! Pushimet bashke me te. Ku do i kaloni pushimet e veres??? Eshte vendi qe keni\" \/>\n<meta property=\"og:url\" content=\"https:\/\/www.visit-ulcinj.com\/blog\/2009\/05\/08\/pushimet-ne-ulqin-prej-8e-deri-10e-ne-plazhin-e-madhe\/\" \/>\n<meta property=\"og:site_name\" content=\"Lajme nga Ulqini\" \/>\n<meta property=\"article:published_time\" content=\"2009-05-08T10:50:42+00:00\" \/>\n<meta property=\"article:modified_time\" content=\"2023-04-01T11:50:39+00:00\" \/>\n<meta property=\"og:image\" content=\"http:\/\/www.visit-ulcinj.com\/blog\/wp-content\/uploads\/2009\/05\/pushimet-ne-ulqin_mali-i-zi3-150x150.jpg\" \/>\n<meta name=\"twitter:label1\" content=\"Written by\" \/>\n\t<meta name=\"twitter:data1\" content=\"ulqini\" \/>\n\t<meta name=\"twitter:label2\" content=\"Est. reading time\" \/>\n\t<meta name=\"twitter:data2\" content=\"2 minutes\" \/>\n<script type=\"application\/ld+json\" class=\"yoast-schema-graph\">{\"@context\":\"https:\/\/schema.org\",\"@graph\":[{\"@type\":\"WebSite\",\"@id\":\"https:\/\/www.visit-ulcinj.com\/blog\/#website\",\"url\":\"https:\/\/www.visit-ulcinj.com\/blog\/\",\"name\":\"Lajme nga Ulqini\",\"description\":\"Lajme,Vijesti,Ulqini,Ulqin,Crna Gora,Mali i Zi\",\"potentialAction\":[{\"@type\":\"SearchAction\",\"target\":{\"@type\":\"EntryPoint\",\"urlTemplate\":\"https:\/\/www.visit-ulcinj.com\/blog\/?s={search_term_string}\"},\"query-input\":\"required name=search_term_string\"}],\"inLanguage\":\"en-US\"},{\"@type\":\"ImageObject\",\"inLanguage\":\"en-US\",\"@id\":\"https:\/\/www.visit-ulcinj.com\/blog\/2009\/05\/08\/pushimet-ne-ulqin-prej-8e-deri-10e-ne-plazhin-e-madhe\/#primaryimage\",\"url\":\"http:\/\/www.visit-ulcinj.com\/blog\/wp-content\/uploads\/2009\/05\/pushimet-ne-ulqin_mali-i-zi8.jpg\",\"contentUrl\":\"http:\/\/www.visit-ulcinj.com\/blog\/wp-content\/uploads\/2009\/05\/pushimet-ne-ulqin_mali-i-zi8.jpg\"},{\"@type\":\"WebPage\",\"@id\":\"https:\/\/www.visit-ulcinj.com\/blog\/2009\/05\/08\/pushimet-ne-ulqin-prej-8e-deri-10e-ne-plazhin-e-madhe\/#webpage\",\"url\":\"https:\/\/www.visit-ulcinj.com\/blog\/2009\/05\/08\/pushimet-ne-ulqin-prej-8e-deri-10e-ne-plazhin-e-madhe\/\",\"name\":\"Pushimet n\u00eb Ulqin prej 7\u20ac deri 10\u20ac n\u00eb Plazhin e Madh\u00eb - Lajme nga Ulqini\",\"isPartOf\":{\"@id\":\"https:\/\/www.visit-ulcinj.com\/blog\/#website\"},\"primaryImageOfPage\":{\"@id\":\"https:\/\/www.visit-ulcinj.com\/blog\/2009\/05\/08\/pushimet-ne-ulqin-prej-8e-deri-10e-ne-plazhin-e-madhe\/#primaryimage\"},\"datePublished\":\"2009-05-08T10:50:42+00:00\",\"dateModified\":\"2023-04-01T11:50:39+00:00\",\"author\":{\"@id\":\"https:\/\/www.visit-ulcinj.com\/blog\/#\/schema\/person\/dcab619c614d3038751c63bc2aadc06d\"},\"description\":\"Mobil: Viber + Whatsapp: +382 69 335 534\u00a0 : +382 69 335 512 Vera po afron!!! Pushimet bashke me te. Ku do i kaloni pushimet e veres??? Eshte vendi qe keni\",\"breadcrumb\":{\"@id\":\"https:\/\/www.visit-ulcinj.com\/blog\/2009\/05\/08\/pushimet-ne-ulqin-prej-8e-deri-10e-ne-plazhin-e-madhe\/#breadcrumb\"},\"inLanguage\":\"en-US\",\"potentialAction\":[{\"@type\":\"ReadAction\",\"target\":[\"https:\/\/www.visit-ulcinj.com\/blog\/2009\/05\/08\/pushimet-ne-ulqin-prej-8e-deri-10e-ne-plazhin-e-madhe\/\"]}]},{\"@type\":\"BreadcrumbList\",\"@id\":\"https:\/\/www.visit-ulcinj.com\/blog\/2009\/05\/08\/pushimet-ne-ulqin-prej-8e-deri-10e-ne-plazhin-e-madhe\/#breadcrumb\",\"itemListElement\":[{\"@type\":\"ListItem\",\"position\":1,\"name\":\"Pushimet n\u00eb Ulqin prej 7\u20ac deri 10\u20ac n\u00eb Plazhin e Madh\u00eb\"}]},{\"@type\":\"Person\",\"@id\":\"https:\/\/www.visit-ulcinj.com\/blog\/#\/schema\/person\/dcab619c614d3038751c63bc2aadc06d\",\"name\":\"ulqini\",\"sameAs\":[\"http:\/\/www.visit-ulcinj.com\"],\"url\":\"https:\/\/www.visit-ulcinj.com\/blog\/author\/admin\/\"}]}<\/script>\n<!-- \/ Yoast SEO plugin. -->","yoast_head_json":{"title":"Pushimet n\u00eb Ulqin prej 7\u20ac deri 10\u20ac n\u00eb Plazhin e Madh\u00eb - Lajme nga Ulqini","description":"Mobil: Viber + Whatsapp: +382 69 335 534\u00a0 : +382 69 335 512 Vera po afron!!! Pushimet bashke me te. Ku do i kaloni pushimet e veres??? Eshte vendi qe keni","robots":{"index":"index","follow":"follow","max-snippet":"max-snippet:-1","max-image-preview":"max-image-preview:large","max-video-preview":"max-video-preview:-1"},"canonical":"https:\/\/www.visit-ulcinj.com\/blog\/2009\/05\/08\/pushimet-ne-ulqin-prej-8e-deri-10e-ne-plazhin-e-madhe\/","og_locale":"en_US","og_type":"article","og_title":"Pushimet n\u00eb Ulqin prej 7\u20ac deri 10\u20ac n\u00eb Plazhin e Madh\u00eb - Lajme nga Ulqini","og_description":"Mobil: Viber + Whatsapp: +382 69 335 534\u00a0 : +382 69 335 512 Vera po afron!!! Pushimet bashke me te. Ku do i kaloni pushimet e veres??? Eshte vendi qe keni","og_url":"https:\/\/www.visit-ulcinj.com\/blog\/2009\/05\/08\/pushimet-ne-ulqin-prej-8e-deri-10e-ne-plazhin-e-madhe\/","og_site_name":"Lajme nga Ulqini","article_published_time":"2009-05-08T10:50:42+00:00","article_modified_time":"2023-04-01T11:50:39+00:00","og_image":[{"url":"http:\/\/www.visit-ulcinj.com\/blog\/wp-content\/uploads\/2009\/05\/pushimet-ne-ulqin_mali-i-zi3-150x150.jpg"}],"twitter_misc":{"Written by":"ulqini","Est. reading time":"2 minutes"},"schema":{"@context":"https:\/\/schema.org","@graph":[{"@type":"WebSite","@id":"https:\/\/www.visit-ulcinj.com\/blog\/#website","url":"https:\/\/www.visit-ulcinj.com\/blog\/","name":"Lajme nga Ulqini","description":"Lajme,Vijesti,Ulqini,Ulqin,Crna Gora,Mali i Zi","potentialAction":[{"@type":"SearchAction","target":{"@type":"EntryPoint","urlTemplate":"https:\/\/www.visit-ulcinj.com\/blog\/?s={search_term_string}"},"query-input":"required name=search_term_string"}],"inLanguage":"en-US"},{"@type":"ImageObject","inLanguage":"en-US","@id":"https:\/\/www.visit-ulcinj.com\/blog\/2009\/05\/08\/pushimet-ne-ulqin-prej-8e-deri-10e-ne-plazhin-e-madhe\/#primaryimage","url":"http:\/\/www.visit-ulcinj.com\/blog\/wp-content\/uploads\/2009\/05\/pushimet-ne-ulqin_mali-i-zi8.jpg","contentUrl":"http:\/\/www.visit-ulcinj.com\/blog\/wp-content\/uploads\/2009\/05\/pushimet-ne-ulqin_mali-i-zi8.jpg"},{"@type":"WebPage","@id":"https:\/\/www.visit-ulcinj.com\/blog\/2009\/05\/08\/pushimet-ne-ulqin-prej-8e-deri-10e-ne-plazhin-e-madhe\/#webpage","url":"https:\/\/www.visit-ulcinj.com\/blog\/2009\/05\/08\/pushimet-ne-ulqin-prej-8e-deri-10e-ne-plazhin-e-madhe\/","name":"Pushimet n\u00eb Ulqin prej 7\u20ac deri 10\u20ac n\u00eb Plazhin e Madh\u00eb - Lajme nga Ulqini","isPartOf":{"@id":"https:\/\/www.visit-ulcinj.com\/blog\/#website"},"primaryImageOfPage":{"@id":"https:\/\/www.visit-ulcinj.com\/blog\/2009\/05\/08\/pushimet-ne-ulqin-prej-8e-deri-10e-ne-plazhin-e-madhe\/#primaryimage"},"datePublished":"2009-05-08T10:50:42+00:00","dateModified":"2023-04-01T11:50:39+00:00","author":{"@id":"https:\/\/www.visit-ulcinj.com\/blog\/#\/schema\/person\/dcab619c614d3038751c63bc2aadc06d"},"description":"Mobil: Viber + Whatsapp: +382 69 335 534\u00a0 : +382 69 335 512 Vera po afron!!! Pushimet bashke me te. Ku do i kaloni pushimet e veres??? Eshte vendi qe keni","breadcrumb":{"@id":"https:\/\/www.visit-ulcinj.com\/blog\/2009\/05\/08\/pushimet-ne-ulqin-prej-8e-deri-10e-ne-plazhin-e-madhe\/#breadcrumb"},"inLanguage":"en-US","potentialAction":[{"@type":"ReadAction","target":["https:\/\/www.visit-ulcinj.com\/blog\/2009\/05\/08\/pushimet-ne-ulqin-prej-8e-deri-10e-ne-plazhin-e-madhe\/"]}]},{"@type":"BreadcrumbList","@id":"https:\/\/www.visit-ulcinj.com\/blog\/2009\/05\/08\/pushimet-ne-ulqin-prej-8e-deri-10e-ne-plazhin-e-madhe\/#breadcrumb","itemListElement":[{"@type":"ListItem","position":1,"name":"Pushimet n\u00eb Ulqin prej 7\u20ac deri 10\u20ac n\u00eb Plazhin e Madh\u00eb"}]},{"@type":"Person","@id":"https:\/\/www.visit-ulcinj.com\/blog\/#\/schema\/person\/dcab619c614d3038751c63bc2aadc06d","name":"ulqini","sameAs":["http:\/\/www.visit-ulcinj.com"],"url":"https:\/\/www.visit-ulcinj.com\/blog\/author\/admin\/"}]}},"jetpack_featured_media_url":"","jetpack_sharing_enabled":true,"jetpack_shortlink":"https:\/\/wp.me\/pe6lTn-5kF","_links":{"self":[{"href":"https:\/\/www.visit-ulcinj.com\/blog\/wp-json\/wp\/v2\/posts\/20501"}],"collection":[{"href":"https:\/\/www.visit-ulcinj.com\/blog\/wp-json\/wp\/v2\/posts"}],"about":[{"href":"https:\/\/www.visit-ulcinj.com\/blog\/wp-json\/wp\/v2\/types\/post"}],"author":[{"embeddable":true,"href":"https:\/\/www.visit-ulcinj.com\/blog\/wp-json\/wp\/v2\/users\/1"}],"replies":[{"embeddable":true,"href":"https:\/\/www.visit-ulcinj.com\/blog\/wp-json\/wp\/v2\/comments?post=20501"}],"version-history":[{"count":13,"href":"https:\/\/www.visit-ulcinj.com\/blog\/wp-json\/wp\/v2\/posts\/20501\/revisions"}],"predecessor-version":[{"id":106876,"href":"https:\/\/www.visit-ulcinj.com\/blog\/wp-json\/wp\/v2\/posts\/20501\/revisions\/106876"}],"wp:attachment":[{"href":"https:\/\/www.visit-ulcinj.com\/blog\/wp-json\/wp\/v2\/media?parent=20501"}],"wp:term":[{"taxonomy":"category","embeddable":true,"href":"https:\/\/www.visit-ulcinj.com\/blog\/wp-json\/wp\/v2\/categories?post=20501"},{"taxonomy":"post_tag","embeddable":true,"href":"https:\/\/www.visit-ulcinj.com\/blog\/wp-json\/wp\/v2\/tags?post=20501"}],"curies":[{"name":"wp","href":"https:\/\/api.w.org\/{rel}","templated":true}]}}