{"id":2056,"date":"2008-06-18T05:05:29","date_gmt":"2008-06-18T10:05:29","guid":{"rendered":"http:\/\/www.visit-ulcinj.com\/blog\/?p=2056"},"modified":"2008-06-18T05:06:14","modified_gmt":"2008-06-18T10:06:14","slug":"kumtese-e-alternatives-shqiptare","status":"publish","type":"post","link":"https:\/\/www.visit-ulcinj.com\/blog\/2008\/06\/18\/kumtese-e-alternatives-shqiptare\/","title":{"rendered":"Kumtes\u00eb e Alternativ\u00ebs Shqiptare"},"content":{"rendered":"<p><a href=\"http:\/\/www.visit-ulcinj.com\/blog\/wp-content\/uploads\/2008\/06\/alternativa_shqiptare_logo.jpg\"><img loading=\"lazy\" class=\"alignleft attachment wp-att-2057\" style=\"float: left;\" src=\"http:\/\/www.visit-ulcinj.com\/blog\/wp-content\/uploads\/2008\/06\/alternativa_shqiptare_logo.thumbnail.jpg\" alt=\"Alternativ\u00ebs Shqiptare\" width=\"200\" height=\"198\" \/><\/a>N\u00eb propozim ligjin e qeveris\u00eb p\u00ebr emrin personal deputeti i Alternativ\u00ebs shqiptare  Vasel Sinishtaj me koh\u00eb dorezoi  amandamentet e veta me t\u00eb cilat k\u00ebrkoj q\u00eb shqiptar\u00ebve q\u00eb kan shtet\u00ebsin malazeze, t\u00eb ju mund\u00ebsohet shkrimi i emrit p\u00ebrsonal (emrit dhe mbiemrit) n\u00eb gjuh\u00ebn dhe alfabetin shqip \u2013am\u00eb.<br \/>\nPoashtu ,  amandamenti me t\u00eb cilin u sigurohet t\u00eb gjith\u00eb shqipetar\u00ebve q\u00eb emrin personal  (emrin dhe mbiemrin)  t\u00eb shkruar me ligjet e m\u00ebparshme (me prapashtesat viq dhe iq), n\u00eb afatin pes\u00ebvje\u00e7ar prej dit\u00ebs s\u00eb aporovimit t\u00eb k\u00ebtij ligji ju mund\u00ebsohet n\u00ebdrrimi i emrit dhe mbiemrit personal pa nevoj pages\u00eb takse .<br \/>\nT\u00eb gjith\u00eb ata q\u00eb nuk do ta shfryt\u00ebzojn\u00eb k\u00ebt\u00eb mund\u00ebsi n\u00eb k\u00ebt\u00eb afat do ti parashtrohen mund\u00ebsis\u00eb s\u00eb nenit 14 t\u00eb ligjit t\u00eb lart\u00ebp\u00ebrmendur por me kusht q\u00eb duhet dor\u00ebzuar k\u00ebrkesa , dokumentat  gjegj\u00ebse dhe t\u00eb b\u00ebhet pagesa e taksave .<br \/>\nAlternativa shqiptare me koh\u00eb do t\u00eb njoftoj\u00eb qyeter\u00ebt p\u00ebr hyrjen n\u00eb fuqi t\u00eb ketij ligji .<br \/>\nEdhe nji her\u00eb perkujtojm\u00eb qytetar\u00ebt shqiptar\u00eb n\u00eb Mal t\u00eb Zi q\u00eb ta shfrytezojn\u00eb mund\u00ebsin\u00eb e shkrimit t\u00eb emrit dhe mbiemrit n\u00eb gjuh\u00ebn shqipe  n\u00eb let\u00ebrnjoftim dhe pasaport\u00eb.<br \/>\n<strong>Autor \/ Alternativa shqiptare<\/strong><\/p>\n<p><a title=\"kumtes e alternatives shqiptare\" href=\"http:\/\/malesia.org\/lajmet\/2008\/qershor\/kumtesa_ash.html\" target=\"_blank\"><strong>Malsia.org\/<\/strong><\/a><\/p>\n","protected":false},"excerpt":{"rendered":"<p><img loading=\"lazy\" class=\"attachment wp-att-2057 alignleft\" src=\"http:\/\/www.visit-ulcinj.com\/blog\/wp-content\/uploads\/2008\/06\/alternativa_shqiptare_logo.thumbnail.jpg\" alt=\"Alternativ\u00ebs Shqiptare\" width=\"140\" height=\"140\" \/><\/p>\n","protected":false},"author":1,"featured_media":0,"comment_status":"open","ping_status":"closed","sticky":false,"template":"","format":"standard","meta":{"spay_email":"","jetpack_publicize_message":"","jetpack_is_tweetstorm":false,"jetpack_publicize_feature_enabled":true},"categories":[1,12],"tags":[3461,3971,38,3972,3974,348],"jetpack_publicize_connections":[],"yoast_head":"<!-- This site is optimized with the Yoast SEO plugin v19.1 - https:\/\/yoast.com\/wordpress\/plugins\/seo\/ -->\n<title>Kumtes\u00eb e Alternativ\u00ebs Shqiptare - Lajme nga Ulqini<\/title>\n<meta name=\"robots\" content=\"index, follow, max-snippet:-1, max-image-preview:large, max-video-preview:-1\" \/>\n<link rel=\"canonical\" href=\"https:\/\/www.visit-ulcinj.com\/blog\/2008\/06\/18\/kumtese-e-alternatives-shqiptare\/\" \/>\n<meta property=\"og:locale\" content=\"en_US\" \/>\n<meta property=\"og:type\" content=\"article\" \/>\n<meta property=\"og:title\" content=\"Kumtes\u00eb e Alternativ\u00ebs Shqiptare - Lajme nga Ulqini\" \/>\n<meta property=\"og:url\" content=\"https:\/\/www.visit-ulcinj.com\/blog\/2008\/06\/18\/kumtese-e-alternatives-shqiptare\/\" \/>\n<meta property=\"og:site_name\" content=\"Lajme nga Ulqini\" \/>\n<meta property=\"article:published_time\" content=\"2008-06-18T10:05:29+00:00\" \/>\n<meta property=\"article:modified_time\" content=\"2008-06-18T10:06:14+00:00\" \/>\n<meta property=\"og:image\" content=\"http:\/\/www.visit-ulcinj.com\/blog\/wp-content\/uploads\/2008\/06\/alternativa_shqiptare_logo.thumbnail.jpg\" \/>\n<meta name=\"twitter:label1\" content=\"Written by\" \/>\n\t<meta name=\"twitter:data1\" content=\"ulqini\" \/>\n\t<meta name=\"twitter:label2\" content=\"Est. reading time\" \/>\n\t<meta name=\"twitter:data2\" content=\"1 minute\" \/>\n<script type=\"application\/ld+json\" class=\"yoast-schema-graph\">{\"@context\":\"https:\/\/schema.org\",\"@graph\":[{\"@type\":\"WebSite\",\"@id\":\"https:\/\/www.visit-ulcinj.com\/blog\/#website\",\"url\":\"https:\/\/www.visit-ulcinj.com\/blog\/\",\"name\":\"Lajme nga Ulqini\",\"description\":\"Lajme,Vijesti,Ulqini,Ulqin,Crna Gora,Mali i Zi\",\"potentialAction\":[{\"@type\":\"SearchAction\",\"target\":{\"@type\":\"EntryPoint\",\"urlTemplate\":\"https:\/\/www.visit-ulcinj.com\/blog\/?s={search_term_string}\"},\"query-input\":\"required name=search_term_string\"}],\"inLanguage\":\"en-US\"},{\"@type\":\"ImageObject\",\"inLanguage\":\"en-US\",\"@id\":\"https:\/\/www.visit-ulcinj.com\/blog\/2008\/06\/18\/kumtese-e-alternatives-shqiptare\/#primaryimage\",\"url\":\"http:\/\/www.visit-ulcinj.com\/blog\/wp-content\/uploads\/2008\/06\/alternativa_shqiptare_logo.thumbnail.jpg\",\"contentUrl\":\"http:\/\/www.visit-ulcinj.com\/blog\/wp-content\/uploads\/2008\/06\/alternativa_shqiptare_logo.thumbnail.jpg\"},{\"@type\":\"WebPage\",\"@id\":\"https:\/\/www.visit-ulcinj.com\/blog\/2008\/06\/18\/kumtese-e-alternatives-shqiptare\/#webpage\",\"url\":\"https:\/\/www.visit-ulcinj.com\/blog\/2008\/06\/18\/kumtese-e-alternatives-shqiptare\/\",\"name\":\"Kumtes\u00eb e Alternativ\u00ebs Shqiptare - Lajme nga Ulqini\",\"isPartOf\":{\"@id\":\"https:\/\/www.visit-ulcinj.com\/blog\/#website\"},\"primaryImageOfPage\":{\"@id\":\"https:\/\/www.visit-ulcinj.com\/blog\/2008\/06\/18\/kumtese-e-alternatives-shqiptare\/#primaryimage\"},\"datePublished\":\"2008-06-18T10:05:29+00:00\",\"dateModified\":\"2008-06-18T10:06:14+00:00\",\"author\":{\"@id\":\"https:\/\/www.visit-ulcinj.com\/blog\/#\/schema\/person\/dcab619c614d3038751c63bc2aadc06d\"},\"breadcrumb\":{\"@id\":\"https:\/\/www.visit-ulcinj.com\/blog\/2008\/06\/18\/kumtese-e-alternatives-shqiptare\/#breadcrumb\"},\"inLanguage\":\"en-US\",\"potentialAction\":[{\"@type\":\"ReadAction\",\"target\":[\"https:\/\/www.visit-ulcinj.com\/blog\/2008\/06\/18\/kumtese-e-alternatives-shqiptare\/\"]}]},{\"@type\":\"BreadcrumbList\",\"@id\":\"https:\/\/www.visit-ulcinj.com\/blog\/2008\/06\/18\/kumtese-e-alternatives-shqiptare\/#breadcrumb\",\"itemListElement\":[{\"@type\":\"ListItem\",\"position\":1,\"name\":\"Kumtes\u00eb e Alternativ\u00ebs Shqiptare\"}]},{\"@type\":\"Person\",\"@id\":\"https:\/\/www.visit-ulcinj.com\/blog\/#\/schema\/person\/dcab619c614d3038751c63bc2aadc06d\",\"name\":\"ulqini\",\"sameAs\":[\"http:\/\/www.visit-ulcinj.com\"],\"url\":\"https:\/\/www.visit-ulcinj.com\/blog\/author\/admin\/\"}]}<\/script>\n<!-- \/ Yoast SEO plugin. -->","yoast_head_json":{"title":"Kumtes\u00eb e Alternativ\u00ebs Shqiptare - Lajme nga Ulqini","robots":{"index":"index","follow":"follow","max-snippet":"max-snippet:-1","max-image-preview":"max-image-preview:large","max-video-preview":"max-video-preview:-1"},"canonical":"https:\/\/www.visit-ulcinj.com\/blog\/2008\/06\/18\/kumtese-e-alternatives-shqiptare\/","og_locale":"en_US","og_type":"article","og_title":"Kumtes\u00eb e Alternativ\u00ebs Shqiptare - Lajme nga Ulqini","og_url":"https:\/\/www.visit-ulcinj.com\/blog\/2008\/06\/18\/kumtese-e-alternatives-shqiptare\/","og_site_name":"Lajme nga Ulqini","article_published_time":"2008-06-18T10:05:29+00:00","article_modified_time":"2008-06-18T10:06:14+00:00","og_image":[{"url":"http:\/\/www.visit-ulcinj.com\/blog\/wp-content\/uploads\/2008\/06\/alternativa_shqiptare_logo.thumbnail.jpg"}],"twitter_misc":{"Written by":"ulqini","Est. reading time":"1 minute"},"schema":{"@context":"https:\/\/schema.org","@graph":[{"@type":"WebSite","@id":"https:\/\/www.visit-ulcinj.com\/blog\/#website","url":"https:\/\/www.visit-ulcinj.com\/blog\/","name":"Lajme nga Ulqini","description":"Lajme,Vijesti,Ulqini,Ulqin,Crna Gora,Mali i Zi","potentialAction":[{"@type":"SearchAction","target":{"@type":"EntryPoint","urlTemplate":"https:\/\/www.visit-ulcinj.com\/blog\/?s={search_term_string}"},"query-input":"required name=search_term_string"}],"inLanguage":"en-US"},{"@type":"ImageObject","inLanguage":"en-US","@id":"https:\/\/www.visit-ulcinj.com\/blog\/2008\/06\/18\/kumtese-e-alternatives-shqiptare\/#primaryimage","url":"http:\/\/www.visit-ulcinj.com\/blog\/wp-content\/uploads\/2008\/06\/alternativa_shqiptare_logo.thumbnail.jpg","contentUrl":"http:\/\/www.visit-ulcinj.com\/blog\/wp-content\/uploads\/2008\/06\/alternativa_shqiptare_logo.thumbnail.jpg"},{"@type":"WebPage","@id":"https:\/\/www.visit-ulcinj.com\/blog\/2008\/06\/18\/kumtese-e-alternatives-shqiptare\/#webpage","url":"https:\/\/www.visit-ulcinj.com\/blog\/2008\/06\/18\/kumtese-e-alternatives-shqiptare\/","name":"Kumtes\u00eb e Alternativ\u00ebs Shqiptare - Lajme nga Ulqini","isPartOf":{"@id":"https:\/\/www.visit-ulcinj.com\/blog\/#website"},"primaryImageOfPage":{"@id":"https:\/\/www.visit-ulcinj.com\/blog\/2008\/06\/18\/kumtese-e-alternatives-shqiptare\/#primaryimage"},"datePublished":"2008-06-18T10:05:29+00:00","dateModified":"2008-06-18T10:06:14+00:00","author":{"@id":"https:\/\/www.visit-ulcinj.com\/blog\/#\/schema\/person\/dcab619c614d3038751c63bc2aadc06d"},"breadcrumb":{"@id":"https:\/\/www.visit-ulcinj.com\/blog\/2008\/06\/18\/kumtese-e-alternatives-shqiptare\/#breadcrumb"},"inLanguage":"en-US","potentialAction":[{"@type":"ReadAction","target":["https:\/\/www.visit-ulcinj.com\/blog\/2008\/06\/18\/kumtese-e-alternatives-shqiptare\/"]}]},{"@type":"BreadcrumbList","@id":"https:\/\/www.visit-ulcinj.com\/blog\/2008\/06\/18\/kumtese-e-alternatives-shqiptare\/#breadcrumb","itemListElement":[{"@type":"ListItem","position":1,"name":"Kumtes\u00eb e Alternativ\u00ebs Shqiptare"}]},{"@type":"Person","@id":"https:\/\/www.visit-ulcinj.com\/blog\/#\/schema\/person\/dcab619c614d3038751c63bc2aadc06d","name":"ulqini","sameAs":["http:\/\/www.visit-ulcinj.com"],"url":"https:\/\/www.visit-ulcinj.com\/blog\/author\/admin\/"}]}},"jetpack_featured_media_url":"","jetpack_sharing_enabled":true,"jetpack_shortlink":"https:\/\/wp.me\/pe6lTn-xa","_links":{"self":[{"href":"https:\/\/www.visit-ulcinj.com\/blog\/wp-json\/wp\/v2\/posts\/2056"}],"collection":[{"href":"https:\/\/www.visit-ulcinj.com\/blog\/wp-json\/wp\/v2\/posts"}],"about":[{"href":"https:\/\/www.visit-ulcinj.com\/blog\/wp-json\/wp\/v2\/types\/post"}],"author":[{"embeddable":true,"href":"https:\/\/www.visit-ulcinj.com\/blog\/wp-json\/wp\/v2\/users\/1"}],"replies":[{"embeddable":true,"href":"https:\/\/www.visit-ulcinj.com\/blog\/wp-json\/wp\/v2\/comments?post=2056"}],"version-history":[{"count":0,"href":"https:\/\/www.visit-ulcinj.com\/blog\/wp-json\/wp\/v2\/posts\/2056\/revisions"}],"wp:attachment":[{"href":"https:\/\/www.visit-ulcinj.com\/blog\/wp-json\/wp\/v2\/media?parent=2056"}],"wp:term":[{"taxonomy":"category","embeddable":true,"href":"https:\/\/www.visit-ulcinj.com\/blog\/wp-json\/wp\/v2\/categories?post=2056"},{"taxonomy":"post_tag","embeddable":true,"href":"https:\/\/www.visit-ulcinj.com\/blog\/wp-json\/wp\/v2\/tags?post=2056"}],"curies":[{"name":"wp","href":"https:\/\/api.w.org\/{rel}","templated":true}]}}