{"id":20571,"date":"2009-05-08T16:50:45","date_gmt":"2009-05-08T14:50:45","guid":{"rendered":"http:\/\/www.visit-ulcinj.com\/blog\/?p=20571"},"modified":"2009-05-13T20:19:01","modified_gmt":"2009-05-13T18:19:01","slug":"forca-konference-per-media","status":"publish","type":"post","link":"https:\/\/www.visit-ulcinj.com\/blog\/2009\/05\/08\/forca-konference-per-media\/","title":{"rendered":"Forca: Konferenc\u00eb p\u00ebr media"},"content":{"rendered":"<p align=\"justify\"><strong><span style=\"font-family: Arial; font-size: small;\"><a href=\"http:\/\/www.visit-ulcinj.com\/blog\/wp-content\/uploads\/2009\/05\/nazif_cungu_08-05-09_press.jpg\"><img loading=\"lazy\" class=\"alignleft size-full wp-image-20572\" title=\"nazif_cungu_08-05-09_press\" src=\"http:\/\/www.visit-ulcinj.com\/blog\/wp-content\/uploads\/2009\/05\/nazif_cungu_08-05-09_press.jpg\" alt=\"nazif_cungu_08-05-09_press\" width=\"580\" height=\"400\" \/><\/a>Konferenc\u00eb p\u00ebr media,  08-05-09<\/span><\/strong><\/p>\n<p align=\"right\"><strong><span style=\"font-family: Arial; font-size: small;\">Ulqin, 08-05-2009<\/span><\/strong><\/p>\n<p align=\"right\"><strong><span style=\"font-family: Arial; font-size: small;\">Nr: 188\/09<\/span><\/strong><\/p>\n<p align=\"justify\"><strong><span style=\"font-family: Arial; font-size: small;\">T\u00eb nderuar qytetar,<\/span> <\/strong><\/p>\n<p align=\"justify\"><span style=\"font-family: Arial; font-size: small;\">K\u00ebt\u00eb  konferenc\u00eb e kemi organizuar q\u00eb zyrtarisht ti fal\u00ebnderojm\u00eb t\u00eb gjith\u00eb  atyre t\u00eb cil\u00ebt jan\u00eb angazhuar n\u00eb m\u00ebnyr\u00eb aktive dhe kan\u00eb ndikuar  n\u00eb ndryshimin e Vendimit mbi taksa lokale komunale t\u00eb cil\u00ebn e ka  imponuar pushteti ekzekutiv n\u00eb Ulqin n\u00eb krye me kryetarin Hajdinaga  dhe q\u00eb fatkeq\u00ebsisht at\u00ebher\u00eb e ka v\u00ebrtetuar edhe shumica parlamentare. <\/span><\/p>\n<p align=\"justify\"><span style=\"font-family: Arial; font-size: small;\">Gati  dy vite FORCA\u00a0 e re demokratike, me argumente ka k\u00ebrkuar ndryshimin  e k\u00ebtij Vendimi me t\u00eb cilin k\u00ebto taksa joreale dhe tejet t\u00eb larta  jan\u00eb paguar edhe n\u00eb m\u00ebnyr\u00eb selektive dhe disa nga tarifat ishin  edhe mbi 10 here m\u00eb t\u00eb larta n\u00eb krahasim me komunat tjera bregdetare.<\/span><\/p>\n<p align=\"justify\"><span style=\"font-family: Arial; font-size: small;\">Do  t\u00eb cekim vet\u00ebm disa shembuj: <\/span><\/p>\n<p align=\"justify\"><span style=\"font-family: Arial; font-size: small;\"><strong>Ajo  taks\u00eb e cila asht\u00eb paguar p\u00ebr Zon\u00ebn e par\u00eb  16,50 EUR\/m2 tani \u00ebsht\u00eb 4,00 EUR\/m2. kurse p\u00ebr Zon\u00ebn e pest\u00eb  nga 12,00 EUR\/m2 \u00ebsht\u00eb  ulur n\u00eb  2,00 EUR\/m2.<\/strong><\/span><\/p>\n<p align=\"justify\"><span style=\"font-family: Arial; font-size: small;\">Disa  lami p\u00ebr afariz\u00ebm ishin plot\u00ebsisht t\u00eb bllokuara.<\/span><\/p>\n<p align=\"justify\"><span style=\"font-family: Arial; font-size: small;\"><strong>Derisa  n\u00eb Ulqin asht\u00eb dashur p\u00ebr nj\u00eb sht\u00ebpiz\u00eb  p\u00ebr kamping t\u00eb paguhet af\u00ebr 7,00 EUR n\u00eb  dit\u00eb n\u00eb Tivar vet\u00ebm 0,45 cent. Tash me vendim t\u00eb  ri n\u00eb Ulqin do t\u00eb paguhet 0,50 cent.<\/strong><\/span><\/p>\n<p align=\"justify\"><span style=\"font-family: Arial; font-size: small;\">Pra  dallimi ishte mbi 15 her\u00eb.<\/span><\/p>\n<p align=\"justify\"><span style=\"font-family: Arial; font-size: small;\">Me  vendimin e ri k\u00ebto tarifa jan\u00eb p\u00ebraf\u00ebrsisht t\u00eb nj\u00ebjta me komunat  tjera bregdetare. <\/span><\/p>\n<p align=\"justify\"><span style=\"font-family: Arial; font-size: small;\">Ato  qytetar \u2013 afarist t\u00eb cilit nuk jan\u00eb pajtuar me vendimin e Hajdinag\u00ebs  nuk i kan\u00eb paguar ato taksa t\u00eb larta dhe kan\u00eb kaluar m\u00eb mir\u00eb se  ato t\u00eb cilit i kan\u00eb paguar por fatkeq\u00ebsisht disa prej tyre kan\u00eb  qen\u00eb t\u00eb obliguar t\u00eb nd\u00ebrpresin aktivitetet afariste. <\/span><\/p>\n<p align=\"justify\"><span style=\"font-family: Arial; font-size: small;\"><a href=\"http:\/\/www.visit-ulcinj.com\/blog\/wp-content\/uploads\/2009\/05\/nazif_cungu_08-05-09_press2.jpg\"><img loading=\"lazy\" class=\"alignleft size-medium wp-image-20573\" title=\"nazif_cungu_08-05-09_press2\" src=\"http:\/\/www.visit-ulcinj.com\/blog\/wp-content\/uploads\/2009\/05\/nazif_cungu_08-05-09_press2-300x225.jpg\" alt=\"nazif_cungu_08-05-09_press2\" width=\"300\" height=\"225\" srcset=\"https:\/\/www.visit-ulcinj.com\/blog\/wp-content\/uploads\/2009\/05\/nazif_cungu_08-05-09_press2-300x225.jpg 300w, https:\/\/www.visit-ulcinj.com\/blog\/wp-content\/uploads\/2009\/05\/nazif_cungu_08-05-09_press2.jpg 1015w\" sizes=\"(max-width: 300px) 100vw, 300px\" \/><\/a>Taksat  Komunale nuk jan\u00eb t\u00eb vetmet t\u00eb cilat jan\u00eb m\u00eb t\u00eb larta p\u00ebr qytetar\u00ebt  e Ulqinit. <\/span><\/p>\n<p align=\"justify\"><span style=\"font-family: Arial; font-size: small;\">Taksat Administrative  gjithashtu ne Ulqin jan\u00eb n\u00eb krahasim me ato t\u00eb Tivarit prej 20 \u2013  100% m\u00eb t\u00eb m\u00ebdha.<\/span><\/p>\n<p align=\"justify\"><span style=\"font-family: Arial; font-size: small;\">Kulminacioni  i mos respektimit  n\u00eb aplikimin e Ligjit paraqesin kompensimet p\u00ebr  rregullimin komunal, si\u00e7 i quan populli komunalit. P\u00ebr k\u00ebt\u00eb problematik\u00eb  do t\u00eb b\u00ebjm\u00eb fjale n\u00eb takimet e ardhme q\u00eb do t\u00eb organizoj Forca.<\/span><\/p>\n<p align=\"justify\"><span style=\"font-family: Arial; font-size: small;\">Prej   rastit t\u00eb Ulqinit, Ministrit\u00eb p\u00ebrkat\u00ebse,duhet t\u00eb ken\u00eb kujdes,  q\u00eb gjat\u00eb propozimit t\u00eb Ligjeve, t\u00eb i kufizojn\u00eb mund\u00ebsit komunave  p\u00ebr rritjen e taksave dhe tatimeve\u00a0 dhe\u00a0 mos t\u00eb lejojn\u00eb  q\u00eb k\u00ebto t\u00eb jen n\u00eb m\u00ebshir\u00ebn e pushtetar\u00ebve lokale  p\u00ebr mbushjen  e buxheteve t\u00eb tyre jo reale.<\/span><\/p>\n<p align=\"justify\"><span style=\"font-family: Arial; font-size: small;\">Ajo  \u00e7ka brengos edhe m\u00eb shum\u00eb asht\u00eb zbatimi pjes\u00ebrisht i vendimit dhe  q\u00eb pagimet b\u00ebhen n\u00eb m\u00ebnyr\u00eb selektive, n\u00eb baza partiake dhe pa  evidenca t\u00eb obligueseve tatimor.<\/span><\/p>\n<p align=\"justify\"><span style=\"font-family: Arial; font-size: small;\">P\u00ebr  t\u00eb gjitha k\u00ebto duhet t\u00eb kujdesen organet p\u00ebrkat\u00ebse shtet\u00ebrore  p\u00ebr \u00e7ka kan\u00eb t\u00ebrhequr v\u00ebrejtjet edhe revizor\u00ebt shtet\u00ebror\u00eb t\u00eb  cilit p\u00ebr rastin e Ulqinit, kan\u00eb lajm\u00ebruar edhe Agjencin\u00eb p\u00ebr luft\u00eb  kund\u00ebr korrupsionit dhe kriminalit t\u00eb organizuar.<\/span><\/p>\n<p align=\"justify\"><span style=\"font-family: Arial; font-size: small;\">Qytetar\u00eb  t\u00eb nderuar,<\/span><\/p>\n<p align=\"justify\"><span style=\"font-family: Arial; font-size: small;\">Jemi  t\u00eb k\u00ebnaqur q\u00eb si opozit\u00eb kemi arritur t\u00eb ndikojm\u00eb q\u00eb t\u00eb ndryshojm\u00eb  nj\u00eb vendim shum t\u00eb r\u00ebnd\u00ebsish\u00ebm dhe FORCA do t\u00eb vazhdoi me aktivitetet  e veta edhe m\u00eb tep\u00ebr pasi q\u00eb pushteti lokal nuk asht\u00eb duke marr  asnj\u00ebfar\u00eb mase p\u00ebr p\u00ebrgatitjen e sezonit turistik. <\/span><\/p>\n<p align=\"justify\"><strong><span style=\"font-family: Arial; font-size: small;\">Nazif  Cungu<\/span><\/strong><\/p>\n<p style=\"text-align: center;\"><a class=\"aligncenter\" title=\"???? ????,?????,Ulcinj,Montenegru,??????????,?ernoqoriya,Besplatni internet oglasi,Besplatni oglasi,besplatni mali oglasi,besplatni turisti\u00e8ki oglasi,oglasi, usluge, turizam,Turisti\u00e8ke usluge,Doma?i turizam,Besplatni Oglasnik,Brzi Oglasi Besplatno,Besplatno OglasavanjeTurizam,besplatni oglasi sa slikom,Turisticki informator besplatni,li\u00e8ni-oglasi,BESPLATNI Turisticki OGLASI SA SLIKAMA,BESPLATNI Turisticki Oglasi saVideom,turisticki smestaj oglasi,Turisti\u00e8ki vodi\u00e8 balkana,BESPLATNA REZERVACIJA SMESTAJA,Postavite besplatno Vas oglas,FREE TOURIST GUIDES,Izdavanje-Turizam oglasi,Balkan Turisticki vodic,shpallje turistike falas,Shpallje Falas,Shpallje falas per Komplekse Turistike,Lajmerime,Njoftime,shpallje shqip per shqiptaret ne shqiperi kosova maqedoni,mal te zi,???????????,Montenegiro,?ern? Hora,??????????,Cz\u00f4rnog?ra,Cz\u00f4rn\u00f4 G?ra,Carna G?ra,T?ernogooria,?ernogoriya,Montain\u00e9agr?,Montenegwo,?orna Hora,Montenegr?,M?ntenigro,Chernogoriya ,\u00c7\u00earnogor\u00ee ,?????????,????????? ,??????? ,Montes Nigrae,Mons Niger,M\u00f4ntenegr\u00f4,Muntenegru,??????????,Czarnog?ra,Muntinigru,Muntenegro,&lt;br &gt;&lt;\/a&gt; Muntenegru,\t?ierna Hora,Cxerngora,????????,?rna gora,Moontineegro,?ornog\u00f9ra,?ernogori?a,Chernogoriya,Mont\u00f5negro,????? ???? ,?r?na Gora,?r?nogorije,?ernogorija,?arnahoryja,??????????,???????????????????? ,?ern\u00f4g\u00f4riy\u00e2,M\u00fbnt\u00een\u00ee?r\u00fb,????? ?????? ,????????,??????????,???????????,M\u00e2nten\u00eegro,???? ????? ,????????,M\u00f4ntenegr\u00f4,????????????,???????????,????????????, ??????????? ,????????????,??????????? ,\u008d\u2022?R\/?K?R ,\u0192\u201a\u0192\u201c\u0192e\u0192l\u0192O\u0192\u008d,\u00b8???\u00b3?\u00b1?\u2022? ,Muntenegru, ????? ????, Montenegr?,chambres ? louer ? ulcinj, location de vacance, location saisonni?res, louer villa,location de vacance, Locations vacance, h?bergements vacances, locations villa, logements de vacances, location maison avec piscine, Location vacance, locations de vacance, h?bergements de vacances, location villa, locations entre particulier, logements vacance, vacances ? Mont?n?gro - location ? Ulcinj ,location  de bigorre,Urlaub in Ulcinj -Montenegro,Hotelbewertungen Ulcinj,Reisen Ulcinj, Urlaub Ulcinj,Hotel in Serbien und Montenegro von Urlaubern bewertet,Billig Urlaub in Ulcinj,ferienh?user,ferienwohnung,Billige Ferienh?user,Ferienwohnung ULCINJ,Ferien an der Adria,Urlaub im Ferienhaus ulcinjBilligreisen Ulcinj,Pauschalreisen,FKK Strand Ada Bojana ulcinj,Last Minute Angebote ulcinj,Preise f?r Lastminute,Kleinanzeigen gratis,Ausflug nach Ulcinj,FKK-Reisen ada bojana,FKK-Urlaub ulcinj,Privatni smje?taj,rezervacija smje?taja,apartmani,sobe,ku?e,odmor,sobe za odmor ulcinj,Pretra?ivanje privatnog smje?taja,rooms rent accommodation ulcinj, rentail private accommodation ulcinj,?elite rezervirati privatni smje?taj,Private accommodation,Smje?taj ulcinj,Pushime Verore ulqin,pushime t? lira n? ulqin,Pushime ne plazh,Pushime te kendshme,dhoma per pushime ulqin,dhoma me qera ulqin,dhoma te lira ulqin,pushime te lira ulqin,mali i zi,kosova,maqedoni,shqiperi,Pushime ne det te ulqinit,godi?nji odmor u ulcinj,odmor u ulcinj,Ku?a za odmor,kuda na odmor,ljetovanje u ulcinj,slobodne sobe,dhoma te lira,ku?a uz more,turisti?ka ponuda,odmor i zabava,povolne cene,sobe,usluge,Mjesto za Va? odmor , Place for Your holiday,Odmor portal,putovanaja,Iznajmljivanje soba ulcinj,odmor ulcinj info,Va?e mjesto za odmor ulcinj,nudisticka plaza ada bojana,smjestaj ponuda ulcinj,lokacioni i dhomave ulqin,deti,plazhet e bukura,diskoteka,zbavitja,.\" href=\"http:\/\/www.visit-ulcinj.com\/tourism\/\" target=\"_blank\"><img loading=\"lazy\" class=\"aligncenter\" title=\"SHPALLJE TURISTIKE FALAS,FREE TOURIST GUIDES,BESPLATNI TURISTI?KI OGLASI,balkan holiday rentals,ALBANIJA,ALBANIA,SHQIPERIJA,CRNA GORA,HRVATSKA,KROACIA,SLOVENIJA,MAKEDONIJA,MAKEDONIA,SRBIJA,MONTENEGRO,MALI I ZI,\" src=\"http:\/\/www.visit-ulcinj.com\/blog\/wp-content\/uploads\/2008\/09\/balkanholidayrentals.gif\" alt=\"Apatin,  Aran?elovac,  ?uprija,  ?a?ak,  ?apljina,  ?itluk,  ?abac,  ?ipovo,  ?iroki Brijeg,  ?ep?e,  ?ivinice,  Ba?ka Palanka,  Banja Luka,  Banovi?i,  Be?ej,  beograd,  Biha?,  Bijeljina,  Bor,  Bor?a,  Bosanska Gradi?ka,  Bosanska Krupa,  Bosanski ?amac,  Bosanski Brod,  Bosanski Novi,  Br?ko,  Bu?im,  Bugojno,  Cazin,  Crna Gora,  Derventa,  Doboj,  Donji Vakuf,  Drvar,  Dubrovnik,  Fo?a,  Fojnica,  Glamo?,  Gora?de,  Gornji Milanovac,  Gornji Vakuf,  gostivar,  Gra?anica,  Grada?ac,  Gradiska,  Grahovo,  Had?i?i,  Ilid?a,  In?ija,  Jablanica,  Jagodina,  Jajce,  Kakanj,  Kalu?erica,  Kikinda,  Klju?,  Konjic,  Kotor Varo?,  Kragujevac,  Kraljevo,  Kru?evac,  Kula,  Kupres,  Lakta?i,  Lazarevac,  Leskovac,  Livno,  Ljubinje,  ljublana,  Ljubu?ki,  Loznica,  Lukavac,  Maglaj,  Mladenovac,  Modri?a,  montenegro erlajnz,  mostar,  Mrkonji? Grad,  Neum,  Ni?,  Novi Pazar,  Novi Sad,  Novi Travnik,  Obrenovac,  Od?ak,  ohrid,  Ora?je,  Pale,  Pan?evo,  Para?in,  Pirot,  Po?arevac,  Podgorica,  Priboj,  Prijedor,  Prokuplje,  Prozor,  pula,  rijeka,  Ruma,  Sanski Most,  Sarajevo,  Senta,  serbija,  sibenik,  skopje,  Smederevo,  Smederevska Palanka,  Sokolac,  Sombor,  split,  Srebrenica,  Srebrenik,  Sremska Mitrovica,  Stolac,  Struga,  Subotica,  Temerin,  Tesli?,  tetovo,  Travnik,  Trebinje,  tuzla,  U?ice,  ulcinj,  Valjevo,  Velika Kladu?a,  Vi?egrad,  Visoko,  Vitez,  Vogo??a,  vojvodina,  Vranje,  Vr?ac,  Vrbas,  zadar,  Zagreb,  Zaje?ar,  Zavidovi?i,  Zenica,  Zrenjanin,  Zvornik,copacabana ulcinj,  h?tels,  hotel ulqin,  Kosova,  Mali i Zi,  Maqedonija,  Montenegro,  montenegro tourisme plage,  montenegro ulcinj,  Shpallje Falas,  Shpallje Falas per shitjen e shtepis se juaj,  Shpallje Falas per villat e juaj,  Shpallje Falas Real Estate,  Shpallje Falas turistike,  shqiperija,  tourisme,  Ulci?,  ulcinj,  ulqin,  ulqin hotel,  ulqini,  ulqini 2007,Ada Bojana,  Alba?czyk,  Cita di Dolcino,  Copacabana,  Czarnog?ra,  Czarnog?rzec,  Don Kichota,  Ma\u00b3a Pla?a,  Mandra,  MIGUEL DE SERVANTES,  p?\u00b3wyspy Marjan,  Pla?a Valdanos,  Rzeka Bojana,  Shas \/ ?as \/ Sva?,  Ulci?,  Ulcinjsk\u00b9 Riwier?,  Wielka Pla?a,  Wyspa Bojana,GORA,??????????,???????,??????????, ?ern? Hora,TO ULCINJ \/ ULQIN,MONTENEGRO, Czarnog?ra, Muntenegru, ????? ????, Montenegr?,villa ? louer ? ulcinj, location de vacance, location saisonni?res, louer chambres,location de vacance, Locations vacance, h?bergements vacances, locations villa, logements de vacances, location maison avec piscine, Location vacance, locations de vacance, h?bergements de vacances, location, locations entre particulier, logements vacance, vacances ? Mont?n?gro - location ? Ulcinj ,location  de bigorre,Albaniku,  Artana,  Bujanoci,  Burimi,  Dardana,  Dardan?,  De?an,  Dibra,  Drenas,  Drenasi,  Ferizaj,  Ferizaji,  Fush? Kosova,Besplatni internet oglasi,Besplatni oglasi,besplatni mali oglasi,besplatni turisti?ki oglasi,oglasi, usluge, turizam,Turisti?ke usluge,Doma?i turizam,Besplatni Oglasnik,Brzi Oglasi Besplatno,Besplatno OglasavanjeTurizam,besplatni oglasi sa slikom,Turisticki informator besplatni,li?ni-oglasi,BESPLATNI Turisticki OGLASI SA SLIKAMA,BESPLATNI Turisticki Oglasi saVideom,turisticki smestaj oglasi,Turisti?ki vodi? balkana,BESPLATNA REZERVACIJA SMESTAJA,Postavite besplatno Vas oglas,FREE TOURIST GUIDES,Izdavanje-Turizam oglasi,Balkan Turisticki vodic,shpallje turistike falas,Shpallje Falas,Shpallje falas per Komplekse Turistike,Lajmerime,Njoftime,shpallje shqip per shqiptaret ne shqiperi kosova maqedoni,mal te zi,Fush? Kosov?,  Gjakova,  Gjakov?,  Gjilan,  Gjilani,  Gostivari,  Istog,  Istog\u2022,  Ka?anik,  Ka?aniku,  Kastrioti,  K?r?ova,  Klina,  Klin?,  Kumanova,  Leposaviq,  Leskovci,  Likova,  Lipjan,  Lipjani,  Malisheva,  Malishev?,  Manastiri,  Medvegja,  Mitrovica,  Mitrovic?,  Novob?rd?,  Obiliq\u2022 Rahovec,  Ohri,  Peja,  Pej?,  Podujeva,  Podujev?,  Presheva,  Prishtina,  Prishtin?,  Prizren,  Prizreni,  Rahoveci,  Sharri,  Sharri (Kosov?),  Shkupi,  Sht?rpca,  Sht?rpc?,  Shtime,  Sk?nderaj,  Struga,  Tetova,  Theranda,  Therand?,  Triumf Riza,  Veleshta,  Viti,  Vitia,  Vushtrri,  Vushtrria,  Zubin Potok,  Zubin Potoku,  Zvecan,  Zve?ani,Struga,Gostivari,Gostivar,Ker?ova,Tirana,Durr?si,Elbasani,Shkodra,Tuzi,Vlora, Kor?a,Fieri,Berati,Lushnja ,Kavaja,Pogradeci,La?i,Gjirokastra,Patosi,Kruja,Ku?ova,Kuk?si,Lezha,Saranda,Peshkopia,Burreli,C?rriku,?orovoda,Shijaku,Librazhdi,Tepelena,Gramshi,Poli?ani,Bulqiza,P?rmeti,Fush?Kruja,Kamza,Rr?sheni,Ballshi,Mamurrasi,BajramCurri,Erseka,Peqini,Divjaka,Selenica,Bilishti,Roskoveci,Puka,Memaliaj,Rrogozhina,Ura Vajgurore,Himara,Delvina,Vora,Kopliku,Maliqi,P?rrenjasi,Kruma, Libohova,Orikumi,Fush?-Arr?za,Sh?ngjini,Rubiku,Miloti, Leskoviku,Konispoli,K?lcyra,Krasta,K?rraba,Manastiri,Hara?ina,Likova,Prilepi,Zajazi,Vrap?ishti,Bogovin?,\" width=\"520\" height=\"120\" \/><\/a><\/p>\n","protected":false},"excerpt":{"rendered":"<p>Konferenc\u00eb p\u00ebr media, 08-05-09 Ulqin, 08-05-2009 Nr: 188\/09 T\u00eb nderuar qytetar, K\u00ebt\u00eb konferenc\u00eb e kemi organizuar q\u00eb zyrtarisht ti fal\u00ebnderojm\u00eb t\u00eb gjith\u00eb atyre t\u00eb cil\u00ebt jan\u00eb angazhuar n\u00eb m\u00ebnyr\u00eb aktive dhe kan\u00eb ndikuar n\u00eb ndryshimin e Vendimit mbi taksa lokale komunale t\u00eb cil\u00ebn e ka imponuar pushteti ekzekutiv n\u00eb Ulqin n\u00eb krye me kryetarin Hajdinaga [&hellip;]<\/p>\n","protected":false},"author":1,"featured_media":0,"comment_status":"open","ping_status":"closed","sticky":false,"template":"","format":"standard","meta":{"spay_email":"","jetpack_publicize_message":"","jetpack_is_tweetstorm":false,"jetpack_publicize_feature_enabled":true},"categories":[6],"tags":[672,10094,115,119,95,118,1655],"jetpack_publicize_connections":[],"yoast_head":"<!-- This site is optimized with the Yoast SEO plugin v19.1 - https:\/\/yoast.com\/wordpress\/plugins\/seo\/ -->\n<title>Forca: Konferenc\u00eb p\u00ebr media - Lajme nga Ulqini<\/title>\n<meta name=\"description\" content=\"Konferenc\u00eb p\u00ebr media, 08-05-09 Ulqin, 08-05-2009 Nr: 188\/09 T\u00eb nderuar qytetar, K\u00ebt\u00eb konferenc\u00eb e kemi organizuar q\u00eb zyrtarisht ti fal\u00ebnderojm\u00eb t\u00eb gjith\u00eb\" \/>\n<meta name=\"robots\" content=\"index, follow, max-snippet:-1, max-image-preview:large, max-video-preview:-1\" \/>\n<link rel=\"canonical\" href=\"https:\/\/www.visit-ulcinj.com\/blog\/2009\/05\/08\/forca-konference-per-media\/\" \/>\n<meta property=\"og:locale\" content=\"en_US\" \/>\n<meta property=\"og:type\" content=\"article\" \/>\n<meta property=\"og:title\" content=\"Forca: Konferenc\u00eb p\u00ebr media - Lajme nga Ulqini\" \/>\n<meta property=\"og:description\" content=\"Konferenc\u00eb p\u00ebr media, 08-05-09 Ulqin, 08-05-2009 Nr: 188\/09 T\u00eb nderuar qytetar, K\u00ebt\u00eb konferenc\u00eb e kemi organizuar q\u00eb zyrtarisht ti fal\u00ebnderojm\u00eb t\u00eb gjith\u00eb\" \/>\n<meta property=\"og:url\" content=\"https:\/\/www.visit-ulcinj.com\/blog\/2009\/05\/08\/forca-konference-per-media\/\" \/>\n<meta property=\"og:site_name\" content=\"Lajme nga Ulqini\" \/>\n<meta property=\"article:published_time\" content=\"2009-05-08T14:50:45+00:00\" \/>\n<meta property=\"article:modified_time\" content=\"2009-05-13T18:19:01+00:00\" \/>\n<meta property=\"og:image\" content=\"http:\/\/www.visit-ulcinj.com\/blog\/wp-content\/uploads\/2009\/05\/nazif_cungu_08-05-09_press.jpg\" \/>\n<meta name=\"twitter:label1\" content=\"Written by\" \/>\n\t<meta name=\"twitter:data1\" content=\"ulqini\" \/>\n\t<meta name=\"twitter:label2\" content=\"Est. reading time\" \/>\n\t<meta name=\"twitter:data2\" content=\"3 minutes\" \/>\n<script type=\"application\/ld+json\" class=\"yoast-schema-graph\">{\"@context\":\"https:\/\/schema.org\",\"@graph\":[{\"@type\":\"WebSite\",\"@id\":\"https:\/\/www.visit-ulcinj.com\/blog\/#website\",\"url\":\"https:\/\/www.visit-ulcinj.com\/blog\/\",\"name\":\"Lajme nga Ulqini\",\"description\":\"Lajme,Vijesti,Ulqini,Ulqin,Crna Gora,Mali i Zi\",\"potentialAction\":[{\"@type\":\"SearchAction\",\"target\":{\"@type\":\"EntryPoint\",\"urlTemplate\":\"https:\/\/www.visit-ulcinj.com\/blog\/?s={search_term_string}\"},\"query-input\":\"required name=search_term_string\"}],\"inLanguage\":\"en-US\"},{\"@type\":\"ImageObject\",\"inLanguage\":\"en-US\",\"@id\":\"https:\/\/www.visit-ulcinj.com\/blog\/2009\/05\/08\/forca-konference-per-media\/#primaryimage\",\"url\":\"https:\/\/www.visit-ulcinj.com\/blog\/wp-content\/uploads\/2009\/05\/nazif_cungu_08-05-09_press.jpg\",\"contentUrl\":\"https:\/\/www.visit-ulcinj.com\/blog\/wp-content\/uploads\/2009\/05\/nazif_cungu_08-05-09_press.jpg\",\"width\":\"1044\",\"height\":\"768\"},{\"@type\":\"WebPage\",\"@id\":\"https:\/\/www.visit-ulcinj.com\/blog\/2009\/05\/08\/forca-konference-per-media\/#webpage\",\"url\":\"https:\/\/www.visit-ulcinj.com\/blog\/2009\/05\/08\/forca-konference-per-media\/\",\"name\":\"Forca: Konferenc\u00eb p\u00ebr media - Lajme nga Ulqini\",\"isPartOf\":{\"@id\":\"https:\/\/www.visit-ulcinj.com\/blog\/#website\"},\"primaryImageOfPage\":{\"@id\":\"https:\/\/www.visit-ulcinj.com\/blog\/2009\/05\/08\/forca-konference-per-media\/#primaryimage\"},\"datePublished\":\"2009-05-08T14:50:45+00:00\",\"dateModified\":\"2009-05-13T18:19:01+00:00\",\"author\":{\"@id\":\"https:\/\/www.visit-ulcinj.com\/blog\/#\/schema\/person\/dcab619c614d3038751c63bc2aadc06d\"},\"description\":\"Konferenc\u00eb p\u00ebr media, 08-05-09 Ulqin, 08-05-2009 Nr: 188\/09 T\u00eb nderuar qytetar, K\u00ebt\u00eb konferenc\u00eb e kemi organizuar q\u00eb zyrtarisht ti fal\u00ebnderojm\u00eb t\u00eb gjith\u00eb\",\"breadcrumb\":{\"@id\":\"https:\/\/www.visit-ulcinj.com\/blog\/2009\/05\/08\/forca-konference-per-media\/#breadcrumb\"},\"inLanguage\":\"en-US\",\"potentialAction\":[{\"@type\":\"ReadAction\",\"target\":[\"https:\/\/www.visit-ulcinj.com\/blog\/2009\/05\/08\/forca-konference-per-media\/\"]}]},{\"@type\":\"BreadcrumbList\",\"@id\":\"https:\/\/www.visit-ulcinj.com\/blog\/2009\/05\/08\/forca-konference-per-media\/#breadcrumb\",\"itemListElement\":[{\"@type\":\"ListItem\",\"position\":1,\"name\":\"Forca: Konferenc\u00eb p\u00ebr media\"}]},{\"@type\":\"Person\",\"@id\":\"https:\/\/www.visit-ulcinj.com\/blog\/#\/schema\/person\/dcab619c614d3038751c63bc2aadc06d\",\"name\":\"ulqini\",\"sameAs\":[\"http:\/\/www.visit-ulcinj.com\"],\"url\":\"https:\/\/www.visit-ulcinj.com\/blog\/author\/admin\/\"}]}<\/script>\n<!-- \/ Yoast SEO plugin. -->","yoast_head_json":{"title":"Forca: Konferenc\u00eb p\u00ebr media - Lajme nga Ulqini","description":"Konferenc\u00eb p\u00ebr media, 08-05-09 Ulqin, 08-05-2009 Nr: 188\/09 T\u00eb nderuar qytetar, K\u00ebt\u00eb konferenc\u00eb e kemi organizuar q\u00eb zyrtarisht ti fal\u00ebnderojm\u00eb t\u00eb gjith\u00eb","robots":{"index":"index","follow":"follow","max-snippet":"max-snippet:-1","max-image-preview":"max-image-preview:large","max-video-preview":"max-video-preview:-1"},"canonical":"https:\/\/www.visit-ulcinj.com\/blog\/2009\/05\/08\/forca-konference-per-media\/","og_locale":"en_US","og_type":"article","og_title":"Forca: Konferenc\u00eb p\u00ebr media - Lajme nga Ulqini","og_description":"Konferenc\u00eb p\u00ebr media, 08-05-09 Ulqin, 08-05-2009 Nr: 188\/09 T\u00eb nderuar qytetar, K\u00ebt\u00eb konferenc\u00eb e kemi organizuar q\u00eb zyrtarisht ti fal\u00ebnderojm\u00eb t\u00eb gjith\u00eb","og_url":"https:\/\/www.visit-ulcinj.com\/blog\/2009\/05\/08\/forca-konference-per-media\/","og_site_name":"Lajme nga Ulqini","article_published_time":"2009-05-08T14:50:45+00:00","article_modified_time":"2009-05-13T18:19:01+00:00","og_image":[{"url":"http:\/\/www.visit-ulcinj.com\/blog\/wp-content\/uploads\/2009\/05\/nazif_cungu_08-05-09_press.jpg"}],"twitter_misc":{"Written by":"ulqini","Est. reading time":"3 minutes"},"schema":{"@context":"https:\/\/schema.org","@graph":[{"@type":"WebSite","@id":"https:\/\/www.visit-ulcinj.com\/blog\/#website","url":"https:\/\/www.visit-ulcinj.com\/blog\/","name":"Lajme nga Ulqini","description":"Lajme,Vijesti,Ulqini,Ulqin,Crna Gora,Mali i Zi","potentialAction":[{"@type":"SearchAction","target":{"@type":"EntryPoint","urlTemplate":"https:\/\/www.visit-ulcinj.com\/blog\/?s={search_term_string}"},"query-input":"required name=search_term_string"}],"inLanguage":"en-US"},{"@type":"ImageObject","inLanguage":"en-US","@id":"https:\/\/www.visit-ulcinj.com\/blog\/2009\/05\/08\/forca-konference-per-media\/#primaryimage","url":"https:\/\/www.visit-ulcinj.com\/blog\/wp-content\/uploads\/2009\/05\/nazif_cungu_08-05-09_press.jpg","contentUrl":"https:\/\/www.visit-ulcinj.com\/blog\/wp-content\/uploads\/2009\/05\/nazif_cungu_08-05-09_press.jpg","width":"1044","height":"768"},{"@type":"WebPage","@id":"https:\/\/www.visit-ulcinj.com\/blog\/2009\/05\/08\/forca-konference-per-media\/#webpage","url":"https:\/\/www.visit-ulcinj.com\/blog\/2009\/05\/08\/forca-konference-per-media\/","name":"Forca: Konferenc\u00eb p\u00ebr media - Lajme nga Ulqini","isPartOf":{"@id":"https:\/\/www.visit-ulcinj.com\/blog\/#website"},"primaryImageOfPage":{"@id":"https:\/\/www.visit-ulcinj.com\/blog\/2009\/05\/08\/forca-konference-per-media\/#primaryimage"},"datePublished":"2009-05-08T14:50:45+00:00","dateModified":"2009-05-13T18:19:01+00:00","author":{"@id":"https:\/\/www.visit-ulcinj.com\/blog\/#\/schema\/person\/dcab619c614d3038751c63bc2aadc06d"},"description":"Konferenc\u00eb p\u00ebr media, 08-05-09 Ulqin, 08-05-2009 Nr: 188\/09 T\u00eb nderuar qytetar, K\u00ebt\u00eb konferenc\u00eb e kemi organizuar q\u00eb zyrtarisht ti fal\u00ebnderojm\u00eb t\u00eb gjith\u00eb","breadcrumb":{"@id":"https:\/\/www.visit-ulcinj.com\/blog\/2009\/05\/08\/forca-konference-per-media\/#breadcrumb"},"inLanguage":"en-US","potentialAction":[{"@type":"ReadAction","target":["https:\/\/www.visit-ulcinj.com\/blog\/2009\/05\/08\/forca-konference-per-media\/"]}]},{"@type":"BreadcrumbList","@id":"https:\/\/www.visit-ulcinj.com\/blog\/2009\/05\/08\/forca-konference-per-media\/#breadcrumb","itemListElement":[{"@type":"ListItem","position":1,"name":"Forca: Konferenc\u00eb p\u00ebr media"}]},{"@type":"Person","@id":"https:\/\/www.visit-ulcinj.com\/blog\/#\/schema\/person\/dcab619c614d3038751c63bc2aadc06d","name":"ulqini","sameAs":["http:\/\/www.visit-ulcinj.com"],"url":"https:\/\/www.visit-ulcinj.com\/blog\/author\/admin\/"}]}},"jetpack_featured_media_url":"","jetpack_sharing_enabled":true,"jetpack_shortlink":"https:\/\/wp.me\/pe6lTn-5lN","_links":{"self":[{"href":"https:\/\/www.visit-ulcinj.com\/blog\/wp-json\/wp\/v2\/posts\/20571"}],"collection":[{"href":"https:\/\/www.visit-ulcinj.com\/blog\/wp-json\/wp\/v2\/posts"}],"about":[{"href":"https:\/\/www.visit-ulcinj.com\/blog\/wp-json\/wp\/v2\/types\/post"}],"author":[{"embeddable":true,"href":"https:\/\/www.visit-ulcinj.com\/blog\/wp-json\/wp\/v2\/users\/1"}],"replies":[{"embeddable":true,"href":"https:\/\/www.visit-ulcinj.com\/blog\/wp-json\/wp\/v2\/comments?post=20571"}],"version-history":[{"count":0,"href":"https:\/\/www.visit-ulcinj.com\/blog\/wp-json\/wp\/v2\/posts\/20571\/revisions"}],"wp:attachment":[{"href":"https:\/\/www.visit-ulcinj.com\/blog\/wp-json\/wp\/v2\/media?parent=20571"}],"wp:term":[{"taxonomy":"category","embeddable":true,"href":"https:\/\/www.visit-ulcinj.com\/blog\/wp-json\/wp\/v2\/categories?post=20571"},{"taxonomy":"post_tag","embeddable":true,"href":"https:\/\/www.visit-ulcinj.com\/blog\/wp-json\/wp\/v2\/tags?post=20571"}],"curies":[{"name":"wp","href":"https:\/\/api.w.org\/{rel}","templated":true}]}}