{"id":20579,"date":"2009-05-08T18:43:31","date_gmt":"2009-05-08T16:43:31","guid":{"rendered":"http:\/\/www.visit-ulcinj.com\/blog\/?p=20579"},"modified":"2009-05-08T18:43:31","modified_gmt":"2009-05-08T16:43:31","slug":"malin-e-zi-kriza-ekonomike-e-zhyt-ne-pasiguri","status":"publish","type":"post","link":"https:\/\/www.visit-ulcinj.com\/blog\/2009\/05\/08\/malin-e-zi-kriza-ekonomike-e-zhyt-ne-pasiguri\/","title":{"rendered":"Malin e Zi kriza ekonomike e zhyt n\u00eb pasiguri"},"content":{"rendered":"<p><a href=\"http:\/\/www.visit-ulcinj.com\/blog\/wp-content\/uploads\/2009\/05\/malin-e-zi-kriza-ekonomike-e-zhyt-ne-pasiguri1.jpg\"><img loading=\"lazy\" class=\"alignleft size-full wp-image-20580\" title=\"malin-e-zi-kriza-ekonomike-e-zhyt-ne-pasiguri1\" src=\"http:\/\/www.visit-ulcinj.com\/blog\/wp-content\/uploads\/2009\/05\/malin-e-zi-kriza-ekonomike-e-zhyt-ne-pasiguri1.jpg\" alt=\"malin-e-zi-kriza-ekonomike-e-zhyt-ne-pasiguri1\" width=\"580\" height=\"400\" \/><\/a>Komun\u00ebs m\u00eb t\u00eb pasur t\u00eb Malit t\u00eb Zi i \u00ebsht\u00eb dashur t\u00eb ndal\u00eb nd\u00ebrtimin n\u00eb nj\u00eb nga vendpushimet kryesor\u00eb t\u00eb saj p\u00ebr munges\u00eb t\u00eb fondeve. Vet\u00ebm disa jav\u00eb p\u00ebrpara sezonit kryesor turistik, qyteti i Petrovacit nuk i ngjan fotografive t\u00eb shk\u00eblqyera n\u00eb kartolina, po n\u00eb vend t\u00eb k\u00ebsaj p\u00ebrb\u00ebhet nga nj\u00eb sh\u00ebtitore gjysm\u00eb e mbaruar, plazhe t\u00eb papastruar dhe rrug\u00eb t\u00eb pluhurosura.<br \/>\nEsht\u00eb e pasigurt\u00eb se sa duhet t\u00eb pres\u00eb qyteti q\u00eb t&#8217;i kthehet begatia. Komun\u00ebs s\u00eb Budv\u00ebs nuk i del t\u00eb paguaj\u00eb firmat nd\u00ebrtimore p\u00ebr t\u00eb p\u00ebrfunduar pun\u00ebn. Komuna, e cila dikur mburrej me mbi 100 milioner\u00eb n\u00eb popullsin\u00eb e saj prej 15,000 vet\u00ebsh, po ndeshet tani me punonj\u00ebsit q\u00eb nuk kan\u00eb marr\u00eb rrogat p\u00ebr kat\u00ebr muaj.<a href=\"http:\/\/www.visit-ulcinj.com\/blog\/wp-content\/uploads\/2009\/05\/malin-e-zi-kriza-ekonomike-e-zhyt-ne-pasiguri2.jpg\"><img loading=\"lazy\" class=\"size-medium wp-image-20581 alignleft\" title=\"malin-e-zi-kriza-ekonomike-e-zhyt-ne-pasiguri2\" src=\"http:\/\/www.visit-ulcinj.com\/blog\/wp-content\/uploads\/2009\/05\/malin-e-zi-kriza-ekonomike-e-zhyt-ne-pasiguri2-225x300.jpg\" alt=\"malin-e-zi-kriza-ekonomike-e-zhyt-ne-pasiguri2\" width=\"225\" height=\"300\" srcset=\"https:\/\/www.visit-ulcinj.com\/blog\/wp-content\/uploads\/2009\/05\/malin-e-zi-kriza-ekonomike-e-zhyt-ne-pasiguri2-225x300.jpg 225w, https:\/\/www.visit-ulcinj.com\/blog\/wp-content\/uploads\/2009\/05\/malin-e-zi-kriza-ekonomike-e-zhyt-ne-pasiguri2.jpg 768w\" sizes=\"(max-width: 225px) 100vw, 225px\" \/><\/a><br \/>\nReputacioni i Budv\u00ebs mb\u00ebshtetej n\u00eb shitjet e sht\u00ebpive n\u00eb bregdet, apartamenteve, hoteleve dhe tok\u00ebs t\u00eb huajve. Tani q\u00eb kriza ka goditur globalisht, bankat q\u00eb jepnin kredi, po i likuidojn\u00eb t\u00eb nj\u00ebjtat banesa.<br \/>\nKomuna vet\u00eb \u00ebsht\u00eb n\u00eb borxh 20 milion\u00eb euro, kryesisht p\u00ebr shkak t\u00eb projekteve t\u00eb d\u00ebshtuar t\u00eb nd\u00ebrtimit dhe p\u00ebrballet me nj\u00eb bllokim t\u00eb llogaris\u00eb bankare. Budva nuk \u00ebsht\u00eb e vetme n\u00eb mjerimin e saj. Jav\u00ebn e shkuar, parashikimet e nj\u00eb r\u00ebnie prej 4% n\u00eb PKB t\u00eb Malit t\u00eb Zi k\u00ebt\u00eb vit, tejkaluan parashikimet e m\u00ebparshme t\u00eb qeveris\u00eb p\u00ebr rritje deri n\u00eb 2.5%.<br \/>\n&#8220;T\u00eb ardhurat kryesore t\u00eb buxhetit malazes n\u00eb tremujorin e par\u00eb t\u00eb k\u00ebtij viti ishin 216 milion\u00eb euro, rreth 13.6% m\u00eb pak sesa pritej,&#8221; tha ministria e financ\u00ebs. Ministri i Financave Igor Lukshi\u00e7 po bisedon nd\u00ebrkaq me Deutsche Bank p\u00ebr t\u00eb r\u00ebn\u00eb dakord mbi kushtet e nj\u00eb kredie prej 75 milion\u00eb euro q\u00eb do t\u00eb ndihmoj\u00eb n\u00eb rritjen e buxhetit prej 1.6 miliard\u00eb euro t\u00eb vendit.<br \/>\nQeveria, e cila tashm\u00eb p\u00ebrftoi nj\u00eb kredi prej 150 milion\u00eb euro nga Banka Europiane e Investimeve p\u00ebr t\u00eb mb\u00ebshtetur likuiditetin e institucioneve financiare, po zhvillon gjithashtu bisedime me FMN dhe kreditor\u00eb nd\u00ebrkomb\u00ebtar\u00eb t\u00eb tjer\u00eb.<a href=\"http:\/\/www.visit-ulcinj.com\/blog\/wp-content\/uploads\/2009\/05\/malin-e-zi-kriza-ekonomike-e-zhyt-ne-pasiguri.jpg\"><img loading=\"lazy\" class=\"alignright size-medium wp-image-20582\" title=\"malin-e-zi-kriza-ekonomike-e-zhyt-ne-pasiguri\" src=\"http:\/\/www.visit-ulcinj.com\/blog\/wp-content\/uploads\/2009\/05\/malin-e-zi-kriza-ekonomike-e-zhyt-ne-pasiguri-300x225.jpg\" alt=\"malin-e-zi-kriza-ekonomike-e-zhyt-ne-pasiguri\" width=\"300\" height=\"225\" srcset=\"https:\/\/www.visit-ulcinj.com\/blog\/wp-content\/uploads\/2009\/05\/malin-e-zi-kriza-ekonomike-e-zhyt-ne-pasiguri-300x225.jpg 300w, https:\/\/www.visit-ulcinj.com\/blog\/wp-content\/uploads\/2009\/05\/malin-e-zi-kriza-ekonomike-e-zhyt-ne-pasiguri.jpg 1024w\" sizes=\"(max-width: 300px) 100vw, 300px\" \/><\/a><br \/>\n&#8220;FMN \u00ebsht\u00eb gati t\u00eb mb\u00ebshtes\u00eb sistemin ton\u00eb financiar me disa kushte,&#8221; tha Lukshi\u00e7 pasi u kthye nga takimet n\u00eb Uashington me FMN dhe Bank\u00ebn Bot\u00ebrore muajin e kaluar.<br \/>\nBuxheti vuan nga nj\u00eb munges\u00eb e investimeve t\u00eb huaja, nj\u00eb burim t\u00eb ardhurash q\u00eb u tha papritmas. M\u00eb 2007, vendi pa pothuajse 60 milion\u00eb euro t\u00eb ardhura nga privatizimi; shifra ra n\u00eb 11.5 milion euro m\u00eb 2008. Investimet e kontraktuara soll\u00ebn 20,5 milion\u00eb euro m\u00eb 2008, dhjet\u00eb her\u00eb m\u00eb pak se m\u00eb 2007, tha Z\u00ebvend\u00ebs\/Presidenti malazes Vujica Lazovi\u00e7 m\u00eb par\u00eb k\u00ebt\u00eb jav\u00eb.<br \/>\nAi ofroi dy arsye p\u00ebr r\u00ebnien e t\u00eb ardhurave nga investimi. &#8220;Nj\u00ebra \u00ebsht\u00eb kriza e tregut global dhe e dyta \u00ebsht\u00eb se ne nuk kemi shum\u00eb nd\u00ebrmarrje q\u00eb mund t&#8217;i ofrojm\u00eb p\u00ebr shitje, ve\u00e7an\u00ebrisht nd\u00ebrmarrje t\u00ebrheq\u00ebse.&#8221;<br \/>\n<a href=\"http:\/\/www.setimes.com\/cocoon\/setimes\/xhtml\/sr_Latn\/features\/setimes\/features\/2009\/05\/07\/feature-01\" target=\"_blank\"><strong><br \/>\nSETimes.com<\/strong><\/a><\/p>\n<!--YouTube Error: bad URL entered-->\n","protected":false},"excerpt":{"rendered":"<p>Komun\u00ebs m\u00eb t\u00eb pasur t\u00eb Malit t\u00eb Zi i \u00ebsht\u00eb dashur t\u00eb ndal\u00eb nd\u00ebrtimin n\u00eb nj\u00eb nga vendpushimet kryesor\u00eb t\u00eb saj p\u00ebr munges\u00eb t\u00eb fondeve. Vet\u00ebm disa jav\u00eb p\u00ebrpara sezonit kryesor turistik, qyteti i Petrovacit nuk i ngjan fotografive t\u00eb shk\u00eblqyera n\u00eb kartolina, po n\u00eb vend t\u00eb k\u00ebsaj p\u00ebrb\u00ebhet nga nj\u00eb sh\u00ebtitore gjysm\u00eb e mbaruar, [&hellip;]<\/p>\n","protected":false},"author":1,"featured_media":0,"comment_status":"open","ping_status":"closed","sticky":false,"template":"","format":"standard","meta":{"spay_email":"","jetpack_publicize_message":"","jetpack_is_tweetstorm":false,"jetpack_publicize_feature_enabled":true},"categories":[13],"tags":[21,10096,4334,3085,10097,10095],"jetpack_publicize_connections":[],"yoast_head":"<!-- This site is optimized with the Yoast SEO plugin v19.1 - https:\/\/yoast.com\/wordpress\/plugins\/seo\/ -->\n<title>Malin e Zi kriza ekonomike e zhyt n\u00eb pasiguri - Lajme nga Ulqini<\/title>\n<meta name=\"description\" content=\"Komun\u00ebs m\u00eb t\u00eb pasur t\u00eb Malit t\u00eb Zi i \u00ebsht\u00eb dashur t\u00eb ndal\u00eb nd\u00ebrtimin n\u00eb nj\u00eb nga vendpushimet kryesor\u00eb t\u00eb saj p\u00ebr munges\u00eb t\u00eb fondeve. Vet\u00ebm disa jav\u00eb\" \/>\n<meta name=\"robots\" content=\"index, follow, max-snippet:-1, max-image-preview:large, max-video-preview:-1\" \/>\n<link rel=\"canonical\" href=\"https:\/\/www.visit-ulcinj.com\/blog\/2009\/05\/08\/malin-e-zi-kriza-ekonomike-e-zhyt-ne-pasiguri\/\" \/>\n<meta property=\"og:locale\" content=\"en_US\" \/>\n<meta property=\"og:type\" content=\"article\" \/>\n<meta property=\"og:title\" content=\"Malin e Zi kriza ekonomike e zhyt n\u00eb pasiguri - Lajme nga Ulqini\" \/>\n<meta property=\"og:description\" content=\"Komun\u00ebs m\u00eb t\u00eb pasur t\u00eb Malit t\u00eb Zi i \u00ebsht\u00eb dashur t\u00eb ndal\u00eb nd\u00ebrtimin n\u00eb nj\u00eb nga vendpushimet kryesor\u00eb t\u00eb saj p\u00ebr munges\u00eb t\u00eb fondeve. Vet\u00ebm disa jav\u00eb\" \/>\n<meta property=\"og:url\" content=\"https:\/\/www.visit-ulcinj.com\/blog\/2009\/05\/08\/malin-e-zi-kriza-ekonomike-e-zhyt-ne-pasiguri\/\" \/>\n<meta property=\"og:site_name\" content=\"Lajme nga Ulqini\" \/>\n<meta property=\"article:published_time\" content=\"2009-05-08T16:43:31+00:00\" \/>\n<meta property=\"og:image\" content=\"http:\/\/www.visit-ulcinj.com\/blog\/wp-content\/uploads\/2009\/05\/malin-e-zi-kriza-ekonomike-e-zhyt-ne-pasiguri1.jpg\" \/>\n<meta name=\"twitter:label1\" content=\"Written by\" \/>\n\t<meta name=\"twitter:data1\" content=\"ulqini\" \/>\n\t<meta name=\"twitter:label2\" content=\"Est. reading time\" \/>\n\t<meta name=\"twitter:data2\" content=\"2 minutes\" \/>\n<script type=\"application\/ld+json\" class=\"yoast-schema-graph\">{\"@context\":\"https:\/\/schema.org\",\"@graph\":[{\"@type\":\"WebSite\",\"@id\":\"https:\/\/www.visit-ulcinj.com\/blog\/#website\",\"url\":\"https:\/\/www.visit-ulcinj.com\/blog\/\",\"name\":\"Lajme nga Ulqini\",\"description\":\"Lajme,Vijesti,Ulqini,Ulqin,Crna Gora,Mali i Zi\",\"potentialAction\":[{\"@type\":\"SearchAction\",\"target\":{\"@type\":\"EntryPoint\",\"urlTemplate\":\"https:\/\/www.visit-ulcinj.com\/blog\/?s={search_term_string}\"},\"query-input\":\"required name=search_term_string\"}],\"inLanguage\":\"en-US\"},{\"@type\":\"ImageObject\",\"inLanguage\":\"en-US\",\"@id\":\"https:\/\/www.visit-ulcinj.com\/blog\/2009\/05\/08\/malin-e-zi-kriza-ekonomike-e-zhyt-ne-pasiguri\/#primaryimage\",\"url\":\"https:\/\/www.visit-ulcinj.com\/blog\/wp-content\/uploads\/2009\/05\/malin-e-zi-kriza-ekonomike-e-zhyt-ne-pasiguri1.jpg\",\"contentUrl\":\"https:\/\/www.visit-ulcinj.com\/blog\/wp-content\/uploads\/2009\/05\/malin-e-zi-kriza-ekonomike-e-zhyt-ne-pasiguri1.jpg\",\"width\":\"1024\",\"height\":\"768\"},{\"@type\":\"WebPage\",\"@id\":\"https:\/\/www.visit-ulcinj.com\/blog\/2009\/05\/08\/malin-e-zi-kriza-ekonomike-e-zhyt-ne-pasiguri\/#webpage\",\"url\":\"https:\/\/www.visit-ulcinj.com\/blog\/2009\/05\/08\/malin-e-zi-kriza-ekonomike-e-zhyt-ne-pasiguri\/\",\"name\":\"Malin e Zi kriza ekonomike e zhyt n\u00eb pasiguri - Lajme nga Ulqini\",\"isPartOf\":{\"@id\":\"https:\/\/www.visit-ulcinj.com\/blog\/#website\"},\"primaryImageOfPage\":{\"@id\":\"https:\/\/www.visit-ulcinj.com\/blog\/2009\/05\/08\/malin-e-zi-kriza-ekonomike-e-zhyt-ne-pasiguri\/#primaryimage\"},\"datePublished\":\"2009-05-08T16:43:31+00:00\",\"dateModified\":\"2009-05-08T16:43:31+00:00\",\"author\":{\"@id\":\"https:\/\/www.visit-ulcinj.com\/blog\/#\/schema\/person\/dcab619c614d3038751c63bc2aadc06d\"},\"description\":\"Komun\u00ebs m\u00eb t\u00eb pasur t\u00eb Malit t\u00eb Zi i \u00ebsht\u00eb dashur t\u00eb ndal\u00eb nd\u00ebrtimin n\u00eb nj\u00eb nga vendpushimet kryesor\u00eb t\u00eb saj p\u00ebr munges\u00eb t\u00eb fondeve. Vet\u00ebm disa jav\u00eb\",\"breadcrumb\":{\"@id\":\"https:\/\/www.visit-ulcinj.com\/blog\/2009\/05\/08\/malin-e-zi-kriza-ekonomike-e-zhyt-ne-pasiguri\/#breadcrumb\"},\"inLanguage\":\"en-US\",\"potentialAction\":[{\"@type\":\"ReadAction\",\"target\":[\"https:\/\/www.visit-ulcinj.com\/blog\/2009\/05\/08\/malin-e-zi-kriza-ekonomike-e-zhyt-ne-pasiguri\/\"]}]},{\"@type\":\"BreadcrumbList\",\"@id\":\"https:\/\/www.visit-ulcinj.com\/blog\/2009\/05\/08\/malin-e-zi-kriza-ekonomike-e-zhyt-ne-pasiguri\/#breadcrumb\",\"itemListElement\":[{\"@type\":\"ListItem\",\"position\":1,\"name\":\"Malin e Zi kriza ekonomike e zhyt n\u00eb pasiguri\"}]},{\"@type\":\"Person\",\"@id\":\"https:\/\/www.visit-ulcinj.com\/blog\/#\/schema\/person\/dcab619c614d3038751c63bc2aadc06d\",\"name\":\"ulqini\",\"sameAs\":[\"http:\/\/www.visit-ulcinj.com\"],\"url\":\"https:\/\/www.visit-ulcinj.com\/blog\/author\/admin\/\"}]}<\/script>\n<!-- \/ Yoast SEO plugin. -->","yoast_head_json":{"title":"Malin e Zi kriza ekonomike e zhyt n\u00eb pasiguri - Lajme nga Ulqini","description":"Komun\u00ebs m\u00eb t\u00eb pasur t\u00eb Malit t\u00eb Zi i \u00ebsht\u00eb dashur t\u00eb ndal\u00eb nd\u00ebrtimin n\u00eb nj\u00eb nga vendpushimet kryesor\u00eb t\u00eb saj p\u00ebr munges\u00eb t\u00eb fondeve. Vet\u00ebm disa jav\u00eb","robots":{"index":"index","follow":"follow","max-snippet":"max-snippet:-1","max-image-preview":"max-image-preview:large","max-video-preview":"max-video-preview:-1"},"canonical":"https:\/\/www.visit-ulcinj.com\/blog\/2009\/05\/08\/malin-e-zi-kriza-ekonomike-e-zhyt-ne-pasiguri\/","og_locale":"en_US","og_type":"article","og_title":"Malin e Zi kriza ekonomike e zhyt n\u00eb pasiguri - Lajme nga Ulqini","og_description":"Komun\u00ebs m\u00eb t\u00eb pasur t\u00eb Malit t\u00eb Zi i \u00ebsht\u00eb dashur t\u00eb ndal\u00eb nd\u00ebrtimin n\u00eb nj\u00eb nga vendpushimet kryesor\u00eb t\u00eb saj p\u00ebr munges\u00eb t\u00eb fondeve. Vet\u00ebm disa jav\u00eb","og_url":"https:\/\/www.visit-ulcinj.com\/blog\/2009\/05\/08\/malin-e-zi-kriza-ekonomike-e-zhyt-ne-pasiguri\/","og_site_name":"Lajme nga Ulqini","article_published_time":"2009-05-08T16:43:31+00:00","og_image":[{"url":"http:\/\/www.visit-ulcinj.com\/blog\/wp-content\/uploads\/2009\/05\/malin-e-zi-kriza-ekonomike-e-zhyt-ne-pasiguri1.jpg"}],"twitter_misc":{"Written by":"ulqini","Est. reading time":"2 minutes"},"schema":{"@context":"https:\/\/schema.org","@graph":[{"@type":"WebSite","@id":"https:\/\/www.visit-ulcinj.com\/blog\/#website","url":"https:\/\/www.visit-ulcinj.com\/blog\/","name":"Lajme nga Ulqini","description":"Lajme,Vijesti,Ulqini,Ulqin,Crna Gora,Mali i Zi","potentialAction":[{"@type":"SearchAction","target":{"@type":"EntryPoint","urlTemplate":"https:\/\/www.visit-ulcinj.com\/blog\/?s={search_term_string}"},"query-input":"required name=search_term_string"}],"inLanguage":"en-US"},{"@type":"ImageObject","inLanguage":"en-US","@id":"https:\/\/www.visit-ulcinj.com\/blog\/2009\/05\/08\/malin-e-zi-kriza-ekonomike-e-zhyt-ne-pasiguri\/#primaryimage","url":"https:\/\/www.visit-ulcinj.com\/blog\/wp-content\/uploads\/2009\/05\/malin-e-zi-kriza-ekonomike-e-zhyt-ne-pasiguri1.jpg","contentUrl":"https:\/\/www.visit-ulcinj.com\/blog\/wp-content\/uploads\/2009\/05\/malin-e-zi-kriza-ekonomike-e-zhyt-ne-pasiguri1.jpg","width":"1024","height":"768"},{"@type":"WebPage","@id":"https:\/\/www.visit-ulcinj.com\/blog\/2009\/05\/08\/malin-e-zi-kriza-ekonomike-e-zhyt-ne-pasiguri\/#webpage","url":"https:\/\/www.visit-ulcinj.com\/blog\/2009\/05\/08\/malin-e-zi-kriza-ekonomike-e-zhyt-ne-pasiguri\/","name":"Malin e Zi kriza ekonomike e zhyt n\u00eb pasiguri - Lajme nga Ulqini","isPartOf":{"@id":"https:\/\/www.visit-ulcinj.com\/blog\/#website"},"primaryImageOfPage":{"@id":"https:\/\/www.visit-ulcinj.com\/blog\/2009\/05\/08\/malin-e-zi-kriza-ekonomike-e-zhyt-ne-pasiguri\/#primaryimage"},"datePublished":"2009-05-08T16:43:31+00:00","dateModified":"2009-05-08T16:43:31+00:00","author":{"@id":"https:\/\/www.visit-ulcinj.com\/blog\/#\/schema\/person\/dcab619c614d3038751c63bc2aadc06d"},"description":"Komun\u00ebs m\u00eb t\u00eb pasur t\u00eb Malit t\u00eb Zi i \u00ebsht\u00eb dashur t\u00eb ndal\u00eb nd\u00ebrtimin n\u00eb nj\u00eb nga vendpushimet kryesor\u00eb t\u00eb saj p\u00ebr munges\u00eb t\u00eb fondeve. Vet\u00ebm disa jav\u00eb","breadcrumb":{"@id":"https:\/\/www.visit-ulcinj.com\/blog\/2009\/05\/08\/malin-e-zi-kriza-ekonomike-e-zhyt-ne-pasiguri\/#breadcrumb"},"inLanguage":"en-US","potentialAction":[{"@type":"ReadAction","target":["https:\/\/www.visit-ulcinj.com\/blog\/2009\/05\/08\/malin-e-zi-kriza-ekonomike-e-zhyt-ne-pasiguri\/"]}]},{"@type":"BreadcrumbList","@id":"https:\/\/www.visit-ulcinj.com\/blog\/2009\/05\/08\/malin-e-zi-kriza-ekonomike-e-zhyt-ne-pasiguri\/#breadcrumb","itemListElement":[{"@type":"ListItem","position":1,"name":"Malin e Zi kriza ekonomike e zhyt n\u00eb pasiguri"}]},{"@type":"Person","@id":"https:\/\/www.visit-ulcinj.com\/blog\/#\/schema\/person\/dcab619c614d3038751c63bc2aadc06d","name":"ulqini","sameAs":["http:\/\/www.visit-ulcinj.com"],"url":"https:\/\/www.visit-ulcinj.com\/blog\/author\/admin\/"}]}},"jetpack_featured_media_url":"","jetpack_sharing_enabled":true,"jetpack_shortlink":"https:\/\/wp.me\/pe6lTn-5lV","_links":{"self":[{"href":"https:\/\/www.visit-ulcinj.com\/blog\/wp-json\/wp\/v2\/posts\/20579"}],"collection":[{"href":"https:\/\/www.visit-ulcinj.com\/blog\/wp-json\/wp\/v2\/posts"}],"about":[{"href":"https:\/\/www.visit-ulcinj.com\/blog\/wp-json\/wp\/v2\/types\/post"}],"author":[{"embeddable":true,"href":"https:\/\/www.visit-ulcinj.com\/blog\/wp-json\/wp\/v2\/users\/1"}],"replies":[{"embeddable":true,"href":"https:\/\/www.visit-ulcinj.com\/blog\/wp-json\/wp\/v2\/comments?post=20579"}],"version-history":[{"count":0,"href":"https:\/\/www.visit-ulcinj.com\/blog\/wp-json\/wp\/v2\/posts\/20579\/revisions"}],"wp:attachment":[{"href":"https:\/\/www.visit-ulcinj.com\/blog\/wp-json\/wp\/v2\/media?parent=20579"}],"wp:term":[{"taxonomy":"category","embeddable":true,"href":"https:\/\/www.visit-ulcinj.com\/blog\/wp-json\/wp\/v2\/categories?post=20579"},{"taxonomy":"post_tag","embeddable":true,"href":"https:\/\/www.visit-ulcinj.com\/blog\/wp-json\/wp\/v2\/tags?post=20579"}],"curies":[{"name":"wp","href":"https:\/\/api.w.org\/{rel}","templated":true}]}}